{"id":23296,"date":"2023-12-08T07:23:26","date_gmt":"2023-12-08T11:23:26","guid":{"rendered":"https:\/\/conexion23.com\/?p=23296"},"modified":"2023-12-08T07:23:28","modified_gmt":"2023-12-08T11:23:28","slug":"siendo-asesor-del-gobierno-ministro-de-educacion-usaba-su-empresa-para-enriquecerse-con-erario-publico","status":"publish","type":"post","link":"https:\/\/conexion23.com\/?p=23296","title":{"rendered":"Siendo asesor del Gobierno, ministro de Educaci\u00f3n usaba su empresa para enriquecerse con erario p\u00fablico."},"content":{"rendered":"\n<p>El decreto 356-20 lo delata. El ministro de Educaci\u00f3n, \u00c1ngel Hern\u00e1ndez, infringi\u00f3 claramente la Ley 340-06 sobre Compras y Contrataciones de Bienes, Servicios, Obras y Concesiones del Estado dominicano, con la firma de contratos con instituciones p\u00fablicas, que beneficiaron su empresa mientras ostentaba el cargo de asesor del Estado, as\u00ed como el actual.<\/p>\n\n\n\n<p><strong><a href=\"file:\/\/\/C:\/Users\/User\/Downloads\/Decreto-356-20-e%20(4).pdf\">Con el referido decreto emitido el 19 de agosto de 2020<\/a>,<\/strong>&nbsp;bajo la firma del presidente Luis Abinader, Hern\u00e1ndez qued\u00f3 designado como asesor del Poder Ejecutivo en materia de educaci\u00f3n.<\/p>\n\n\n\n<p>Esta ordenanza fue derogada con su nombramiento como ministro de Educaci\u00f3n, el tres de agosto de 2022 (<strong><a href=\"https:\/\/presidencia.gob.do\/decretos\/414-22\">ver decreto 414-22<\/a><\/strong>). Sin embargo, durante este per\u00edodo y estando en pleno ejercicio de su funci\u00f3n p\u00fablica como asesor del Poder Ejecutivo, este funcionario no dud\u00f3 en firmar un acuerdo, para su beneficio, con el Instituto Nacional de Formaci\u00f3n y Capacitaci\u00f3n del Magisterio (INAFOCAM) y la Universidad Abierta para Adultos (UAPA), de su propiedad.<\/p>\n\n\n\n<p>El contrato firmado entre esta instituci\u00f3n p\u00fablica y la referida universidad, para la ejecuci\u00f3n de la maestr\u00eda en Gesti\u00f3n de Centros Educativos, dirigida a la capacitaci\u00f3n de 50 t\u00e9cnicos, directores y coordinadores, fue aprobado el 28 de febrero de 2022, por el Comit\u00e9 de Becas del INAFOCAM, fecha en la que el ministro actual de Educaci\u00f3n, \u00c1ngel Hern\u00e1ndez, fung\u00eda como asesor del Poder Ejecutivo.<\/p>\n\n\n\n<p>La firma del contrato fue materializada en septiembre de este 2023 y tiene una vigencia hasta el 15 de febrero de 2025. Pero no es el \u00fanico caso, Hern\u00e1ndez tambi\u00e9n fue favorecido con la adjudicaci\u00f3n de un contrato para su universidad en el Ministerio de Industria, Comercio y Mipymes (MIC).<\/p>\n\n\n\n<p>De acuerdo al periodista, Alfredo de la Cruz, la UAPA, propiedad del actual ministro de Educaci\u00f3n, ha recibido m\u00e1s de 260 millones de pesos del Estado, desde 2020 a la fecha.<\/p>\n\n\n\n<p><strong><a href=\"https:\/\/www.transparenciafiscal.gob.do\/documents\/20127\/53555\/Ley+340-06+Compras+y+Contrataciones.pdf\/bcb22dfb-dfec-beb8-93f9-0246362ed6e0#:~:text=%2D%20La%20presente%20ley%20tiene%20por,Sistema%20de%20Contrataci%C3%B3n%20P%C3%BAblica%20est%C3%A1\">El art\u00edculo 14 de la Ley 340-06<\/a>&nbsp;<\/strong>es claro y enumera a todos los funcionarios y relacionados que no pueden ser oferentes ni contratar con el Estado, y Hern\u00e1ndez desde 2020 forma parte de este grupo.<\/p>\n\n\n\n<p>En su art\u00edculo 12, advierte que todo funcionario p\u00fablico que participe en los procesos de compra o contrataci\u00f3n ser\u00e1 responsable por los da\u00f1os que por negligencia o dolo causare al patrimonio p\u00fablico, y ser\u00e1 pasible de las sanciones contempladas en la presente ley, la cual puede llevar incluso a la destituci\u00f3n y el sometimiento a la justicia.<\/p>\n\n\n\n<p>El reglamento, en su art\u00edculo 72, tambi\u00e9n insta a los ciudadanos a denunciar cualquier violaci\u00f3n a la referida ley, a pesar de esto, el ministro de Educaci\u00f3n y el director del INAFOCAM, Francisco Ram\u00edrez, optaron por intimidar a quienes haciendo uso de su derecho hicieron p\u00fablica la denuncia.<\/p>\n\n\n\n<figure class=\"wp-block-image\"><a href=\"https:\/\/panorama.com.do\/delatado-siendo-asesor-del-gobierno-ministro-de-educacion-usaba-su-empresa-para-enriquecerse-con-erario-publico\/unknown-2-jpeg\/\"><img decoding=\"async\" src=\"https:\/\/i0.wp.com\/panorama.com.do\/wp-content\/uploads\/2023\/12\/Unknown-2-jpeg-1.webp?w=316&amp;h=421&amp;ssl=1\" alt=\"Unknown-2-jpeg\" title=\"Unknown-2-jpeg\"\/><\/a><\/figure>\n\n\n\n<figure class=\"wp-block-image\"><a href=\"https:\/\/panorama.com.do\/delatado-siendo-asesor-del-gobierno-ministro-de-educacion-usaba-su-empresa-para-enriquecerse-con-erario-publico\/unknown-1-1-jpeg\/\"><img decoding=\"async\" src=\"https:\/\/i0.wp.com\/panorama.com.do\/wp-content\/uploads\/2023\/12\/Unknown-1-1-jpeg-1.webp?w=316&amp;h=421&amp;ssl=1\" alt=\"Unknown-1-1-jpeg\" title=\"Unknown-1-1-jpeg\"\/><\/a><\/figure>\n\n\n\n<p>\u201cEn virtud de las informaciones dadas en sus espacios radiales, procedan a rectificar y retractarse por los mismos medios que cuestionaron estos procesos en un plazo de un d\u00eda franco, reserv\u00e1ndonos el derecho de que en caso de no obtemperar a este amable llamado, ejercer las v\u00edas judiciales pertinentes\u201d, advierten en un acto de alguacil enviado a los denunciantes.<\/p>\n\n\n\n<p>El acto de alguacil 914-2023, emplaza al grupo de medios de la Red Dominicana de Estaciones de Radio Nacionales (RCC Media) y su propietario Antonio Espaillat L\u00f3pez; la emisora Zol 106.5 FM; Najib Chahede Calder\u00f3n, del programa radial Sol de la Ma\u00f1ana, que se transmite por la emisora Zol 106.5 FM, as\u00ed como la emisora Rumba 98.5 FM y al comunicador Alfredo de la Cruz, del programa radial El Rumbo de la Ma\u00f1ana, a retractarse de la referida denuncia en el plazo de un d\u00eda franco.<\/p>\n\n\n\n<h2 class=\"wp-block-heading\">Exigen destituci\u00f3n de funcionarios<\/h2>\n\n\n\n<p>Como respuesta al acto de alguacil, los responsables de la denuncia, advierten que se trata de un hecho muy grave por el que solicitan la destituci\u00f3n de sus funciones del ministro \u00c1ngel Hern\u00e1ndez y Francisco Ram\u00edrez. Piden, adem\u00e1s, la revocaci\u00f3n del contrato entre ambas instituciones.<\/p>\n","protected":false},"excerpt":{"rendered":"<p>El decreto 356-20 lo delata. El ministro de Educaci\u00f3n, \u00c1ngel Hern\u00e1ndez, infringi\u00f3 claramente la Ley 340-06 sobre Compras y Contrataciones de Bienes, Servicios, Obras y Concesiones del Estado dominicano, con la firma de contratos con instituciones p\u00fablicas, que beneficiaron su empresa mientras ostentaba el cargo de asesor del Estado, as\u00ed como el actual. Con el [&hellip;]<\/p>\n","protected":false},"author":15,"featured_media":23298,"comment_status":"open","ping_status":"open","sticky":false,"template":"","format":"standard","meta":{"footnotes":""},"categories":[1],"tags":[],"class_list":{"0":"post-23296","1":"post","2":"type-post","3":"status-publish","4":"format-standard","5":"has-post-thumbnail","7":"category-uncategorized"},"yoast_head":"<!-- This site is optimized with the Yoast SEO plugin v27.1.1 - https:\/\/yoast.com\/product\/yoast-seo-wordpress\/ -->\n<title>Siendo asesor del Gobierno, ministro de Educaci\u00f3n usaba su empresa para enriquecerse con erario p\u00fablico. - Conexi\u00f3n 23<\/title>\n<meta name=\"robots\" content=\"index, follow, max-snippet:-1, max-image-preview:large, max-video-preview:-1\" \/>\n<link rel=\"canonical\" href=\"https:\/\/conexion23.com\/?p=23296\" \/>\n<meta property=\"og:locale\" content=\"es_ES\" \/>\n<meta property=\"og:type\" content=\"article\" \/>\n<meta property=\"og:title\" content=\"Siendo asesor del Gobierno, ministro de Educaci\u00f3n usaba su empresa para enriquecerse con erario p\u00fablico. - Conexi\u00f3n 23\" \/>\n<meta property=\"og:description\" content=\"El decreto 356-20 lo delata. El ministro de Educaci\u00f3n, \u00c1ngel Hern\u00e1ndez, infringi\u00f3 claramente la Ley 340-06 sobre Compras y Contrataciones de Bienes, Servicios, Obras y Concesiones del Estado dominicano, con la firma de contratos con instituciones p\u00fablicas, que beneficiaron su empresa mientras ostentaba el cargo de asesor del Estado, as\u00ed como el actual. Con el [&hellip;]\" \/>\n<meta property=\"og:url\" content=\"https:\/\/conexion23.com\/?p=23296\" \/>\n<meta property=\"og:site_name\" content=\"Conexi\u00f3n 23\" \/>\n<meta property=\"article:publisher\" content=\"https:\/\/www.facebook.com\/conexion23com\" \/>\n<meta property=\"article:published_time\" content=\"2023-12-08T11:23:26+00:00\" \/>\n<meta property=\"article:modified_time\" content=\"2023-12-08T11:23:28+00:00\" \/>\n<meta property=\"og:image\" content=\"https:\/\/conexion23.com\/wp-content\/uploads\/2023\/12\/b3ec0c88-2029-4942-8cd2-1fcc05557978-jpg.webp\" \/>\n\t<meta property=\"og:image:width\" content=\"1536\" \/>\n\t<meta property=\"og:image:height\" content=\"865\" \/>\n\t<meta property=\"og:image:type\" content=\"image\/webp\" \/>\n<meta name=\"author\" content=\"Raffy Ben\u00edtez\" \/>\n<meta name=\"twitter:card\" content=\"summary_large_image\" \/>\n<meta name=\"twitter:label1\" content=\"Escrito por\" \/>\n\t<meta name=\"twitter:data1\" content=\"Raffy Ben\u00edtez\" \/>\n\t<meta name=\"twitter:label2\" content=\"Tiempo de lectura\" \/>\n\t<meta name=\"twitter:data2\" content=\"4 minutos\" \/>\n<script type=\"application\/ld+json\" class=\"yoast-schema-graph\">{\"@context\":\"https:\/\/schema.org\",\"@graph\":[{\"@type\":\"Article\",\"@id\":\"https:\/\/conexion23.com\/?p=23296#article\",\"isPartOf\":{\"@id\":\"https:\/\/conexion23.com\/?p=23296\"},\"author\":{\"name\":\"Raffy Ben\u00edtez\",\"@id\":\"https:\/\/conexion23.com\/#\/schema\/person\/03e36043331117e97a373299bbcd30a6\"},\"headline\":\"Siendo asesor del Gobierno, ministro de Educaci\u00f3n usaba su empresa para enriquecerse con erario p\u00fablico.\",\"datePublished\":\"2023-12-08T11:23:26+00:00\",\"dateModified\":\"2023-12-08T11:23:28+00:00\",\"mainEntityOfPage\":{\"@id\":\"https:\/\/conexion23.com\/?p=23296\"},\"wordCount\":689,\"commentCount\":0,\"publisher\":{\"@id\":\"https:\/\/conexion23.com\/#organization\"},\"image\":{\"@id\":\"https:\/\/conexion23.com\/?p=23296#primaryimage\"},\"thumbnailUrl\":\"https:\/\/conexion23.com\/wp-content\/uploads\/2023\/12\/b3ec0c88-2029-4942-8cd2-1fcc05557978-jpg.webp\",\"articleSection\":[\"Uncategorized\"],\"inLanguage\":\"es\",\"potentialAction\":[{\"@type\":\"CommentAction\",\"name\":\"Comment\",\"target\":[\"https:\/\/conexion23.com\/?p=23296#respond\"]}]},{\"@type\":\"WebPage\",\"@id\":\"https:\/\/conexion23.com\/?p=23296\",\"url\":\"https:\/\/conexion23.com\/?p=23296\",\"name\":\"Siendo asesor del Gobierno, ministro de Educaci\u00f3n usaba su empresa para enriquecerse con erario p\u00fablico. - Conexi\u00f3n 23\",\"isPartOf\":{\"@id\":\"https:\/\/conexion23.com\/#website\"},\"primaryImageOfPage\":{\"@id\":\"https:\/\/conexion23.com\/?p=23296#primaryimage\"},\"image\":{\"@id\":\"https:\/\/conexion23.com\/?p=23296#primaryimage\"},\"thumbnailUrl\":\"https:\/\/conexion23.com\/wp-content\/uploads\/2023\/12\/b3ec0c88-2029-4942-8cd2-1fcc05557978-jpg.webp\",\"datePublished\":\"2023-12-08T11:23:26+00:00\",\"dateModified\":\"2023-12-08T11:23:28+00:00\",\"breadcrumb\":{\"@id\":\"https:\/\/conexion23.com\/?p=23296#breadcrumb\"},\"inLanguage\":\"es\",\"potentialAction\":[{\"@type\":\"ReadAction\",\"target\":[\"https:\/\/conexion23.com\/?p=23296\"]}]},{\"@type\":\"ImageObject\",\"inLanguage\":\"es\",\"@id\":\"https:\/\/conexion23.com\/?p=23296#primaryimage\",\"url\":\"https:\/\/conexion23.com\/wp-content\/uploads\/2023\/12\/b3ec0c88-2029-4942-8cd2-1fcc05557978-jpg.webp\",\"contentUrl\":\"https:\/\/conexion23.com\/wp-content\/uploads\/2023\/12\/b3ec0c88-2029-4942-8cd2-1fcc05557978-jpg.webp\",\"width\":1536,\"height\":865},{\"@type\":\"BreadcrumbList\",\"@id\":\"https:\/\/conexion23.com\/?p=23296#breadcrumb\",\"itemListElement\":[{\"@type\":\"ListItem\",\"position\":1,\"name\":\"Portada\",\"item\":\"https:\/\/conexion23.com\/\"},{\"@type\":\"ListItem\",\"position\":2,\"name\":\"Siendo asesor del Gobierno, ministro de Educaci\u00f3n usaba su empresa para enriquecerse con erario p\u00fablico.\"}]},{\"@type\":\"WebSite\",\"@id\":\"https:\/\/conexion23.com\/#website\",\"url\":\"https:\/\/conexion23.com\/\",\"name\":\"Conexi\u00f3n 23\",\"description\":\"Peri\u00f3dico 100% Petromacorisano\",\"publisher\":{\"@id\":\"https:\/\/conexion23.com\/#organization\"},\"potentialAction\":[{\"@type\":\"SearchAction\",\"target\":{\"@type\":\"EntryPoint\",\"urlTemplate\":\"https:\/\/conexion23.com\/?s={search_term_string}\"},\"query-input\":{\"@type\":\"PropertyValueSpecification\",\"valueRequired\":true,\"valueName\":\"search_term_string\"}}],\"inLanguage\":\"es\"},{\"@type\":\"Organization\",\"@id\":\"https:\/\/conexion23.com\/#organization\",\"name\":\"Conexion 23\",\"url\":\"https:\/\/conexion23.com\/\",\"logo\":{\"@type\":\"ImageObject\",\"inLanguage\":\"es\",\"@id\":\"https:\/\/conexion23.com\/#\/schema\/logo\/image\/\",\"url\":\"https:\/\/conexion23.com\/wp-content\/uploads\/2021\/11\/Diseno-sin-titulo-2.png\",\"contentUrl\":\"https:\/\/conexion23.com\/wp-content\/uploads\/2021\/11\/Diseno-sin-titulo-2.png\",\"width\":541,\"height\":90,\"caption\":\"Conexion 23\"},\"image\":{\"@id\":\"https:\/\/conexion23.com\/#\/schema\/logo\/image\/\"},\"sameAs\":[\"https:\/\/www.facebook.com\/conexion23com\",\"https:\/\/www.instagram.com\/conexion23com\/\",\"https:\/\/www.youtube.com\/channel\/UCYc7vxxFZMYLIHNsHHxPZ3Q\"]},{\"@type\":\"Person\",\"@id\":\"https:\/\/conexion23.com\/#\/schema\/person\/03e36043331117e97a373299bbcd30a6\",\"name\":\"Raffy Ben\u00edtez\",\"image\":{\"@type\":\"ImageObject\",\"inLanguage\":\"es\",\"@id\":\"https:\/\/conexion23.com\/#\/schema\/person\/image\/\",\"url\":\"https:\/\/secure.gravatar.com\/avatar\/3190a6a6c5e1b0327500f7d6c56b6242472ee6cb974cf09b401ee6b3b0798f23?s=96&d=mm&r=g\",\"contentUrl\":\"https:\/\/secure.gravatar.com\/avatar\/3190a6a6c5e1b0327500f7d6c56b6242472ee6cb974cf09b401ee6b3b0798f23?s=96&d=mm&r=g\",\"caption\":\"Raffy Ben\u00edtez\"},\"url\":\"https:\/\/conexion23.com\/?author=15\"}]}<\/script>\n<!-- \/ Yoast SEO plugin. -->","yoast_head_json":{"title":"Siendo asesor del Gobierno, ministro de Educaci\u00f3n usaba su empresa para enriquecerse con erario p\u00fablico. - Conexi\u00f3n 23","robots":{"index":"index","follow":"follow","max-snippet":"max-snippet:-1","max-image-preview":"max-image-preview:large","max-video-preview":"max-video-preview:-1"},"canonical":"https:\/\/conexion23.com\/?p=23296","og_locale":"es_ES","og_type":"article","og_title":"Siendo asesor del Gobierno, ministro de Educaci\u00f3n usaba su empresa para enriquecerse con erario p\u00fablico. - Conexi\u00f3n 23","og_description":"El decreto 356-20 lo delata. El ministro de Educaci\u00f3n, \u00c1ngel Hern\u00e1ndez, infringi\u00f3 claramente la Ley 340-06 sobre Compras y Contrataciones de Bienes, Servicios, Obras y Concesiones del Estado dominicano, con la firma de contratos con instituciones p\u00fablicas, que beneficiaron su empresa mientras ostentaba el cargo de asesor del Estado, as\u00ed como el actual. Con el [&hellip;]","og_url":"https:\/\/conexion23.com\/?p=23296","og_site_name":"Conexi\u00f3n 23","article_publisher":"https:\/\/www.facebook.com\/conexion23com","article_published_time":"2023-12-08T11:23:26+00:00","article_modified_time":"2023-12-08T11:23:28+00:00","og_image":[{"width":1536,"height":865,"url":"https:\/\/conexion23.com\/wp-content\/uploads\/2023\/12\/b3ec0c88-2029-4942-8cd2-1fcc05557978-jpg.webp","type":"image\/webp"}],"author":"Raffy Ben\u00edtez","twitter_card":"summary_large_image","twitter_misc":{"Escrito por":"Raffy Ben\u00edtez","Tiempo de lectura":"4 minutos"},"schema":{"@context":"https:\/\/schema.org","@graph":[{"@type":"Article","@id":"https:\/\/conexion23.com\/?p=23296#article","isPartOf":{"@id":"https:\/\/conexion23.com\/?p=23296"},"author":{"name":"Raffy Ben\u00edtez","@id":"https:\/\/conexion23.com\/#\/schema\/person\/03e36043331117e97a373299bbcd30a6"},"headline":"Siendo asesor del Gobierno, ministro de Educaci\u00f3n usaba su empresa para enriquecerse con erario p\u00fablico.","datePublished":"2023-12-08T11:23:26+00:00","dateModified":"2023-12-08T11:23:28+00:00","mainEntityOfPage":{"@id":"https:\/\/conexion23.com\/?p=23296"},"wordCount":689,"commentCount":0,"publisher":{"@id":"https:\/\/conexion23.com\/#organization"},"image":{"@id":"https:\/\/conexion23.com\/?p=23296#primaryimage"},"thumbnailUrl":"https:\/\/conexion23.com\/wp-content\/uploads\/2023\/12\/b3ec0c88-2029-4942-8cd2-1fcc05557978-jpg.webp","articleSection":["Uncategorized"],"inLanguage":"es","potentialAction":[{"@type":"CommentAction","name":"Comment","target":["https:\/\/conexion23.com\/?p=23296#respond"]}]},{"@type":"WebPage","@id":"https:\/\/conexion23.com\/?p=23296","url":"https:\/\/conexion23.com\/?p=23296","name":"Siendo asesor del Gobierno, ministro de Educaci\u00f3n usaba su empresa para enriquecerse con erario p\u00fablico. - Conexi\u00f3n 23","isPartOf":{"@id":"https:\/\/conexion23.com\/#website"},"primaryImageOfPage":{"@id":"https:\/\/conexion23.com\/?p=23296#primaryimage"},"image":{"@id":"https:\/\/conexion23.com\/?p=23296#primaryimage"},"thumbnailUrl":"https:\/\/conexion23.com\/wp-content\/uploads\/2023\/12\/b3ec0c88-2029-4942-8cd2-1fcc05557978-jpg.webp","datePublished":"2023-12-08T11:23:26+00:00","dateModified":"2023-12-08T11:23:28+00:00","breadcrumb":{"@id":"https:\/\/conexion23.com\/?p=23296#breadcrumb"},"inLanguage":"es","potentialAction":[{"@type":"ReadAction","target":["https:\/\/conexion23.com\/?p=23296"]}]},{"@type":"ImageObject","inLanguage":"es","@id":"https:\/\/conexion23.com\/?p=23296#primaryimage","url":"https:\/\/conexion23.com\/wp-content\/uploads\/2023\/12\/b3ec0c88-2029-4942-8cd2-1fcc05557978-jpg.webp","contentUrl":"https:\/\/conexion23.com\/wp-content\/uploads\/2023\/12\/b3ec0c88-2029-4942-8cd2-1fcc05557978-jpg.webp","width":1536,"height":865},{"@type":"BreadcrumbList","@id":"https:\/\/conexion23.com\/?p=23296#breadcrumb","itemListElement":[{"@type":"ListItem","position":1,"name":"Portada","item":"https:\/\/conexion23.com\/"},{"@type":"ListItem","position":2,"name":"Siendo asesor del Gobierno, ministro de Educaci\u00f3n usaba su empresa para enriquecerse con erario p\u00fablico."}]},{"@type":"WebSite","@id":"https:\/\/conexion23.com\/#website","url":"https:\/\/conexion23.com\/","name":"Conexi\u00f3n 23","description":"Peri\u00f3dico 100% Petromacorisano","publisher":{"@id":"https:\/\/conexion23.com\/#organization"},"potentialAction":[{"@type":"SearchAction","target":{"@type":"EntryPoint","urlTemplate":"https:\/\/conexion23.com\/?s={search_term_string}"},"query-input":{"@type":"PropertyValueSpecification","valueRequired":true,"valueName":"search_term_string"}}],"inLanguage":"es"},{"@type":"Organization","@id":"https:\/\/conexion23.com\/#organization","name":"Conexion 23","url":"https:\/\/conexion23.com\/","logo":{"@type":"ImageObject","inLanguage":"es","@id":"https:\/\/conexion23.com\/#\/schema\/logo\/image\/","url":"https:\/\/conexion23.com\/wp-content\/uploads\/2021\/11\/Diseno-sin-titulo-2.png","contentUrl":"https:\/\/conexion23.com\/wp-content\/uploads\/2021\/11\/Diseno-sin-titulo-2.png","width":541,"height":90,"caption":"Conexion 23"},"image":{"@id":"https:\/\/conexion23.com\/#\/schema\/logo\/image\/"},"sameAs":["https:\/\/www.facebook.com\/conexion23com","https:\/\/www.instagram.com\/conexion23com\/","https:\/\/www.youtube.com\/channel\/UCYc7vxxFZMYLIHNsHHxPZ3Q"]},{"@type":"Person","@id":"https:\/\/conexion23.com\/#\/schema\/person\/03e36043331117e97a373299bbcd30a6","name":"Raffy Ben\u00edtez","image":{"@type":"ImageObject","inLanguage":"es","@id":"https:\/\/conexion23.com\/#\/schema\/person\/image\/","url":"https:\/\/secure.gravatar.com\/avatar\/3190a6a6c5e1b0327500f7d6c56b6242472ee6cb974cf09b401ee6b3b0798f23?s=96&d=mm&r=g","contentUrl":"https:\/\/secure.gravatar.com\/avatar\/3190a6a6c5e1b0327500f7d6c56b6242472ee6cb974cf09b401ee6b3b0798f23?s=96&d=mm&r=g","caption":"Raffy Ben\u00edtez"},"url":"https:\/\/conexion23.com\/?author=15"}]}},"_links":{"self":[{"href":"https:\/\/conexion23.com\/index.php?rest_route=\/wp\/v2\/posts\/23296","targetHints":{"allow":["GET"]}}],"collection":[{"href":"https:\/\/conexion23.com\/index.php?rest_route=\/wp\/v2\/posts"}],"about":[{"href":"https:\/\/conexion23.com\/index.php?rest_route=\/wp\/v2\/types\/post"}],"author":[{"embeddable":true,"href":"https:\/\/conexion23.com\/index.php?rest_route=\/wp\/v2\/users\/15"}],"replies":[{"embeddable":true,"href":"https:\/\/conexion23.com\/index.php?rest_route=%2Fwp%2Fv2%2Fcomments&post=23296"}],"version-history":[{"count":1,"href":"https:\/\/conexion23.com\/index.php?rest_route=\/wp\/v2\/posts\/23296\/revisions"}],"predecessor-version":[{"id":23299,"href":"https:\/\/conexion23.com\/index.php?rest_route=\/wp\/v2\/posts\/23296\/revisions\/23299"}],"wp:featuredmedia":[{"embeddable":true,"href":"https:\/\/conexion23.com\/index.php?rest_route=\/wp\/v2\/media\/23298"}],"wp:attachment":[{"href":"https:\/\/conexion23.com\/index.php?rest_route=%2Fwp%2Fv2%2Fmedia&parent=23296"}],"wp:term":[{"taxonomy":"category","embeddable":true,"href":"https:\/\/conexion23.com\/index.php?rest_route=%2Fwp%2Fv2%2Fcategories&post=23296"},{"taxonomy":"post_tag","embeddable":true,"href":"https:\/\/conexion23.com\/index.php?rest_route=%2Fwp%2Fv2%2Ftags&post=23296"}],"curies":[{"name":"wp","href":"https:\/\/api.w.org\/{rel}","templated":true}]}}