{"id":23303,"date":"2023-12-08T07:29:57","date_gmt":"2023-12-08T11:29:57","guid":{"rendered":"https:\/\/conexion23.com\/?p=23303"},"modified":"2023-12-08T07:29:59","modified_gmt":"2023-12-08T11:29:59","slug":"aerolineas-argentinas-incrementara-vuelos-a-punta-cana-a-partir-del-21-de-diciembre","status":"publish","type":"post","link":"https:\/\/conexion23.com\/?p=23303","title":{"rendered":"Aerol\u00edneas Argentinas\u00a0incrementar\u00e1\u00a0vuelos\u00a0a Punta Cana,\u00a0a partir\u00a0del\u00a021 de diciembre."},"content":{"rendered":"\n<p><strong>Aerol\u00edneas Argentinas<\/strong>&nbsp;incrementar\u00e1&nbsp;<strong>sus&nbsp;vuelos<\/strong>&nbsp;entre&nbsp;<strong>Buenos Aires<\/strong>&nbsp;y&nbsp;<strong>Punta Cana<\/strong>&nbsp;a partir&nbsp;del&nbsp;<strong>21 de diciembre.&nbsp;<\/strong>La&nbsp;<strong>compa\u00f1\u00eda<\/strong>&nbsp;opera&nbsp;<strong>tres veces por semana<\/strong>&nbsp;en&nbsp;<strong>Airbus&nbsp;A330<\/strong>&nbsp;\u2013&nbsp;<strong>200<\/strong>&nbsp;con capacidad para 265 pasajeros en dos clases.<\/p>\n\n\n\n<h3 class=\"wp-block-heading\" id=\"h-calendario-punta-cana-aerolineas-argentinas\"><strong>Calendario Punta Cana \u2013 Aerol\u00edneas Argentinas<\/strong><\/h3>\n\n\n\n<p><em>Para ver todas las tablas, coloque el tel\u00e9fono m\u00f3vil en posici\u00f3n horizontal.<\/em><\/p>\n\n\n\n<figure class=\"wp-block-table\"><table><tbody><tr><td><strong>Vuelo<\/strong><\/td><td><strong>De<\/strong><\/td><td><strong>ETD<\/strong><\/td><td><strong>A<\/strong><\/td><td><strong>Y<\/strong><\/td><\/tr><tr><td>AR 1324<\/td><td><strong>Buenos Aires (EZE)<\/strong><\/td><td>02:25<\/td><td><strong>Punta Cana (PUJ)<\/strong><\/td><td>09:10<\/td><\/tr><tr><td>AR 1325<\/td><td><strong>Punta Cana (PUJ)<\/strong><\/td><td>11:10<\/td><td><strong>Buenos Aires (EZE)<\/strong><\/td><td>19:55<\/td><\/tr><\/tbody><\/table><\/figure>\n\n\n\n<h4 class=\"wp-block-heading\" id=\"h-frecuencia-de-vuelo-actual\"><strong>Frecuencia de vuelo \u2013 actual<\/strong><\/h4>\n\n\n\n<ul class=\"wp-block-list\">\n<li>AR 1324\/1325:&nbsp;<strong>lunes<\/strong>&nbsp;,&nbsp;<strong>mi\u00e9rcoles<\/strong>&nbsp;y&nbsp;<strong>s\u00e1bado<\/strong>&nbsp;.<\/li>\n<\/ul>\n\n\n\n<h4 class=\"wp-block-heading\" id=\"h-frecuencia-de-vuelos-a-partir-del-21-de-diciembre\"><strong>Frecuencia de vuelos \u2013 a partir del 21 de diciembre<\/strong><\/h4>\n","protected":false},"excerpt":{"rendered":"<p>Aerol\u00edneas Argentinas&nbsp;incrementar\u00e1&nbsp;sus&nbsp;vuelos&nbsp;entre&nbsp;Buenos Aires&nbsp;y&nbsp;Punta Cana&nbsp;a partir&nbsp;del&nbsp;21 de diciembre.&nbsp;La&nbsp;compa\u00f1\u00eda&nbsp;opera&nbsp;tres veces por semana&nbsp;en&nbsp;Airbus&nbsp;A330&nbsp;\u2013&nbsp;200&nbsp;con capacidad para 265 pasajeros en dos clases. Calendario Punta Cana \u2013 Aerol\u00edneas Argentinas Para ver todas las tablas, coloque el tel\u00e9fono m\u00f3vil en posici\u00f3n horizontal. Vuelo De ETD A Y AR 1324 Buenos Aires (EZE) 02:25 Punta Cana (PUJ) 09:10 AR 1325 Punta Cana (PUJ) [&hellip;]<\/p>\n","protected":false},"author":15,"featured_media":23304,"comment_status":"open","ping_status":"open","sticky":false,"template":"","format":"standard","meta":{"footnotes":""},"categories":[1],"tags":[],"class_list":{"0":"post-23303","1":"post","2":"type-post","3":"status-publish","4":"format-standard","5":"has-post-thumbnail","7":"category-uncategorized"},"yoast_head":"<!-- This site is optimized with the Yoast SEO plugin v27.1.1 - https:\/\/yoast.com\/product\/yoast-seo-wordpress\/ -->\n<title>Aerol\u00edneas Argentinas\u00a0incrementar\u00e1\u00a0vuelos\u00a0a Punta Cana,\u00a0a partir\u00a0del\u00a021 de diciembre. - Conexi\u00f3n 23<\/title>\n<meta name=\"robots\" content=\"index, follow, max-snippet:-1, max-image-preview:large, max-video-preview:-1\" \/>\n<link rel=\"canonical\" href=\"https:\/\/conexion23.com\/?p=23303\" \/>\n<meta property=\"og:locale\" content=\"es_ES\" \/>\n<meta property=\"og:type\" content=\"article\" \/>\n<meta property=\"og:title\" content=\"Aerol\u00edneas Argentinas\u00a0incrementar\u00e1\u00a0vuelos\u00a0a Punta Cana,\u00a0a partir\u00a0del\u00a021 de diciembre. - Conexi\u00f3n 23\" \/>\n<meta property=\"og:description\" content=\"Aerol\u00edneas Argentinas&nbsp;incrementar\u00e1&nbsp;sus&nbsp;vuelos&nbsp;entre&nbsp;Buenos Aires&nbsp;y&nbsp;Punta Cana&nbsp;a partir&nbsp;del&nbsp;21 de diciembre.&nbsp;La&nbsp;compa\u00f1\u00eda&nbsp;opera&nbsp;tres veces por semana&nbsp;en&nbsp;Airbus&nbsp;A330&nbsp;\u2013&nbsp;200&nbsp;con capacidad para 265 pasajeros en dos clases. Calendario Punta Cana \u2013 Aerol\u00edneas Argentinas Para ver todas las tablas, coloque el tel\u00e9fono m\u00f3vil en posici\u00f3n horizontal. Vuelo De ETD A Y AR 1324 Buenos Aires (EZE) 02:25 Punta Cana (PUJ) 09:10 AR 1325 Punta Cana (PUJ) [&hellip;]\" \/>\n<meta property=\"og:url\" content=\"https:\/\/conexion23.com\/?p=23303\" \/>\n<meta property=\"og:site_name\" content=\"Conexi\u00f3n 23\" \/>\n<meta property=\"article:publisher\" content=\"https:\/\/www.facebook.com\/conexion23com\" \/>\n<meta property=\"article:published_time\" content=\"2023-12-08T11:29:57+00:00\" \/>\n<meta property=\"article:modified_time\" content=\"2023-12-08T11:29:59+00:00\" \/>\n<meta property=\"og:image\" content=\"https:\/\/conexion23.com\/wp-content\/uploads\/2023\/12\/download-5.jpg\" \/>\n\t<meta property=\"og:image:width\" content=\"293\" \/>\n\t<meta property=\"og:image:height\" content=\"172\" \/>\n\t<meta property=\"og:image:type\" content=\"image\/jpeg\" \/>\n<meta name=\"author\" content=\"Raffy Ben\u00edtez\" \/>\n<meta name=\"twitter:card\" content=\"summary_large_image\" \/>\n<meta name=\"twitter:label1\" content=\"Escrito por\" \/>\n\t<meta name=\"twitter:data1\" content=\"Raffy Ben\u00edtez\" \/>\n\t<meta name=\"twitter:label2\" content=\"Tiempo de lectura\" \/>\n\t<meta name=\"twitter:data2\" content=\"1 minuto\" \/>\n<script type=\"application\/ld+json\" class=\"yoast-schema-graph\">{\"@context\":\"https:\/\/schema.org\",\"@graph\":[{\"@type\":\"Article\",\"@id\":\"https:\/\/conexion23.com\/?p=23303#article\",\"isPartOf\":{\"@id\":\"https:\/\/conexion23.com\/?p=23303\"},\"author\":{\"name\":\"Raffy Ben\u00edtez\",\"@id\":\"https:\/\/conexion23.com\/#\/schema\/person\/03e36043331117e97a373299bbcd30a6\"},\"headline\":\"Aerol\u00edneas Argentinas\u00a0incrementar\u00e1\u00a0vuelos\u00a0a Punta Cana,\u00a0a partir\u00a0del\u00a021 de diciembre.\",\"datePublished\":\"2023-12-08T11:29:57+00:00\",\"dateModified\":\"2023-12-08T11:29:59+00:00\",\"mainEntityOfPage\":{\"@id\":\"https:\/\/conexion23.com\/?p=23303\"},\"wordCount\":133,\"commentCount\":0,\"publisher\":{\"@id\":\"https:\/\/conexion23.com\/#organization\"},\"image\":{\"@id\":\"https:\/\/conexion23.com\/?p=23303#primaryimage\"},\"thumbnailUrl\":\"https:\/\/conexion23.com\/wp-content\/uploads\/2023\/12\/download-5.jpg\",\"articleSection\":[\"Uncategorized\"],\"inLanguage\":\"es\",\"potentialAction\":[{\"@type\":\"CommentAction\",\"name\":\"Comment\",\"target\":[\"https:\/\/conexion23.com\/?p=23303#respond\"]}]},{\"@type\":\"WebPage\",\"@id\":\"https:\/\/conexion23.com\/?p=23303\",\"url\":\"https:\/\/conexion23.com\/?p=23303\",\"name\":\"Aerol\u00edneas Argentinas\u00a0incrementar\u00e1\u00a0vuelos\u00a0a Punta Cana,\u00a0a partir\u00a0del\u00a021 de diciembre. - Conexi\u00f3n 23\",\"isPartOf\":{\"@id\":\"https:\/\/conexion23.com\/#website\"},\"primaryImageOfPage\":{\"@id\":\"https:\/\/conexion23.com\/?p=23303#primaryimage\"},\"image\":{\"@id\":\"https:\/\/conexion23.com\/?p=23303#primaryimage\"},\"thumbnailUrl\":\"https:\/\/conexion23.com\/wp-content\/uploads\/2023\/12\/download-5.jpg\",\"datePublished\":\"2023-12-08T11:29:57+00:00\",\"dateModified\":\"2023-12-08T11:29:59+00:00\",\"breadcrumb\":{\"@id\":\"https:\/\/conexion23.com\/?p=23303#breadcrumb\"},\"inLanguage\":\"es\",\"potentialAction\":[{\"@type\":\"ReadAction\",\"target\":[\"https:\/\/conexion23.com\/?p=23303\"]}]},{\"@type\":\"ImageObject\",\"inLanguage\":\"es\",\"@id\":\"https:\/\/conexion23.com\/?p=23303#primaryimage\",\"url\":\"https:\/\/conexion23.com\/wp-content\/uploads\/2023\/12\/download-5.jpg\",\"contentUrl\":\"https:\/\/conexion23.com\/wp-content\/uploads\/2023\/12\/download-5.jpg\",\"width\":293,\"height\":172},{\"@type\":\"BreadcrumbList\",\"@id\":\"https:\/\/conexion23.com\/?p=23303#breadcrumb\",\"itemListElement\":[{\"@type\":\"ListItem\",\"position\":1,\"name\":\"Portada\",\"item\":\"https:\/\/conexion23.com\/\"},{\"@type\":\"ListItem\",\"position\":2,\"name\":\"Aerol\u00edneas Argentinas\u00a0incrementar\u00e1\u00a0vuelos\u00a0a Punta Cana,\u00a0a partir\u00a0del\u00a021 de diciembre.\"}]},{\"@type\":\"WebSite\",\"@id\":\"https:\/\/conexion23.com\/#website\",\"url\":\"https:\/\/conexion23.com\/\",\"name\":\"Conexi\u00f3n 23\",\"description\":\"Peri\u00f3dico 100% Petromacorisano\",\"publisher\":{\"@id\":\"https:\/\/conexion23.com\/#organization\"},\"potentialAction\":[{\"@type\":\"SearchAction\",\"target\":{\"@type\":\"EntryPoint\",\"urlTemplate\":\"https:\/\/conexion23.com\/?s={search_term_string}\"},\"query-input\":{\"@type\":\"PropertyValueSpecification\",\"valueRequired\":true,\"valueName\":\"search_term_string\"}}],\"inLanguage\":\"es\"},{\"@type\":\"Organization\",\"@id\":\"https:\/\/conexion23.com\/#organization\",\"name\":\"Conexion 23\",\"url\":\"https:\/\/conexion23.com\/\",\"logo\":{\"@type\":\"ImageObject\",\"inLanguage\":\"es\",\"@id\":\"https:\/\/conexion23.com\/#\/schema\/logo\/image\/\",\"url\":\"https:\/\/conexion23.com\/wp-content\/uploads\/2021\/11\/Diseno-sin-titulo-2.png\",\"contentUrl\":\"https:\/\/conexion23.com\/wp-content\/uploads\/2021\/11\/Diseno-sin-titulo-2.png\",\"width\":541,\"height\":90,\"caption\":\"Conexion 23\"},\"image\":{\"@id\":\"https:\/\/conexion23.com\/#\/schema\/logo\/image\/\"},\"sameAs\":[\"https:\/\/www.facebook.com\/conexion23com\",\"https:\/\/www.instagram.com\/conexion23com\/\",\"https:\/\/www.youtube.com\/channel\/UCYc7vxxFZMYLIHNsHHxPZ3Q\"]},{\"@type\":\"Person\",\"@id\":\"https:\/\/conexion23.com\/#\/schema\/person\/03e36043331117e97a373299bbcd30a6\",\"name\":\"Raffy Ben\u00edtez\",\"image\":{\"@type\":\"ImageObject\",\"inLanguage\":\"es\",\"@id\":\"https:\/\/conexion23.com\/#\/schema\/person\/image\/\",\"url\":\"https:\/\/secure.gravatar.com\/avatar\/3190a6a6c5e1b0327500f7d6c56b6242472ee6cb974cf09b401ee6b3b0798f23?s=96&d=mm&r=g\",\"contentUrl\":\"https:\/\/secure.gravatar.com\/avatar\/3190a6a6c5e1b0327500f7d6c56b6242472ee6cb974cf09b401ee6b3b0798f23?s=96&d=mm&r=g\",\"caption\":\"Raffy Ben\u00edtez\"},\"url\":\"https:\/\/conexion23.com\/?author=15\"}]}<\/script>\n<!-- \/ Yoast SEO plugin. -->","yoast_head_json":{"title":"Aerol\u00edneas Argentinas\u00a0incrementar\u00e1\u00a0vuelos\u00a0a Punta Cana,\u00a0a partir\u00a0del\u00a021 de diciembre. - Conexi\u00f3n 23","robots":{"index":"index","follow":"follow","max-snippet":"max-snippet:-1","max-image-preview":"max-image-preview:large","max-video-preview":"max-video-preview:-1"},"canonical":"https:\/\/conexion23.com\/?p=23303","og_locale":"es_ES","og_type":"article","og_title":"Aerol\u00edneas Argentinas\u00a0incrementar\u00e1\u00a0vuelos\u00a0a Punta Cana,\u00a0a partir\u00a0del\u00a021 de diciembre. - Conexi\u00f3n 23","og_description":"Aerol\u00edneas Argentinas&nbsp;incrementar\u00e1&nbsp;sus&nbsp;vuelos&nbsp;entre&nbsp;Buenos Aires&nbsp;y&nbsp;Punta Cana&nbsp;a partir&nbsp;del&nbsp;21 de diciembre.&nbsp;La&nbsp;compa\u00f1\u00eda&nbsp;opera&nbsp;tres veces por semana&nbsp;en&nbsp;Airbus&nbsp;A330&nbsp;\u2013&nbsp;200&nbsp;con capacidad para 265 pasajeros en dos clases. Calendario Punta Cana \u2013 Aerol\u00edneas Argentinas Para ver todas las tablas, coloque el tel\u00e9fono m\u00f3vil en posici\u00f3n horizontal. Vuelo De ETD A Y AR 1324 Buenos Aires (EZE) 02:25 Punta Cana (PUJ) 09:10 AR 1325 Punta Cana (PUJ) [&hellip;]","og_url":"https:\/\/conexion23.com\/?p=23303","og_site_name":"Conexi\u00f3n 23","article_publisher":"https:\/\/www.facebook.com\/conexion23com","article_published_time":"2023-12-08T11:29:57+00:00","article_modified_time":"2023-12-08T11:29:59+00:00","og_image":[{"width":293,"height":172,"url":"https:\/\/conexion23.com\/wp-content\/uploads\/2023\/12\/download-5.jpg","type":"image\/jpeg"}],"author":"Raffy Ben\u00edtez","twitter_card":"summary_large_image","twitter_misc":{"Escrito por":"Raffy Ben\u00edtez","Tiempo de lectura":"1 minuto"},"schema":{"@context":"https:\/\/schema.org","@graph":[{"@type":"Article","@id":"https:\/\/conexion23.com\/?p=23303#article","isPartOf":{"@id":"https:\/\/conexion23.com\/?p=23303"},"author":{"name":"Raffy Ben\u00edtez","@id":"https:\/\/conexion23.com\/#\/schema\/person\/03e36043331117e97a373299bbcd30a6"},"headline":"Aerol\u00edneas Argentinas\u00a0incrementar\u00e1\u00a0vuelos\u00a0a Punta Cana,\u00a0a partir\u00a0del\u00a021 de diciembre.","datePublished":"2023-12-08T11:29:57+00:00","dateModified":"2023-12-08T11:29:59+00:00","mainEntityOfPage":{"@id":"https:\/\/conexion23.com\/?p=23303"},"wordCount":133,"commentCount":0,"publisher":{"@id":"https:\/\/conexion23.com\/#organization"},"image":{"@id":"https:\/\/conexion23.com\/?p=23303#primaryimage"},"thumbnailUrl":"https:\/\/conexion23.com\/wp-content\/uploads\/2023\/12\/download-5.jpg","articleSection":["Uncategorized"],"inLanguage":"es","potentialAction":[{"@type":"CommentAction","name":"Comment","target":["https:\/\/conexion23.com\/?p=23303#respond"]}]},{"@type":"WebPage","@id":"https:\/\/conexion23.com\/?p=23303","url":"https:\/\/conexion23.com\/?p=23303","name":"Aerol\u00edneas Argentinas\u00a0incrementar\u00e1\u00a0vuelos\u00a0a Punta Cana,\u00a0a partir\u00a0del\u00a021 de diciembre. - Conexi\u00f3n 23","isPartOf":{"@id":"https:\/\/conexion23.com\/#website"},"primaryImageOfPage":{"@id":"https:\/\/conexion23.com\/?p=23303#primaryimage"},"image":{"@id":"https:\/\/conexion23.com\/?p=23303#primaryimage"},"thumbnailUrl":"https:\/\/conexion23.com\/wp-content\/uploads\/2023\/12\/download-5.jpg","datePublished":"2023-12-08T11:29:57+00:00","dateModified":"2023-12-08T11:29:59+00:00","breadcrumb":{"@id":"https:\/\/conexion23.com\/?p=23303#breadcrumb"},"inLanguage":"es","potentialAction":[{"@type":"ReadAction","target":["https:\/\/conexion23.com\/?p=23303"]}]},{"@type":"ImageObject","inLanguage":"es","@id":"https:\/\/conexion23.com\/?p=23303#primaryimage","url":"https:\/\/conexion23.com\/wp-content\/uploads\/2023\/12\/download-5.jpg","contentUrl":"https:\/\/conexion23.com\/wp-content\/uploads\/2023\/12\/download-5.jpg","width":293,"height":172},{"@type":"BreadcrumbList","@id":"https:\/\/conexion23.com\/?p=23303#breadcrumb","itemListElement":[{"@type":"ListItem","position":1,"name":"Portada","item":"https:\/\/conexion23.com\/"},{"@type":"ListItem","position":2,"name":"Aerol\u00edneas Argentinas\u00a0incrementar\u00e1\u00a0vuelos\u00a0a Punta Cana,\u00a0a partir\u00a0del\u00a021 de diciembre."}]},{"@type":"WebSite","@id":"https:\/\/conexion23.com\/#website","url":"https:\/\/conexion23.com\/","name":"Conexi\u00f3n 23","description":"Peri\u00f3dico 100% Petromacorisano","publisher":{"@id":"https:\/\/conexion23.com\/#organization"},"potentialAction":[{"@type":"SearchAction","target":{"@type":"EntryPoint","urlTemplate":"https:\/\/conexion23.com\/?s={search_term_string}"},"query-input":{"@type":"PropertyValueSpecification","valueRequired":true,"valueName":"search_term_string"}}],"inLanguage":"es"},{"@type":"Organization","@id":"https:\/\/conexion23.com\/#organization","name":"Conexion 23","url":"https:\/\/conexion23.com\/","logo":{"@type":"ImageObject","inLanguage":"es","@id":"https:\/\/conexion23.com\/#\/schema\/logo\/image\/","url":"https:\/\/conexion23.com\/wp-content\/uploads\/2021\/11\/Diseno-sin-titulo-2.png","contentUrl":"https:\/\/conexion23.com\/wp-content\/uploads\/2021\/11\/Diseno-sin-titulo-2.png","width":541,"height":90,"caption":"Conexion 23"},"image":{"@id":"https:\/\/conexion23.com\/#\/schema\/logo\/image\/"},"sameAs":["https:\/\/www.facebook.com\/conexion23com","https:\/\/www.instagram.com\/conexion23com\/","https:\/\/www.youtube.com\/channel\/UCYc7vxxFZMYLIHNsHHxPZ3Q"]},{"@type":"Person","@id":"https:\/\/conexion23.com\/#\/schema\/person\/03e36043331117e97a373299bbcd30a6","name":"Raffy Ben\u00edtez","image":{"@type":"ImageObject","inLanguage":"es","@id":"https:\/\/conexion23.com\/#\/schema\/person\/image\/","url":"https:\/\/secure.gravatar.com\/avatar\/3190a6a6c5e1b0327500f7d6c56b6242472ee6cb974cf09b401ee6b3b0798f23?s=96&d=mm&r=g","contentUrl":"https:\/\/secure.gravatar.com\/avatar\/3190a6a6c5e1b0327500f7d6c56b6242472ee6cb974cf09b401ee6b3b0798f23?s=96&d=mm&r=g","caption":"Raffy Ben\u00edtez"},"url":"https:\/\/conexion23.com\/?author=15"}]}},"_links":{"self":[{"href":"https:\/\/conexion23.com\/index.php?rest_route=\/wp\/v2\/posts\/23303","targetHints":{"allow":["GET"]}}],"collection":[{"href":"https:\/\/conexion23.com\/index.php?rest_route=\/wp\/v2\/posts"}],"about":[{"href":"https:\/\/conexion23.com\/index.php?rest_route=\/wp\/v2\/types\/post"}],"author":[{"embeddable":true,"href":"https:\/\/conexion23.com\/index.php?rest_route=\/wp\/v2\/users\/15"}],"replies":[{"embeddable":true,"href":"https:\/\/conexion23.com\/index.php?rest_route=%2Fwp%2Fv2%2Fcomments&post=23303"}],"version-history":[{"count":1,"href":"https:\/\/conexion23.com\/index.php?rest_route=\/wp\/v2\/posts\/23303\/revisions"}],"predecessor-version":[{"id":23305,"href":"https:\/\/conexion23.com\/index.php?rest_route=\/wp\/v2\/posts\/23303\/revisions\/23305"}],"wp:featuredmedia":[{"embeddable":true,"href":"https:\/\/conexion23.com\/index.php?rest_route=\/wp\/v2\/media\/23304"}],"wp:attachment":[{"href":"https:\/\/conexion23.com\/index.php?rest_route=%2Fwp%2Fv2%2Fmedia&parent=23303"}],"wp:term":[{"taxonomy":"category","embeddable":true,"href":"https:\/\/conexion23.com\/index.php?rest_route=%2Fwp%2Fv2%2Fcategories&post=23303"},{"taxonomy":"post_tag","embeddable":true,"href":"https:\/\/conexion23.com\/index.php?rest_route=%2Fwp%2Fv2%2Ftags&post=23303"}],"curies":[{"name":"wp","href":"https:\/\/api.w.org\/{rel}","templated":true}]}}