{"id":23309,"date":"2023-12-08T07:39:20","date_gmt":"2023-12-08T11:39:20","guid":{"rendered":"https:\/\/conexion23.com\/?p=23309"},"modified":"2023-12-08T07:39:23","modified_gmt":"2023-12-08T11:39:23","slug":"se-registra-accidente-de-transito-entre-carro-y-una-patana-en-autovia-del-este","status":"publish","type":"post","link":"https:\/\/conexion23.com\/?p=23309","title":{"rendered":"Se registra accidente de tr\u00e1nsito entre carro y una patana en Autov\u00eda del Este."},"content":{"rendered":"\n<p>Se registr\u00f3 un&nbsp;<strong>accidente de tr\u00e1nsito<\/strong>&nbsp;en la&nbsp;<strong>Autov\u00eda del Este<\/strong>, tramo San Pedro- Boca Chica que involucra&nbsp;<strong>un carro y una patana.&nbsp;<\/strong><\/p>\n\n\n\n<p><strong>Hasta el momento se desconoce el estado de los conductores y qu\u00e9 provoc\u00f3 la colisi\u00f3n de los veh\u00edculos.<\/strong><\/p>\n\n\n\n<p>En el video se observa que gran parte del veh\u00edculo qued\u00f3 destruido, mientras algunas personas intentan auxiliar al conductor del carro.<\/p>\n\n\n\n<p>En el el audiovisual no se observa autoridades asistiendo a las v\u00edctimas, pero se escucha a un ciudadano exclamar que solicitaron ayuda al\u00a0<a href=\"https:\/\/911.gob.do\/\">Sistema de Emergencias 9-1-1<\/a>.<\/p>\n\n\n\n<p><\/p>\n\n\n\n<h3 class=\"wp-block-heading\">Endurecer\u00e1n medidas en contra de veh\u00edculos pesados<\/h3>\n\n\n\n<p>Ante los recientes accidentes registrados en el pa\u00eds que involucran veh\u00edculos pesados,&nbsp; e<a href=\"https:\/\/n.com.do\/2023\/11\/12\/designan-al-coronel-randolfo-rijo-como-director-interino-y-honorifico-del-intrant\/\">l<\/a><strong>&nbsp;coronel piloto Randolfo Rijo,<\/strong>&nbsp;director interino del Instituto de Tr\u00e1nsito y Transporte Intrant dijo que la instituci\u00f3n que dirige endurecer\u00e1 las medidas en contra de los veh\u00edculos pesados con la intenci\u00f3n de reducir los accidentes de tr\u00e1nsito.<\/p>\n\n\n\n<p>\u201cSe endurecer\u00e1 el registro y la prohibici\u00f3n de circulaci\u00f3n en ciertas \u00e1reas para los veh\u00edculos pesados\u201d, afirm\u00f3 el coronel.<\/p>\n\n\n\n<h3 class=\"wp-block-heading\">Conductores de veh\u00edculos pesados sufren trastornos del sue\u00f1o<\/h3>\n\n\n\n<p>El Ministerio de Salud P\u00fablica (MSP) revel\u00f3 este mi\u00e9rcoles que un&nbsp;<strong>13% de los conductores de veh\u00edculos pesados<\/strong>&nbsp;sufren&nbsp;<strong>Somnolencia<\/strong>&nbsp;y<strong>&nbsp;Apnea Obstructiva del Sue\u00f1o<\/strong>&nbsp;(AOS), seg\u00fan estudios preliminares.<\/p>\n\n\n\n<p>El estudio adem\u00e1s detall\u00f3 que de los conductores evaluados el 87.5% tienen problemas obesidad, el 19% sufre de hipertensi\u00f3n arterial (HTA), el 56% consume bebidas alcoh\u00f3licas y 50% confirmaron que usan el celular mientras conduce.<\/p>\n","protected":false},"excerpt":{"rendered":"<p>Se registr\u00f3 un&nbsp;accidente de tr\u00e1nsito&nbsp;en la&nbsp;Autov\u00eda del Este, tramo San Pedro- Boca Chica que involucra&nbsp;un carro y una patana.&nbsp; Hasta el momento se desconoce el estado de los conductores y qu\u00e9 provoc\u00f3 la colisi\u00f3n de los veh\u00edculos. En el video se observa que gran parte del veh\u00edculo qued\u00f3 destruido, mientras algunas personas intentan auxiliar al [&hellip;]<\/p>\n","protected":false},"author":15,"featured_media":23311,"comment_status":"open","ping_status":"open","sticky":false,"template":"","format":"standard","meta":{"footnotes":""},"categories":[1],"tags":[],"class_list":{"0":"post-23309","1":"post","2":"type-post","3":"status-publish","4":"format-standard","5":"has-post-thumbnail","7":"category-uncategorized"},"yoast_head":"<!-- This site is optimized with the Yoast SEO plugin v27.1.1 - https:\/\/yoast.com\/product\/yoast-seo-wordpress\/ -->\n<title>Se registra accidente de tr\u00e1nsito entre carro y una patana en Autov\u00eda del Este. - Conexi\u00f3n 23<\/title>\n<meta name=\"robots\" content=\"index, follow, max-snippet:-1, max-image-preview:large, max-video-preview:-1\" \/>\n<link rel=\"canonical\" href=\"https:\/\/conexion23.com\/?p=23309\" \/>\n<meta property=\"og:locale\" content=\"es_ES\" \/>\n<meta property=\"og:type\" content=\"article\" \/>\n<meta property=\"og:title\" content=\"Se registra accidente de tr\u00e1nsito entre carro y una patana en Autov\u00eda del Este. - Conexi\u00f3n 23\" \/>\n<meta property=\"og:description\" content=\"Se registr\u00f3 un&nbsp;accidente de tr\u00e1nsito&nbsp;en la&nbsp;Autov\u00eda del Este, tramo San Pedro- Boca Chica que involucra&nbsp;un carro y una patana.&nbsp; Hasta el momento se desconoce el estado de los conductores y qu\u00e9 provoc\u00f3 la colisi\u00f3n de los veh\u00edculos. En el video se observa que gran parte del veh\u00edculo qued\u00f3 destruido, mientras algunas personas intentan auxiliar al [&hellip;]\" \/>\n<meta property=\"og:url\" content=\"https:\/\/conexion23.com\/?p=23309\" \/>\n<meta property=\"og:site_name\" content=\"Conexi\u00f3n 23\" \/>\n<meta property=\"article:publisher\" content=\"https:\/\/www.facebook.com\/conexion23com\" \/>\n<meta property=\"article:published_time\" content=\"2023-12-08T11:39:20+00:00\" \/>\n<meta property=\"article:modified_time\" content=\"2023-12-08T11:39:23+00:00\" \/>\n<meta property=\"og:image\" content=\"https:\/\/conexion23.com\/wp-content\/uploads\/2023\/12\/img_4477-1-743x470-1.webp\" \/>\n\t<meta property=\"og:image:width\" content=\"743\" \/>\n\t<meta property=\"og:image:height\" content=\"470\" \/>\n\t<meta property=\"og:image:type\" content=\"image\/webp\" \/>\n<meta name=\"author\" content=\"Raffy Ben\u00edtez\" \/>\n<meta name=\"twitter:card\" content=\"summary_large_image\" \/>\n<meta name=\"twitter:label1\" content=\"Escrito por\" \/>\n\t<meta name=\"twitter:data1\" content=\"Raffy Ben\u00edtez\" \/>\n\t<meta name=\"twitter:label2\" content=\"Tiempo de lectura\" \/>\n\t<meta name=\"twitter:data2\" content=\"2 minutos\" \/>\n<script type=\"application\/ld+json\" class=\"yoast-schema-graph\">{\"@context\":\"https:\/\/schema.org\",\"@graph\":[{\"@type\":\"Article\",\"@id\":\"https:\/\/conexion23.com\/?p=23309#article\",\"isPartOf\":{\"@id\":\"https:\/\/conexion23.com\/?p=23309\"},\"author\":{\"name\":\"Raffy Ben\u00edtez\",\"@id\":\"https:\/\/conexion23.com\/#\/schema\/person\/03e36043331117e97a373299bbcd30a6\"},\"headline\":\"Se registra accidente de tr\u00e1nsito entre carro y una patana en Autov\u00eda del Este.\",\"datePublished\":\"2023-12-08T11:39:20+00:00\",\"dateModified\":\"2023-12-08T11:39:23+00:00\",\"mainEntityOfPage\":{\"@id\":\"https:\/\/conexion23.com\/?p=23309\"},\"wordCount\":291,\"commentCount\":0,\"publisher\":{\"@id\":\"https:\/\/conexion23.com\/#organization\"},\"image\":{\"@id\":\"https:\/\/conexion23.com\/?p=23309#primaryimage\"},\"thumbnailUrl\":\"https:\/\/conexion23.com\/wp-content\/uploads\/2023\/12\/img_4477-1-743x470-1.webp\",\"articleSection\":[\"Uncategorized\"],\"inLanguage\":\"es\",\"potentialAction\":[{\"@type\":\"CommentAction\",\"name\":\"Comment\",\"target\":[\"https:\/\/conexion23.com\/?p=23309#respond\"]}]},{\"@type\":\"WebPage\",\"@id\":\"https:\/\/conexion23.com\/?p=23309\",\"url\":\"https:\/\/conexion23.com\/?p=23309\",\"name\":\"Se registra accidente de tr\u00e1nsito entre carro y una patana en Autov\u00eda del Este. - Conexi\u00f3n 23\",\"isPartOf\":{\"@id\":\"https:\/\/conexion23.com\/#website\"},\"primaryImageOfPage\":{\"@id\":\"https:\/\/conexion23.com\/?p=23309#primaryimage\"},\"image\":{\"@id\":\"https:\/\/conexion23.com\/?p=23309#primaryimage\"},\"thumbnailUrl\":\"https:\/\/conexion23.com\/wp-content\/uploads\/2023\/12\/img_4477-1-743x470-1.webp\",\"datePublished\":\"2023-12-08T11:39:20+00:00\",\"dateModified\":\"2023-12-08T11:39:23+00:00\",\"breadcrumb\":{\"@id\":\"https:\/\/conexion23.com\/?p=23309#breadcrumb\"},\"inLanguage\":\"es\",\"potentialAction\":[{\"@type\":\"ReadAction\",\"target\":[\"https:\/\/conexion23.com\/?p=23309\"]}]},{\"@type\":\"ImageObject\",\"inLanguage\":\"es\",\"@id\":\"https:\/\/conexion23.com\/?p=23309#primaryimage\",\"url\":\"https:\/\/conexion23.com\/wp-content\/uploads\/2023\/12\/img_4477-1-743x470-1.webp\",\"contentUrl\":\"https:\/\/conexion23.com\/wp-content\/uploads\/2023\/12\/img_4477-1-743x470-1.webp\",\"width\":743,\"height\":470},{\"@type\":\"BreadcrumbList\",\"@id\":\"https:\/\/conexion23.com\/?p=23309#breadcrumb\",\"itemListElement\":[{\"@type\":\"ListItem\",\"position\":1,\"name\":\"Portada\",\"item\":\"https:\/\/conexion23.com\/\"},{\"@type\":\"ListItem\",\"position\":2,\"name\":\"Se registra accidente de tr\u00e1nsito entre carro y una patana en Autov\u00eda del Este.\"}]},{\"@type\":\"WebSite\",\"@id\":\"https:\/\/conexion23.com\/#website\",\"url\":\"https:\/\/conexion23.com\/\",\"name\":\"Conexi\u00f3n 23\",\"description\":\"Peri\u00f3dico 100% Petromacorisano\",\"publisher\":{\"@id\":\"https:\/\/conexion23.com\/#organization\"},\"potentialAction\":[{\"@type\":\"SearchAction\",\"target\":{\"@type\":\"EntryPoint\",\"urlTemplate\":\"https:\/\/conexion23.com\/?s={search_term_string}\"},\"query-input\":{\"@type\":\"PropertyValueSpecification\",\"valueRequired\":true,\"valueName\":\"search_term_string\"}}],\"inLanguage\":\"es\"},{\"@type\":\"Organization\",\"@id\":\"https:\/\/conexion23.com\/#organization\",\"name\":\"Conexion 23\",\"url\":\"https:\/\/conexion23.com\/\",\"logo\":{\"@type\":\"ImageObject\",\"inLanguage\":\"es\",\"@id\":\"https:\/\/conexion23.com\/#\/schema\/logo\/image\/\",\"url\":\"https:\/\/conexion23.com\/wp-content\/uploads\/2021\/11\/Diseno-sin-titulo-2.png\",\"contentUrl\":\"https:\/\/conexion23.com\/wp-content\/uploads\/2021\/11\/Diseno-sin-titulo-2.png\",\"width\":541,\"height\":90,\"caption\":\"Conexion 23\"},\"image\":{\"@id\":\"https:\/\/conexion23.com\/#\/schema\/logo\/image\/\"},\"sameAs\":[\"https:\/\/www.facebook.com\/conexion23com\",\"https:\/\/www.instagram.com\/conexion23com\/\",\"https:\/\/www.youtube.com\/channel\/UCYc7vxxFZMYLIHNsHHxPZ3Q\"]},{\"@type\":\"Person\",\"@id\":\"https:\/\/conexion23.com\/#\/schema\/person\/03e36043331117e97a373299bbcd30a6\",\"name\":\"Raffy Ben\u00edtez\",\"image\":{\"@type\":\"ImageObject\",\"inLanguage\":\"es\",\"@id\":\"https:\/\/conexion23.com\/#\/schema\/person\/image\/\",\"url\":\"https:\/\/secure.gravatar.com\/avatar\/3190a6a6c5e1b0327500f7d6c56b6242472ee6cb974cf09b401ee6b3b0798f23?s=96&d=mm&r=g\",\"contentUrl\":\"https:\/\/secure.gravatar.com\/avatar\/3190a6a6c5e1b0327500f7d6c56b6242472ee6cb974cf09b401ee6b3b0798f23?s=96&d=mm&r=g\",\"caption\":\"Raffy Ben\u00edtez\"},\"url\":\"https:\/\/conexion23.com\/?author=15\"}]}<\/script>\n<!-- \/ Yoast SEO plugin. -->","yoast_head_json":{"title":"Se registra accidente de tr\u00e1nsito entre carro y una patana en Autov\u00eda del Este. - Conexi\u00f3n 23","robots":{"index":"index","follow":"follow","max-snippet":"max-snippet:-1","max-image-preview":"max-image-preview:large","max-video-preview":"max-video-preview:-1"},"canonical":"https:\/\/conexion23.com\/?p=23309","og_locale":"es_ES","og_type":"article","og_title":"Se registra accidente de tr\u00e1nsito entre carro y una patana en Autov\u00eda del Este. - Conexi\u00f3n 23","og_description":"Se registr\u00f3 un&nbsp;accidente de tr\u00e1nsito&nbsp;en la&nbsp;Autov\u00eda del Este, tramo San Pedro- Boca Chica que involucra&nbsp;un carro y una patana.&nbsp; Hasta el momento se desconoce el estado de los conductores y qu\u00e9 provoc\u00f3 la colisi\u00f3n de los veh\u00edculos. En el video se observa que gran parte del veh\u00edculo qued\u00f3 destruido, mientras algunas personas intentan auxiliar al [&hellip;]","og_url":"https:\/\/conexion23.com\/?p=23309","og_site_name":"Conexi\u00f3n 23","article_publisher":"https:\/\/www.facebook.com\/conexion23com","article_published_time":"2023-12-08T11:39:20+00:00","article_modified_time":"2023-12-08T11:39:23+00:00","og_image":[{"width":743,"height":470,"url":"https:\/\/conexion23.com\/wp-content\/uploads\/2023\/12\/img_4477-1-743x470-1.webp","type":"image\/webp"}],"author":"Raffy Ben\u00edtez","twitter_card":"summary_large_image","twitter_misc":{"Escrito por":"Raffy Ben\u00edtez","Tiempo de lectura":"2 minutos"},"schema":{"@context":"https:\/\/schema.org","@graph":[{"@type":"Article","@id":"https:\/\/conexion23.com\/?p=23309#article","isPartOf":{"@id":"https:\/\/conexion23.com\/?p=23309"},"author":{"name":"Raffy Ben\u00edtez","@id":"https:\/\/conexion23.com\/#\/schema\/person\/03e36043331117e97a373299bbcd30a6"},"headline":"Se registra accidente de tr\u00e1nsito entre carro y una patana en Autov\u00eda del Este.","datePublished":"2023-12-08T11:39:20+00:00","dateModified":"2023-12-08T11:39:23+00:00","mainEntityOfPage":{"@id":"https:\/\/conexion23.com\/?p=23309"},"wordCount":291,"commentCount":0,"publisher":{"@id":"https:\/\/conexion23.com\/#organization"},"image":{"@id":"https:\/\/conexion23.com\/?p=23309#primaryimage"},"thumbnailUrl":"https:\/\/conexion23.com\/wp-content\/uploads\/2023\/12\/img_4477-1-743x470-1.webp","articleSection":["Uncategorized"],"inLanguage":"es","potentialAction":[{"@type":"CommentAction","name":"Comment","target":["https:\/\/conexion23.com\/?p=23309#respond"]}]},{"@type":"WebPage","@id":"https:\/\/conexion23.com\/?p=23309","url":"https:\/\/conexion23.com\/?p=23309","name":"Se registra accidente de tr\u00e1nsito entre carro y una patana en Autov\u00eda del Este. - Conexi\u00f3n 23","isPartOf":{"@id":"https:\/\/conexion23.com\/#website"},"primaryImageOfPage":{"@id":"https:\/\/conexion23.com\/?p=23309#primaryimage"},"image":{"@id":"https:\/\/conexion23.com\/?p=23309#primaryimage"},"thumbnailUrl":"https:\/\/conexion23.com\/wp-content\/uploads\/2023\/12\/img_4477-1-743x470-1.webp","datePublished":"2023-12-08T11:39:20+00:00","dateModified":"2023-12-08T11:39:23+00:00","breadcrumb":{"@id":"https:\/\/conexion23.com\/?p=23309#breadcrumb"},"inLanguage":"es","potentialAction":[{"@type":"ReadAction","target":["https:\/\/conexion23.com\/?p=23309"]}]},{"@type":"ImageObject","inLanguage":"es","@id":"https:\/\/conexion23.com\/?p=23309#primaryimage","url":"https:\/\/conexion23.com\/wp-content\/uploads\/2023\/12\/img_4477-1-743x470-1.webp","contentUrl":"https:\/\/conexion23.com\/wp-content\/uploads\/2023\/12\/img_4477-1-743x470-1.webp","width":743,"height":470},{"@type":"BreadcrumbList","@id":"https:\/\/conexion23.com\/?p=23309#breadcrumb","itemListElement":[{"@type":"ListItem","position":1,"name":"Portada","item":"https:\/\/conexion23.com\/"},{"@type":"ListItem","position":2,"name":"Se registra accidente de tr\u00e1nsito entre carro y una patana en Autov\u00eda del Este."}]},{"@type":"WebSite","@id":"https:\/\/conexion23.com\/#website","url":"https:\/\/conexion23.com\/","name":"Conexi\u00f3n 23","description":"Peri\u00f3dico 100% Petromacorisano","publisher":{"@id":"https:\/\/conexion23.com\/#organization"},"potentialAction":[{"@type":"SearchAction","target":{"@type":"EntryPoint","urlTemplate":"https:\/\/conexion23.com\/?s={search_term_string}"},"query-input":{"@type":"PropertyValueSpecification","valueRequired":true,"valueName":"search_term_string"}}],"inLanguage":"es"},{"@type":"Organization","@id":"https:\/\/conexion23.com\/#organization","name":"Conexion 23","url":"https:\/\/conexion23.com\/","logo":{"@type":"ImageObject","inLanguage":"es","@id":"https:\/\/conexion23.com\/#\/schema\/logo\/image\/","url":"https:\/\/conexion23.com\/wp-content\/uploads\/2021\/11\/Diseno-sin-titulo-2.png","contentUrl":"https:\/\/conexion23.com\/wp-content\/uploads\/2021\/11\/Diseno-sin-titulo-2.png","width":541,"height":90,"caption":"Conexion 23"},"image":{"@id":"https:\/\/conexion23.com\/#\/schema\/logo\/image\/"},"sameAs":["https:\/\/www.facebook.com\/conexion23com","https:\/\/www.instagram.com\/conexion23com\/","https:\/\/www.youtube.com\/channel\/UCYc7vxxFZMYLIHNsHHxPZ3Q"]},{"@type":"Person","@id":"https:\/\/conexion23.com\/#\/schema\/person\/03e36043331117e97a373299bbcd30a6","name":"Raffy Ben\u00edtez","image":{"@type":"ImageObject","inLanguage":"es","@id":"https:\/\/conexion23.com\/#\/schema\/person\/image\/","url":"https:\/\/secure.gravatar.com\/avatar\/3190a6a6c5e1b0327500f7d6c56b6242472ee6cb974cf09b401ee6b3b0798f23?s=96&d=mm&r=g","contentUrl":"https:\/\/secure.gravatar.com\/avatar\/3190a6a6c5e1b0327500f7d6c56b6242472ee6cb974cf09b401ee6b3b0798f23?s=96&d=mm&r=g","caption":"Raffy Ben\u00edtez"},"url":"https:\/\/conexion23.com\/?author=15"}]}},"_links":{"self":[{"href":"https:\/\/conexion23.com\/index.php?rest_route=\/wp\/v2\/posts\/23309","targetHints":{"allow":["GET"]}}],"collection":[{"href":"https:\/\/conexion23.com\/index.php?rest_route=\/wp\/v2\/posts"}],"about":[{"href":"https:\/\/conexion23.com\/index.php?rest_route=\/wp\/v2\/types\/post"}],"author":[{"embeddable":true,"href":"https:\/\/conexion23.com\/index.php?rest_route=\/wp\/v2\/users\/15"}],"replies":[{"embeddable":true,"href":"https:\/\/conexion23.com\/index.php?rest_route=%2Fwp%2Fv2%2Fcomments&post=23309"}],"version-history":[{"count":1,"href":"https:\/\/conexion23.com\/index.php?rest_route=\/wp\/v2\/posts\/23309\/revisions"}],"predecessor-version":[{"id":23312,"href":"https:\/\/conexion23.com\/index.php?rest_route=\/wp\/v2\/posts\/23309\/revisions\/23312"}],"wp:featuredmedia":[{"embeddable":true,"href":"https:\/\/conexion23.com\/index.php?rest_route=\/wp\/v2\/media\/23311"}],"wp:attachment":[{"href":"https:\/\/conexion23.com\/index.php?rest_route=%2Fwp%2Fv2%2Fmedia&parent=23309"}],"wp:term":[{"taxonomy":"category","embeddable":true,"href":"https:\/\/conexion23.com\/index.php?rest_route=%2Fwp%2Fv2%2Fcategories&post=23309"},{"taxonomy":"post_tag","embeddable":true,"href":"https:\/\/conexion23.com\/index.php?rest_route=%2Fwp%2Fv2%2Ftags&post=23309"}],"curies":[{"name":"wp","href":"https:\/\/api.w.org\/{rel}","templated":true}]}}