{"id":23313,"date":"2023-12-08T07:45:13","date_gmt":"2023-12-08T11:45:13","guid":{"rendered":"https:\/\/conexion23.com\/?p=23313"},"modified":"2023-12-08T07:45:15","modified_gmt":"2023-12-08T11:45:15","slug":"coe-coloca-a-nueve-provincias-en-alerta-verde-ante-paso-de-un-sistema-frontal","status":"publish","type":"post","link":"https:\/\/conexion23.com\/?p=23313","title":{"rendered":"COE coloca a nueve provincias en alerta verde ante paso de un sistema frontal."},"content":{"rendered":"\n<p>El&nbsp;<strong>Centro de Operaciones de Emergencia<\/strong>(COE), puso a<strong>&nbsp;nueve provincias en alerta verde<\/strong>por posibles crecidas de r\u00edos, arroyos y ca\u00f1adas, debido a que por el paso de un sistema frontal se estar\u00e1 generando este d\u00eda nublados con&nbsp;<strong>aguaceros, tronadas aisladas y r\u00e1fagas de viento.<\/strong><\/p>\n\n\n\n<p>El comunicado de la instituci\u00f3n pronostica el incremento de las lluvias sobre la parte norte y noroeste del pa\u00eds a medida que el sistema contin\u00fae movi\u00e9ndose sobre el territorio dominicano.<\/p>\n\n\n\n<p>Estas son las provincias en alerta verde:&nbsp;<strong>Mar\u00eda Trinidad S\u00e1nchez Espaillat| Santiago, Saman\u00e1, Hermanas Mirabal, Hato Mayor Duarte, Puerto Plata y El Seibo.<\/strong><\/p>\n\n\n\n<p>La entidad&nbsp; pidi\u00f3 a las personas abstenerse de cruzar r\u00edos, arroyos y ca\u00f1adas que presenten alto volumen de agua.<\/p>\n\n\n\n<p><\/p>\n\n\n\n<p>Adem\u00e1s de no hacer uso de balnearios en las provincias bajo alerta.<\/p>\n\n\n\n<h3 class=\"wp-block-heading\"><strong>Frente Fr\u00edo&nbsp;<\/strong><\/h3>\n\n\n\n<p>La&nbsp;<strong>Oficina Nacional de Meteorolog\u00eda<\/strong>&nbsp;(<strong>Onamet<\/strong>) inform\u00f3 que debido a la incidencia de un&nbsp;<strong>frente fr\u00edo<\/strong>&nbsp;al norte del pa\u00eds, se generar\u00e1n lluvias d\u00e9biles a moderadas.<\/p>\n\n\n\n<p>Estas precipitaciones estar\u00e1n m\u00e1s presentes en las localidades de Monte Cristi y del litoral caribe\u00f1o, adem\u00e1s la Onamet explic\u00f3 que conforme avance la ma\u00f1ana se pronostica la continuaci\u00f3n de las mismas hacia provincias del litoral atl\u00e1ntico, como son Puerto Plata, Espaillat, Mar\u00eda Trinidad S\u00e1nchez, Saman\u00e1, Duarte y Monte Plata.@sabanetaprimero. 829-856-9362 El Whatsapp que te mantiene informado, agr\u00e9galo para que te lleguen las noticias al instante o simplemente para hacer noticia un hecho que ocurra en tu sector.<\/p>\n","protected":false},"excerpt":{"rendered":"<p>El&nbsp;Centro de Operaciones de Emergencia(COE), puso a&nbsp;nueve provincias en alerta verdepor posibles crecidas de r\u00edos, arroyos y ca\u00f1adas, debido a que por el paso de un sistema frontal se estar\u00e1 generando este d\u00eda nublados con&nbsp;aguaceros, tronadas aisladas y r\u00e1fagas de viento. El comunicado de la instituci\u00f3n pronostica el incremento de las lluvias sobre la parte [&hellip;]<\/p>\n","protected":false},"author":15,"featured_media":23314,"comment_status":"open","ping_status":"open","sticky":false,"template":"","format":"standard","meta":{"footnotes":""},"categories":[1],"tags":[],"class_list":{"0":"post-23313","1":"post","2":"type-post","3":"status-publish","4":"format-standard","5":"has-post-thumbnail","7":"category-uncategorized"},"yoast_head":"<!-- This site is optimized with the Yoast SEO plugin v27.1.1 - https:\/\/yoast.com\/product\/yoast-seo-wordpress\/ -->\n<title>COE coloca a nueve provincias en alerta verde ante paso de un sistema frontal. - Conexi\u00f3n 23<\/title>\n<meta name=\"robots\" content=\"index, follow, max-snippet:-1, max-image-preview:large, max-video-preview:-1\" \/>\n<link rel=\"canonical\" href=\"https:\/\/conexion23.com\/?p=23313\" \/>\n<meta property=\"og:locale\" content=\"es_ES\" \/>\n<meta property=\"og:type\" content=\"article\" \/>\n<meta property=\"og:title\" content=\"COE coloca a nueve provincias en alerta verde ante paso de un sistema frontal. - Conexi\u00f3n 23\" \/>\n<meta property=\"og:description\" content=\"El&nbsp;Centro de Operaciones de Emergencia(COE), puso a&nbsp;nueve provincias en alerta verdepor posibles crecidas de r\u00edos, arroyos y ca\u00f1adas, debido a que por el paso de un sistema frontal se estar\u00e1 generando este d\u00eda nublados con&nbsp;aguaceros, tronadas aisladas y r\u00e1fagas de viento. El comunicado de la instituci\u00f3n pronostica el incremento de las lluvias sobre la parte [&hellip;]\" \/>\n<meta property=\"og:url\" content=\"https:\/\/conexion23.com\/?p=23313\" \/>\n<meta property=\"og:site_name\" content=\"Conexi\u00f3n 23\" \/>\n<meta property=\"article:publisher\" content=\"https:\/\/www.facebook.com\/conexion23com\" \/>\n<meta property=\"article:published_time\" content=\"2023-12-08T11:45:13+00:00\" \/>\n<meta property=\"article:modified_time\" content=\"2023-12-08T11:45:15+00:00\" \/>\n<meta property=\"og:image\" content=\"https:\/\/conexion23.com\/wp-content\/uploads\/2023\/12\/img_4478-1-780x470-1.webp\" \/>\n\t<meta property=\"og:image:width\" content=\"780\" \/>\n\t<meta property=\"og:image:height\" content=\"470\" \/>\n\t<meta property=\"og:image:type\" content=\"image\/webp\" \/>\n<meta name=\"author\" content=\"Raffy Ben\u00edtez\" \/>\n<meta name=\"twitter:card\" content=\"summary_large_image\" \/>\n<meta name=\"twitter:label1\" content=\"Escrito por\" \/>\n\t<meta name=\"twitter:data1\" content=\"Raffy Ben\u00edtez\" \/>\n\t<meta name=\"twitter:label2\" content=\"Tiempo de lectura\" \/>\n\t<meta name=\"twitter:data2\" content=\"2 minutos\" \/>\n<script type=\"application\/ld+json\" class=\"yoast-schema-graph\">{\"@context\":\"https:\/\/schema.org\",\"@graph\":[{\"@type\":\"Article\",\"@id\":\"https:\/\/conexion23.com\/?p=23313#article\",\"isPartOf\":{\"@id\":\"https:\/\/conexion23.com\/?p=23313\"},\"author\":{\"name\":\"Raffy Ben\u00edtez\",\"@id\":\"https:\/\/conexion23.com\/#\/schema\/person\/03e36043331117e97a373299bbcd30a6\"},\"headline\":\"COE coloca a nueve provincias en alerta verde ante paso de un sistema frontal.\",\"datePublished\":\"2023-12-08T11:45:13+00:00\",\"dateModified\":\"2023-12-08T11:45:15+00:00\",\"mainEntityOfPage\":{\"@id\":\"https:\/\/conexion23.com\/?p=23313\"},\"wordCount\":289,\"commentCount\":0,\"publisher\":{\"@id\":\"https:\/\/conexion23.com\/#organization\"},\"image\":{\"@id\":\"https:\/\/conexion23.com\/?p=23313#primaryimage\"},\"thumbnailUrl\":\"https:\/\/conexion23.com\/wp-content\/uploads\/2023\/12\/img_4478-1-780x470-1.webp\",\"articleSection\":[\"Uncategorized\"],\"inLanguage\":\"es\",\"potentialAction\":[{\"@type\":\"CommentAction\",\"name\":\"Comment\",\"target\":[\"https:\/\/conexion23.com\/?p=23313#respond\"]}]},{\"@type\":\"WebPage\",\"@id\":\"https:\/\/conexion23.com\/?p=23313\",\"url\":\"https:\/\/conexion23.com\/?p=23313\",\"name\":\"COE coloca a nueve provincias en alerta verde ante paso de un sistema frontal. - Conexi\u00f3n 23\",\"isPartOf\":{\"@id\":\"https:\/\/conexion23.com\/#website\"},\"primaryImageOfPage\":{\"@id\":\"https:\/\/conexion23.com\/?p=23313#primaryimage\"},\"image\":{\"@id\":\"https:\/\/conexion23.com\/?p=23313#primaryimage\"},\"thumbnailUrl\":\"https:\/\/conexion23.com\/wp-content\/uploads\/2023\/12\/img_4478-1-780x470-1.webp\",\"datePublished\":\"2023-12-08T11:45:13+00:00\",\"dateModified\":\"2023-12-08T11:45:15+00:00\",\"breadcrumb\":{\"@id\":\"https:\/\/conexion23.com\/?p=23313#breadcrumb\"},\"inLanguage\":\"es\",\"potentialAction\":[{\"@type\":\"ReadAction\",\"target\":[\"https:\/\/conexion23.com\/?p=23313\"]}]},{\"@type\":\"ImageObject\",\"inLanguage\":\"es\",\"@id\":\"https:\/\/conexion23.com\/?p=23313#primaryimage\",\"url\":\"https:\/\/conexion23.com\/wp-content\/uploads\/2023\/12\/img_4478-1-780x470-1.webp\",\"contentUrl\":\"https:\/\/conexion23.com\/wp-content\/uploads\/2023\/12\/img_4478-1-780x470-1.webp\",\"width\":780,\"height\":470},{\"@type\":\"BreadcrumbList\",\"@id\":\"https:\/\/conexion23.com\/?p=23313#breadcrumb\",\"itemListElement\":[{\"@type\":\"ListItem\",\"position\":1,\"name\":\"Portada\",\"item\":\"https:\/\/conexion23.com\/\"},{\"@type\":\"ListItem\",\"position\":2,\"name\":\"COE coloca a nueve provincias en alerta verde ante paso de un sistema frontal.\"}]},{\"@type\":\"WebSite\",\"@id\":\"https:\/\/conexion23.com\/#website\",\"url\":\"https:\/\/conexion23.com\/\",\"name\":\"Conexi\u00f3n 23\",\"description\":\"Peri\u00f3dico 100% Petromacorisano\",\"publisher\":{\"@id\":\"https:\/\/conexion23.com\/#organization\"},\"potentialAction\":[{\"@type\":\"SearchAction\",\"target\":{\"@type\":\"EntryPoint\",\"urlTemplate\":\"https:\/\/conexion23.com\/?s={search_term_string}\"},\"query-input\":{\"@type\":\"PropertyValueSpecification\",\"valueRequired\":true,\"valueName\":\"search_term_string\"}}],\"inLanguage\":\"es\"},{\"@type\":\"Organization\",\"@id\":\"https:\/\/conexion23.com\/#organization\",\"name\":\"Conexion 23\",\"url\":\"https:\/\/conexion23.com\/\",\"logo\":{\"@type\":\"ImageObject\",\"inLanguage\":\"es\",\"@id\":\"https:\/\/conexion23.com\/#\/schema\/logo\/image\/\",\"url\":\"https:\/\/conexion23.com\/wp-content\/uploads\/2021\/11\/Diseno-sin-titulo-2.png\",\"contentUrl\":\"https:\/\/conexion23.com\/wp-content\/uploads\/2021\/11\/Diseno-sin-titulo-2.png\",\"width\":541,\"height\":90,\"caption\":\"Conexion 23\"},\"image\":{\"@id\":\"https:\/\/conexion23.com\/#\/schema\/logo\/image\/\"},\"sameAs\":[\"https:\/\/www.facebook.com\/conexion23com\",\"https:\/\/www.instagram.com\/conexion23com\/\",\"https:\/\/www.youtube.com\/channel\/UCYc7vxxFZMYLIHNsHHxPZ3Q\"]},{\"@type\":\"Person\",\"@id\":\"https:\/\/conexion23.com\/#\/schema\/person\/03e36043331117e97a373299bbcd30a6\",\"name\":\"Raffy Ben\u00edtez\",\"image\":{\"@type\":\"ImageObject\",\"inLanguage\":\"es\",\"@id\":\"https:\/\/conexion23.com\/#\/schema\/person\/image\/\",\"url\":\"https:\/\/secure.gravatar.com\/avatar\/3190a6a6c5e1b0327500f7d6c56b6242472ee6cb974cf09b401ee6b3b0798f23?s=96&d=mm&r=g\",\"contentUrl\":\"https:\/\/secure.gravatar.com\/avatar\/3190a6a6c5e1b0327500f7d6c56b6242472ee6cb974cf09b401ee6b3b0798f23?s=96&d=mm&r=g\",\"caption\":\"Raffy Ben\u00edtez\"},\"url\":\"https:\/\/conexion23.com\/?author=15\"}]}<\/script>\n<!-- \/ Yoast SEO plugin. -->","yoast_head_json":{"title":"COE coloca a nueve provincias en alerta verde ante paso de un sistema frontal. - Conexi\u00f3n 23","robots":{"index":"index","follow":"follow","max-snippet":"max-snippet:-1","max-image-preview":"max-image-preview:large","max-video-preview":"max-video-preview:-1"},"canonical":"https:\/\/conexion23.com\/?p=23313","og_locale":"es_ES","og_type":"article","og_title":"COE coloca a nueve provincias en alerta verde ante paso de un sistema frontal. - Conexi\u00f3n 23","og_description":"El&nbsp;Centro de Operaciones de Emergencia(COE), puso a&nbsp;nueve provincias en alerta verdepor posibles crecidas de r\u00edos, arroyos y ca\u00f1adas, debido a que por el paso de un sistema frontal se estar\u00e1 generando este d\u00eda nublados con&nbsp;aguaceros, tronadas aisladas y r\u00e1fagas de viento. El comunicado de la instituci\u00f3n pronostica el incremento de las lluvias sobre la parte [&hellip;]","og_url":"https:\/\/conexion23.com\/?p=23313","og_site_name":"Conexi\u00f3n 23","article_publisher":"https:\/\/www.facebook.com\/conexion23com","article_published_time":"2023-12-08T11:45:13+00:00","article_modified_time":"2023-12-08T11:45:15+00:00","og_image":[{"width":780,"height":470,"url":"https:\/\/conexion23.com\/wp-content\/uploads\/2023\/12\/img_4478-1-780x470-1.webp","type":"image\/webp"}],"author":"Raffy Ben\u00edtez","twitter_card":"summary_large_image","twitter_misc":{"Escrito por":"Raffy Ben\u00edtez","Tiempo de lectura":"2 minutos"},"schema":{"@context":"https:\/\/schema.org","@graph":[{"@type":"Article","@id":"https:\/\/conexion23.com\/?p=23313#article","isPartOf":{"@id":"https:\/\/conexion23.com\/?p=23313"},"author":{"name":"Raffy Ben\u00edtez","@id":"https:\/\/conexion23.com\/#\/schema\/person\/03e36043331117e97a373299bbcd30a6"},"headline":"COE coloca a nueve provincias en alerta verde ante paso de un sistema frontal.","datePublished":"2023-12-08T11:45:13+00:00","dateModified":"2023-12-08T11:45:15+00:00","mainEntityOfPage":{"@id":"https:\/\/conexion23.com\/?p=23313"},"wordCount":289,"commentCount":0,"publisher":{"@id":"https:\/\/conexion23.com\/#organization"},"image":{"@id":"https:\/\/conexion23.com\/?p=23313#primaryimage"},"thumbnailUrl":"https:\/\/conexion23.com\/wp-content\/uploads\/2023\/12\/img_4478-1-780x470-1.webp","articleSection":["Uncategorized"],"inLanguage":"es","potentialAction":[{"@type":"CommentAction","name":"Comment","target":["https:\/\/conexion23.com\/?p=23313#respond"]}]},{"@type":"WebPage","@id":"https:\/\/conexion23.com\/?p=23313","url":"https:\/\/conexion23.com\/?p=23313","name":"COE coloca a nueve provincias en alerta verde ante paso de un sistema frontal. - Conexi\u00f3n 23","isPartOf":{"@id":"https:\/\/conexion23.com\/#website"},"primaryImageOfPage":{"@id":"https:\/\/conexion23.com\/?p=23313#primaryimage"},"image":{"@id":"https:\/\/conexion23.com\/?p=23313#primaryimage"},"thumbnailUrl":"https:\/\/conexion23.com\/wp-content\/uploads\/2023\/12\/img_4478-1-780x470-1.webp","datePublished":"2023-12-08T11:45:13+00:00","dateModified":"2023-12-08T11:45:15+00:00","breadcrumb":{"@id":"https:\/\/conexion23.com\/?p=23313#breadcrumb"},"inLanguage":"es","potentialAction":[{"@type":"ReadAction","target":["https:\/\/conexion23.com\/?p=23313"]}]},{"@type":"ImageObject","inLanguage":"es","@id":"https:\/\/conexion23.com\/?p=23313#primaryimage","url":"https:\/\/conexion23.com\/wp-content\/uploads\/2023\/12\/img_4478-1-780x470-1.webp","contentUrl":"https:\/\/conexion23.com\/wp-content\/uploads\/2023\/12\/img_4478-1-780x470-1.webp","width":780,"height":470},{"@type":"BreadcrumbList","@id":"https:\/\/conexion23.com\/?p=23313#breadcrumb","itemListElement":[{"@type":"ListItem","position":1,"name":"Portada","item":"https:\/\/conexion23.com\/"},{"@type":"ListItem","position":2,"name":"COE coloca a nueve provincias en alerta verde ante paso de un sistema frontal."}]},{"@type":"WebSite","@id":"https:\/\/conexion23.com\/#website","url":"https:\/\/conexion23.com\/","name":"Conexi\u00f3n 23","description":"Peri\u00f3dico 100% Petromacorisano","publisher":{"@id":"https:\/\/conexion23.com\/#organization"},"potentialAction":[{"@type":"SearchAction","target":{"@type":"EntryPoint","urlTemplate":"https:\/\/conexion23.com\/?s={search_term_string}"},"query-input":{"@type":"PropertyValueSpecification","valueRequired":true,"valueName":"search_term_string"}}],"inLanguage":"es"},{"@type":"Organization","@id":"https:\/\/conexion23.com\/#organization","name":"Conexion 23","url":"https:\/\/conexion23.com\/","logo":{"@type":"ImageObject","inLanguage":"es","@id":"https:\/\/conexion23.com\/#\/schema\/logo\/image\/","url":"https:\/\/conexion23.com\/wp-content\/uploads\/2021\/11\/Diseno-sin-titulo-2.png","contentUrl":"https:\/\/conexion23.com\/wp-content\/uploads\/2021\/11\/Diseno-sin-titulo-2.png","width":541,"height":90,"caption":"Conexion 23"},"image":{"@id":"https:\/\/conexion23.com\/#\/schema\/logo\/image\/"},"sameAs":["https:\/\/www.facebook.com\/conexion23com","https:\/\/www.instagram.com\/conexion23com\/","https:\/\/www.youtube.com\/channel\/UCYc7vxxFZMYLIHNsHHxPZ3Q"]},{"@type":"Person","@id":"https:\/\/conexion23.com\/#\/schema\/person\/03e36043331117e97a373299bbcd30a6","name":"Raffy Ben\u00edtez","image":{"@type":"ImageObject","inLanguage":"es","@id":"https:\/\/conexion23.com\/#\/schema\/person\/image\/","url":"https:\/\/secure.gravatar.com\/avatar\/3190a6a6c5e1b0327500f7d6c56b6242472ee6cb974cf09b401ee6b3b0798f23?s=96&d=mm&r=g","contentUrl":"https:\/\/secure.gravatar.com\/avatar\/3190a6a6c5e1b0327500f7d6c56b6242472ee6cb974cf09b401ee6b3b0798f23?s=96&d=mm&r=g","caption":"Raffy Ben\u00edtez"},"url":"https:\/\/conexion23.com\/?author=15"}]}},"_links":{"self":[{"href":"https:\/\/conexion23.com\/index.php?rest_route=\/wp\/v2\/posts\/23313","targetHints":{"allow":["GET"]}}],"collection":[{"href":"https:\/\/conexion23.com\/index.php?rest_route=\/wp\/v2\/posts"}],"about":[{"href":"https:\/\/conexion23.com\/index.php?rest_route=\/wp\/v2\/types\/post"}],"author":[{"embeddable":true,"href":"https:\/\/conexion23.com\/index.php?rest_route=\/wp\/v2\/users\/15"}],"replies":[{"embeddable":true,"href":"https:\/\/conexion23.com\/index.php?rest_route=%2Fwp%2Fv2%2Fcomments&post=23313"}],"version-history":[{"count":1,"href":"https:\/\/conexion23.com\/index.php?rest_route=\/wp\/v2\/posts\/23313\/revisions"}],"predecessor-version":[{"id":23315,"href":"https:\/\/conexion23.com\/index.php?rest_route=\/wp\/v2\/posts\/23313\/revisions\/23315"}],"wp:featuredmedia":[{"embeddable":true,"href":"https:\/\/conexion23.com\/index.php?rest_route=\/wp\/v2\/media\/23314"}],"wp:attachment":[{"href":"https:\/\/conexion23.com\/index.php?rest_route=%2Fwp%2Fv2%2Fmedia&parent=23313"}],"wp:term":[{"taxonomy":"category","embeddable":true,"href":"https:\/\/conexion23.com\/index.php?rest_route=%2Fwp%2Fv2%2Fcategories&post=23313"},{"taxonomy":"post_tag","embeddable":true,"href":"https:\/\/conexion23.com\/index.php?rest_route=%2Fwp%2Fv2%2Ftags&post=23313"}],"curies":[{"name":"wp","href":"https:\/\/api.w.org\/{rel}","templated":true}]}}