{"id":23319,"date":"2023-12-08T07:56:16","date_gmt":"2023-12-08T11:56:16","guid":{"rendered":"https:\/\/conexion23.com\/?p=23319"},"modified":"2023-12-08T07:56:19","modified_gmt":"2023-12-08T11:56:19","slug":"privados-de-libertad-podran-participar-en-elecciones-presidenciales-de-2024","status":"publish","type":"post","link":"https:\/\/conexion23.com\/?p=23319","title":{"rendered":"Privados de libertad podr\u00e1n participar en elecciones presidenciales de 2024."},"content":{"rendered":"\n<p>La Junta Central Electoral (JCE) dio luz verde al reglamento que permite a los privados de libertad en condiciones de internos preventivos ejercer su derecho al voto en las elecciones presidenciales del 19 de mayo de 2024.<\/p>\n\n\n\n<p>El documento especifica que la persona debe disponer de su C\u00e9dula de Identidad y Electoral para participar en el proceso electoral.<\/p>\n\n\n\n<p>Para la implementaci\u00f3n de este reglamento, se utilizar\u00e1n como recintos de votaci\u00f3n aquellos centros que formen parte del nuevo modelo penitenciario, incluyendo c\u00e1rceles p\u00fablicas en Nagua, Azua y Salcedo, donde se ha iniciado un plan piloto de captura de datos biom\u00e9tricos.<\/p>\n\n\n\n<p>El reglamento establece la creaci\u00f3n de un \u00abPadr\u00f3n Electoral Penitenciario\u00bb que incluir\u00e1 a todos los privados de libertad en condiciones preventivas que posean su c\u00e9dula y hayan sido empadronados. La JCE, en coordinaci\u00f3n con las instituciones responsables del sistema carcelario, iniciar\u00e1 el proceso de empadronamiento y crear\u00e1 una \u00abLista preliminar de elecciones penitenciarias\u00bb.<\/p>\n\n\n\n<p>Los colegios electorales penitenciarios, creados dentro de los recintos carcelarios, contar\u00e1n con cinco funcionarios miembros designados por la Junta Electoral correspondiente. Los partidos pol\u00edticos que presenten candidaturas presidenciales tendr\u00e1n derecho a la acreditaci\u00f3n de delegados pol\u00edticos.<\/p>\n\n\n\n<p>El d\u00eda de la jornada electoral, solo tendr\u00e1n acceso a los colegios penitenciarios los delegados previamente acreditados. Las votaciones en estos colegios se llevar\u00e1n a cabo en un horario especial, desde las 2:00 p.m. hasta las 5:00 de la tarde, seguido por el proceso de escrutinio de votos.<\/p>\n\n\n\n<p>El reglamento tambi\u00e9n establece medidas para garantizar el sufragio a privados de libertad con discapacidad y adultos mayores. La JCE dise\u00f1ar\u00e1 una campa\u00f1a de divulgaci\u00f3n para promover esta iniciativa en colaboraci\u00f3n con las autoridades carcelarias.<\/p>\n\n\n\n<p>Este reglamento sigue los pasos de un acuerdo interinstitucional firmado entre la JCE, el registro civil y la Procuradur\u00eda General de la Rep\u00fablica, que inici\u00f3 un plan piloto en la provincia Hermanas Mirabal para permitir el voto de privados de libertad.<\/p>\n","protected":false},"excerpt":{"rendered":"<p>La Junta Central Electoral (JCE) dio luz verde al reglamento que permite a los privados de libertad en condiciones de internos preventivos ejercer su derecho al voto en las elecciones presidenciales del 19 de mayo de 2024. El documento especifica que la persona debe disponer de su C\u00e9dula de Identidad y Electoral para participar en [&hellip;]<\/p>\n","protected":false},"author":15,"featured_media":23320,"comment_status":"open","ping_status":"open","sticky":false,"template":"","format":"standard","meta":{"footnotes":""},"categories":[1],"tags":[],"class_list":{"0":"post-23319","1":"post","2":"type-post","3":"status-publish","4":"format-standard","5":"has-post-thumbnail","7":"category-uncategorized"},"yoast_head":"<!-- This site is optimized with the Yoast SEO plugin v27.1.1 - https:\/\/yoast.com\/product\/yoast-seo-wordpress\/ -->\n<title>Privados de libertad podr\u00e1n participar en elecciones presidenciales de 2024. - Conexi\u00f3n 23<\/title>\n<meta name=\"robots\" content=\"index, follow, max-snippet:-1, max-image-preview:large, max-video-preview:-1\" \/>\n<link rel=\"canonical\" href=\"https:\/\/conexion23.com\/?p=23319\" \/>\n<meta property=\"og:locale\" content=\"es_ES\" \/>\n<meta property=\"og:type\" content=\"article\" \/>\n<meta property=\"og:title\" content=\"Privados de libertad podr\u00e1n participar en elecciones presidenciales de 2024. - Conexi\u00f3n 23\" \/>\n<meta property=\"og:description\" content=\"La Junta Central Electoral (JCE) dio luz verde al reglamento que permite a los privados de libertad en condiciones de internos preventivos ejercer su derecho al voto en las elecciones presidenciales del 19 de mayo de 2024. El documento especifica que la persona debe disponer de su C\u00e9dula de Identidad y Electoral para participar en [&hellip;]\" \/>\n<meta property=\"og:url\" content=\"https:\/\/conexion23.com\/?p=23319\" \/>\n<meta property=\"og:site_name\" content=\"Conexi\u00f3n 23\" \/>\n<meta property=\"article:publisher\" content=\"https:\/\/www.facebook.com\/conexion23com\" \/>\n<meta property=\"article:published_time\" content=\"2023-12-08T11:56:16+00:00\" \/>\n<meta property=\"article:modified_time\" content=\"2023-12-08T11:56:19+00:00\" \/>\n<meta property=\"og:image\" content=\"https:\/\/conexion23.com\/wp-content\/uploads\/2023\/12\/15052016-fotos-pedro-jaime-fernandez-diario-libre-elecciones-201_13200336_20200210170422-focus-0-0-1228-688-jpg.webp\" \/>\n\t<meta property=\"og:image:width\" content=\"1228\" \/>\n\t<meta property=\"og:image:height\" content=\"688\" \/>\n\t<meta property=\"og:image:type\" content=\"image\/webp\" \/>\n<meta name=\"author\" content=\"Raffy Ben\u00edtez\" \/>\n<meta name=\"twitter:card\" content=\"summary_large_image\" \/>\n<meta name=\"twitter:label1\" content=\"Escrito por\" \/>\n\t<meta name=\"twitter:data1\" content=\"Raffy Ben\u00edtez\" \/>\n\t<meta name=\"twitter:label2\" content=\"Tiempo de lectura\" \/>\n\t<meta name=\"twitter:data2\" content=\"2 minutos\" \/>\n<script type=\"application\/ld+json\" class=\"yoast-schema-graph\">{\"@context\":\"https:\/\/schema.org\",\"@graph\":[{\"@type\":\"Article\",\"@id\":\"https:\/\/conexion23.com\/?p=23319#article\",\"isPartOf\":{\"@id\":\"https:\/\/conexion23.com\/?p=23319\"},\"author\":{\"name\":\"Raffy Ben\u00edtez\",\"@id\":\"https:\/\/conexion23.com\/#\/schema\/person\/03e36043331117e97a373299bbcd30a6\"},\"headline\":\"Privados de libertad podr\u00e1n participar en elecciones presidenciales de 2024.\",\"datePublished\":\"2023-12-08T11:56:16+00:00\",\"dateModified\":\"2023-12-08T11:56:19+00:00\",\"mainEntityOfPage\":{\"@id\":\"https:\/\/conexion23.com\/?p=23319\"},\"wordCount\":345,\"commentCount\":0,\"publisher\":{\"@id\":\"https:\/\/conexion23.com\/#organization\"},\"image\":{\"@id\":\"https:\/\/conexion23.com\/?p=23319#primaryimage\"},\"thumbnailUrl\":\"https:\/\/conexion23.com\/wp-content\/uploads\/2023\/12\/15052016-fotos-pedro-jaime-fernandez-diario-libre-elecciones-201_13200336_20200210170422-focus-0-0-1228-688-jpg.webp\",\"articleSection\":[\"Uncategorized\"],\"inLanguage\":\"es\",\"potentialAction\":[{\"@type\":\"CommentAction\",\"name\":\"Comment\",\"target\":[\"https:\/\/conexion23.com\/?p=23319#respond\"]}]},{\"@type\":\"WebPage\",\"@id\":\"https:\/\/conexion23.com\/?p=23319\",\"url\":\"https:\/\/conexion23.com\/?p=23319\",\"name\":\"Privados de libertad podr\u00e1n participar en elecciones presidenciales de 2024. - Conexi\u00f3n 23\",\"isPartOf\":{\"@id\":\"https:\/\/conexion23.com\/#website\"},\"primaryImageOfPage\":{\"@id\":\"https:\/\/conexion23.com\/?p=23319#primaryimage\"},\"image\":{\"@id\":\"https:\/\/conexion23.com\/?p=23319#primaryimage\"},\"thumbnailUrl\":\"https:\/\/conexion23.com\/wp-content\/uploads\/2023\/12\/15052016-fotos-pedro-jaime-fernandez-diario-libre-elecciones-201_13200336_20200210170422-focus-0-0-1228-688-jpg.webp\",\"datePublished\":\"2023-12-08T11:56:16+00:00\",\"dateModified\":\"2023-12-08T11:56:19+00:00\",\"breadcrumb\":{\"@id\":\"https:\/\/conexion23.com\/?p=23319#breadcrumb\"},\"inLanguage\":\"es\",\"potentialAction\":[{\"@type\":\"ReadAction\",\"target\":[\"https:\/\/conexion23.com\/?p=23319\"]}]},{\"@type\":\"ImageObject\",\"inLanguage\":\"es\",\"@id\":\"https:\/\/conexion23.com\/?p=23319#primaryimage\",\"url\":\"https:\/\/conexion23.com\/wp-content\/uploads\/2023\/12\/15052016-fotos-pedro-jaime-fernandez-diario-libre-elecciones-201_13200336_20200210170422-focus-0-0-1228-688-jpg.webp\",\"contentUrl\":\"https:\/\/conexion23.com\/wp-content\/uploads\/2023\/12\/15052016-fotos-pedro-jaime-fernandez-diario-libre-elecciones-201_13200336_20200210170422-focus-0-0-1228-688-jpg.webp\",\"width\":1228,\"height\":688},{\"@type\":\"BreadcrumbList\",\"@id\":\"https:\/\/conexion23.com\/?p=23319#breadcrumb\",\"itemListElement\":[{\"@type\":\"ListItem\",\"position\":1,\"name\":\"Portada\",\"item\":\"https:\/\/conexion23.com\/\"},{\"@type\":\"ListItem\",\"position\":2,\"name\":\"Privados de libertad podr\u00e1n participar en elecciones presidenciales de 2024.\"}]},{\"@type\":\"WebSite\",\"@id\":\"https:\/\/conexion23.com\/#website\",\"url\":\"https:\/\/conexion23.com\/\",\"name\":\"Conexi\u00f3n 23\",\"description\":\"Peri\u00f3dico 100% Petromacorisano\",\"publisher\":{\"@id\":\"https:\/\/conexion23.com\/#organization\"},\"potentialAction\":[{\"@type\":\"SearchAction\",\"target\":{\"@type\":\"EntryPoint\",\"urlTemplate\":\"https:\/\/conexion23.com\/?s={search_term_string}\"},\"query-input\":{\"@type\":\"PropertyValueSpecification\",\"valueRequired\":true,\"valueName\":\"search_term_string\"}}],\"inLanguage\":\"es\"},{\"@type\":\"Organization\",\"@id\":\"https:\/\/conexion23.com\/#organization\",\"name\":\"Conexion 23\",\"url\":\"https:\/\/conexion23.com\/\",\"logo\":{\"@type\":\"ImageObject\",\"inLanguage\":\"es\",\"@id\":\"https:\/\/conexion23.com\/#\/schema\/logo\/image\/\",\"url\":\"https:\/\/conexion23.com\/wp-content\/uploads\/2021\/11\/Diseno-sin-titulo-2.png\",\"contentUrl\":\"https:\/\/conexion23.com\/wp-content\/uploads\/2021\/11\/Diseno-sin-titulo-2.png\",\"width\":541,\"height\":90,\"caption\":\"Conexion 23\"},\"image\":{\"@id\":\"https:\/\/conexion23.com\/#\/schema\/logo\/image\/\"},\"sameAs\":[\"https:\/\/www.facebook.com\/conexion23com\",\"https:\/\/www.instagram.com\/conexion23com\/\",\"https:\/\/www.youtube.com\/channel\/UCYc7vxxFZMYLIHNsHHxPZ3Q\"]},{\"@type\":\"Person\",\"@id\":\"https:\/\/conexion23.com\/#\/schema\/person\/03e36043331117e97a373299bbcd30a6\",\"name\":\"Raffy Ben\u00edtez\",\"image\":{\"@type\":\"ImageObject\",\"inLanguage\":\"es\",\"@id\":\"https:\/\/conexion23.com\/#\/schema\/person\/image\/\",\"url\":\"https:\/\/secure.gravatar.com\/avatar\/3190a6a6c5e1b0327500f7d6c56b6242472ee6cb974cf09b401ee6b3b0798f23?s=96&d=mm&r=g\",\"contentUrl\":\"https:\/\/secure.gravatar.com\/avatar\/3190a6a6c5e1b0327500f7d6c56b6242472ee6cb974cf09b401ee6b3b0798f23?s=96&d=mm&r=g\",\"caption\":\"Raffy Ben\u00edtez\"},\"url\":\"https:\/\/conexion23.com\/?author=15\"}]}<\/script>\n<!-- \/ Yoast SEO plugin. -->","yoast_head_json":{"title":"Privados de libertad podr\u00e1n participar en elecciones presidenciales de 2024. - Conexi\u00f3n 23","robots":{"index":"index","follow":"follow","max-snippet":"max-snippet:-1","max-image-preview":"max-image-preview:large","max-video-preview":"max-video-preview:-1"},"canonical":"https:\/\/conexion23.com\/?p=23319","og_locale":"es_ES","og_type":"article","og_title":"Privados de libertad podr\u00e1n participar en elecciones presidenciales de 2024. - Conexi\u00f3n 23","og_description":"La Junta Central Electoral (JCE) dio luz verde al reglamento que permite a los privados de libertad en condiciones de internos preventivos ejercer su derecho al voto en las elecciones presidenciales del 19 de mayo de 2024. El documento especifica que la persona debe disponer de su C\u00e9dula de Identidad y Electoral para participar en [&hellip;]","og_url":"https:\/\/conexion23.com\/?p=23319","og_site_name":"Conexi\u00f3n 23","article_publisher":"https:\/\/www.facebook.com\/conexion23com","article_published_time":"2023-12-08T11:56:16+00:00","article_modified_time":"2023-12-08T11:56:19+00:00","og_image":[{"width":1228,"height":688,"url":"https:\/\/conexion23.com\/wp-content\/uploads\/2023\/12\/15052016-fotos-pedro-jaime-fernandez-diario-libre-elecciones-201_13200336_20200210170422-focus-0-0-1228-688-jpg.webp","type":"image\/webp"}],"author":"Raffy Ben\u00edtez","twitter_card":"summary_large_image","twitter_misc":{"Escrito por":"Raffy Ben\u00edtez","Tiempo de lectura":"2 minutos"},"schema":{"@context":"https:\/\/schema.org","@graph":[{"@type":"Article","@id":"https:\/\/conexion23.com\/?p=23319#article","isPartOf":{"@id":"https:\/\/conexion23.com\/?p=23319"},"author":{"name":"Raffy Ben\u00edtez","@id":"https:\/\/conexion23.com\/#\/schema\/person\/03e36043331117e97a373299bbcd30a6"},"headline":"Privados de libertad podr\u00e1n participar en elecciones presidenciales de 2024.","datePublished":"2023-12-08T11:56:16+00:00","dateModified":"2023-12-08T11:56:19+00:00","mainEntityOfPage":{"@id":"https:\/\/conexion23.com\/?p=23319"},"wordCount":345,"commentCount":0,"publisher":{"@id":"https:\/\/conexion23.com\/#organization"},"image":{"@id":"https:\/\/conexion23.com\/?p=23319#primaryimage"},"thumbnailUrl":"https:\/\/conexion23.com\/wp-content\/uploads\/2023\/12\/15052016-fotos-pedro-jaime-fernandez-diario-libre-elecciones-201_13200336_20200210170422-focus-0-0-1228-688-jpg.webp","articleSection":["Uncategorized"],"inLanguage":"es","potentialAction":[{"@type":"CommentAction","name":"Comment","target":["https:\/\/conexion23.com\/?p=23319#respond"]}]},{"@type":"WebPage","@id":"https:\/\/conexion23.com\/?p=23319","url":"https:\/\/conexion23.com\/?p=23319","name":"Privados de libertad podr\u00e1n participar en elecciones presidenciales de 2024. - Conexi\u00f3n 23","isPartOf":{"@id":"https:\/\/conexion23.com\/#website"},"primaryImageOfPage":{"@id":"https:\/\/conexion23.com\/?p=23319#primaryimage"},"image":{"@id":"https:\/\/conexion23.com\/?p=23319#primaryimage"},"thumbnailUrl":"https:\/\/conexion23.com\/wp-content\/uploads\/2023\/12\/15052016-fotos-pedro-jaime-fernandez-diario-libre-elecciones-201_13200336_20200210170422-focus-0-0-1228-688-jpg.webp","datePublished":"2023-12-08T11:56:16+00:00","dateModified":"2023-12-08T11:56:19+00:00","breadcrumb":{"@id":"https:\/\/conexion23.com\/?p=23319#breadcrumb"},"inLanguage":"es","potentialAction":[{"@type":"ReadAction","target":["https:\/\/conexion23.com\/?p=23319"]}]},{"@type":"ImageObject","inLanguage":"es","@id":"https:\/\/conexion23.com\/?p=23319#primaryimage","url":"https:\/\/conexion23.com\/wp-content\/uploads\/2023\/12\/15052016-fotos-pedro-jaime-fernandez-diario-libre-elecciones-201_13200336_20200210170422-focus-0-0-1228-688-jpg.webp","contentUrl":"https:\/\/conexion23.com\/wp-content\/uploads\/2023\/12\/15052016-fotos-pedro-jaime-fernandez-diario-libre-elecciones-201_13200336_20200210170422-focus-0-0-1228-688-jpg.webp","width":1228,"height":688},{"@type":"BreadcrumbList","@id":"https:\/\/conexion23.com\/?p=23319#breadcrumb","itemListElement":[{"@type":"ListItem","position":1,"name":"Portada","item":"https:\/\/conexion23.com\/"},{"@type":"ListItem","position":2,"name":"Privados de libertad podr\u00e1n participar en elecciones presidenciales de 2024."}]},{"@type":"WebSite","@id":"https:\/\/conexion23.com\/#website","url":"https:\/\/conexion23.com\/","name":"Conexi\u00f3n 23","description":"Peri\u00f3dico 100% Petromacorisano","publisher":{"@id":"https:\/\/conexion23.com\/#organization"},"potentialAction":[{"@type":"SearchAction","target":{"@type":"EntryPoint","urlTemplate":"https:\/\/conexion23.com\/?s={search_term_string}"},"query-input":{"@type":"PropertyValueSpecification","valueRequired":true,"valueName":"search_term_string"}}],"inLanguage":"es"},{"@type":"Organization","@id":"https:\/\/conexion23.com\/#organization","name":"Conexion 23","url":"https:\/\/conexion23.com\/","logo":{"@type":"ImageObject","inLanguage":"es","@id":"https:\/\/conexion23.com\/#\/schema\/logo\/image\/","url":"https:\/\/conexion23.com\/wp-content\/uploads\/2021\/11\/Diseno-sin-titulo-2.png","contentUrl":"https:\/\/conexion23.com\/wp-content\/uploads\/2021\/11\/Diseno-sin-titulo-2.png","width":541,"height":90,"caption":"Conexion 23"},"image":{"@id":"https:\/\/conexion23.com\/#\/schema\/logo\/image\/"},"sameAs":["https:\/\/www.facebook.com\/conexion23com","https:\/\/www.instagram.com\/conexion23com\/","https:\/\/www.youtube.com\/channel\/UCYc7vxxFZMYLIHNsHHxPZ3Q"]},{"@type":"Person","@id":"https:\/\/conexion23.com\/#\/schema\/person\/03e36043331117e97a373299bbcd30a6","name":"Raffy Ben\u00edtez","image":{"@type":"ImageObject","inLanguage":"es","@id":"https:\/\/conexion23.com\/#\/schema\/person\/image\/","url":"https:\/\/secure.gravatar.com\/avatar\/3190a6a6c5e1b0327500f7d6c56b6242472ee6cb974cf09b401ee6b3b0798f23?s=96&d=mm&r=g","contentUrl":"https:\/\/secure.gravatar.com\/avatar\/3190a6a6c5e1b0327500f7d6c56b6242472ee6cb974cf09b401ee6b3b0798f23?s=96&d=mm&r=g","caption":"Raffy Ben\u00edtez"},"url":"https:\/\/conexion23.com\/?author=15"}]}},"_links":{"self":[{"href":"https:\/\/conexion23.com\/index.php?rest_route=\/wp\/v2\/posts\/23319","targetHints":{"allow":["GET"]}}],"collection":[{"href":"https:\/\/conexion23.com\/index.php?rest_route=\/wp\/v2\/posts"}],"about":[{"href":"https:\/\/conexion23.com\/index.php?rest_route=\/wp\/v2\/types\/post"}],"author":[{"embeddable":true,"href":"https:\/\/conexion23.com\/index.php?rest_route=\/wp\/v2\/users\/15"}],"replies":[{"embeddable":true,"href":"https:\/\/conexion23.com\/index.php?rest_route=%2Fwp%2Fv2%2Fcomments&post=23319"}],"version-history":[{"count":1,"href":"https:\/\/conexion23.com\/index.php?rest_route=\/wp\/v2\/posts\/23319\/revisions"}],"predecessor-version":[{"id":23321,"href":"https:\/\/conexion23.com\/index.php?rest_route=\/wp\/v2\/posts\/23319\/revisions\/23321"}],"wp:featuredmedia":[{"embeddable":true,"href":"https:\/\/conexion23.com\/index.php?rest_route=\/wp\/v2\/media\/23320"}],"wp:attachment":[{"href":"https:\/\/conexion23.com\/index.php?rest_route=%2Fwp%2Fv2%2Fmedia&parent=23319"}],"wp:term":[{"taxonomy":"category","embeddable":true,"href":"https:\/\/conexion23.com\/index.php?rest_route=%2Fwp%2Fv2%2Fcategories&post=23319"},{"taxonomy":"post_tag","embeddable":true,"href":"https:\/\/conexion23.com\/index.php?rest_route=%2Fwp%2Fv2%2Ftags&post=23319"}],"curies":[{"name":"wp","href":"https:\/\/api.w.org\/{rel}","templated":true}]}}