{"id":23322,"date":"2023-12-08T08:20:41","date_gmt":"2023-12-08T12:20:41","guid":{"rendered":"https:\/\/conexion23.com\/?p=23322"},"modified":"2023-12-08T08:20:44","modified_gmt":"2023-12-08T12:20:44","slug":"pn-detiene-cinco-hombres-por-distintos-delitos-en-la-romana","status":"publish","type":"post","link":"https:\/\/conexion23.com\/?p=23322","title":{"rendered":"PN detiene cinco hombres por distintos delitos en La Romana."},"content":{"rendered":"\n<p>La Direcci\u00f3n Regional Este de la Polic\u00eda Nacional (PN), inform\u00f3 sobre la detenci\u00f3n de cinco hombres por diferentes delitos, en La Romana.<\/p>\n\n\n\n<p>Entre los detenidos se encuentra Wascar Aneuris Miler, de 41 a\u00f1os, mediante orden de arresto por sustraer una vitrina sin ejercer violencia de una residencia. Al momento de la detenci\u00f3n, se le ocup\u00f3 la vitrina.<\/p>\n\n\n\n<p>Mientras que Biendel Argenis Caraballo, de 30 a\u00f1os, fue detenido con un cubo de pintura sin factura. Adem\u00e1s se le ocuparon dos tel\u00e9fonos celulares.<\/p>\n\n\n\n<p>En tanto que dos hombres fueron detenidos mientras ocupaban un veh\u00edculo, sin placa, por miembros de la Dicrim en la calle principal del sector Villa Verde.<\/p>\n\n\n\n<p>A los detenidos se les ocup\u00f3 dinero en monedas, papeletas y 50 llaves.<\/p>\n\n\n\n<p>La Polic\u00eda tambi\u00e9n inform\u00f3 del apresamiento de Kelvin de la Rosa, de 28 a\u00f1os, sin c\u00e9dula, a quien se le ocup\u00f3 un potecito conteniendo en su interior 12 porciones de un polvo presumiblemente coca\u00edna y dos porciones de un vegetal, con caracter\u00edsticas a la marihuana. Tambi\u00e9n se le retuvo un tel\u00e9fono celular y $400.00 pesos en efectivo.<\/p>\n\n\n\n<p>Finalmente, la Polic\u00eda de servicio en el municipio Villa Hermosa recuper\u00f3 un tel\u00e9fono celular que hab\u00eda sido sustra\u00eddo de una farmacia por un menor. El aparato fue entregado a su propietario.<\/p>\n\n\n\n<p>Los detenidos y las evidencias fueron puestos a disposici\u00f3n del Ministerio P\u00fablico para los fines legales correspondientes.<\/p>\n","protected":false},"excerpt":{"rendered":"<p>La Direcci\u00f3n Regional Este de la Polic\u00eda Nacional (PN), inform\u00f3 sobre la detenci\u00f3n de cinco hombres por diferentes delitos, en La Romana. Entre los detenidos se encuentra Wascar Aneuris Miler, de 41 a\u00f1os, mediante orden de arresto por sustraer una vitrina sin ejercer violencia de una residencia. Al momento de la detenci\u00f3n, se le ocup\u00f3 [&hellip;]<\/p>\n","protected":false},"author":15,"featured_media":23323,"comment_status":"open","ping_status":"open","sticky":false,"template":"","format":"standard","meta":{"footnotes":""},"categories":[35],"tags":[],"class_list":{"0":"post-23322","1":"post","2":"type-post","3":"status-publish","4":"format-standard","5":"has-post-thumbnail","7":"category-spm"},"yoast_head":"<!-- This site is optimized with the Yoast SEO plugin v27.1.1 - https:\/\/yoast.com\/product\/yoast-seo-wordpress\/ -->\n<title>PN detiene cinco hombres por distintos delitos en La Romana. - Conexi\u00f3n 23<\/title>\n<meta name=\"robots\" content=\"index, follow, max-snippet:-1, max-image-preview:large, max-video-preview:-1\" \/>\n<link rel=\"canonical\" href=\"https:\/\/conexion23.com\/?p=23322\" \/>\n<meta property=\"og:locale\" content=\"es_ES\" \/>\n<meta property=\"og:type\" content=\"article\" \/>\n<meta property=\"og:title\" content=\"PN detiene cinco hombres por distintos delitos en La Romana. - Conexi\u00f3n 23\" \/>\n<meta property=\"og:description\" content=\"La Direcci\u00f3n Regional Este de la Polic\u00eda Nacional (PN), inform\u00f3 sobre la detenci\u00f3n de cinco hombres por diferentes delitos, en La Romana. Entre los detenidos se encuentra Wascar Aneuris Miler, de 41 a\u00f1os, mediante orden de arresto por sustraer una vitrina sin ejercer violencia de una residencia. Al momento de la detenci\u00f3n, se le ocup\u00f3 [&hellip;]\" \/>\n<meta property=\"og:url\" content=\"https:\/\/conexion23.com\/?p=23322\" \/>\n<meta property=\"og:site_name\" content=\"Conexi\u00f3n 23\" \/>\n<meta property=\"article:publisher\" content=\"https:\/\/www.facebook.com\/conexion23com\" \/>\n<meta property=\"article:published_time\" content=\"2023-12-08T12:20:41+00:00\" \/>\n<meta property=\"article:modified_time\" content=\"2023-12-08T12:20:44+00:00\" \/>\n<meta property=\"og:image\" content=\"https:\/\/conexion23.com\/wp-content\/uploads\/2023\/12\/WhatsApp-Image-2023-12-06-at-11.07.27-AM.webp\" \/>\n\t<meta property=\"og:image:width\" content=\"696\" \/>\n\t<meta property=\"og:image:height\" content=\"690\" \/>\n\t<meta property=\"og:image:type\" content=\"image\/webp\" \/>\n<meta name=\"author\" content=\"Raffy Ben\u00edtez\" \/>\n<meta name=\"twitter:card\" content=\"summary_large_image\" \/>\n<meta name=\"twitter:label1\" content=\"Escrito por\" \/>\n\t<meta name=\"twitter:data1\" content=\"Raffy Ben\u00edtez\" \/>\n\t<meta name=\"twitter:label2\" content=\"Tiempo de lectura\" \/>\n\t<meta name=\"twitter:data2\" content=\"2 minutos\" \/>\n<script type=\"application\/ld+json\" class=\"yoast-schema-graph\">{\"@context\":\"https:\/\/schema.org\",\"@graph\":[{\"@type\":\"Article\",\"@id\":\"https:\/\/conexion23.com\/?p=23322#article\",\"isPartOf\":{\"@id\":\"https:\/\/conexion23.com\/?p=23322\"},\"author\":{\"name\":\"Raffy Ben\u00edtez\",\"@id\":\"https:\/\/conexion23.com\/#\/schema\/person\/03e36043331117e97a373299bbcd30a6\"},\"headline\":\"PN detiene cinco hombres por distintos delitos en La Romana.\",\"datePublished\":\"2023-12-08T12:20:41+00:00\",\"dateModified\":\"2023-12-08T12:20:44+00:00\",\"mainEntityOfPage\":{\"@id\":\"https:\/\/conexion23.com\/?p=23322\"},\"wordCount\":252,\"commentCount\":0,\"publisher\":{\"@id\":\"https:\/\/conexion23.com\/#organization\"},\"image\":{\"@id\":\"https:\/\/conexion23.com\/?p=23322#primaryimage\"},\"thumbnailUrl\":\"https:\/\/conexion23.com\/wp-content\/uploads\/2023\/12\/WhatsApp-Image-2023-12-06-at-11.07.27-AM.webp\",\"articleSection\":[\"SPM\"],\"inLanguage\":\"es\",\"potentialAction\":[{\"@type\":\"CommentAction\",\"name\":\"Comment\",\"target\":[\"https:\/\/conexion23.com\/?p=23322#respond\"]}]},{\"@type\":\"WebPage\",\"@id\":\"https:\/\/conexion23.com\/?p=23322\",\"url\":\"https:\/\/conexion23.com\/?p=23322\",\"name\":\"PN detiene cinco hombres por distintos delitos en La Romana. - Conexi\u00f3n 23\",\"isPartOf\":{\"@id\":\"https:\/\/conexion23.com\/#website\"},\"primaryImageOfPage\":{\"@id\":\"https:\/\/conexion23.com\/?p=23322#primaryimage\"},\"image\":{\"@id\":\"https:\/\/conexion23.com\/?p=23322#primaryimage\"},\"thumbnailUrl\":\"https:\/\/conexion23.com\/wp-content\/uploads\/2023\/12\/WhatsApp-Image-2023-12-06-at-11.07.27-AM.webp\",\"datePublished\":\"2023-12-08T12:20:41+00:00\",\"dateModified\":\"2023-12-08T12:20:44+00:00\",\"breadcrumb\":{\"@id\":\"https:\/\/conexion23.com\/?p=23322#breadcrumb\"},\"inLanguage\":\"es\",\"potentialAction\":[{\"@type\":\"ReadAction\",\"target\":[\"https:\/\/conexion23.com\/?p=23322\"]}]},{\"@type\":\"ImageObject\",\"inLanguage\":\"es\",\"@id\":\"https:\/\/conexion23.com\/?p=23322#primaryimage\",\"url\":\"https:\/\/conexion23.com\/wp-content\/uploads\/2023\/12\/WhatsApp-Image-2023-12-06-at-11.07.27-AM.webp\",\"contentUrl\":\"https:\/\/conexion23.com\/wp-content\/uploads\/2023\/12\/WhatsApp-Image-2023-12-06-at-11.07.27-AM.webp\",\"width\":696,\"height\":690},{\"@type\":\"BreadcrumbList\",\"@id\":\"https:\/\/conexion23.com\/?p=23322#breadcrumb\",\"itemListElement\":[{\"@type\":\"ListItem\",\"position\":1,\"name\":\"Portada\",\"item\":\"https:\/\/conexion23.com\/\"},{\"@type\":\"ListItem\",\"position\":2,\"name\":\"PN detiene cinco hombres por distintos delitos en La Romana.\"}]},{\"@type\":\"WebSite\",\"@id\":\"https:\/\/conexion23.com\/#website\",\"url\":\"https:\/\/conexion23.com\/\",\"name\":\"Conexi\u00f3n 23\",\"description\":\"Peri\u00f3dico 100% Petromacorisano\",\"publisher\":{\"@id\":\"https:\/\/conexion23.com\/#organization\"},\"potentialAction\":[{\"@type\":\"SearchAction\",\"target\":{\"@type\":\"EntryPoint\",\"urlTemplate\":\"https:\/\/conexion23.com\/?s={search_term_string}\"},\"query-input\":{\"@type\":\"PropertyValueSpecification\",\"valueRequired\":true,\"valueName\":\"search_term_string\"}}],\"inLanguage\":\"es\"},{\"@type\":\"Organization\",\"@id\":\"https:\/\/conexion23.com\/#organization\",\"name\":\"Conexion 23\",\"url\":\"https:\/\/conexion23.com\/\",\"logo\":{\"@type\":\"ImageObject\",\"inLanguage\":\"es\",\"@id\":\"https:\/\/conexion23.com\/#\/schema\/logo\/image\/\",\"url\":\"https:\/\/conexion23.com\/wp-content\/uploads\/2021\/11\/Diseno-sin-titulo-2.png\",\"contentUrl\":\"https:\/\/conexion23.com\/wp-content\/uploads\/2021\/11\/Diseno-sin-titulo-2.png\",\"width\":541,\"height\":90,\"caption\":\"Conexion 23\"},\"image\":{\"@id\":\"https:\/\/conexion23.com\/#\/schema\/logo\/image\/\"},\"sameAs\":[\"https:\/\/www.facebook.com\/conexion23com\",\"https:\/\/www.instagram.com\/conexion23com\/\",\"https:\/\/www.youtube.com\/channel\/UCYc7vxxFZMYLIHNsHHxPZ3Q\"]},{\"@type\":\"Person\",\"@id\":\"https:\/\/conexion23.com\/#\/schema\/person\/03e36043331117e97a373299bbcd30a6\",\"name\":\"Raffy Ben\u00edtez\",\"image\":{\"@type\":\"ImageObject\",\"inLanguage\":\"es\",\"@id\":\"https:\/\/conexion23.com\/#\/schema\/person\/image\/\",\"url\":\"https:\/\/secure.gravatar.com\/avatar\/3190a6a6c5e1b0327500f7d6c56b6242472ee6cb974cf09b401ee6b3b0798f23?s=96&d=mm&r=g\",\"contentUrl\":\"https:\/\/secure.gravatar.com\/avatar\/3190a6a6c5e1b0327500f7d6c56b6242472ee6cb974cf09b401ee6b3b0798f23?s=96&d=mm&r=g\",\"caption\":\"Raffy Ben\u00edtez\"},\"url\":\"https:\/\/conexion23.com\/?author=15\"}]}<\/script>\n<!-- \/ Yoast SEO plugin. -->","yoast_head_json":{"title":"PN detiene cinco hombres por distintos delitos en La Romana. - Conexi\u00f3n 23","robots":{"index":"index","follow":"follow","max-snippet":"max-snippet:-1","max-image-preview":"max-image-preview:large","max-video-preview":"max-video-preview:-1"},"canonical":"https:\/\/conexion23.com\/?p=23322","og_locale":"es_ES","og_type":"article","og_title":"PN detiene cinco hombres por distintos delitos en La Romana. - Conexi\u00f3n 23","og_description":"La Direcci\u00f3n Regional Este de la Polic\u00eda Nacional (PN), inform\u00f3 sobre la detenci\u00f3n de cinco hombres por diferentes delitos, en La Romana. Entre los detenidos se encuentra Wascar Aneuris Miler, de 41 a\u00f1os, mediante orden de arresto por sustraer una vitrina sin ejercer violencia de una residencia. Al momento de la detenci\u00f3n, se le ocup\u00f3 [&hellip;]","og_url":"https:\/\/conexion23.com\/?p=23322","og_site_name":"Conexi\u00f3n 23","article_publisher":"https:\/\/www.facebook.com\/conexion23com","article_published_time":"2023-12-08T12:20:41+00:00","article_modified_time":"2023-12-08T12:20:44+00:00","og_image":[{"width":696,"height":690,"url":"https:\/\/conexion23.com\/wp-content\/uploads\/2023\/12\/WhatsApp-Image-2023-12-06-at-11.07.27-AM.webp","type":"image\/webp"}],"author":"Raffy Ben\u00edtez","twitter_card":"summary_large_image","twitter_misc":{"Escrito por":"Raffy Ben\u00edtez","Tiempo de lectura":"2 minutos"},"schema":{"@context":"https:\/\/schema.org","@graph":[{"@type":"Article","@id":"https:\/\/conexion23.com\/?p=23322#article","isPartOf":{"@id":"https:\/\/conexion23.com\/?p=23322"},"author":{"name":"Raffy Ben\u00edtez","@id":"https:\/\/conexion23.com\/#\/schema\/person\/03e36043331117e97a373299bbcd30a6"},"headline":"PN detiene cinco hombres por distintos delitos en La Romana.","datePublished":"2023-12-08T12:20:41+00:00","dateModified":"2023-12-08T12:20:44+00:00","mainEntityOfPage":{"@id":"https:\/\/conexion23.com\/?p=23322"},"wordCount":252,"commentCount":0,"publisher":{"@id":"https:\/\/conexion23.com\/#organization"},"image":{"@id":"https:\/\/conexion23.com\/?p=23322#primaryimage"},"thumbnailUrl":"https:\/\/conexion23.com\/wp-content\/uploads\/2023\/12\/WhatsApp-Image-2023-12-06-at-11.07.27-AM.webp","articleSection":["SPM"],"inLanguage":"es","potentialAction":[{"@type":"CommentAction","name":"Comment","target":["https:\/\/conexion23.com\/?p=23322#respond"]}]},{"@type":"WebPage","@id":"https:\/\/conexion23.com\/?p=23322","url":"https:\/\/conexion23.com\/?p=23322","name":"PN detiene cinco hombres por distintos delitos en La Romana. - Conexi\u00f3n 23","isPartOf":{"@id":"https:\/\/conexion23.com\/#website"},"primaryImageOfPage":{"@id":"https:\/\/conexion23.com\/?p=23322#primaryimage"},"image":{"@id":"https:\/\/conexion23.com\/?p=23322#primaryimage"},"thumbnailUrl":"https:\/\/conexion23.com\/wp-content\/uploads\/2023\/12\/WhatsApp-Image-2023-12-06-at-11.07.27-AM.webp","datePublished":"2023-12-08T12:20:41+00:00","dateModified":"2023-12-08T12:20:44+00:00","breadcrumb":{"@id":"https:\/\/conexion23.com\/?p=23322#breadcrumb"},"inLanguage":"es","potentialAction":[{"@type":"ReadAction","target":["https:\/\/conexion23.com\/?p=23322"]}]},{"@type":"ImageObject","inLanguage":"es","@id":"https:\/\/conexion23.com\/?p=23322#primaryimage","url":"https:\/\/conexion23.com\/wp-content\/uploads\/2023\/12\/WhatsApp-Image-2023-12-06-at-11.07.27-AM.webp","contentUrl":"https:\/\/conexion23.com\/wp-content\/uploads\/2023\/12\/WhatsApp-Image-2023-12-06-at-11.07.27-AM.webp","width":696,"height":690},{"@type":"BreadcrumbList","@id":"https:\/\/conexion23.com\/?p=23322#breadcrumb","itemListElement":[{"@type":"ListItem","position":1,"name":"Portada","item":"https:\/\/conexion23.com\/"},{"@type":"ListItem","position":2,"name":"PN detiene cinco hombres por distintos delitos en La Romana."}]},{"@type":"WebSite","@id":"https:\/\/conexion23.com\/#website","url":"https:\/\/conexion23.com\/","name":"Conexi\u00f3n 23","description":"Peri\u00f3dico 100% Petromacorisano","publisher":{"@id":"https:\/\/conexion23.com\/#organization"},"potentialAction":[{"@type":"SearchAction","target":{"@type":"EntryPoint","urlTemplate":"https:\/\/conexion23.com\/?s={search_term_string}"},"query-input":{"@type":"PropertyValueSpecification","valueRequired":true,"valueName":"search_term_string"}}],"inLanguage":"es"},{"@type":"Organization","@id":"https:\/\/conexion23.com\/#organization","name":"Conexion 23","url":"https:\/\/conexion23.com\/","logo":{"@type":"ImageObject","inLanguage":"es","@id":"https:\/\/conexion23.com\/#\/schema\/logo\/image\/","url":"https:\/\/conexion23.com\/wp-content\/uploads\/2021\/11\/Diseno-sin-titulo-2.png","contentUrl":"https:\/\/conexion23.com\/wp-content\/uploads\/2021\/11\/Diseno-sin-titulo-2.png","width":541,"height":90,"caption":"Conexion 23"},"image":{"@id":"https:\/\/conexion23.com\/#\/schema\/logo\/image\/"},"sameAs":["https:\/\/www.facebook.com\/conexion23com","https:\/\/www.instagram.com\/conexion23com\/","https:\/\/www.youtube.com\/channel\/UCYc7vxxFZMYLIHNsHHxPZ3Q"]},{"@type":"Person","@id":"https:\/\/conexion23.com\/#\/schema\/person\/03e36043331117e97a373299bbcd30a6","name":"Raffy Ben\u00edtez","image":{"@type":"ImageObject","inLanguage":"es","@id":"https:\/\/conexion23.com\/#\/schema\/person\/image\/","url":"https:\/\/secure.gravatar.com\/avatar\/3190a6a6c5e1b0327500f7d6c56b6242472ee6cb974cf09b401ee6b3b0798f23?s=96&d=mm&r=g","contentUrl":"https:\/\/secure.gravatar.com\/avatar\/3190a6a6c5e1b0327500f7d6c56b6242472ee6cb974cf09b401ee6b3b0798f23?s=96&d=mm&r=g","caption":"Raffy Ben\u00edtez"},"url":"https:\/\/conexion23.com\/?author=15"}]}},"_links":{"self":[{"href":"https:\/\/conexion23.com\/index.php?rest_route=\/wp\/v2\/posts\/23322","targetHints":{"allow":["GET"]}}],"collection":[{"href":"https:\/\/conexion23.com\/index.php?rest_route=\/wp\/v2\/posts"}],"about":[{"href":"https:\/\/conexion23.com\/index.php?rest_route=\/wp\/v2\/types\/post"}],"author":[{"embeddable":true,"href":"https:\/\/conexion23.com\/index.php?rest_route=\/wp\/v2\/users\/15"}],"replies":[{"embeddable":true,"href":"https:\/\/conexion23.com\/index.php?rest_route=%2Fwp%2Fv2%2Fcomments&post=23322"}],"version-history":[{"count":1,"href":"https:\/\/conexion23.com\/index.php?rest_route=\/wp\/v2\/posts\/23322\/revisions"}],"predecessor-version":[{"id":23324,"href":"https:\/\/conexion23.com\/index.php?rest_route=\/wp\/v2\/posts\/23322\/revisions\/23324"}],"wp:featuredmedia":[{"embeddable":true,"href":"https:\/\/conexion23.com\/index.php?rest_route=\/wp\/v2\/media\/23323"}],"wp:attachment":[{"href":"https:\/\/conexion23.com\/index.php?rest_route=%2Fwp%2Fv2%2Fmedia&parent=23322"}],"wp:term":[{"taxonomy":"category","embeddable":true,"href":"https:\/\/conexion23.com\/index.php?rest_route=%2Fwp%2Fv2%2Fcategories&post=23322"},{"taxonomy":"post_tag","embeddable":true,"href":"https:\/\/conexion23.com\/index.php?rest_route=%2Fwp%2Fv2%2Ftags&post=23322"}],"curies":[{"name":"wp","href":"https:\/\/api.w.org\/{rel}","templated":true}]}}