{"id":23475,"date":"2023-12-14T07:33:48","date_gmt":"2023-12-14T11:33:48","guid":{"rendered":"https:\/\/conexion23.com\/?p=23475"},"modified":"2023-12-14T07:33:51","modified_gmt":"2023-12-14T11:33:51","slug":"la-pluma-y-peluca-caen-abatidos-en-intercambio-de-disparos-con-agentes-dicrim-frente-a-sambil","status":"publish","type":"post","link":"https:\/\/conexion23.com\/?p=23475","title":{"rendered":"La Pluma y Peluca caen abatidos en intercambio de disparos con agentes DICRIM frente a Sambil."},"content":{"rendered":"\n<p>La noche de este mi\u00e9rcoles la Polic\u00eda Nacional confirm\u00f3 el fallecimiento de dos presuntos delincuentes frente a la plaza comercial Sambil, quienes calleyon abatidos por miembros de la Direcci\u00f3n Central de Investigaci\u00f3n (DICRIM) en un intercambio de disparos.<\/p>\n\n\n\n<p>Seg\u00fan inform\u00f3 el vocero de la Polic\u00eda Nacional, coronel Rafael Tejeda Baldera, se trata de los presuntos delincuentes identificados hasta el momento como Yoni Oscar Charles Juan alias \u201cLa Pluma\u201d y Miguel Rodr\u00edguez alias \u201cPeluca\u201d, quienes se escaparon hace unos meses de la c\u00e1rcel de La Victoria mientras eran trasladados al Palacio de Justicia de San Pedro de Macor\u00eds.<\/p>\n\n\n\n<p>El coronel explic\u00f3 que al momento de la Polic\u00eda hacer contacto con presuntos antisociales, se produjo un enfrentamiento resultando con heridas de balas que le provocaron la muerte. A ambos se les ocuparon dos pistolas marca Glock y Bersa calibre 9 mil\u00edmetros, en tanto que tambi\u00e9n se apres\u00f3 a la se\u00f1ora Justina Cristina Guzm\u00e1n de 34 a\u00f1os de edad, a la que se le hall\u00f3 en su cartera otra pistola calibre 9 mil\u00edmetros.<\/p>\n\n\n\n<p>En el incidente result\u00f3 con heridas el mayor Juan A. Vel\u00e1zquez Frica, Comandante del Departamento Antisecuestro y Extorsiones de la Polic\u00eda Nacional.<\/p>\n\n\n\n<p>Se recuerda que La Pluma y Peluca se escaparon el 29 de agosto de este a\u00f1o, cuando supuestos sicarios del crimen organizado chocaron un cami\u00f3n y asaltaron el minib\u00fas de la Direcci\u00f3n General de Prisiones, donde este era trasladado junto a varios presos, desde la Penitenciar\u00eda Nacional de La Victoria al tribunal de San Pedro de Macor\u00eds.<\/p>\n\n\n\n<p>Inmediatamente ocurri\u00f3 el hecho, circul\u00f3 la informaci\u00f3n de que los supuestos sicarios asaltaron el minib\u00fas con varios fusiles en manos, \u201centr\u00e1ndole a tiros\u201d a los custodias, para llevarse a La Pluma.<\/p>\n\n\n\n<p><\/p>\n","protected":false},"excerpt":{"rendered":"<p>La noche de este mi\u00e9rcoles la Polic\u00eda Nacional confirm\u00f3 el fallecimiento de dos presuntos delincuentes frente a la plaza comercial Sambil, quienes calleyon abatidos por miembros de la Direcci\u00f3n Central de Investigaci\u00f3n (DICRIM) en un intercambio de disparos. Seg\u00fan inform\u00f3 el vocero de la Polic\u00eda Nacional, coronel Rafael Tejeda Baldera, se trata de los presuntos [&hellip;]<\/p>\n","protected":false},"author":15,"featured_media":23476,"comment_status":"open","ping_status":"open","sticky":false,"template":"","format":"standard","meta":{"footnotes":""},"categories":[1],"tags":[],"class_list":{"0":"post-23475","1":"post","2":"type-post","3":"status-publish","4":"format-standard","5":"has-post-thumbnail","7":"category-uncategorized"},"yoast_head":"<!-- This site is optimized with the Yoast SEO plugin v27.1.1 - https:\/\/yoast.com\/product\/yoast-seo-wordpress\/ -->\n<title>La Pluma y Peluca caen abatidos en intercambio de disparos con agentes DICRIM frente a Sambil. - Conexi\u00f3n 23<\/title>\n<meta name=\"robots\" content=\"index, follow, max-snippet:-1, max-image-preview:large, max-video-preview:-1\" \/>\n<link rel=\"canonical\" href=\"https:\/\/conexion23.com\/?p=23475\" \/>\n<meta property=\"og:locale\" content=\"es_ES\" \/>\n<meta property=\"og:type\" content=\"article\" \/>\n<meta property=\"og:title\" content=\"La Pluma y Peluca caen abatidos en intercambio de disparos con agentes DICRIM frente a Sambil. - Conexi\u00f3n 23\" \/>\n<meta property=\"og:description\" content=\"La noche de este mi\u00e9rcoles la Polic\u00eda Nacional confirm\u00f3 el fallecimiento de dos presuntos delincuentes frente a la plaza comercial Sambil, quienes calleyon abatidos por miembros de la Direcci\u00f3n Central de Investigaci\u00f3n (DICRIM) en un intercambio de disparos. Seg\u00fan inform\u00f3 el vocero de la Polic\u00eda Nacional, coronel Rafael Tejeda Baldera, se trata de los presuntos [&hellip;]\" \/>\n<meta property=\"og:url\" content=\"https:\/\/conexion23.com\/?p=23475\" \/>\n<meta property=\"og:site_name\" content=\"Conexi\u00f3n 23\" \/>\n<meta property=\"article:publisher\" content=\"https:\/\/www.facebook.com\/conexion23com\" \/>\n<meta property=\"article:published_time\" content=\"2023-12-14T11:33:48+00:00\" \/>\n<meta property=\"article:modified_time\" content=\"2023-12-14T11:33:51+00:00\" \/>\n<meta property=\"og:image\" content=\"https:\/\/conexion23.com\/wp-content\/uploads\/2023\/12\/muertos.jpg\" \/>\n\t<meta property=\"og:image:width\" content=\"472\" \/>\n\t<meta property=\"og:image:height\" content=\"388\" \/>\n\t<meta property=\"og:image:type\" content=\"image\/jpeg\" \/>\n<meta name=\"author\" content=\"Raffy Ben\u00edtez\" \/>\n<meta name=\"twitter:card\" content=\"summary_large_image\" \/>\n<meta name=\"twitter:label1\" content=\"Escrito por\" \/>\n\t<meta name=\"twitter:data1\" content=\"Raffy Ben\u00edtez\" \/>\n\t<meta name=\"twitter:label2\" content=\"Tiempo de lectura\" \/>\n\t<meta name=\"twitter:data2\" content=\"2 minutos\" \/>\n<script type=\"application\/ld+json\" class=\"yoast-schema-graph\">{\"@context\":\"https:\/\/schema.org\",\"@graph\":[{\"@type\":\"Article\",\"@id\":\"https:\/\/conexion23.com\/?p=23475#article\",\"isPartOf\":{\"@id\":\"https:\/\/conexion23.com\/?p=23475\"},\"author\":{\"name\":\"Raffy Ben\u00edtez\",\"@id\":\"https:\/\/conexion23.com\/#\/schema\/person\/03e36043331117e97a373299bbcd30a6\"},\"headline\":\"La Pluma y Peluca caen abatidos en intercambio de disparos con agentes DICRIM frente a Sambil.\",\"datePublished\":\"2023-12-14T11:33:48+00:00\",\"dateModified\":\"2023-12-14T11:33:51+00:00\",\"mainEntityOfPage\":{\"@id\":\"https:\/\/conexion23.com\/?p=23475\"},\"wordCount\":319,\"commentCount\":0,\"publisher\":{\"@id\":\"https:\/\/conexion23.com\/#organization\"},\"image\":{\"@id\":\"https:\/\/conexion23.com\/?p=23475#primaryimage\"},\"thumbnailUrl\":\"https:\/\/conexion23.com\/wp-content\/uploads\/2023\/12\/muertos.jpg\",\"articleSection\":[\"Uncategorized\"],\"inLanguage\":\"es\",\"potentialAction\":[{\"@type\":\"CommentAction\",\"name\":\"Comment\",\"target\":[\"https:\/\/conexion23.com\/?p=23475#respond\"]}]},{\"@type\":\"WebPage\",\"@id\":\"https:\/\/conexion23.com\/?p=23475\",\"url\":\"https:\/\/conexion23.com\/?p=23475\",\"name\":\"La Pluma y Peluca caen abatidos en intercambio de disparos con agentes DICRIM frente a Sambil. - Conexi\u00f3n 23\",\"isPartOf\":{\"@id\":\"https:\/\/conexion23.com\/#website\"},\"primaryImageOfPage\":{\"@id\":\"https:\/\/conexion23.com\/?p=23475#primaryimage\"},\"image\":{\"@id\":\"https:\/\/conexion23.com\/?p=23475#primaryimage\"},\"thumbnailUrl\":\"https:\/\/conexion23.com\/wp-content\/uploads\/2023\/12\/muertos.jpg\",\"datePublished\":\"2023-12-14T11:33:48+00:00\",\"dateModified\":\"2023-12-14T11:33:51+00:00\",\"breadcrumb\":{\"@id\":\"https:\/\/conexion23.com\/?p=23475#breadcrumb\"},\"inLanguage\":\"es\",\"potentialAction\":[{\"@type\":\"ReadAction\",\"target\":[\"https:\/\/conexion23.com\/?p=23475\"]}]},{\"@type\":\"ImageObject\",\"inLanguage\":\"es\",\"@id\":\"https:\/\/conexion23.com\/?p=23475#primaryimage\",\"url\":\"https:\/\/conexion23.com\/wp-content\/uploads\/2023\/12\/muertos.jpg\",\"contentUrl\":\"https:\/\/conexion23.com\/wp-content\/uploads\/2023\/12\/muertos.jpg\",\"width\":472,\"height\":388},{\"@type\":\"BreadcrumbList\",\"@id\":\"https:\/\/conexion23.com\/?p=23475#breadcrumb\",\"itemListElement\":[{\"@type\":\"ListItem\",\"position\":1,\"name\":\"Portada\",\"item\":\"https:\/\/conexion23.com\/\"},{\"@type\":\"ListItem\",\"position\":2,\"name\":\"La Pluma y Peluca caen abatidos en intercambio de disparos con agentes DICRIM frente a Sambil.\"}]},{\"@type\":\"WebSite\",\"@id\":\"https:\/\/conexion23.com\/#website\",\"url\":\"https:\/\/conexion23.com\/\",\"name\":\"Conexi\u00f3n 23\",\"description\":\"Peri\u00f3dico 100% Petromacorisano\",\"publisher\":{\"@id\":\"https:\/\/conexion23.com\/#organization\"},\"potentialAction\":[{\"@type\":\"SearchAction\",\"target\":{\"@type\":\"EntryPoint\",\"urlTemplate\":\"https:\/\/conexion23.com\/?s={search_term_string}\"},\"query-input\":{\"@type\":\"PropertyValueSpecification\",\"valueRequired\":true,\"valueName\":\"search_term_string\"}}],\"inLanguage\":\"es\"},{\"@type\":\"Organization\",\"@id\":\"https:\/\/conexion23.com\/#organization\",\"name\":\"Conexion 23\",\"url\":\"https:\/\/conexion23.com\/\",\"logo\":{\"@type\":\"ImageObject\",\"inLanguage\":\"es\",\"@id\":\"https:\/\/conexion23.com\/#\/schema\/logo\/image\/\",\"url\":\"https:\/\/conexion23.com\/wp-content\/uploads\/2021\/11\/Diseno-sin-titulo-2.png\",\"contentUrl\":\"https:\/\/conexion23.com\/wp-content\/uploads\/2021\/11\/Diseno-sin-titulo-2.png\",\"width\":541,\"height\":90,\"caption\":\"Conexion 23\"},\"image\":{\"@id\":\"https:\/\/conexion23.com\/#\/schema\/logo\/image\/\"},\"sameAs\":[\"https:\/\/www.facebook.com\/conexion23com\",\"https:\/\/www.instagram.com\/conexion23com\/\",\"https:\/\/www.youtube.com\/channel\/UCYc7vxxFZMYLIHNsHHxPZ3Q\"]},{\"@type\":\"Person\",\"@id\":\"https:\/\/conexion23.com\/#\/schema\/person\/03e36043331117e97a373299bbcd30a6\",\"name\":\"Raffy Ben\u00edtez\",\"image\":{\"@type\":\"ImageObject\",\"inLanguage\":\"es\",\"@id\":\"https:\/\/conexion23.com\/#\/schema\/person\/image\/\",\"url\":\"https:\/\/secure.gravatar.com\/avatar\/3190a6a6c5e1b0327500f7d6c56b6242472ee6cb974cf09b401ee6b3b0798f23?s=96&d=mm&r=g\",\"contentUrl\":\"https:\/\/secure.gravatar.com\/avatar\/3190a6a6c5e1b0327500f7d6c56b6242472ee6cb974cf09b401ee6b3b0798f23?s=96&d=mm&r=g\",\"caption\":\"Raffy Ben\u00edtez\"},\"url\":\"https:\/\/conexion23.com\/?author=15\"}]}<\/script>\n<!-- \/ Yoast SEO plugin. -->","yoast_head_json":{"title":"La Pluma y Peluca caen abatidos en intercambio de disparos con agentes DICRIM frente a Sambil. - Conexi\u00f3n 23","robots":{"index":"index","follow":"follow","max-snippet":"max-snippet:-1","max-image-preview":"max-image-preview:large","max-video-preview":"max-video-preview:-1"},"canonical":"https:\/\/conexion23.com\/?p=23475","og_locale":"es_ES","og_type":"article","og_title":"La Pluma y Peluca caen abatidos en intercambio de disparos con agentes DICRIM frente a Sambil. - Conexi\u00f3n 23","og_description":"La noche de este mi\u00e9rcoles la Polic\u00eda Nacional confirm\u00f3 el fallecimiento de dos presuntos delincuentes frente a la plaza comercial Sambil, quienes calleyon abatidos por miembros de la Direcci\u00f3n Central de Investigaci\u00f3n (DICRIM) en un intercambio de disparos. Seg\u00fan inform\u00f3 el vocero de la Polic\u00eda Nacional, coronel Rafael Tejeda Baldera, se trata de los presuntos [&hellip;]","og_url":"https:\/\/conexion23.com\/?p=23475","og_site_name":"Conexi\u00f3n 23","article_publisher":"https:\/\/www.facebook.com\/conexion23com","article_published_time":"2023-12-14T11:33:48+00:00","article_modified_time":"2023-12-14T11:33:51+00:00","og_image":[{"width":472,"height":388,"url":"https:\/\/conexion23.com\/wp-content\/uploads\/2023\/12\/muertos.jpg","type":"image\/jpeg"}],"author":"Raffy Ben\u00edtez","twitter_card":"summary_large_image","twitter_misc":{"Escrito por":"Raffy Ben\u00edtez","Tiempo de lectura":"2 minutos"},"schema":{"@context":"https:\/\/schema.org","@graph":[{"@type":"Article","@id":"https:\/\/conexion23.com\/?p=23475#article","isPartOf":{"@id":"https:\/\/conexion23.com\/?p=23475"},"author":{"name":"Raffy Ben\u00edtez","@id":"https:\/\/conexion23.com\/#\/schema\/person\/03e36043331117e97a373299bbcd30a6"},"headline":"La Pluma y Peluca caen abatidos en intercambio de disparos con agentes DICRIM frente a Sambil.","datePublished":"2023-12-14T11:33:48+00:00","dateModified":"2023-12-14T11:33:51+00:00","mainEntityOfPage":{"@id":"https:\/\/conexion23.com\/?p=23475"},"wordCount":319,"commentCount":0,"publisher":{"@id":"https:\/\/conexion23.com\/#organization"},"image":{"@id":"https:\/\/conexion23.com\/?p=23475#primaryimage"},"thumbnailUrl":"https:\/\/conexion23.com\/wp-content\/uploads\/2023\/12\/muertos.jpg","articleSection":["Uncategorized"],"inLanguage":"es","potentialAction":[{"@type":"CommentAction","name":"Comment","target":["https:\/\/conexion23.com\/?p=23475#respond"]}]},{"@type":"WebPage","@id":"https:\/\/conexion23.com\/?p=23475","url":"https:\/\/conexion23.com\/?p=23475","name":"La Pluma y Peluca caen abatidos en intercambio de disparos con agentes DICRIM frente a Sambil. - Conexi\u00f3n 23","isPartOf":{"@id":"https:\/\/conexion23.com\/#website"},"primaryImageOfPage":{"@id":"https:\/\/conexion23.com\/?p=23475#primaryimage"},"image":{"@id":"https:\/\/conexion23.com\/?p=23475#primaryimage"},"thumbnailUrl":"https:\/\/conexion23.com\/wp-content\/uploads\/2023\/12\/muertos.jpg","datePublished":"2023-12-14T11:33:48+00:00","dateModified":"2023-12-14T11:33:51+00:00","breadcrumb":{"@id":"https:\/\/conexion23.com\/?p=23475#breadcrumb"},"inLanguage":"es","potentialAction":[{"@type":"ReadAction","target":["https:\/\/conexion23.com\/?p=23475"]}]},{"@type":"ImageObject","inLanguage":"es","@id":"https:\/\/conexion23.com\/?p=23475#primaryimage","url":"https:\/\/conexion23.com\/wp-content\/uploads\/2023\/12\/muertos.jpg","contentUrl":"https:\/\/conexion23.com\/wp-content\/uploads\/2023\/12\/muertos.jpg","width":472,"height":388},{"@type":"BreadcrumbList","@id":"https:\/\/conexion23.com\/?p=23475#breadcrumb","itemListElement":[{"@type":"ListItem","position":1,"name":"Portada","item":"https:\/\/conexion23.com\/"},{"@type":"ListItem","position":2,"name":"La Pluma y Peluca caen abatidos en intercambio de disparos con agentes DICRIM frente a Sambil."}]},{"@type":"WebSite","@id":"https:\/\/conexion23.com\/#website","url":"https:\/\/conexion23.com\/","name":"Conexi\u00f3n 23","description":"Peri\u00f3dico 100% Petromacorisano","publisher":{"@id":"https:\/\/conexion23.com\/#organization"},"potentialAction":[{"@type":"SearchAction","target":{"@type":"EntryPoint","urlTemplate":"https:\/\/conexion23.com\/?s={search_term_string}"},"query-input":{"@type":"PropertyValueSpecification","valueRequired":true,"valueName":"search_term_string"}}],"inLanguage":"es"},{"@type":"Organization","@id":"https:\/\/conexion23.com\/#organization","name":"Conexion 23","url":"https:\/\/conexion23.com\/","logo":{"@type":"ImageObject","inLanguage":"es","@id":"https:\/\/conexion23.com\/#\/schema\/logo\/image\/","url":"https:\/\/conexion23.com\/wp-content\/uploads\/2021\/11\/Diseno-sin-titulo-2.png","contentUrl":"https:\/\/conexion23.com\/wp-content\/uploads\/2021\/11\/Diseno-sin-titulo-2.png","width":541,"height":90,"caption":"Conexion 23"},"image":{"@id":"https:\/\/conexion23.com\/#\/schema\/logo\/image\/"},"sameAs":["https:\/\/www.facebook.com\/conexion23com","https:\/\/www.instagram.com\/conexion23com\/","https:\/\/www.youtube.com\/channel\/UCYc7vxxFZMYLIHNsHHxPZ3Q"]},{"@type":"Person","@id":"https:\/\/conexion23.com\/#\/schema\/person\/03e36043331117e97a373299bbcd30a6","name":"Raffy Ben\u00edtez","image":{"@type":"ImageObject","inLanguage":"es","@id":"https:\/\/conexion23.com\/#\/schema\/person\/image\/","url":"https:\/\/secure.gravatar.com\/avatar\/3190a6a6c5e1b0327500f7d6c56b6242472ee6cb974cf09b401ee6b3b0798f23?s=96&d=mm&r=g","contentUrl":"https:\/\/secure.gravatar.com\/avatar\/3190a6a6c5e1b0327500f7d6c56b6242472ee6cb974cf09b401ee6b3b0798f23?s=96&d=mm&r=g","caption":"Raffy Ben\u00edtez"},"url":"https:\/\/conexion23.com\/?author=15"}]}},"_links":{"self":[{"href":"https:\/\/conexion23.com\/index.php?rest_route=\/wp\/v2\/posts\/23475","targetHints":{"allow":["GET"]}}],"collection":[{"href":"https:\/\/conexion23.com\/index.php?rest_route=\/wp\/v2\/posts"}],"about":[{"href":"https:\/\/conexion23.com\/index.php?rest_route=\/wp\/v2\/types\/post"}],"author":[{"embeddable":true,"href":"https:\/\/conexion23.com\/index.php?rest_route=\/wp\/v2\/users\/15"}],"replies":[{"embeddable":true,"href":"https:\/\/conexion23.com\/index.php?rest_route=%2Fwp%2Fv2%2Fcomments&post=23475"}],"version-history":[{"count":1,"href":"https:\/\/conexion23.com\/index.php?rest_route=\/wp\/v2\/posts\/23475\/revisions"}],"predecessor-version":[{"id":23477,"href":"https:\/\/conexion23.com\/index.php?rest_route=\/wp\/v2\/posts\/23475\/revisions\/23477"}],"wp:featuredmedia":[{"embeddable":true,"href":"https:\/\/conexion23.com\/index.php?rest_route=\/wp\/v2\/media\/23476"}],"wp:attachment":[{"href":"https:\/\/conexion23.com\/index.php?rest_route=%2Fwp%2Fv2%2Fmedia&parent=23475"}],"wp:term":[{"taxonomy":"category","embeddable":true,"href":"https:\/\/conexion23.com\/index.php?rest_route=%2Fwp%2Fv2%2Fcategories&post=23475"},{"taxonomy":"post_tag","embeddable":true,"href":"https:\/\/conexion23.com\/index.php?rest_route=%2Fwp%2Fv2%2Ftags&post=23475"}],"curies":[{"name":"wp","href":"https:\/\/api.w.org\/{rel}","templated":true}]}}