{"id":23504,"date":"2023-12-16T08:34:36","date_gmt":"2023-12-16T12:34:36","guid":{"rendered":"https:\/\/conexion23.com\/?p=23504"},"modified":"2023-12-16T08:34:39","modified_gmt":"2023-12-16T12:34:39","slug":"muere-agente-de-politur-en-auto-via-del-coral-al-incerdiarse-vehiculo-luego-de-choque","status":"publish","type":"post","link":"https:\/\/conexion23.com\/?p=23504","title":{"rendered":"Muere agente de Politur en Auto Via del Coral al incerdiarse vehiculo luego de choque."},"content":{"rendered":"\n<p>Falleci\u00f3 mientras recib\u00eda atenciones m\u00e9dicas&nbsp;en un centro m\u00e9dico&nbsp;del area tur\u00edstica, un agente de Politur que result\u00f3 con quemaduras luego de producirse un accidente entre el veh\u00edculo que este conduc\u00eda<\/p>\n\n\n\n<p><strong>Manuel Antonio Luna Mojica&nbsp;<\/strong>de 25 anos, muri\u00f3&nbsp;a causa de los golpes y quemaduras que sufri\u00f3&nbsp;tras un choque con otro veh\u00edculo&nbsp;en el Km 28 proximo al paraje&nbsp;<strong>Chin Chin<\/strong>&nbsp;de la referida Auto Via.<\/p>\n\n\n\n<figure class=\"wp-block-image\"><a href=\"https:\/\/blogger.googleusercontent.com\/img\/b\/R29vZ2xl\/AVvXsEhW-RbmXQpIxznRTAiNh7nfvLfZNs2UZWVZrWsoEeZRrDLVcP4wkVEnX9YLtoJRVnqtaKGz4lQPSenLDXoN5WqObeoHs8g_Zoi9yhkVbczDlQjMHcx21oykyqLPPqcXHp-qGAzouqRhBYsMO1toQ3KOT7sPwobgGIRhywfwKWKGVxpofT3-b8zw3Wj39yY\/s1280\/foto%20luna.jpg\"><img decoding=\"async\" src=\"https:\/\/blogger.googleusercontent.com\/img\/b\/R29vZ2xl\/AVvXsEhW-RbmXQpIxznRTAiNh7nfvLfZNs2UZWVZrWsoEeZRrDLVcP4wkVEnX9YLtoJRVnqtaKGz4lQPSenLDXoN5WqObeoHs8g_Zoi9yhkVbczDlQjMHcx21oykyqLPPqcXHp-qGAzouqRhBYsMO1toQ3KOT7sPwobgGIRhywfwKWKGVxpofT3-b8zw3Wj39yY\/w400-h400\/foto%20luna.jpg\" alt=\"\"\/><\/a><\/figure>\n\n\n\n<p><strong>&nbsp;Luna<\/strong>&nbsp;conduc\u00eda&nbsp;un carro&nbsp;<strong>Kia Picanto<\/strong>&nbsp;color blanco, Placa&nbsp;A- 644569 mientras que el otro veh\u00edculo&nbsp;involucrado en el fatal accidente es un&nbsp;<strong>Hyundai<\/strong>&nbsp;color azul placa A-585007, conducido por la senora&nbsp;<strong>Wendy Susana Sena Mercedez de 52 anos&nbsp;<\/strong>&nbsp;quien tambi\u00e9n&nbsp;resulto herida.<\/p>\n\n\n\n<p>El suceso se produjo la tarde de este jueves, en un tramo de la\u00a0<strong>Auto Via del Coral<\/strong>\u00a0resultando incendiado inmediatamente el autom\u00f3vil\u00a0en el que se desplazaba el agente de la\u00a0<strong>Polica\u00a0Tur\u00edstica\u00a0<\/strong>quien estaba de servicio en la zona.<\/p>\n","protected":false},"excerpt":{"rendered":"<p>Falleci\u00f3 mientras recib\u00eda atenciones m\u00e9dicas&nbsp;en un centro m\u00e9dico&nbsp;del area tur\u00edstica, un agente de Politur que result\u00f3 con quemaduras luego de producirse un accidente entre el veh\u00edculo que este conduc\u00eda Manuel Antonio Luna Mojica&nbsp;de 25 anos, muri\u00f3&nbsp;a causa de los golpes y quemaduras que sufri\u00f3&nbsp;tras un choque con otro veh\u00edculo&nbsp;en el Km 28 proximo al paraje&nbsp;Chin [&hellip;]<\/p>\n","protected":false},"author":15,"featured_media":23505,"comment_status":"open","ping_status":"open","sticky":false,"template":"","format":"standard","meta":{"footnotes":""},"categories":[2474],"tags":[],"class_list":{"0":"post-23504","1":"post","2":"type-post","3":"status-publish","4":"format-standard","5":"has-post-thumbnail","7":"category-la-altagracia"},"yoast_head":"<!-- This site is optimized with the Yoast SEO plugin v27.1.1 - https:\/\/yoast.com\/product\/yoast-seo-wordpress\/ -->\n<title>Muere agente de Politur en Auto Via del Coral al incerdiarse vehiculo luego de choque. - Conexi\u00f3n 23<\/title>\n<meta name=\"robots\" content=\"index, follow, max-snippet:-1, max-image-preview:large, max-video-preview:-1\" \/>\n<link rel=\"canonical\" href=\"https:\/\/conexion23.com\/?p=23504\" \/>\n<meta property=\"og:locale\" content=\"es_ES\" \/>\n<meta property=\"og:type\" content=\"article\" \/>\n<meta property=\"og:title\" content=\"Muere agente de Politur en Auto Via del Coral al incerdiarse vehiculo luego de choque. - Conexi\u00f3n 23\" \/>\n<meta property=\"og:description\" content=\"Falleci\u00f3 mientras recib\u00eda atenciones m\u00e9dicas&nbsp;en un centro m\u00e9dico&nbsp;del area tur\u00edstica, un agente de Politur que result\u00f3 con quemaduras luego de producirse un accidente entre el veh\u00edculo que este conduc\u00eda Manuel Antonio Luna Mojica&nbsp;de 25 anos, muri\u00f3&nbsp;a causa de los golpes y quemaduras que sufri\u00f3&nbsp;tras un choque con otro veh\u00edculo&nbsp;en el Km 28 proximo al paraje&nbsp;Chin [&hellip;]\" \/>\n<meta property=\"og:url\" content=\"https:\/\/conexion23.com\/?p=23504\" \/>\n<meta property=\"og:site_name\" content=\"Conexi\u00f3n 23\" \/>\n<meta property=\"article:publisher\" content=\"https:\/\/www.facebook.com\/conexion23com\" \/>\n<meta property=\"article:published_time\" content=\"2023-12-16T12:34:36+00:00\" \/>\n<meta property=\"article:modified_time\" content=\"2023-12-16T12:34:39+00:00\" \/>\n<meta property=\"og:image\" content=\"https:\/\/conexion23.com\/wp-content\/uploads\/2023\/12\/download-1-5.jpg\" \/>\n\t<meta property=\"og:image:width\" content=\"221\" \/>\n\t<meta property=\"og:image:height\" content=\"228\" \/>\n\t<meta property=\"og:image:type\" content=\"image\/jpeg\" \/>\n<meta name=\"author\" content=\"Raffy Ben\u00edtez\" \/>\n<meta name=\"twitter:card\" content=\"summary_large_image\" \/>\n<meta name=\"twitter:label1\" content=\"Escrito por\" \/>\n\t<meta name=\"twitter:data1\" content=\"Raffy Ben\u00edtez\" \/>\n\t<meta name=\"twitter:label2\" content=\"Tiempo de lectura\" \/>\n\t<meta name=\"twitter:data2\" content=\"1 minuto\" \/>\n<script type=\"application\/ld+json\" class=\"yoast-schema-graph\">{\"@context\":\"https:\/\/schema.org\",\"@graph\":[{\"@type\":\"Article\",\"@id\":\"https:\/\/conexion23.com\/?p=23504#article\",\"isPartOf\":{\"@id\":\"https:\/\/conexion23.com\/?p=23504\"},\"author\":{\"name\":\"Raffy Ben\u00edtez\",\"@id\":\"https:\/\/conexion23.com\/#\/schema\/person\/03e36043331117e97a373299bbcd30a6\"},\"headline\":\"Muere agente de Politur en Auto Via del Coral al incerdiarse vehiculo luego de choque.\",\"datePublished\":\"2023-12-16T12:34:36+00:00\",\"dateModified\":\"2023-12-16T12:34:39+00:00\",\"mainEntityOfPage\":{\"@id\":\"https:\/\/conexion23.com\/?p=23504\"},\"wordCount\":196,\"commentCount\":0,\"publisher\":{\"@id\":\"https:\/\/conexion23.com\/#organization\"},\"image\":{\"@id\":\"https:\/\/conexion23.com\/?p=23504#primaryimage\"},\"thumbnailUrl\":\"https:\/\/conexion23.com\/wp-content\/uploads\/2023\/12\/download-1-5.jpg\",\"articleSection\":[\"La Altagracia\"],\"inLanguage\":\"es\",\"potentialAction\":[{\"@type\":\"CommentAction\",\"name\":\"Comment\",\"target\":[\"https:\/\/conexion23.com\/?p=23504#respond\"]}]},{\"@type\":\"WebPage\",\"@id\":\"https:\/\/conexion23.com\/?p=23504\",\"url\":\"https:\/\/conexion23.com\/?p=23504\",\"name\":\"Muere agente de Politur en Auto Via del Coral al incerdiarse vehiculo luego de choque. - Conexi\u00f3n 23\",\"isPartOf\":{\"@id\":\"https:\/\/conexion23.com\/#website\"},\"primaryImageOfPage\":{\"@id\":\"https:\/\/conexion23.com\/?p=23504#primaryimage\"},\"image\":{\"@id\":\"https:\/\/conexion23.com\/?p=23504#primaryimage\"},\"thumbnailUrl\":\"https:\/\/conexion23.com\/wp-content\/uploads\/2023\/12\/download-1-5.jpg\",\"datePublished\":\"2023-12-16T12:34:36+00:00\",\"dateModified\":\"2023-12-16T12:34:39+00:00\",\"breadcrumb\":{\"@id\":\"https:\/\/conexion23.com\/?p=23504#breadcrumb\"},\"inLanguage\":\"es\",\"potentialAction\":[{\"@type\":\"ReadAction\",\"target\":[\"https:\/\/conexion23.com\/?p=23504\"]}]},{\"@type\":\"ImageObject\",\"inLanguage\":\"es\",\"@id\":\"https:\/\/conexion23.com\/?p=23504#primaryimage\",\"url\":\"https:\/\/conexion23.com\/wp-content\/uploads\/2023\/12\/download-1-5.jpg\",\"contentUrl\":\"https:\/\/conexion23.com\/wp-content\/uploads\/2023\/12\/download-1-5.jpg\",\"width\":221,\"height\":228},{\"@type\":\"BreadcrumbList\",\"@id\":\"https:\/\/conexion23.com\/?p=23504#breadcrumb\",\"itemListElement\":[{\"@type\":\"ListItem\",\"position\":1,\"name\":\"Portada\",\"item\":\"https:\/\/conexion23.com\/\"},{\"@type\":\"ListItem\",\"position\":2,\"name\":\"Muere agente de Politur en Auto Via del Coral al incerdiarse vehiculo luego de choque.\"}]},{\"@type\":\"WebSite\",\"@id\":\"https:\/\/conexion23.com\/#website\",\"url\":\"https:\/\/conexion23.com\/\",\"name\":\"Conexi\u00f3n 23\",\"description\":\"Peri\u00f3dico 100% Petromacorisano\",\"publisher\":{\"@id\":\"https:\/\/conexion23.com\/#organization\"},\"potentialAction\":[{\"@type\":\"SearchAction\",\"target\":{\"@type\":\"EntryPoint\",\"urlTemplate\":\"https:\/\/conexion23.com\/?s={search_term_string}\"},\"query-input\":{\"@type\":\"PropertyValueSpecification\",\"valueRequired\":true,\"valueName\":\"search_term_string\"}}],\"inLanguage\":\"es\"},{\"@type\":\"Organization\",\"@id\":\"https:\/\/conexion23.com\/#organization\",\"name\":\"Conexion 23\",\"url\":\"https:\/\/conexion23.com\/\",\"logo\":{\"@type\":\"ImageObject\",\"inLanguage\":\"es\",\"@id\":\"https:\/\/conexion23.com\/#\/schema\/logo\/image\/\",\"url\":\"https:\/\/conexion23.com\/wp-content\/uploads\/2021\/11\/Diseno-sin-titulo-2.png\",\"contentUrl\":\"https:\/\/conexion23.com\/wp-content\/uploads\/2021\/11\/Diseno-sin-titulo-2.png\",\"width\":541,\"height\":90,\"caption\":\"Conexion 23\"},\"image\":{\"@id\":\"https:\/\/conexion23.com\/#\/schema\/logo\/image\/\"},\"sameAs\":[\"https:\/\/www.facebook.com\/conexion23com\",\"https:\/\/www.instagram.com\/conexion23com\/\",\"https:\/\/www.youtube.com\/channel\/UCYc7vxxFZMYLIHNsHHxPZ3Q\"]},{\"@type\":\"Person\",\"@id\":\"https:\/\/conexion23.com\/#\/schema\/person\/03e36043331117e97a373299bbcd30a6\",\"name\":\"Raffy Ben\u00edtez\",\"image\":{\"@type\":\"ImageObject\",\"inLanguage\":\"es\",\"@id\":\"https:\/\/conexion23.com\/#\/schema\/person\/image\/\",\"url\":\"https:\/\/secure.gravatar.com\/avatar\/3190a6a6c5e1b0327500f7d6c56b6242472ee6cb974cf09b401ee6b3b0798f23?s=96&d=mm&r=g\",\"contentUrl\":\"https:\/\/secure.gravatar.com\/avatar\/3190a6a6c5e1b0327500f7d6c56b6242472ee6cb974cf09b401ee6b3b0798f23?s=96&d=mm&r=g\",\"caption\":\"Raffy Ben\u00edtez\"},\"url\":\"https:\/\/conexion23.com\/?author=15\"}]}<\/script>\n<!-- \/ Yoast SEO plugin. -->","yoast_head_json":{"title":"Muere agente de Politur en Auto Via del Coral al incerdiarse vehiculo luego de choque. - Conexi\u00f3n 23","robots":{"index":"index","follow":"follow","max-snippet":"max-snippet:-1","max-image-preview":"max-image-preview:large","max-video-preview":"max-video-preview:-1"},"canonical":"https:\/\/conexion23.com\/?p=23504","og_locale":"es_ES","og_type":"article","og_title":"Muere agente de Politur en Auto Via del Coral al incerdiarse vehiculo luego de choque. - Conexi\u00f3n 23","og_description":"Falleci\u00f3 mientras recib\u00eda atenciones m\u00e9dicas&nbsp;en un centro m\u00e9dico&nbsp;del area tur\u00edstica, un agente de Politur que result\u00f3 con quemaduras luego de producirse un accidente entre el veh\u00edculo que este conduc\u00eda Manuel Antonio Luna Mojica&nbsp;de 25 anos, muri\u00f3&nbsp;a causa de los golpes y quemaduras que sufri\u00f3&nbsp;tras un choque con otro veh\u00edculo&nbsp;en el Km 28 proximo al paraje&nbsp;Chin [&hellip;]","og_url":"https:\/\/conexion23.com\/?p=23504","og_site_name":"Conexi\u00f3n 23","article_publisher":"https:\/\/www.facebook.com\/conexion23com","article_published_time":"2023-12-16T12:34:36+00:00","article_modified_time":"2023-12-16T12:34:39+00:00","og_image":[{"width":221,"height":228,"url":"https:\/\/conexion23.com\/wp-content\/uploads\/2023\/12\/download-1-5.jpg","type":"image\/jpeg"}],"author":"Raffy Ben\u00edtez","twitter_card":"summary_large_image","twitter_misc":{"Escrito por":"Raffy Ben\u00edtez","Tiempo de lectura":"1 minuto"},"schema":{"@context":"https:\/\/schema.org","@graph":[{"@type":"Article","@id":"https:\/\/conexion23.com\/?p=23504#article","isPartOf":{"@id":"https:\/\/conexion23.com\/?p=23504"},"author":{"name":"Raffy Ben\u00edtez","@id":"https:\/\/conexion23.com\/#\/schema\/person\/03e36043331117e97a373299bbcd30a6"},"headline":"Muere agente de Politur en Auto Via del Coral al incerdiarse vehiculo luego de choque.","datePublished":"2023-12-16T12:34:36+00:00","dateModified":"2023-12-16T12:34:39+00:00","mainEntityOfPage":{"@id":"https:\/\/conexion23.com\/?p=23504"},"wordCount":196,"commentCount":0,"publisher":{"@id":"https:\/\/conexion23.com\/#organization"},"image":{"@id":"https:\/\/conexion23.com\/?p=23504#primaryimage"},"thumbnailUrl":"https:\/\/conexion23.com\/wp-content\/uploads\/2023\/12\/download-1-5.jpg","articleSection":["La Altagracia"],"inLanguage":"es","potentialAction":[{"@type":"CommentAction","name":"Comment","target":["https:\/\/conexion23.com\/?p=23504#respond"]}]},{"@type":"WebPage","@id":"https:\/\/conexion23.com\/?p=23504","url":"https:\/\/conexion23.com\/?p=23504","name":"Muere agente de Politur en Auto Via del Coral al incerdiarse vehiculo luego de choque. - Conexi\u00f3n 23","isPartOf":{"@id":"https:\/\/conexion23.com\/#website"},"primaryImageOfPage":{"@id":"https:\/\/conexion23.com\/?p=23504#primaryimage"},"image":{"@id":"https:\/\/conexion23.com\/?p=23504#primaryimage"},"thumbnailUrl":"https:\/\/conexion23.com\/wp-content\/uploads\/2023\/12\/download-1-5.jpg","datePublished":"2023-12-16T12:34:36+00:00","dateModified":"2023-12-16T12:34:39+00:00","breadcrumb":{"@id":"https:\/\/conexion23.com\/?p=23504#breadcrumb"},"inLanguage":"es","potentialAction":[{"@type":"ReadAction","target":["https:\/\/conexion23.com\/?p=23504"]}]},{"@type":"ImageObject","inLanguage":"es","@id":"https:\/\/conexion23.com\/?p=23504#primaryimage","url":"https:\/\/conexion23.com\/wp-content\/uploads\/2023\/12\/download-1-5.jpg","contentUrl":"https:\/\/conexion23.com\/wp-content\/uploads\/2023\/12\/download-1-5.jpg","width":221,"height":228},{"@type":"BreadcrumbList","@id":"https:\/\/conexion23.com\/?p=23504#breadcrumb","itemListElement":[{"@type":"ListItem","position":1,"name":"Portada","item":"https:\/\/conexion23.com\/"},{"@type":"ListItem","position":2,"name":"Muere agente de Politur en Auto Via del Coral al incerdiarse vehiculo luego de choque."}]},{"@type":"WebSite","@id":"https:\/\/conexion23.com\/#website","url":"https:\/\/conexion23.com\/","name":"Conexi\u00f3n 23","description":"Peri\u00f3dico 100% Petromacorisano","publisher":{"@id":"https:\/\/conexion23.com\/#organization"},"potentialAction":[{"@type":"SearchAction","target":{"@type":"EntryPoint","urlTemplate":"https:\/\/conexion23.com\/?s={search_term_string}"},"query-input":{"@type":"PropertyValueSpecification","valueRequired":true,"valueName":"search_term_string"}}],"inLanguage":"es"},{"@type":"Organization","@id":"https:\/\/conexion23.com\/#organization","name":"Conexion 23","url":"https:\/\/conexion23.com\/","logo":{"@type":"ImageObject","inLanguage":"es","@id":"https:\/\/conexion23.com\/#\/schema\/logo\/image\/","url":"https:\/\/conexion23.com\/wp-content\/uploads\/2021\/11\/Diseno-sin-titulo-2.png","contentUrl":"https:\/\/conexion23.com\/wp-content\/uploads\/2021\/11\/Diseno-sin-titulo-2.png","width":541,"height":90,"caption":"Conexion 23"},"image":{"@id":"https:\/\/conexion23.com\/#\/schema\/logo\/image\/"},"sameAs":["https:\/\/www.facebook.com\/conexion23com","https:\/\/www.instagram.com\/conexion23com\/","https:\/\/www.youtube.com\/channel\/UCYc7vxxFZMYLIHNsHHxPZ3Q"]},{"@type":"Person","@id":"https:\/\/conexion23.com\/#\/schema\/person\/03e36043331117e97a373299bbcd30a6","name":"Raffy Ben\u00edtez","image":{"@type":"ImageObject","inLanguage":"es","@id":"https:\/\/conexion23.com\/#\/schema\/person\/image\/","url":"https:\/\/secure.gravatar.com\/avatar\/3190a6a6c5e1b0327500f7d6c56b6242472ee6cb974cf09b401ee6b3b0798f23?s=96&d=mm&r=g","contentUrl":"https:\/\/secure.gravatar.com\/avatar\/3190a6a6c5e1b0327500f7d6c56b6242472ee6cb974cf09b401ee6b3b0798f23?s=96&d=mm&r=g","caption":"Raffy Ben\u00edtez"},"url":"https:\/\/conexion23.com\/?author=15"}]}},"_links":{"self":[{"href":"https:\/\/conexion23.com\/index.php?rest_route=\/wp\/v2\/posts\/23504","targetHints":{"allow":["GET"]}}],"collection":[{"href":"https:\/\/conexion23.com\/index.php?rest_route=\/wp\/v2\/posts"}],"about":[{"href":"https:\/\/conexion23.com\/index.php?rest_route=\/wp\/v2\/types\/post"}],"author":[{"embeddable":true,"href":"https:\/\/conexion23.com\/index.php?rest_route=\/wp\/v2\/users\/15"}],"replies":[{"embeddable":true,"href":"https:\/\/conexion23.com\/index.php?rest_route=%2Fwp%2Fv2%2Fcomments&post=23504"}],"version-history":[{"count":1,"href":"https:\/\/conexion23.com\/index.php?rest_route=\/wp\/v2\/posts\/23504\/revisions"}],"predecessor-version":[{"id":23506,"href":"https:\/\/conexion23.com\/index.php?rest_route=\/wp\/v2\/posts\/23504\/revisions\/23506"}],"wp:featuredmedia":[{"embeddable":true,"href":"https:\/\/conexion23.com\/index.php?rest_route=\/wp\/v2\/media\/23505"}],"wp:attachment":[{"href":"https:\/\/conexion23.com\/index.php?rest_route=%2Fwp%2Fv2%2Fmedia&parent=23504"}],"wp:term":[{"taxonomy":"category","embeddable":true,"href":"https:\/\/conexion23.com\/index.php?rest_route=%2Fwp%2Fv2%2Fcategories&post=23504"},{"taxonomy":"post_tag","embeddable":true,"href":"https:\/\/conexion23.com\/index.php?rest_route=%2Fwp%2Fv2%2Ftags&post=23504"}],"curies":[{"name":"wp","href":"https:\/\/api.w.org\/{rel}","templated":true}]}}