{"id":23564,"date":"2023-12-20T08:27:18","date_gmt":"2023-12-20T12:27:18","guid":{"rendered":"https:\/\/conexion23.com\/?p=23564"},"modified":"2023-12-20T08:27:20","modified_gmt":"2023-12-20T12:27:20","slug":"sergio-cedeno-presento-propuestas-para-el-sector-de-fe-de-san-pedro-de-macoris","status":"publish","type":"post","link":"https:\/\/conexion23.com\/?p=23564","title":{"rendered":"Sergio Cede\u00f1o present\u00f3 propuestas para el Sector de Fe de San Pedro de Macor\u00eds."},"content":{"rendered":"\n<p>En una cena especial con el sector de fe realizada anoche en el Club de Leones, Sergio Cede\u00f1o, candidato a la alcald\u00eda por el Partido de la Liberaci\u00f3n Dominicana y aliados; present\u00f3 una serie de propuestas claves para fortalecer la colaboraci\u00f3n entre el Ayuntamiento y las iglesias locales. Con la presencia del exalcalde Tony Echavarr\u00eda quien apoy\u00f3 bastante a las iglesias. A pesar de retirarse temprano debido a compromisos familiares, Echavarr\u00eda estuvo presente en el evento, reiterando su apoyo a la candidatura de Cede\u00f1o.<\/p>\n\n\n\n<p>Entre las propuestas claves se encuentran:<\/p>\n\n\n\n<p>-Duplicar las ayudas a las iglesias, siguiendo el modelo de la gesti\u00f3n anterior que encabez\u00f3 el Arq. Tony Echavarr\u00eda.<\/p>\n\n\n\n<p>-Incluir nuevos actores como la Confraternidad de J\u00f3venes Cristianos, capellanes y evangelistas en las ayudas municipales.<\/p>\n\n\n\n<p>-Reservar el 10% de los empleos municipales para las iglesias.<\/p>\n\n\n\n<p>-Asignar el 30% de las becas universitarias a instituciones religiosas.<\/p>\n\n\n\n<p>-Nombrar representantes de las iglesias en minicabildos y posiciones de alto nivel en el Ayuntamiento.<\/p>\n\n\n\n<p>-Designar un representante en el Consejo Municipal de Desarrollo Econ\u00f3mico y Social.<\/p>\n\n\n\n<p>-Incluir representantes en los departamentos de Relaciones Internacionales y Cooperaci\u00f3n Internacional.<br>Promover la contrataci\u00f3n de j\u00f3venes cristianos en \u00e1reas clave como educaci\u00f3n ciudadana y recaudaci\u00f3n de impuestos.<\/p>\n\n\n\n<p>Adem\u00e1s, Cede\u00f1o propuso iniciativas innovadoras, como la creaci\u00f3n de una editorial municipal para promover libros de escritores cristianos, los Juegos Deportivos y Culturales Cristianos, y la gesti\u00f3n de fondos internacionales para programas sociales de las iglesias.<\/p>\n\n\n\n<p>El candidato tambi\u00e9n destac\u00f3 la importancia de un Consejo permanente de cinco representantes de las iglesias para asesorar la gesti\u00f3n municipal. Estas propuestas reflejan el compromiso de Cede\u00f1o con el fortalecimiento de la colaboraci\u00f3n entre el Ayuntamiento y el sector de fe, buscando impulsar el desarrollo integral de San Pedro de Macor\u00eds.<\/p>\n","protected":false},"excerpt":{"rendered":"<p>En una cena especial con el sector de fe realizada anoche en el Club de Leones, Sergio Cede\u00f1o, candidato a la alcald\u00eda por el Partido de la Liberaci\u00f3n Dominicana y aliados; present\u00f3 una serie de propuestas claves para fortalecer la colaboraci\u00f3n entre el Ayuntamiento y las iglesias locales. Con la presencia del exalcalde Tony Echavarr\u00eda [&hellip;]<\/p>\n","protected":false},"author":15,"featured_media":23565,"comment_status":"open","ping_status":"open","sticky":false,"template":"","format":"standard","meta":{"footnotes":""},"categories":[35],"tags":[],"class_list":{"0":"post-23564","1":"post","2":"type-post","3":"status-publish","4":"format-standard","5":"has-post-thumbnail","7":"category-spm"},"yoast_head":"<!-- This site is optimized with the Yoast SEO plugin v27.1.1 - https:\/\/yoast.com\/product\/yoast-seo-wordpress\/ -->\n<title>Sergio Cede\u00f1o present\u00f3 propuestas para el Sector de Fe de San Pedro de Macor\u00eds. - Conexi\u00f3n 23<\/title>\n<meta name=\"robots\" content=\"index, follow, max-snippet:-1, max-image-preview:large, max-video-preview:-1\" \/>\n<link rel=\"canonical\" href=\"https:\/\/conexion23.com\/?p=23564\" \/>\n<meta property=\"og:locale\" content=\"es_ES\" \/>\n<meta property=\"og:type\" content=\"article\" \/>\n<meta property=\"og:title\" content=\"Sergio Cede\u00f1o present\u00f3 propuestas para el Sector de Fe de San Pedro de Macor\u00eds. - Conexi\u00f3n 23\" \/>\n<meta property=\"og:description\" content=\"En una cena especial con el sector de fe realizada anoche en el Club de Leones, Sergio Cede\u00f1o, candidato a la alcald\u00eda por el Partido de la Liberaci\u00f3n Dominicana y aliados; present\u00f3 una serie de propuestas claves para fortalecer la colaboraci\u00f3n entre el Ayuntamiento y las iglesias locales. Con la presencia del exalcalde Tony Echavarr\u00eda [&hellip;]\" \/>\n<meta property=\"og:url\" content=\"https:\/\/conexion23.com\/?p=23564\" \/>\n<meta property=\"og:site_name\" content=\"Conexi\u00f3n 23\" \/>\n<meta property=\"article:publisher\" content=\"https:\/\/www.facebook.com\/conexion23com\" \/>\n<meta property=\"article:published_time\" content=\"2023-12-20T12:27:18+00:00\" \/>\n<meta property=\"article:modified_time\" content=\"2023-12-20T12:27:20+00:00\" \/>\n<meta property=\"og:image\" content=\"https:\/\/conexion23.com\/wp-content\/uploads\/2023\/12\/36c0a99a-9223-4e5d-a577-7cde4988019b.jpg\" \/>\n\t<meta property=\"og:image:width\" content=\"1320\" \/>\n\t<meta property=\"og:image:height\" content=\"1405\" \/>\n\t<meta property=\"og:image:type\" content=\"image\/jpeg\" \/>\n<meta name=\"author\" content=\"Raffy Ben\u00edtez\" \/>\n<meta name=\"twitter:card\" content=\"summary_large_image\" \/>\n<meta name=\"twitter:label1\" content=\"Escrito por\" \/>\n\t<meta name=\"twitter:data1\" content=\"Raffy Ben\u00edtez\" \/>\n\t<meta name=\"twitter:label2\" content=\"Tiempo de lectura\" \/>\n\t<meta name=\"twitter:data2\" content=\"2 minutos\" \/>\n<script type=\"application\/ld+json\" class=\"yoast-schema-graph\">{\"@context\":\"https:\/\/schema.org\",\"@graph\":[{\"@type\":\"Article\",\"@id\":\"https:\/\/conexion23.com\/?p=23564#article\",\"isPartOf\":{\"@id\":\"https:\/\/conexion23.com\/?p=23564\"},\"author\":{\"name\":\"Raffy Ben\u00edtez\",\"@id\":\"https:\/\/conexion23.com\/#\/schema\/person\/03e36043331117e97a373299bbcd30a6\"},\"headline\":\"Sergio Cede\u00f1o present\u00f3 propuestas para el Sector de Fe de San Pedro de Macor\u00eds.\",\"datePublished\":\"2023-12-20T12:27:18+00:00\",\"dateModified\":\"2023-12-20T12:27:20+00:00\",\"mainEntityOfPage\":{\"@id\":\"https:\/\/conexion23.com\/?p=23564\"},\"wordCount\":326,\"commentCount\":0,\"publisher\":{\"@id\":\"https:\/\/conexion23.com\/#organization\"},\"image\":{\"@id\":\"https:\/\/conexion23.com\/?p=23564#primaryimage\"},\"thumbnailUrl\":\"https:\/\/conexion23.com\/wp-content\/uploads\/2023\/12\/36c0a99a-9223-4e5d-a577-7cde4988019b.jpg\",\"articleSection\":[\"SPM\"],\"inLanguage\":\"es\",\"potentialAction\":[{\"@type\":\"CommentAction\",\"name\":\"Comment\",\"target\":[\"https:\/\/conexion23.com\/?p=23564#respond\"]}]},{\"@type\":\"WebPage\",\"@id\":\"https:\/\/conexion23.com\/?p=23564\",\"url\":\"https:\/\/conexion23.com\/?p=23564\",\"name\":\"Sergio Cede\u00f1o present\u00f3 propuestas para el Sector de Fe de San Pedro de Macor\u00eds. - Conexi\u00f3n 23\",\"isPartOf\":{\"@id\":\"https:\/\/conexion23.com\/#website\"},\"primaryImageOfPage\":{\"@id\":\"https:\/\/conexion23.com\/?p=23564#primaryimage\"},\"image\":{\"@id\":\"https:\/\/conexion23.com\/?p=23564#primaryimage\"},\"thumbnailUrl\":\"https:\/\/conexion23.com\/wp-content\/uploads\/2023\/12\/36c0a99a-9223-4e5d-a577-7cde4988019b.jpg\",\"datePublished\":\"2023-12-20T12:27:18+00:00\",\"dateModified\":\"2023-12-20T12:27:20+00:00\",\"breadcrumb\":{\"@id\":\"https:\/\/conexion23.com\/?p=23564#breadcrumb\"},\"inLanguage\":\"es\",\"potentialAction\":[{\"@type\":\"ReadAction\",\"target\":[\"https:\/\/conexion23.com\/?p=23564\"]}]},{\"@type\":\"ImageObject\",\"inLanguage\":\"es\",\"@id\":\"https:\/\/conexion23.com\/?p=23564#primaryimage\",\"url\":\"https:\/\/conexion23.com\/wp-content\/uploads\/2023\/12\/36c0a99a-9223-4e5d-a577-7cde4988019b.jpg\",\"contentUrl\":\"https:\/\/conexion23.com\/wp-content\/uploads\/2023\/12\/36c0a99a-9223-4e5d-a577-7cde4988019b.jpg\",\"width\":1320,\"height\":1405},{\"@type\":\"BreadcrumbList\",\"@id\":\"https:\/\/conexion23.com\/?p=23564#breadcrumb\",\"itemListElement\":[{\"@type\":\"ListItem\",\"position\":1,\"name\":\"Portada\",\"item\":\"https:\/\/conexion23.com\/\"},{\"@type\":\"ListItem\",\"position\":2,\"name\":\"Sergio Cede\u00f1o present\u00f3 propuestas para el Sector de Fe de San Pedro de Macor\u00eds.\"}]},{\"@type\":\"WebSite\",\"@id\":\"https:\/\/conexion23.com\/#website\",\"url\":\"https:\/\/conexion23.com\/\",\"name\":\"Conexi\u00f3n 23\",\"description\":\"Peri\u00f3dico 100% Petromacorisano\",\"publisher\":{\"@id\":\"https:\/\/conexion23.com\/#organization\"},\"potentialAction\":[{\"@type\":\"SearchAction\",\"target\":{\"@type\":\"EntryPoint\",\"urlTemplate\":\"https:\/\/conexion23.com\/?s={search_term_string}\"},\"query-input\":{\"@type\":\"PropertyValueSpecification\",\"valueRequired\":true,\"valueName\":\"search_term_string\"}}],\"inLanguage\":\"es\"},{\"@type\":\"Organization\",\"@id\":\"https:\/\/conexion23.com\/#organization\",\"name\":\"Conexion 23\",\"url\":\"https:\/\/conexion23.com\/\",\"logo\":{\"@type\":\"ImageObject\",\"inLanguage\":\"es\",\"@id\":\"https:\/\/conexion23.com\/#\/schema\/logo\/image\/\",\"url\":\"https:\/\/conexion23.com\/wp-content\/uploads\/2021\/11\/Diseno-sin-titulo-2.png\",\"contentUrl\":\"https:\/\/conexion23.com\/wp-content\/uploads\/2021\/11\/Diseno-sin-titulo-2.png\",\"width\":541,\"height\":90,\"caption\":\"Conexion 23\"},\"image\":{\"@id\":\"https:\/\/conexion23.com\/#\/schema\/logo\/image\/\"},\"sameAs\":[\"https:\/\/www.facebook.com\/conexion23com\",\"https:\/\/www.instagram.com\/conexion23com\/\",\"https:\/\/www.youtube.com\/channel\/UCYc7vxxFZMYLIHNsHHxPZ3Q\"]},{\"@type\":\"Person\",\"@id\":\"https:\/\/conexion23.com\/#\/schema\/person\/03e36043331117e97a373299bbcd30a6\",\"name\":\"Raffy Ben\u00edtez\",\"image\":{\"@type\":\"ImageObject\",\"inLanguage\":\"es\",\"@id\":\"https:\/\/conexion23.com\/#\/schema\/person\/image\/\",\"url\":\"https:\/\/secure.gravatar.com\/avatar\/3190a6a6c5e1b0327500f7d6c56b6242472ee6cb974cf09b401ee6b3b0798f23?s=96&d=mm&r=g\",\"contentUrl\":\"https:\/\/secure.gravatar.com\/avatar\/3190a6a6c5e1b0327500f7d6c56b6242472ee6cb974cf09b401ee6b3b0798f23?s=96&d=mm&r=g\",\"caption\":\"Raffy Ben\u00edtez\"},\"url\":\"https:\/\/conexion23.com\/?author=15\"}]}<\/script>\n<!-- \/ Yoast SEO plugin. -->","yoast_head_json":{"title":"Sergio Cede\u00f1o present\u00f3 propuestas para el Sector de Fe de San Pedro de Macor\u00eds. - Conexi\u00f3n 23","robots":{"index":"index","follow":"follow","max-snippet":"max-snippet:-1","max-image-preview":"max-image-preview:large","max-video-preview":"max-video-preview:-1"},"canonical":"https:\/\/conexion23.com\/?p=23564","og_locale":"es_ES","og_type":"article","og_title":"Sergio Cede\u00f1o present\u00f3 propuestas para el Sector de Fe de San Pedro de Macor\u00eds. - Conexi\u00f3n 23","og_description":"En una cena especial con el sector de fe realizada anoche en el Club de Leones, Sergio Cede\u00f1o, candidato a la alcald\u00eda por el Partido de la Liberaci\u00f3n Dominicana y aliados; present\u00f3 una serie de propuestas claves para fortalecer la colaboraci\u00f3n entre el Ayuntamiento y las iglesias locales. Con la presencia del exalcalde Tony Echavarr\u00eda [&hellip;]","og_url":"https:\/\/conexion23.com\/?p=23564","og_site_name":"Conexi\u00f3n 23","article_publisher":"https:\/\/www.facebook.com\/conexion23com","article_published_time":"2023-12-20T12:27:18+00:00","article_modified_time":"2023-12-20T12:27:20+00:00","og_image":[{"width":1320,"height":1405,"url":"https:\/\/conexion23.com\/wp-content\/uploads\/2023\/12\/36c0a99a-9223-4e5d-a577-7cde4988019b.jpg","type":"image\/jpeg"}],"author":"Raffy Ben\u00edtez","twitter_card":"summary_large_image","twitter_misc":{"Escrito por":"Raffy Ben\u00edtez","Tiempo de lectura":"2 minutos"},"schema":{"@context":"https:\/\/schema.org","@graph":[{"@type":"Article","@id":"https:\/\/conexion23.com\/?p=23564#article","isPartOf":{"@id":"https:\/\/conexion23.com\/?p=23564"},"author":{"name":"Raffy Ben\u00edtez","@id":"https:\/\/conexion23.com\/#\/schema\/person\/03e36043331117e97a373299bbcd30a6"},"headline":"Sergio Cede\u00f1o present\u00f3 propuestas para el Sector de Fe de San Pedro de Macor\u00eds.","datePublished":"2023-12-20T12:27:18+00:00","dateModified":"2023-12-20T12:27:20+00:00","mainEntityOfPage":{"@id":"https:\/\/conexion23.com\/?p=23564"},"wordCount":326,"commentCount":0,"publisher":{"@id":"https:\/\/conexion23.com\/#organization"},"image":{"@id":"https:\/\/conexion23.com\/?p=23564#primaryimage"},"thumbnailUrl":"https:\/\/conexion23.com\/wp-content\/uploads\/2023\/12\/36c0a99a-9223-4e5d-a577-7cde4988019b.jpg","articleSection":["SPM"],"inLanguage":"es","potentialAction":[{"@type":"CommentAction","name":"Comment","target":["https:\/\/conexion23.com\/?p=23564#respond"]}]},{"@type":"WebPage","@id":"https:\/\/conexion23.com\/?p=23564","url":"https:\/\/conexion23.com\/?p=23564","name":"Sergio Cede\u00f1o present\u00f3 propuestas para el Sector de Fe de San Pedro de Macor\u00eds. - Conexi\u00f3n 23","isPartOf":{"@id":"https:\/\/conexion23.com\/#website"},"primaryImageOfPage":{"@id":"https:\/\/conexion23.com\/?p=23564#primaryimage"},"image":{"@id":"https:\/\/conexion23.com\/?p=23564#primaryimage"},"thumbnailUrl":"https:\/\/conexion23.com\/wp-content\/uploads\/2023\/12\/36c0a99a-9223-4e5d-a577-7cde4988019b.jpg","datePublished":"2023-12-20T12:27:18+00:00","dateModified":"2023-12-20T12:27:20+00:00","breadcrumb":{"@id":"https:\/\/conexion23.com\/?p=23564#breadcrumb"},"inLanguage":"es","potentialAction":[{"@type":"ReadAction","target":["https:\/\/conexion23.com\/?p=23564"]}]},{"@type":"ImageObject","inLanguage":"es","@id":"https:\/\/conexion23.com\/?p=23564#primaryimage","url":"https:\/\/conexion23.com\/wp-content\/uploads\/2023\/12\/36c0a99a-9223-4e5d-a577-7cde4988019b.jpg","contentUrl":"https:\/\/conexion23.com\/wp-content\/uploads\/2023\/12\/36c0a99a-9223-4e5d-a577-7cde4988019b.jpg","width":1320,"height":1405},{"@type":"BreadcrumbList","@id":"https:\/\/conexion23.com\/?p=23564#breadcrumb","itemListElement":[{"@type":"ListItem","position":1,"name":"Portada","item":"https:\/\/conexion23.com\/"},{"@type":"ListItem","position":2,"name":"Sergio Cede\u00f1o present\u00f3 propuestas para el Sector de Fe de San Pedro de Macor\u00eds."}]},{"@type":"WebSite","@id":"https:\/\/conexion23.com\/#website","url":"https:\/\/conexion23.com\/","name":"Conexi\u00f3n 23","description":"Peri\u00f3dico 100% Petromacorisano","publisher":{"@id":"https:\/\/conexion23.com\/#organization"},"potentialAction":[{"@type":"SearchAction","target":{"@type":"EntryPoint","urlTemplate":"https:\/\/conexion23.com\/?s={search_term_string}"},"query-input":{"@type":"PropertyValueSpecification","valueRequired":true,"valueName":"search_term_string"}}],"inLanguage":"es"},{"@type":"Organization","@id":"https:\/\/conexion23.com\/#organization","name":"Conexion 23","url":"https:\/\/conexion23.com\/","logo":{"@type":"ImageObject","inLanguage":"es","@id":"https:\/\/conexion23.com\/#\/schema\/logo\/image\/","url":"https:\/\/conexion23.com\/wp-content\/uploads\/2021\/11\/Diseno-sin-titulo-2.png","contentUrl":"https:\/\/conexion23.com\/wp-content\/uploads\/2021\/11\/Diseno-sin-titulo-2.png","width":541,"height":90,"caption":"Conexion 23"},"image":{"@id":"https:\/\/conexion23.com\/#\/schema\/logo\/image\/"},"sameAs":["https:\/\/www.facebook.com\/conexion23com","https:\/\/www.instagram.com\/conexion23com\/","https:\/\/www.youtube.com\/channel\/UCYc7vxxFZMYLIHNsHHxPZ3Q"]},{"@type":"Person","@id":"https:\/\/conexion23.com\/#\/schema\/person\/03e36043331117e97a373299bbcd30a6","name":"Raffy Ben\u00edtez","image":{"@type":"ImageObject","inLanguage":"es","@id":"https:\/\/conexion23.com\/#\/schema\/person\/image\/","url":"https:\/\/secure.gravatar.com\/avatar\/3190a6a6c5e1b0327500f7d6c56b6242472ee6cb974cf09b401ee6b3b0798f23?s=96&d=mm&r=g","contentUrl":"https:\/\/secure.gravatar.com\/avatar\/3190a6a6c5e1b0327500f7d6c56b6242472ee6cb974cf09b401ee6b3b0798f23?s=96&d=mm&r=g","caption":"Raffy Ben\u00edtez"},"url":"https:\/\/conexion23.com\/?author=15"}]}},"_links":{"self":[{"href":"https:\/\/conexion23.com\/index.php?rest_route=\/wp\/v2\/posts\/23564","targetHints":{"allow":["GET"]}}],"collection":[{"href":"https:\/\/conexion23.com\/index.php?rest_route=\/wp\/v2\/posts"}],"about":[{"href":"https:\/\/conexion23.com\/index.php?rest_route=\/wp\/v2\/types\/post"}],"author":[{"embeddable":true,"href":"https:\/\/conexion23.com\/index.php?rest_route=\/wp\/v2\/users\/15"}],"replies":[{"embeddable":true,"href":"https:\/\/conexion23.com\/index.php?rest_route=%2Fwp%2Fv2%2Fcomments&post=23564"}],"version-history":[{"count":1,"href":"https:\/\/conexion23.com\/index.php?rest_route=\/wp\/v2\/posts\/23564\/revisions"}],"predecessor-version":[{"id":23566,"href":"https:\/\/conexion23.com\/index.php?rest_route=\/wp\/v2\/posts\/23564\/revisions\/23566"}],"wp:featuredmedia":[{"embeddable":true,"href":"https:\/\/conexion23.com\/index.php?rest_route=\/wp\/v2\/media\/23565"}],"wp:attachment":[{"href":"https:\/\/conexion23.com\/index.php?rest_route=%2Fwp%2Fv2%2Fmedia&parent=23564"}],"wp:term":[{"taxonomy":"category","embeddable":true,"href":"https:\/\/conexion23.com\/index.php?rest_route=%2Fwp%2Fv2%2Fcategories&post=23564"},{"taxonomy":"post_tag","embeddable":true,"href":"https:\/\/conexion23.com\/index.php?rest_route=%2Fwp%2Fv2%2Ftags&post=23564"}],"curies":[{"name":"wp","href":"https:\/\/api.w.org\/{rel}","templated":true}]}}