{"id":23567,"date":"2023-12-20T08:41:31","date_gmt":"2023-12-20T12:41:31","guid":{"rendered":"https:\/\/conexion23.com\/?p=23567"},"modified":"2023-12-20T08:41:33","modified_gmt":"2023-12-20T12:41:33","slug":"aceras-siguen-ocupadas-por-vendedores-del-mercado-municipal-de-san-pedro-de-macoris","status":"publish","type":"post","link":"https:\/\/conexion23.com\/?p=23567","title":{"rendered":"Aceras siguen ocupadas por vendedores del\u00a0mercado municipal de San Pedro de Macor\u00eds."},"content":{"rendered":"\n<p>Las aceras y calles, contin\u00faan siendo ocupadas completamente por vendedores del mercado municipal, en esta ciudad, quienes alegan que es el \u00fanico espacio de que disponen para colocar sus productos, constituy\u00e9ndose esto en uno de los principales problemas que afecta a quienes acuden al mercado municipal, situaci\u00f3n que ha provocado que muchos clientes que acostumbraban a acudir a esa plaza p\u00fablica, se est\u00e9n alejando de la misma.<\/p>\n\n\n\n<p>Cada ma\u00f1ana, cuando acude la mayor cantidad de compradores, la calle Hermanas Mirabal se convierte en un verdadero caos ya que aparte de los productos que obstaculizan la v\u00eda, muchos conductores circulan en v\u00eda contraria, haciendo m\u00e1s dif\u00edcil el desplazamiento.<\/p>\n\n\n\n<p>&nbsp;Mercedes Ortiz, cliente frecuente del mercado municipal, sostuvo que acude tres veces por semana a abastecerse de los productos frescos que all\u00ed se comercializan, pero entiende que el desorden imperante constituye un factor en contra de la citada plaza p\u00fablica, por lo que considera que las autoridades deben prestar mayor atenci\u00f3n a esta situaci\u00f3n. Sostuvo que el caos all\u00ed se est\u00e1 tornando bastante inc\u00f3modo por el desorden en el tr\u00e1nsito y tambi\u00e9n porque los vendedores no respetan las aceras, \u00fanicos espacios para poder caminar.<\/p>\n\n\n\n<p>\u201cMire c\u00f3mo va esa camioneta en v\u00eda contraria y eso hace que se entapone toda esta calle, porque aqu\u00ed no se ve un agente de la Digesett que pueda poner control en esto. Conozco gente que acostumbraban a venir aqu\u00ed a comprar todos los d\u00edas y han dejado de venir por el desorden que hay aqu\u00ed\u201d, sostuvo Ortiz.<\/p>\n\n\n\n<p>Mientras que vendedores que tienen sus productos en la acera, expresaron que lo colocan en ese espacio porque no existen m\u00e1s lugares para colocarse, por lo que hicieron un llamado a las autoridades del mercado para buscar una soluci\u00f3n frente a esta situaci\u00f3n<\/p>\n\n\n\n<p>Dijeron que hace unos a\u00f1os el mercado ten\u00eda una vigilancia de miembros de la Digesett que pon\u00edan el control en el tr\u00e1nsito, pero que hace tiempo los mismos han desaparecido del lugar, lo que ha originado que los conductores transiten en v\u00eda contraria produciendo el caos a la vista de todos.<\/p>\n","protected":false},"excerpt":{"rendered":"<p>Las aceras y calles, contin\u00faan siendo ocupadas completamente por vendedores del mercado municipal, en esta ciudad, quienes alegan que es el \u00fanico espacio de que disponen para colocar sus productos, constituy\u00e9ndose esto en uno de los principales problemas que afecta a quienes acuden al mercado municipal, situaci\u00f3n que ha provocado que muchos clientes que acostumbraban [&hellip;]<\/p>\n","protected":false},"author":15,"featured_media":23568,"comment_status":"open","ping_status":"open","sticky":false,"template":"","format":"standard","meta":{"footnotes":""},"categories":[35],"tags":[],"class_list":{"0":"post-23567","1":"post","2":"type-post","3":"status-publish","4":"format-standard","5":"has-post-thumbnail","7":"category-spm"},"yoast_head":"<!-- This site is optimized with the Yoast SEO plugin v27.1.1 - https:\/\/yoast.com\/product\/yoast-seo-wordpress\/ -->\n<title>Aceras siguen ocupadas por vendedores del\u00a0mercado municipal de San Pedro de Macor\u00eds. - Conexi\u00f3n 23<\/title>\n<meta name=\"robots\" content=\"index, follow, max-snippet:-1, max-image-preview:large, max-video-preview:-1\" \/>\n<link rel=\"canonical\" href=\"https:\/\/conexion23.com\/?p=23567\" \/>\n<meta property=\"og:locale\" content=\"es_ES\" \/>\n<meta property=\"og:type\" content=\"article\" \/>\n<meta property=\"og:title\" content=\"Aceras siguen ocupadas por vendedores del\u00a0mercado municipal de San Pedro de Macor\u00eds. - Conexi\u00f3n 23\" \/>\n<meta property=\"og:description\" content=\"Las aceras y calles, contin\u00faan siendo ocupadas completamente por vendedores del mercado municipal, en esta ciudad, quienes alegan que es el \u00fanico espacio de que disponen para colocar sus productos, constituy\u00e9ndose esto en uno de los principales problemas que afecta a quienes acuden al mercado municipal, situaci\u00f3n que ha provocado que muchos clientes que acostumbraban [&hellip;]\" \/>\n<meta property=\"og:url\" content=\"https:\/\/conexion23.com\/?p=23567\" \/>\n<meta property=\"og:site_name\" content=\"Conexi\u00f3n 23\" \/>\n<meta property=\"article:publisher\" content=\"https:\/\/www.facebook.com\/conexion23com\" \/>\n<meta property=\"article:published_time\" content=\"2023-12-20T12:41:31+00:00\" \/>\n<meta property=\"article:modified_time\" content=\"2023-12-20T12:41:33+00:00\" \/>\n<meta property=\"og:image\" content=\"https:\/\/conexion23.com\/wp-content\/uploads\/2023\/12\/Caos-en-el-mercado-2.webp\" \/>\n\t<meta property=\"og:image:width\" content=\"696\" \/>\n\t<meta property=\"og:image:height\" content=\"518\" \/>\n\t<meta property=\"og:image:type\" content=\"image\/webp\" \/>\n<meta name=\"author\" content=\"Raffy Ben\u00edtez\" \/>\n<meta name=\"twitter:card\" content=\"summary_large_image\" \/>\n<meta name=\"twitter:label1\" content=\"Escrito por\" \/>\n\t<meta name=\"twitter:data1\" content=\"Raffy Ben\u00edtez\" \/>\n\t<meta name=\"twitter:label2\" content=\"Tiempo de lectura\" \/>\n\t<meta name=\"twitter:data2\" content=\"2 minutos\" \/>\n<script type=\"application\/ld+json\" class=\"yoast-schema-graph\">{\"@context\":\"https:\/\/schema.org\",\"@graph\":[{\"@type\":\"Article\",\"@id\":\"https:\/\/conexion23.com\/?p=23567#article\",\"isPartOf\":{\"@id\":\"https:\/\/conexion23.com\/?p=23567\"},\"author\":{\"name\":\"Raffy Ben\u00edtez\",\"@id\":\"https:\/\/conexion23.com\/#\/schema\/person\/03e36043331117e97a373299bbcd30a6\"},\"headline\":\"Aceras siguen ocupadas por vendedores del\u00a0mercado municipal de San Pedro de Macor\u00eds.\",\"datePublished\":\"2023-12-20T12:41:31+00:00\",\"dateModified\":\"2023-12-20T12:41:33+00:00\",\"mainEntityOfPage\":{\"@id\":\"https:\/\/conexion23.com\/?p=23567\"},\"wordCount\":385,\"commentCount\":0,\"publisher\":{\"@id\":\"https:\/\/conexion23.com\/#organization\"},\"image\":{\"@id\":\"https:\/\/conexion23.com\/?p=23567#primaryimage\"},\"thumbnailUrl\":\"https:\/\/conexion23.com\/wp-content\/uploads\/2023\/12\/Caos-en-el-mercado-2.webp\",\"articleSection\":[\"SPM\"],\"inLanguage\":\"es\",\"potentialAction\":[{\"@type\":\"CommentAction\",\"name\":\"Comment\",\"target\":[\"https:\/\/conexion23.com\/?p=23567#respond\"]}]},{\"@type\":\"WebPage\",\"@id\":\"https:\/\/conexion23.com\/?p=23567\",\"url\":\"https:\/\/conexion23.com\/?p=23567\",\"name\":\"Aceras siguen ocupadas por vendedores del\u00a0mercado municipal de San Pedro de Macor\u00eds. - Conexi\u00f3n 23\",\"isPartOf\":{\"@id\":\"https:\/\/conexion23.com\/#website\"},\"primaryImageOfPage\":{\"@id\":\"https:\/\/conexion23.com\/?p=23567#primaryimage\"},\"image\":{\"@id\":\"https:\/\/conexion23.com\/?p=23567#primaryimage\"},\"thumbnailUrl\":\"https:\/\/conexion23.com\/wp-content\/uploads\/2023\/12\/Caos-en-el-mercado-2.webp\",\"datePublished\":\"2023-12-20T12:41:31+00:00\",\"dateModified\":\"2023-12-20T12:41:33+00:00\",\"breadcrumb\":{\"@id\":\"https:\/\/conexion23.com\/?p=23567#breadcrumb\"},\"inLanguage\":\"es\",\"potentialAction\":[{\"@type\":\"ReadAction\",\"target\":[\"https:\/\/conexion23.com\/?p=23567\"]}]},{\"@type\":\"ImageObject\",\"inLanguage\":\"es\",\"@id\":\"https:\/\/conexion23.com\/?p=23567#primaryimage\",\"url\":\"https:\/\/conexion23.com\/wp-content\/uploads\/2023\/12\/Caos-en-el-mercado-2.webp\",\"contentUrl\":\"https:\/\/conexion23.com\/wp-content\/uploads\/2023\/12\/Caos-en-el-mercado-2.webp\",\"width\":696,\"height\":518},{\"@type\":\"BreadcrumbList\",\"@id\":\"https:\/\/conexion23.com\/?p=23567#breadcrumb\",\"itemListElement\":[{\"@type\":\"ListItem\",\"position\":1,\"name\":\"Portada\",\"item\":\"https:\/\/conexion23.com\/\"},{\"@type\":\"ListItem\",\"position\":2,\"name\":\"Aceras siguen ocupadas por vendedores del\u00a0mercado municipal de San Pedro de Macor\u00eds.\"}]},{\"@type\":\"WebSite\",\"@id\":\"https:\/\/conexion23.com\/#website\",\"url\":\"https:\/\/conexion23.com\/\",\"name\":\"Conexi\u00f3n 23\",\"description\":\"Peri\u00f3dico 100% Petromacorisano\",\"publisher\":{\"@id\":\"https:\/\/conexion23.com\/#organization\"},\"potentialAction\":[{\"@type\":\"SearchAction\",\"target\":{\"@type\":\"EntryPoint\",\"urlTemplate\":\"https:\/\/conexion23.com\/?s={search_term_string}\"},\"query-input\":{\"@type\":\"PropertyValueSpecification\",\"valueRequired\":true,\"valueName\":\"search_term_string\"}}],\"inLanguage\":\"es\"},{\"@type\":\"Organization\",\"@id\":\"https:\/\/conexion23.com\/#organization\",\"name\":\"Conexion 23\",\"url\":\"https:\/\/conexion23.com\/\",\"logo\":{\"@type\":\"ImageObject\",\"inLanguage\":\"es\",\"@id\":\"https:\/\/conexion23.com\/#\/schema\/logo\/image\/\",\"url\":\"https:\/\/conexion23.com\/wp-content\/uploads\/2021\/11\/Diseno-sin-titulo-2.png\",\"contentUrl\":\"https:\/\/conexion23.com\/wp-content\/uploads\/2021\/11\/Diseno-sin-titulo-2.png\",\"width\":541,\"height\":90,\"caption\":\"Conexion 23\"},\"image\":{\"@id\":\"https:\/\/conexion23.com\/#\/schema\/logo\/image\/\"},\"sameAs\":[\"https:\/\/www.facebook.com\/conexion23com\",\"https:\/\/www.instagram.com\/conexion23com\/\",\"https:\/\/www.youtube.com\/channel\/UCYc7vxxFZMYLIHNsHHxPZ3Q\"]},{\"@type\":\"Person\",\"@id\":\"https:\/\/conexion23.com\/#\/schema\/person\/03e36043331117e97a373299bbcd30a6\",\"name\":\"Raffy Ben\u00edtez\",\"image\":{\"@type\":\"ImageObject\",\"inLanguage\":\"es\",\"@id\":\"https:\/\/conexion23.com\/#\/schema\/person\/image\/\",\"url\":\"https:\/\/secure.gravatar.com\/avatar\/3190a6a6c5e1b0327500f7d6c56b6242472ee6cb974cf09b401ee6b3b0798f23?s=96&d=mm&r=g\",\"contentUrl\":\"https:\/\/secure.gravatar.com\/avatar\/3190a6a6c5e1b0327500f7d6c56b6242472ee6cb974cf09b401ee6b3b0798f23?s=96&d=mm&r=g\",\"caption\":\"Raffy Ben\u00edtez\"},\"url\":\"https:\/\/conexion23.com\/?author=15\"}]}<\/script>\n<!-- \/ Yoast SEO plugin. -->","yoast_head_json":{"title":"Aceras siguen ocupadas por vendedores del\u00a0mercado municipal de San Pedro de Macor\u00eds. - Conexi\u00f3n 23","robots":{"index":"index","follow":"follow","max-snippet":"max-snippet:-1","max-image-preview":"max-image-preview:large","max-video-preview":"max-video-preview:-1"},"canonical":"https:\/\/conexion23.com\/?p=23567","og_locale":"es_ES","og_type":"article","og_title":"Aceras siguen ocupadas por vendedores del\u00a0mercado municipal de San Pedro de Macor\u00eds. - Conexi\u00f3n 23","og_description":"Las aceras y calles, contin\u00faan siendo ocupadas completamente por vendedores del mercado municipal, en esta ciudad, quienes alegan que es el \u00fanico espacio de que disponen para colocar sus productos, constituy\u00e9ndose esto en uno de los principales problemas que afecta a quienes acuden al mercado municipal, situaci\u00f3n que ha provocado que muchos clientes que acostumbraban [&hellip;]","og_url":"https:\/\/conexion23.com\/?p=23567","og_site_name":"Conexi\u00f3n 23","article_publisher":"https:\/\/www.facebook.com\/conexion23com","article_published_time":"2023-12-20T12:41:31+00:00","article_modified_time":"2023-12-20T12:41:33+00:00","og_image":[{"width":696,"height":518,"url":"https:\/\/conexion23.com\/wp-content\/uploads\/2023\/12\/Caos-en-el-mercado-2.webp","type":"image\/webp"}],"author":"Raffy Ben\u00edtez","twitter_card":"summary_large_image","twitter_misc":{"Escrito por":"Raffy Ben\u00edtez","Tiempo de lectura":"2 minutos"},"schema":{"@context":"https:\/\/schema.org","@graph":[{"@type":"Article","@id":"https:\/\/conexion23.com\/?p=23567#article","isPartOf":{"@id":"https:\/\/conexion23.com\/?p=23567"},"author":{"name":"Raffy Ben\u00edtez","@id":"https:\/\/conexion23.com\/#\/schema\/person\/03e36043331117e97a373299bbcd30a6"},"headline":"Aceras siguen ocupadas por vendedores del\u00a0mercado municipal de San Pedro de Macor\u00eds.","datePublished":"2023-12-20T12:41:31+00:00","dateModified":"2023-12-20T12:41:33+00:00","mainEntityOfPage":{"@id":"https:\/\/conexion23.com\/?p=23567"},"wordCount":385,"commentCount":0,"publisher":{"@id":"https:\/\/conexion23.com\/#organization"},"image":{"@id":"https:\/\/conexion23.com\/?p=23567#primaryimage"},"thumbnailUrl":"https:\/\/conexion23.com\/wp-content\/uploads\/2023\/12\/Caos-en-el-mercado-2.webp","articleSection":["SPM"],"inLanguage":"es","potentialAction":[{"@type":"CommentAction","name":"Comment","target":["https:\/\/conexion23.com\/?p=23567#respond"]}]},{"@type":"WebPage","@id":"https:\/\/conexion23.com\/?p=23567","url":"https:\/\/conexion23.com\/?p=23567","name":"Aceras siguen ocupadas por vendedores del\u00a0mercado municipal de San Pedro de Macor\u00eds. - Conexi\u00f3n 23","isPartOf":{"@id":"https:\/\/conexion23.com\/#website"},"primaryImageOfPage":{"@id":"https:\/\/conexion23.com\/?p=23567#primaryimage"},"image":{"@id":"https:\/\/conexion23.com\/?p=23567#primaryimage"},"thumbnailUrl":"https:\/\/conexion23.com\/wp-content\/uploads\/2023\/12\/Caos-en-el-mercado-2.webp","datePublished":"2023-12-20T12:41:31+00:00","dateModified":"2023-12-20T12:41:33+00:00","breadcrumb":{"@id":"https:\/\/conexion23.com\/?p=23567#breadcrumb"},"inLanguage":"es","potentialAction":[{"@type":"ReadAction","target":["https:\/\/conexion23.com\/?p=23567"]}]},{"@type":"ImageObject","inLanguage":"es","@id":"https:\/\/conexion23.com\/?p=23567#primaryimage","url":"https:\/\/conexion23.com\/wp-content\/uploads\/2023\/12\/Caos-en-el-mercado-2.webp","contentUrl":"https:\/\/conexion23.com\/wp-content\/uploads\/2023\/12\/Caos-en-el-mercado-2.webp","width":696,"height":518},{"@type":"BreadcrumbList","@id":"https:\/\/conexion23.com\/?p=23567#breadcrumb","itemListElement":[{"@type":"ListItem","position":1,"name":"Portada","item":"https:\/\/conexion23.com\/"},{"@type":"ListItem","position":2,"name":"Aceras siguen ocupadas por vendedores del\u00a0mercado municipal de San Pedro de Macor\u00eds."}]},{"@type":"WebSite","@id":"https:\/\/conexion23.com\/#website","url":"https:\/\/conexion23.com\/","name":"Conexi\u00f3n 23","description":"Peri\u00f3dico 100% Petromacorisano","publisher":{"@id":"https:\/\/conexion23.com\/#organization"},"potentialAction":[{"@type":"SearchAction","target":{"@type":"EntryPoint","urlTemplate":"https:\/\/conexion23.com\/?s={search_term_string}"},"query-input":{"@type":"PropertyValueSpecification","valueRequired":true,"valueName":"search_term_string"}}],"inLanguage":"es"},{"@type":"Organization","@id":"https:\/\/conexion23.com\/#organization","name":"Conexion 23","url":"https:\/\/conexion23.com\/","logo":{"@type":"ImageObject","inLanguage":"es","@id":"https:\/\/conexion23.com\/#\/schema\/logo\/image\/","url":"https:\/\/conexion23.com\/wp-content\/uploads\/2021\/11\/Diseno-sin-titulo-2.png","contentUrl":"https:\/\/conexion23.com\/wp-content\/uploads\/2021\/11\/Diseno-sin-titulo-2.png","width":541,"height":90,"caption":"Conexion 23"},"image":{"@id":"https:\/\/conexion23.com\/#\/schema\/logo\/image\/"},"sameAs":["https:\/\/www.facebook.com\/conexion23com","https:\/\/www.instagram.com\/conexion23com\/","https:\/\/www.youtube.com\/channel\/UCYc7vxxFZMYLIHNsHHxPZ3Q"]},{"@type":"Person","@id":"https:\/\/conexion23.com\/#\/schema\/person\/03e36043331117e97a373299bbcd30a6","name":"Raffy Ben\u00edtez","image":{"@type":"ImageObject","inLanguage":"es","@id":"https:\/\/conexion23.com\/#\/schema\/person\/image\/","url":"https:\/\/secure.gravatar.com\/avatar\/3190a6a6c5e1b0327500f7d6c56b6242472ee6cb974cf09b401ee6b3b0798f23?s=96&d=mm&r=g","contentUrl":"https:\/\/secure.gravatar.com\/avatar\/3190a6a6c5e1b0327500f7d6c56b6242472ee6cb974cf09b401ee6b3b0798f23?s=96&d=mm&r=g","caption":"Raffy Ben\u00edtez"},"url":"https:\/\/conexion23.com\/?author=15"}]}},"_links":{"self":[{"href":"https:\/\/conexion23.com\/index.php?rest_route=\/wp\/v2\/posts\/23567","targetHints":{"allow":["GET"]}}],"collection":[{"href":"https:\/\/conexion23.com\/index.php?rest_route=\/wp\/v2\/posts"}],"about":[{"href":"https:\/\/conexion23.com\/index.php?rest_route=\/wp\/v2\/types\/post"}],"author":[{"embeddable":true,"href":"https:\/\/conexion23.com\/index.php?rest_route=\/wp\/v2\/users\/15"}],"replies":[{"embeddable":true,"href":"https:\/\/conexion23.com\/index.php?rest_route=%2Fwp%2Fv2%2Fcomments&post=23567"}],"version-history":[{"count":1,"href":"https:\/\/conexion23.com\/index.php?rest_route=\/wp\/v2\/posts\/23567\/revisions"}],"predecessor-version":[{"id":23569,"href":"https:\/\/conexion23.com\/index.php?rest_route=\/wp\/v2\/posts\/23567\/revisions\/23569"}],"wp:featuredmedia":[{"embeddable":true,"href":"https:\/\/conexion23.com\/index.php?rest_route=\/wp\/v2\/media\/23568"}],"wp:attachment":[{"href":"https:\/\/conexion23.com\/index.php?rest_route=%2Fwp%2Fv2%2Fmedia&parent=23567"}],"wp:term":[{"taxonomy":"category","embeddable":true,"href":"https:\/\/conexion23.com\/index.php?rest_route=%2Fwp%2Fv2%2Fcategories&post=23567"},{"taxonomy":"post_tag","embeddable":true,"href":"https:\/\/conexion23.com\/index.php?rest_route=%2Fwp%2Fv2%2Ftags&post=23567"}],"curies":[{"name":"wp","href":"https:\/\/api.w.org\/{rel}","templated":true}]}}