{"id":25677,"date":"2024-02-23T07:20:01","date_gmt":"2024-02-23T11:20:01","guid":{"rendered":"https:\/\/conexion23.com\/?p=25677"},"modified":"2024-02-23T07:20:03","modified_gmt":"2024-02-23T11:20:03","slug":"conflicto-en-barrio-las-palmas-de-consuelo-por-construccion-de-verja-parque-industrial","status":"publish","type":"post","link":"https:\/\/conexion23.com\/?p=25677","title":{"rendered":"CONFLICTO EN BARRIO LAS PALMAS DE CONSUELO POR CONSTRUCCION DE VERJA PARQUE INDUSTRIAL"},"content":{"rendered":"\n<p>Momentos de tensi\u00f3n se vivieron la ma\u00f1ana de este mi\u00e9rcoles en el Barrio Las Palmas, del Municipio Consuelo, cuando miembros del Ej\u00e9rcito Nacional y un propietario de un solar dentro del antiguo Ingenio Consuelo, tuvieron serias diferencias, a consecuencia de la construcci\u00f3n de la verja perimetral, para la instalaci\u00f3n de un parque industrial en los terrenos del ingenio.<\/p>\n\n\n\n<p>&nbsp; &nbsp; &nbsp;El conflicto se gener\u00f3 cuando los obreros y operadores de maquinaria pesada llegaron al solar adquirido por una persona que reclam\u00f3, quien alegaba que la verja no pod\u00eda llegar hasta su propiedad.<\/p>\n\n\n\n<p>&nbsp; &nbsp; &nbsp;Se termin\u00f3 porque el asunto pasar\u00e1 a mayores consecuencias, pues las armas de fuego salieron a relucir, pero no s\u00e9 lleg\u00f3 a disparar, m\u00e1s no se pudo continuar con el avance de la verja.<\/p>\n\n\n\n<figure class=\"wp-block-image\"><a href=\"https:\/\/blogger.googleusercontent.com\/img\/b\/R29vZ2xl\/AVvXsEguFUe0voPxcnYeaqzBEvuEhNTBI2mjoXDOJ0inBeqJiLq7O1-BM5nyoT4N3kamaZszJWxoMqMmY2drv4CuXSMAPvHKdOzDS1QZQy5uigzlJqxwaGH-lTUaLaKVTFIAykJfsDDNm7jxoYIkmRBciyJ2ii_sUA0mEAhNoYgvXz5vSlnbLrn8tqg5iCkZve56\/s852\/pala.jpg\"><img decoding=\"async\" src=\"https:\/\/blogger.googleusercontent.com\/img\/b\/R29vZ2xl\/AVvXsEguFUe0voPxcnYeaqzBEvuEhNTBI2mjoXDOJ0inBeqJiLq7O1-BM5nyoT4N3kamaZszJWxoMqMmY2drv4CuXSMAPvHKdOzDS1QZQy5uigzlJqxwaGH-lTUaLaKVTFIAykJfsDDNm7jxoYIkmRBciyJ2ii_sUA0mEAhNoYgvXz5vSlnbLrn8tqg5iCkZve56\/s320-rw\/pala.jpg\" alt=\"\"\/><\/a><\/figure>\n\n\n\n<p>&nbsp; &nbsp; &nbsp;Existe preocupaci\u00f3n con los residentes en el \u00e1rea, pues se quiere evitar un conflicto de mayores consecuencias.<\/p>\n\n\n\n<p>&nbsp; &nbsp; &nbsp;Se hace un llamado a las autoridades de lugar a que intervengan en la situaci\u00f3n y se llegue a un acuerdo favorable para ambas partes.<\/p>\n","protected":false},"excerpt":{"rendered":"<p>Momentos de tensi\u00f3n se vivieron la ma\u00f1ana de este mi\u00e9rcoles en el Barrio Las Palmas, del Municipio Consuelo, cuando miembros del Ej\u00e9rcito Nacional y un propietario de un solar dentro del antiguo Ingenio Consuelo, tuvieron serias diferencias, a consecuencia de la construcci\u00f3n de la verja perimetral, para la instalaci\u00f3n de un parque industrial en los [&hellip;]<\/p>\n","protected":false},"author":15,"featured_media":25678,"comment_status":"open","ping_status":"open","sticky":false,"template":"","format":"standard","meta":{"footnotes":""},"categories":[13],"tags":[],"class_list":{"0":"post-25677","1":"post","2":"type-post","3":"status-publish","4":"format-standard","5":"has-post-thumbnail","7":"category-consuelo"},"yoast_head":"<!-- This site is optimized with the Yoast SEO plugin v27.1.1 - https:\/\/yoast.com\/product\/yoast-seo-wordpress\/ -->\n<title>CONFLICTO EN BARRIO LAS PALMAS DE CONSUELO POR CONSTRUCCION DE VERJA PARQUE INDUSTRIAL - Conexi\u00f3n 23<\/title>\n<meta name=\"robots\" content=\"index, follow, max-snippet:-1, max-image-preview:large, max-video-preview:-1\" \/>\n<link rel=\"canonical\" href=\"https:\/\/conexion23.com\/?p=25677\" \/>\n<meta property=\"og:locale\" content=\"es_ES\" \/>\n<meta property=\"og:type\" content=\"article\" \/>\n<meta property=\"og:title\" content=\"CONFLICTO EN BARRIO LAS PALMAS DE CONSUELO POR CONSTRUCCION DE VERJA PARQUE INDUSTRIAL - Conexi\u00f3n 23\" \/>\n<meta property=\"og:description\" content=\"Momentos de tensi\u00f3n se vivieron la ma\u00f1ana de este mi\u00e9rcoles en el Barrio Las Palmas, del Municipio Consuelo, cuando miembros del Ej\u00e9rcito Nacional y un propietario de un solar dentro del antiguo Ingenio Consuelo, tuvieron serias diferencias, a consecuencia de la construcci\u00f3n de la verja perimetral, para la instalaci\u00f3n de un parque industrial en los [&hellip;]\" \/>\n<meta property=\"og:url\" content=\"https:\/\/conexion23.com\/?p=25677\" \/>\n<meta property=\"og:site_name\" content=\"Conexi\u00f3n 23\" \/>\n<meta property=\"article:publisher\" content=\"https:\/\/www.facebook.com\/conexion23com\" \/>\n<meta property=\"article:published_time\" content=\"2024-02-23T11:20:01+00:00\" \/>\n<meta property=\"article:modified_time\" content=\"2024-02-23T11:20:03+00:00\" \/>\n<meta property=\"og:image\" content=\"https:\/\/conexion23.com\/wp-content\/uploads\/2024\/02\/Pala-con-carro.webp\" \/>\n\t<meta property=\"og:image:width\" content=\"320\" \/>\n\t<meta property=\"og:image:height\" content=\"190\" \/>\n\t<meta property=\"og:image:type\" content=\"image\/webp\" \/>\n<meta name=\"author\" content=\"Raffy Ben\u00edtez\" \/>\n<meta name=\"twitter:card\" content=\"summary_large_image\" \/>\n<meta name=\"twitter:label1\" content=\"Escrito por\" \/>\n\t<meta name=\"twitter:data1\" content=\"Raffy Ben\u00edtez\" \/>\n\t<meta name=\"twitter:label2\" content=\"Tiempo de lectura\" \/>\n\t<meta name=\"twitter:data2\" content=\"2 minutos\" \/>\n<script type=\"application\/ld+json\" class=\"yoast-schema-graph\">{\"@context\":\"https:\/\/schema.org\",\"@graph\":[{\"@type\":\"Article\",\"@id\":\"https:\/\/conexion23.com\/?p=25677#article\",\"isPartOf\":{\"@id\":\"https:\/\/conexion23.com\/?p=25677\"},\"author\":{\"name\":\"Raffy Ben\u00edtez\",\"@id\":\"https:\/\/conexion23.com\/#\/schema\/person\/03e36043331117e97a373299bbcd30a6\"},\"headline\":\"CONFLICTO EN BARRIO LAS PALMAS DE CONSUELO POR CONSTRUCCION DE VERJA PARQUE INDUSTRIAL\",\"datePublished\":\"2024-02-23T11:20:01+00:00\",\"dateModified\":\"2024-02-23T11:20:03+00:00\",\"mainEntityOfPage\":{\"@id\":\"https:\/\/conexion23.com\/?p=25677\"},\"wordCount\":201,\"commentCount\":0,\"publisher\":{\"@id\":\"https:\/\/conexion23.com\/#organization\"},\"image\":{\"@id\":\"https:\/\/conexion23.com\/?p=25677#primaryimage\"},\"thumbnailUrl\":\"https:\/\/conexion23.com\/wp-content\/uploads\/2024\/02\/Pala-con-carro.webp\",\"articleSection\":[\"Consuelo\"],\"inLanguage\":\"es\",\"potentialAction\":[{\"@type\":\"CommentAction\",\"name\":\"Comment\",\"target\":[\"https:\/\/conexion23.com\/?p=25677#respond\"]}]},{\"@type\":\"WebPage\",\"@id\":\"https:\/\/conexion23.com\/?p=25677\",\"url\":\"https:\/\/conexion23.com\/?p=25677\",\"name\":\"CONFLICTO EN BARRIO LAS PALMAS DE CONSUELO POR CONSTRUCCION DE VERJA PARQUE INDUSTRIAL - Conexi\u00f3n 23\",\"isPartOf\":{\"@id\":\"https:\/\/conexion23.com\/#website\"},\"primaryImageOfPage\":{\"@id\":\"https:\/\/conexion23.com\/?p=25677#primaryimage\"},\"image\":{\"@id\":\"https:\/\/conexion23.com\/?p=25677#primaryimage\"},\"thumbnailUrl\":\"https:\/\/conexion23.com\/wp-content\/uploads\/2024\/02\/Pala-con-carro.webp\",\"datePublished\":\"2024-02-23T11:20:01+00:00\",\"dateModified\":\"2024-02-23T11:20:03+00:00\",\"breadcrumb\":{\"@id\":\"https:\/\/conexion23.com\/?p=25677#breadcrumb\"},\"inLanguage\":\"es\",\"potentialAction\":[{\"@type\":\"ReadAction\",\"target\":[\"https:\/\/conexion23.com\/?p=25677\"]}]},{\"@type\":\"ImageObject\",\"inLanguage\":\"es\",\"@id\":\"https:\/\/conexion23.com\/?p=25677#primaryimage\",\"url\":\"https:\/\/conexion23.com\/wp-content\/uploads\/2024\/02\/Pala-con-carro.webp\",\"contentUrl\":\"https:\/\/conexion23.com\/wp-content\/uploads\/2024\/02\/Pala-con-carro.webp\",\"width\":320,\"height\":190},{\"@type\":\"BreadcrumbList\",\"@id\":\"https:\/\/conexion23.com\/?p=25677#breadcrumb\",\"itemListElement\":[{\"@type\":\"ListItem\",\"position\":1,\"name\":\"Portada\",\"item\":\"https:\/\/conexion23.com\/\"},{\"@type\":\"ListItem\",\"position\":2,\"name\":\"CONFLICTO EN BARRIO LAS PALMAS DE CONSUELO POR CONSTRUCCION DE VERJA PARQUE INDUSTRIAL\"}]},{\"@type\":\"WebSite\",\"@id\":\"https:\/\/conexion23.com\/#website\",\"url\":\"https:\/\/conexion23.com\/\",\"name\":\"Conexi\u00f3n 23\",\"description\":\"Peri\u00f3dico 100% Petromacorisano\",\"publisher\":{\"@id\":\"https:\/\/conexion23.com\/#organization\"},\"potentialAction\":[{\"@type\":\"SearchAction\",\"target\":{\"@type\":\"EntryPoint\",\"urlTemplate\":\"https:\/\/conexion23.com\/?s={search_term_string}\"},\"query-input\":{\"@type\":\"PropertyValueSpecification\",\"valueRequired\":true,\"valueName\":\"search_term_string\"}}],\"inLanguage\":\"es\"},{\"@type\":\"Organization\",\"@id\":\"https:\/\/conexion23.com\/#organization\",\"name\":\"Conexion 23\",\"url\":\"https:\/\/conexion23.com\/\",\"logo\":{\"@type\":\"ImageObject\",\"inLanguage\":\"es\",\"@id\":\"https:\/\/conexion23.com\/#\/schema\/logo\/image\/\",\"url\":\"https:\/\/conexion23.com\/wp-content\/uploads\/2021\/11\/Diseno-sin-titulo-2.png\",\"contentUrl\":\"https:\/\/conexion23.com\/wp-content\/uploads\/2021\/11\/Diseno-sin-titulo-2.png\",\"width\":541,\"height\":90,\"caption\":\"Conexion 23\"},\"image\":{\"@id\":\"https:\/\/conexion23.com\/#\/schema\/logo\/image\/\"},\"sameAs\":[\"https:\/\/www.facebook.com\/conexion23com\",\"https:\/\/www.instagram.com\/conexion23com\/\",\"https:\/\/www.youtube.com\/channel\/UCYc7vxxFZMYLIHNsHHxPZ3Q\"]},{\"@type\":\"Person\",\"@id\":\"https:\/\/conexion23.com\/#\/schema\/person\/03e36043331117e97a373299bbcd30a6\",\"name\":\"Raffy Ben\u00edtez\",\"image\":{\"@type\":\"ImageObject\",\"inLanguage\":\"es\",\"@id\":\"https:\/\/conexion23.com\/#\/schema\/person\/image\/\",\"url\":\"https:\/\/secure.gravatar.com\/avatar\/3190a6a6c5e1b0327500f7d6c56b6242472ee6cb974cf09b401ee6b3b0798f23?s=96&d=mm&r=g\",\"contentUrl\":\"https:\/\/secure.gravatar.com\/avatar\/3190a6a6c5e1b0327500f7d6c56b6242472ee6cb974cf09b401ee6b3b0798f23?s=96&d=mm&r=g\",\"caption\":\"Raffy Ben\u00edtez\"},\"url\":\"https:\/\/conexion23.com\/?author=15\"}]}<\/script>\n<!-- \/ Yoast SEO plugin. -->","yoast_head_json":{"title":"CONFLICTO EN BARRIO LAS PALMAS DE CONSUELO POR CONSTRUCCION DE VERJA PARQUE INDUSTRIAL - Conexi\u00f3n 23","robots":{"index":"index","follow":"follow","max-snippet":"max-snippet:-1","max-image-preview":"max-image-preview:large","max-video-preview":"max-video-preview:-1"},"canonical":"https:\/\/conexion23.com\/?p=25677","og_locale":"es_ES","og_type":"article","og_title":"CONFLICTO EN BARRIO LAS PALMAS DE CONSUELO POR CONSTRUCCION DE VERJA PARQUE INDUSTRIAL - Conexi\u00f3n 23","og_description":"Momentos de tensi\u00f3n se vivieron la ma\u00f1ana de este mi\u00e9rcoles en el Barrio Las Palmas, del Municipio Consuelo, cuando miembros del Ej\u00e9rcito Nacional y un propietario de un solar dentro del antiguo Ingenio Consuelo, tuvieron serias diferencias, a consecuencia de la construcci\u00f3n de la verja perimetral, para la instalaci\u00f3n de un parque industrial en los [&hellip;]","og_url":"https:\/\/conexion23.com\/?p=25677","og_site_name":"Conexi\u00f3n 23","article_publisher":"https:\/\/www.facebook.com\/conexion23com","article_published_time":"2024-02-23T11:20:01+00:00","article_modified_time":"2024-02-23T11:20:03+00:00","og_image":[{"width":320,"height":190,"url":"https:\/\/conexion23.com\/wp-content\/uploads\/2024\/02\/Pala-con-carro.webp","type":"image\/webp"}],"author":"Raffy Ben\u00edtez","twitter_card":"summary_large_image","twitter_misc":{"Escrito por":"Raffy Ben\u00edtez","Tiempo de lectura":"2 minutos"},"schema":{"@context":"https:\/\/schema.org","@graph":[{"@type":"Article","@id":"https:\/\/conexion23.com\/?p=25677#article","isPartOf":{"@id":"https:\/\/conexion23.com\/?p=25677"},"author":{"name":"Raffy Ben\u00edtez","@id":"https:\/\/conexion23.com\/#\/schema\/person\/03e36043331117e97a373299bbcd30a6"},"headline":"CONFLICTO EN BARRIO LAS PALMAS DE CONSUELO POR CONSTRUCCION DE VERJA PARQUE INDUSTRIAL","datePublished":"2024-02-23T11:20:01+00:00","dateModified":"2024-02-23T11:20:03+00:00","mainEntityOfPage":{"@id":"https:\/\/conexion23.com\/?p=25677"},"wordCount":201,"commentCount":0,"publisher":{"@id":"https:\/\/conexion23.com\/#organization"},"image":{"@id":"https:\/\/conexion23.com\/?p=25677#primaryimage"},"thumbnailUrl":"https:\/\/conexion23.com\/wp-content\/uploads\/2024\/02\/Pala-con-carro.webp","articleSection":["Consuelo"],"inLanguage":"es","potentialAction":[{"@type":"CommentAction","name":"Comment","target":["https:\/\/conexion23.com\/?p=25677#respond"]}]},{"@type":"WebPage","@id":"https:\/\/conexion23.com\/?p=25677","url":"https:\/\/conexion23.com\/?p=25677","name":"CONFLICTO EN BARRIO LAS PALMAS DE CONSUELO POR CONSTRUCCION DE VERJA PARQUE INDUSTRIAL - Conexi\u00f3n 23","isPartOf":{"@id":"https:\/\/conexion23.com\/#website"},"primaryImageOfPage":{"@id":"https:\/\/conexion23.com\/?p=25677#primaryimage"},"image":{"@id":"https:\/\/conexion23.com\/?p=25677#primaryimage"},"thumbnailUrl":"https:\/\/conexion23.com\/wp-content\/uploads\/2024\/02\/Pala-con-carro.webp","datePublished":"2024-02-23T11:20:01+00:00","dateModified":"2024-02-23T11:20:03+00:00","breadcrumb":{"@id":"https:\/\/conexion23.com\/?p=25677#breadcrumb"},"inLanguage":"es","potentialAction":[{"@type":"ReadAction","target":["https:\/\/conexion23.com\/?p=25677"]}]},{"@type":"ImageObject","inLanguage":"es","@id":"https:\/\/conexion23.com\/?p=25677#primaryimage","url":"https:\/\/conexion23.com\/wp-content\/uploads\/2024\/02\/Pala-con-carro.webp","contentUrl":"https:\/\/conexion23.com\/wp-content\/uploads\/2024\/02\/Pala-con-carro.webp","width":320,"height":190},{"@type":"BreadcrumbList","@id":"https:\/\/conexion23.com\/?p=25677#breadcrumb","itemListElement":[{"@type":"ListItem","position":1,"name":"Portada","item":"https:\/\/conexion23.com\/"},{"@type":"ListItem","position":2,"name":"CONFLICTO EN BARRIO LAS PALMAS DE CONSUELO POR CONSTRUCCION DE VERJA PARQUE INDUSTRIAL"}]},{"@type":"WebSite","@id":"https:\/\/conexion23.com\/#website","url":"https:\/\/conexion23.com\/","name":"Conexi\u00f3n 23","description":"Peri\u00f3dico 100% Petromacorisano","publisher":{"@id":"https:\/\/conexion23.com\/#organization"},"potentialAction":[{"@type":"SearchAction","target":{"@type":"EntryPoint","urlTemplate":"https:\/\/conexion23.com\/?s={search_term_string}"},"query-input":{"@type":"PropertyValueSpecification","valueRequired":true,"valueName":"search_term_string"}}],"inLanguage":"es"},{"@type":"Organization","@id":"https:\/\/conexion23.com\/#organization","name":"Conexion 23","url":"https:\/\/conexion23.com\/","logo":{"@type":"ImageObject","inLanguage":"es","@id":"https:\/\/conexion23.com\/#\/schema\/logo\/image\/","url":"https:\/\/conexion23.com\/wp-content\/uploads\/2021\/11\/Diseno-sin-titulo-2.png","contentUrl":"https:\/\/conexion23.com\/wp-content\/uploads\/2021\/11\/Diseno-sin-titulo-2.png","width":541,"height":90,"caption":"Conexion 23"},"image":{"@id":"https:\/\/conexion23.com\/#\/schema\/logo\/image\/"},"sameAs":["https:\/\/www.facebook.com\/conexion23com","https:\/\/www.instagram.com\/conexion23com\/","https:\/\/www.youtube.com\/channel\/UCYc7vxxFZMYLIHNsHHxPZ3Q"]},{"@type":"Person","@id":"https:\/\/conexion23.com\/#\/schema\/person\/03e36043331117e97a373299bbcd30a6","name":"Raffy Ben\u00edtez","image":{"@type":"ImageObject","inLanguage":"es","@id":"https:\/\/conexion23.com\/#\/schema\/person\/image\/","url":"https:\/\/secure.gravatar.com\/avatar\/3190a6a6c5e1b0327500f7d6c56b6242472ee6cb974cf09b401ee6b3b0798f23?s=96&d=mm&r=g","contentUrl":"https:\/\/secure.gravatar.com\/avatar\/3190a6a6c5e1b0327500f7d6c56b6242472ee6cb974cf09b401ee6b3b0798f23?s=96&d=mm&r=g","caption":"Raffy Ben\u00edtez"},"url":"https:\/\/conexion23.com\/?author=15"}]}},"_links":{"self":[{"href":"https:\/\/conexion23.com\/index.php?rest_route=\/wp\/v2\/posts\/25677","targetHints":{"allow":["GET"]}}],"collection":[{"href":"https:\/\/conexion23.com\/index.php?rest_route=\/wp\/v2\/posts"}],"about":[{"href":"https:\/\/conexion23.com\/index.php?rest_route=\/wp\/v2\/types\/post"}],"author":[{"embeddable":true,"href":"https:\/\/conexion23.com\/index.php?rest_route=\/wp\/v2\/users\/15"}],"replies":[{"embeddable":true,"href":"https:\/\/conexion23.com\/index.php?rest_route=%2Fwp%2Fv2%2Fcomments&post=25677"}],"version-history":[{"count":1,"href":"https:\/\/conexion23.com\/index.php?rest_route=\/wp\/v2\/posts\/25677\/revisions"}],"predecessor-version":[{"id":25679,"href":"https:\/\/conexion23.com\/index.php?rest_route=\/wp\/v2\/posts\/25677\/revisions\/25679"}],"wp:featuredmedia":[{"embeddable":true,"href":"https:\/\/conexion23.com\/index.php?rest_route=\/wp\/v2\/media\/25678"}],"wp:attachment":[{"href":"https:\/\/conexion23.com\/index.php?rest_route=%2Fwp%2Fv2%2Fmedia&parent=25677"}],"wp:term":[{"taxonomy":"category","embeddable":true,"href":"https:\/\/conexion23.com\/index.php?rest_route=%2Fwp%2Fv2%2Fcategories&post=25677"},{"taxonomy":"post_tag","embeddable":true,"href":"https:\/\/conexion23.com\/index.php?rest_route=%2Fwp%2Fv2%2Ftags&post=25677"}],"curies":[{"name":"wp","href":"https:\/\/api.w.org\/{rel}","templated":true}]}}