{"id":25680,"date":"2024-02-23T07:21:47","date_gmt":"2024-02-23T11:21:47","guid":{"rendered":"https:\/\/conexion23.com\/?p=25680"},"modified":"2024-02-23T07:21:48","modified_gmt":"2024-02-23T11:21:48","slug":"fallece-mujer-tras-prenderce-fuego-por-problemas-economicos-en-santiago","status":"publish","type":"post","link":"https:\/\/conexion23.com\/?p=25680","title":{"rendered":"Fallece mujer tras prenderce fuego por problemas economicos en Santiago."},"content":{"rendered":"\n<p>El dia de hoy, recibimos la informaci\u00f3n de que ha fallecido la mujer que se prendi\u00f3 fuego a s\u00ed misma hace unos d\u00edas, roci\u00e1ndose gasolina en diferentes partes de su cuerpo.<\/p>\n\n\n\n<p>El hecho fue motivado supuestamente por las elevadas deudas que ten\u00eda y no pod\u00eda pagar, un hecho registrado en el sector Villa Rosa 2 de Santiago Oeste.<\/p>\n\n\n\n<p>La mujer fue identificada como Inocencia Reynoso Marte, de 35 a\u00f1os, seg\u00fan los familiares la joven tomo esta decisi\u00f3n porque no pod\u00eda cumplir con los compromisos monetarios que hab\u00eda asumido para suplir un peque\u00f1o colmado que ten\u00eda.<\/p>\n\n\n\n<p>\u201cElla ten\u00eda problemas personales y deudas\u201d, dijo el se\u00f1or Reynoso, familiar de Inocencia.<\/p>\n\n\n\n<p>&nbsp;El cuerpo de la mujer permanece en el Instituto Nacional de Ciencias Forenses (Inacif) de Santiago.<\/p>\n\n\n\n<p>En una informaci\u00f3n anterior, hab\u00edamos publicado que Inocencia Reynoso prendi\u00f3 fuego al auto de la familia integrada por M\u00e1ximo Jos\u00e9 Ortiz Rodr\u00edguez y Josefina Guzm\u00e1n B\u00e1ez, donde dorm\u00edan los tres ni\u00f1os encontrados en la casa.<\/p>\n\n\n\n<p>Alrededor de las 2:48 a. m. de ese d\u00eda, el veh\u00edculo comenz\u00f3 a incendiarse, y fue solo unos 12 minutos despu\u00e9s de iniciado el incendio que las familias afectadas tomaron conocimiento del incidente y milagrosamente pudieron salvar sus vidas.<\/p>\n","protected":false},"excerpt":{"rendered":"<p>El dia de hoy, recibimos la informaci\u00f3n de que ha fallecido la mujer que se prendi\u00f3 fuego a s\u00ed misma hace unos d\u00edas, roci\u00e1ndose gasolina en diferentes partes de su cuerpo. El hecho fue motivado supuestamente por las elevadas deudas que ten\u00eda y no pod\u00eda pagar, un hecho registrado en el sector Villa Rosa 2 [&hellip;]<\/p>\n","protected":false},"author":15,"featured_media":25681,"comment_status":"open","ping_status":"open","sticky":false,"template":"","format":"standard","meta":{"footnotes":""},"categories":[1],"tags":[],"class_list":{"0":"post-25680","1":"post","2":"type-post","3":"status-publish","4":"format-standard","5":"has-post-thumbnail","7":"category-uncategorized"},"yoast_head":"<!-- This site is optimized with the Yoast SEO plugin v27.1.1 - https:\/\/yoast.com\/product\/yoast-seo-wordpress\/ -->\n<title>Fallece mujer tras prenderce fuego por problemas economicos en Santiago. - Conexi\u00f3n 23<\/title>\n<meta name=\"robots\" content=\"index, follow, max-snippet:-1, max-image-preview:large, max-video-preview:-1\" \/>\n<link rel=\"canonical\" href=\"https:\/\/conexion23.com\/?p=25680\" \/>\n<meta property=\"og:locale\" content=\"es_ES\" \/>\n<meta property=\"og:type\" content=\"article\" \/>\n<meta property=\"og:title\" content=\"Fallece mujer tras prenderce fuego por problemas economicos en Santiago. - Conexi\u00f3n 23\" \/>\n<meta property=\"og:description\" content=\"El dia de hoy, recibimos la informaci\u00f3n de que ha fallecido la mujer que se prendi\u00f3 fuego a s\u00ed misma hace unos d\u00edas, roci\u00e1ndose gasolina en diferentes partes de su cuerpo. El hecho fue motivado supuestamente por las elevadas deudas que ten\u00eda y no pod\u00eda pagar, un hecho registrado en el sector Villa Rosa 2 [&hellip;]\" \/>\n<meta property=\"og:url\" content=\"https:\/\/conexion23.com\/?p=25680\" \/>\n<meta property=\"og:site_name\" content=\"Conexi\u00f3n 23\" \/>\n<meta property=\"article:publisher\" content=\"https:\/\/www.facebook.com\/conexion23com\" \/>\n<meta property=\"article:published_time\" content=\"2024-02-23T11:21:47+00:00\" \/>\n<meta property=\"article:modified_time\" content=\"2024-02-23T11:21:48+00:00\" \/>\n<meta property=\"og:image\" content=\"https:\/\/conexion23.com\/wp-content\/uploads\/2024\/02\/FB_IMG_1708627140264.jpg\" \/>\n\t<meta property=\"og:image:width\" content=\"280\" \/>\n\t<meta property=\"og:image:height\" content=\"277\" \/>\n\t<meta property=\"og:image:type\" content=\"image\/jpeg\" \/>\n<meta name=\"author\" content=\"Raffy Ben\u00edtez\" \/>\n<meta name=\"twitter:card\" content=\"summary_large_image\" \/>\n<meta name=\"twitter:label1\" content=\"Escrito por\" \/>\n\t<meta name=\"twitter:data1\" content=\"Raffy Ben\u00edtez\" \/>\n\t<meta name=\"twitter:label2\" content=\"Tiempo de lectura\" \/>\n\t<meta name=\"twitter:data2\" content=\"2 minutos\" \/>\n<script type=\"application\/ld+json\" class=\"yoast-schema-graph\">{\"@context\":\"https:\/\/schema.org\",\"@graph\":[{\"@type\":\"Article\",\"@id\":\"https:\/\/conexion23.com\/?p=25680#article\",\"isPartOf\":{\"@id\":\"https:\/\/conexion23.com\/?p=25680\"},\"author\":{\"name\":\"Raffy Ben\u00edtez\",\"@id\":\"https:\/\/conexion23.com\/#\/schema\/person\/03e36043331117e97a373299bbcd30a6\"},\"headline\":\"Fallece mujer tras prenderce fuego por problemas economicos en Santiago.\",\"datePublished\":\"2024-02-23T11:21:47+00:00\",\"dateModified\":\"2024-02-23T11:21:48+00:00\",\"mainEntityOfPage\":{\"@id\":\"https:\/\/conexion23.com\/?p=25680\"},\"wordCount\":230,\"commentCount\":0,\"publisher\":{\"@id\":\"https:\/\/conexion23.com\/#organization\"},\"image\":{\"@id\":\"https:\/\/conexion23.com\/?p=25680#primaryimage\"},\"thumbnailUrl\":\"https:\/\/conexion23.com\/wp-content\/uploads\/2024\/02\/FB_IMG_1708627140264.jpg\",\"articleSection\":[\"Uncategorized\"],\"inLanguage\":\"es\",\"potentialAction\":[{\"@type\":\"CommentAction\",\"name\":\"Comment\",\"target\":[\"https:\/\/conexion23.com\/?p=25680#respond\"]}]},{\"@type\":\"WebPage\",\"@id\":\"https:\/\/conexion23.com\/?p=25680\",\"url\":\"https:\/\/conexion23.com\/?p=25680\",\"name\":\"Fallece mujer tras prenderce fuego por problemas economicos en Santiago. - Conexi\u00f3n 23\",\"isPartOf\":{\"@id\":\"https:\/\/conexion23.com\/#website\"},\"primaryImageOfPage\":{\"@id\":\"https:\/\/conexion23.com\/?p=25680#primaryimage\"},\"image\":{\"@id\":\"https:\/\/conexion23.com\/?p=25680#primaryimage\"},\"thumbnailUrl\":\"https:\/\/conexion23.com\/wp-content\/uploads\/2024\/02\/FB_IMG_1708627140264.jpg\",\"datePublished\":\"2024-02-23T11:21:47+00:00\",\"dateModified\":\"2024-02-23T11:21:48+00:00\",\"breadcrumb\":{\"@id\":\"https:\/\/conexion23.com\/?p=25680#breadcrumb\"},\"inLanguage\":\"es\",\"potentialAction\":[{\"@type\":\"ReadAction\",\"target\":[\"https:\/\/conexion23.com\/?p=25680\"]}]},{\"@type\":\"ImageObject\",\"inLanguage\":\"es\",\"@id\":\"https:\/\/conexion23.com\/?p=25680#primaryimage\",\"url\":\"https:\/\/conexion23.com\/wp-content\/uploads\/2024\/02\/FB_IMG_1708627140264.jpg\",\"contentUrl\":\"https:\/\/conexion23.com\/wp-content\/uploads\/2024\/02\/FB_IMG_1708627140264.jpg\",\"width\":280,\"height\":277},{\"@type\":\"BreadcrumbList\",\"@id\":\"https:\/\/conexion23.com\/?p=25680#breadcrumb\",\"itemListElement\":[{\"@type\":\"ListItem\",\"position\":1,\"name\":\"Portada\",\"item\":\"https:\/\/conexion23.com\/\"},{\"@type\":\"ListItem\",\"position\":2,\"name\":\"Fallece mujer tras prenderce fuego por problemas economicos en Santiago.\"}]},{\"@type\":\"WebSite\",\"@id\":\"https:\/\/conexion23.com\/#website\",\"url\":\"https:\/\/conexion23.com\/\",\"name\":\"Conexi\u00f3n 23\",\"description\":\"Peri\u00f3dico 100% Petromacorisano\",\"publisher\":{\"@id\":\"https:\/\/conexion23.com\/#organization\"},\"potentialAction\":[{\"@type\":\"SearchAction\",\"target\":{\"@type\":\"EntryPoint\",\"urlTemplate\":\"https:\/\/conexion23.com\/?s={search_term_string}\"},\"query-input\":{\"@type\":\"PropertyValueSpecification\",\"valueRequired\":true,\"valueName\":\"search_term_string\"}}],\"inLanguage\":\"es\"},{\"@type\":\"Organization\",\"@id\":\"https:\/\/conexion23.com\/#organization\",\"name\":\"Conexion 23\",\"url\":\"https:\/\/conexion23.com\/\",\"logo\":{\"@type\":\"ImageObject\",\"inLanguage\":\"es\",\"@id\":\"https:\/\/conexion23.com\/#\/schema\/logo\/image\/\",\"url\":\"https:\/\/conexion23.com\/wp-content\/uploads\/2021\/11\/Diseno-sin-titulo-2.png\",\"contentUrl\":\"https:\/\/conexion23.com\/wp-content\/uploads\/2021\/11\/Diseno-sin-titulo-2.png\",\"width\":541,\"height\":90,\"caption\":\"Conexion 23\"},\"image\":{\"@id\":\"https:\/\/conexion23.com\/#\/schema\/logo\/image\/\"},\"sameAs\":[\"https:\/\/www.facebook.com\/conexion23com\",\"https:\/\/www.instagram.com\/conexion23com\/\",\"https:\/\/www.youtube.com\/channel\/UCYc7vxxFZMYLIHNsHHxPZ3Q\"]},{\"@type\":\"Person\",\"@id\":\"https:\/\/conexion23.com\/#\/schema\/person\/03e36043331117e97a373299bbcd30a6\",\"name\":\"Raffy Ben\u00edtez\",\"image\":{\"@type\":\"ImageObject\",\"inLanguage\":\"es\",\"@id\":\"https:\/\/conexion23.com\/#\/schema\/person\/image\/\",\"url\":\"https:\/\/secure.gravatar.com\/avatar\/3190a6a6c5e1b0327500f7d6c56b6242472ee6cb974cf09b401ee6b3b0798f23?s=96&d=mm&r=g\",\"contentUrl\":\"https:\/\/secure.gravatar.com\/avatar\/3190a6a6c5e1b0327500f7d6c56b6242472ee6cb974cf09b401ee6b3b0798f23?s=96&d=mm&r=g\",\"caption\":\"Raffy Ben\u00edtez\"},\"url\":\"https:\/\/conexion23.com\/?author=15\"}]}<\/script>\n<!-- \/ Yoast SEO plugin. -->","yoast_head_json":{"title":"Fallece mujer tras prenderce fuego por problemas economicos en Santiago. - Conexi\u00f3n 23","robots":{"index":"index","follow":"follow","max-snippet":"max-snippet:-1","max-image-preview":"max-image-preview:large","max-video-preview":"max-video-preview:-1"},"canonical":"https:\/\/conexion23.com\/?p=25680","og_locale":"es_ES","og_type":"article","og_title":"Fallece mujer tras prenderce fuego por problemas economicos en Santiago. - Conexi\u00f3n 23","og_description":"El dia de hoy, recibimos la informaci\u00f3n de que ha fallecido la mujer que se prendi\u00f3 fuego a s\u00ed misma hace unos d\u00edas, roci\u00e1ndose gasolina en diferentes partes de su cuerpo. El hecho fue motivado supuestamente por las elevadas deudas que ten\u00eda y no pod\u00eda pagar, un hecho registrado en el sector Villa Rosa 2 [&hellip;]","og_url":"https:\/\/conexion23.com\/?p=25680","og_site_name":"Conexi\u00f3n 23","article_publisher":"https:\/\/www.facebook.com\/conexion23com","article_published_time":"2024-02-23T11:21:47+00:00","article_modified_time":"2024-02-23T11:21:48+00:00","og_image":[{"width":280,"height":277,"url":"https:\/\/conexion23.com\/wp-content\/uploads\/2024\/02\/FB_IMG_1708627140264.jpg","type":"image\/jpeg"}],"author":"Raffy Ben\u00edtez","twitter_card":"summary_large_image","twitter_misc":{"Escrito por":"Raffy Ben\u00edtez","Tiempo de lectura":"2 minutos"},"schema":{"@context":"https:\/\/schema.org","@graph":[{"@type":"Article","@id":"https:\/\/conexion23.com\/?p=25680#article","isPartOf":{"@id":"https:\/\/conexion23.com\/?p=25680"},"author":{"name":"Raffy Ben\u00edtez","@id":"https:\/\/conexion23.com\/#\/schema\/person\/03e36043331117e97a373299bbcd30a6"},"headline":"Fallece mujer tras prenderce fuego por problemas economicos en Santiago.","datePublished":"2024-02-23T11:21:47+00:00","dateModified":"2024-02-23T11:21:48+00:00","mainEntityOfPage":{"@id":"https:\/\/conexion23.com\/?p=25680"},"wordCount":230,"commentCount":0,"publisher":{"@id":"https:\/\/conexion23.com\/#organization"},"image":{"@id":"https:\/\/conexion23.com\/?p=25680#primaryimage"},"thumbnailUrl":"https:\/\/conexion23.com\/wp-content\/uploads\/2024\/02\/FB_IMG_1708627140264.jpg","articleSection":["Uncategorized"],"inLanguage":"es","potentialAction":[{"@type":"CommentAction","name":"Comment","target":["https:\/\/conexion23.com\/?p=25680#respond"]}]},{"@type":"WebPage","@id":"https:\/\/conexion23.com\/?p=25680","url":"https:\/\/conexion23.com\/?p=25680","name":"Fallece mujer tras prenderce fuego por problemas economicos en Santiago. - Conexi\u00f3n 23","isPartOf":{"@id":"https:\/\/conexion23.com\/#website"},"primaryImageOfPage":{"@id":"https:\/\/conexion23.com\/?p=25680#primaryimage"},"image":{"@id":"https:\/\/conexion23.com\/?p=25680#primaryimage"},"thumbnailUrl":"https:\/\/conexion23.com\/wp-content\/uploads\/2024\/02\/FB_IMG_1708627140264.jpg","datePublished":"2024-02-23T11:21:47+00:00","dateModified":"2024-02-23T11:21:48+00:00","breadcrumb":{"@id":"https:\/\/conexion23.com\/?p=25680#breadcrumb"},"inLanguage":"es","potentialAction":[{"@type":"ReadAction","target":["https:\/\/conexion23.com\/?p=25680"]}]},{"@type":"ImageObject","inLanguage":"es","@id":"https:\/\/conexion23.com\/?p=25680#primaryimage","url":"https:\/\/conexion23.com\/wp-content\/uploads\/2024\/02\/FB_IMG_1708627140264.jpg","contentUrl":"https:\/\/conexion23.com\/wp-content\/uploads\/2024\/02\/FB_IMG_1708627140264.jpg","width":280,"height":277},{"@type":"BreadcrumbList","@id":"https:\/\/conexion23.com\/?p=25680#breadcrumb","itemListElement":[{"@type":"ListItem","position":1,"name":"Portada","item":"https:\/\/conexion23.com\/"},{"@type":"ListItem","position":2,"name":"Fallece mujer tras prenderce fuego por problemas economicos en Santiago."}]},{"@type":"WebSite","@id":"https:\/\/conexion23.com\/#website","url":"https:\/\/conexion23.com\/","name":"Conexi\u00f3n 23","description":"Peri\u00f3dico 100% Petromacorisano","publisher":{"@id":"https:\/\/conexion23.com\/#organization"},"potentialAction":[{"@type":"SearchAction","target":{"@type":"EntryPoint","urlTemplate":"https:\/\/conexion23.com\/?s={search_term_string}"},"query-input":{"@type":"PropertyValueSpecification","valueRequired":true,"valueName":"search_term_string"}}],"inLanguage":"es"},{"@type":"Organization","@id":"https:\/\/conexion23.com\/#organization","name":"Conexion 23","url":"https:\/\/conexion23.com\/","logo":{"@type":"ImageObject","inLanguage":"es","@id":"https:\/\/conexion23.com\/#\/schema\/logo\/image\/","url":"https:\/\/conexion23.com\/wp-content\/uploads\/2021\/11\/Diseno-sin-titulo-2.png","contentUrl":"https:\/\/conexion23.com\/wp-content\/uploads\/2021\/11\/Diseno-sin-titulo-2.png","width":541,"height":90,"caption":"Conexion 23"},"image":{"@id":"https:\/\/conexion23.com\/#\/schema\/logo\/image\/"},"sameAs":["https:\/\/www.facebook.com\/conexion23com","https:\/\/www.instagram.com\/conexion23com\/","https:\/\/www.youtube.com\/channel\/UCYc7vxxFZMYLIHNsHHxPZ3Q"]},{"@type":"Person","@id":"https:\/\/conexion23.com\/#\/schema\/person\/03e36043331117e97a373299bbcd30a6","name":"Raffy Ben\u00edtez","image":{"@type":"ImageObject","inLanguage":"es","@id":"https:\/\/conexion23.com\/#\/schema\/person\/image\/","url":"https:\/\/secure.gravatar.com\/avatar\/3190a6a6c5e1b0327500f7d6c56b6242472ee6cb974cf09b401ee6b3b0798f23?s=96&d=mm&r=g","contentUrl":"https:\/\/secure.gravatar.com\/avatar\/3190a6a6c5e1b0327500f7d6c56b6242472ee6cb974cf09b401ee6b3b0798f23?s=96&d=mm&r=g","caption":"Raffy Ben\u00edtez"},"url":"https:\/\/conexion23.com\/?author=15"}]}},"_links":{"self":[{"href":"https:\/\/conexion23.com\/index.php?rest_route=\/wp\/v2\/posts\/25680","targetHints":{"allow":["GET"]}}],"collection":[{"href":"https:\/\/conexion23.com\/index.php?rest_route=\/wp\/v2\/posts"}],"about":[{"href":"https:\/\/conexion23.com\/index.php?rest_route=\/wp\/v2\/types\/post"}],"author":[{"embeddable":true,"href":"https:\/\/conexion23.com\/index.php?rest_route=\/wp\/v2\/users\/15"}],"replies":[{"embeddable":true,"href":"https:\/\/conexion23.com\/index.php?rest_route=%2Fwp%2Fv2%2Fcomments&post=25680"}],"version-history":[{"count":1,"href":"https:\/\/conexion23.com\/index.php?rest_route=\/wp\/v2\/posts\/25680\/revisions"}],"predecessor-version":[{"id":25682,"href":"https:\/\/conexion23.com\/index.php?rest_route=\/wp\/v2\/posts\/25680\/revisions\/25682"}],"wp:featuredmedia":[{"embeddable":true,"href":"https:\/\/conexion23.com\/index.php?rest_route=\/wp\/v2\/media\/25681"}],"wp:attachment":[{"href":"https:\/\/conexion23.com\/index.php?rest_route=%2Fwp%2Fv2%2Fmedia&parent=25680"}],"wp:term":[{"taxonomy":"category","embeddable":true,"href":"https:\/\/conexion23.com\/index.php?rest_route=%2Fwp%2Fv2%2Fcategories&post=25680"},{"taxonomy":"post_tag","embeddable":true,"href":"https:\/\/conexion23.com\/index.php?rest_route=%2Fwp%2Fv2%2Ftags&post=25680"}],"curies":[{"name":"wp","href":"https:\/\/api.w.org\/{rel}","templated":true}]}}