{"id":26581,"date":"2024-03-20T07:08:07","date_gmt":"2024-03-20T11:08:07","guid":{"rendered":"https:\/\/conexion23.com\/?p=26581"},"modified":"2024-03-20T07:08:09","modified_gmt":"2024-03-20T11:08:09","slug":"cadena-perpetua-para-madre-que-se-fue-de-vacaciones-a-pr-y-dejo-sola-a-su-bebe-hasta-la-muerte","status":"publish","type":"post","link":"https:\/\/conexion23.com\/?p=26581","title":{"rendered":"Cadena perpetua para madre que se fue de vacaciones a PR y dej\u00f3 sola a su beb\u00e9 hasta la muerte."},"content":{"rendered":"\n<p>La madre de una&nbsp;<strong>beb\u00e9&nbsp;<\/strong>de 16 meses, que muri\u00f3 despu\u00e9s de quedarse sola durante ocho d\u00edas en una&nbsp;<strong>vivienda de Cleveland<\/strong>&nbsp;(Ohio) mientras ella pasaba vacaciones en una isla, fue condenada a&nbsp;<strong>cadena perpetua<\/strong>, informaron este lunes las autoridades.<\/p>\n\n\n\n<p><strong>Kristel Candelario<\/strong>, de 31 a\u00f1os, se declar\u00f3 culpable en febrero pasado de cargos relacionados con la muerte de su hija de 16 meses,&nbsp;<strong>Jailyn<\/strong>, el a\u00f1o pasado.La mujer admiti\u00f3 que dej\u00f3 a su hija sola y sin cuidado dentro de la casa del 8 al 16 de junio de 2023, lapso en el que supuestamente estuvo de&nbsp;<strong>vacaciones en Puerto Rico y Detroit<\/strong>&nbsp;(M\u00edchigan). Seg\u00fan los documentos judiciales, Candelario le dijo a la Polic\u00eda del<strong>&nbsp;condado de Cuyahoga<\/strong>&nbsp;que hab\u00eda dejado sola a la ni\u00f1a mientras se hab\u00eda ido de viaje.<\/p>\n\n\n\n<p>La&nbsp;<strong>Polic\u00eda&nbsp;<\/strong>encontr\u00f3 a la ni\u00f1a \u00abenvuelta en mantas sucias\u00bb con heces y orina.<\/p>\n\n\n\n<p><strong>Jailyn\u00a0<\/strong>muri\u00f3 de\u00a0<strong>hambre y deshidrataci\u00f3n severa<\/strong>\u00a0debido a negligencia, dijo este lunes en la audiencia de sentencia la m\u00e9dico forense del condado de Cuyahoga, Elizabeth Mooney, seg\u00fan informaci\u00f3n citada por NBC.<\/p>\n\n\n\n<p><strong>La ni\u00f1a pesaba 13 libras<\/strong>, lo que representa una disminuci\u00f3n de 7 libras desde su \u00faltima visita al m\u00e9dico menos de dos meses antes de su deceso, a\u00f1adi\u00f3 la forense.<\/p>\n\n\n\n<p>Michael C. O\u2019Malley, fiscal de Cuyahoga, indic\u00f3 que Jailyn era \u00abuna hermosa ni\u00f1a que fue sacada de este mundo debido al inimaginable ego\u00edsmo de su madre\u00bb.<\/p>\n\n\n\n<p>Por su parte, Candelario dijo ante el tribunal \u201ctodos los d\u00edas&nbsp;<strong>pido perd\u00f3n a Dios<\/strong>&nbsp;y a mi hija Jailyn\u201d, de acuerdo a la cadena de televisi\u00f3n.<\/p>\n\n\n\n<p>La mujer fue sentenciada a cadena perpetua sin derecho a salir en libertad condicional.<\/p>\n","protected":false},"excerpt":{"rendered":"<p>La madre de una&nbsp;beb\u00e9&nbsp;de 16 meses, que muri\u00f3 despu\u00e9s de quedarse sola durante ocho d\u00edas en una&nbsp;vivienda de Cleveland&nbsp;(Ohio) mientras ella pasaba vacaciones en una isla, fue condenada a&nbsp;cadena perpetua, informaron este lunes las autoridades. Kristel Candelario, de 31 a\u00f1os, se declar\u00f3 culpable en febrero pasado de cargos relacionados con la muerte de su hija [&hellip;]<\/p>\n","protected":false},"author":15,"featured_media":26582,"comment_status":"open","ping_status":"open","sticky":false,"template":"","format":"standard","meta":{"footnotes":""},"categories":[1],"tags":[],"class_list":{"0":"post-26581","1":"post","2":"type-post","3":"status-publish","4":"format-standard","5":"has-post-thumbnail","7":"category-uncategorized"},"yoast_head":"<!-- This site is optimized with the Yoast SEO plugin v27.1.1 - https:\/\/yoast.com\/product\/yoast-seo-wordpress\/ -->\n<title>Cadena perpetua para madre que se fue de vacaciones a PR y dej\u00f3 sola a su beb\u00e9 hasta la muerte. - Conexi\u00f3n 23<\/title>\n<meta name=\"robots\" content=\"index, follow, max-snippet:-1, max-image-preview:large, max-video-preview:-1\" \/>\n<link rel=\"canonical\" href=\"https:\/\/conexion23.com\/?p=26581\" \/>\n<meta property=\"og:locale\" content=\"es_ES\" \/>\n<meta property=\"og:type\" content=\"article\" \/>\n<meta property=\"og:title\" content=\"Cadena perpetua para madre que se fue de vacaciones a PR y dej\u00f3 sola a su beb\u00e9 hasta la muerte. - Conexi\u00f3n 23\" \/>\n<meta property=\"og:description\" content=\"La madre de una&nbsp;beb\u00e9&nbsp;de 16 meses, que muri\u00f3 despu\u00e9s de quedarse sola durante ocho d\u00edas en una&nbsp;vivienda de Cleveland&nbsp;(Ohio) mientras ella pasaba vacaciones en una isla, fue condenada a&nbsp;cadena perpetua, informaron este lunes las autoridades. Kristel Candelario, de 31 a\u00f1os, se declar\u00f3 culpable en febrero pasado de cargos relacionados con la muerte de su hija [&hellip;]\" \/>\n<meta property=\"og:url\" content=\"https:\/\/conexion23.com\/?p=26581\" \/>\n<meta property=\"og:site_name\" content=\"Conexi\u00f3n 23\" \/>\n<meta property=\"article:publisher\" content=\"https:\/\/www.facebook.com\/conexion23com\" \/>\n<meta property=\"article:published_time\" content=\"2024-03-20T11:08:07+00:00\" \/>\n<meta property=\"article:modified_time\" content=\"2024-03-20T11:08:09+00:00\" \/>\n<meta property=\"og:image\" content=\"https:\/\/conexion23.com\/wp-content\/uploads\/2024\/03\/img_7597-1-780x470-1.webp\" \/>\n\t<meta property=\"og:image:width\" content=\"780\" \/>\n\t<meta property=\"og:image:height\" content=\"470\" \/>\n\t<meta property=\"og:image:type\" content=\"image\/webp\" \/>\n<meta name=\"author\" content=\"Raffy Ben\u00edtez\" \/>\n<meta name=\"twitter:card\" content=\"summary_large_image\" \/>\n<meta name=\"twitter:label1\" content=\"Escrito por\" \/>\n\t<meta name=\"twitter:data1\" content=\"Raffy Ben\u00edtez\" \/>\n\t<meta name=\"twitter:label2\" content=\"Tiempo de lectura\" \/>\n\t<meta name=\"twitter:data2\" content=\"2 minutos\" \/>\n<script type=\"application\/ld+json\" class=\"yoast-schema-graph\">{\"@context\":\"https:\/\/schema.org\",\"@graph\":[{\"@type\":\"Article\",\"@id\":\"https:\/\/conexion23.com\/?p=26581#article\",\"isPartOf\":{\"@id\":\"https:\/\/conexion23.com\/?p=26581\"},\"author\":{\"name\":\"Raffy Ben\u00edtez\",\"@id\":\"https:\/\/conexion23.com\/#\/schema\/person\/03e36043331117e97a373299bbcd30a6\"},\"headline\":\"Cadena perpetua para madre que se fue de vacaciones a PR y dej\u00f3 sola a su beb\u00e9 hasta la muerte.\",\"datePublished\":\"2024-03-20T11:08:07+00:00\",\"dateModified\":\"2024-03-20T11:08:09+00:00\",\"mainEntityOfPage\":{\"@id\":\"https:\/\/conexion23.com\/?p=26581\"},\"wordCount\":327,\"commentCount\":0,\"publisher\":{\"@id\":\"https:\/\/conexion23.com\/#organization\"},\"image\":{\"@id\":\"https:\/\/conexion23.com\/?p=26581#primaryimage\"},\"thumbnailUrl\":\"https:\/\/conexion23.com\/wp-content\/uploads\/2024\/03\/img_7597-1-780x470-1.webp\",\"articleSection\":[\"Uncategorized\"],\"inLanguage\":\"es\",\"potentialAction\":[{\"@type\":\"CommentAction\",\"name\":\"Comment\",\"target\":[\"https:\/\/conexion23.com\/?p=26581#respond\"]}]},{\"@type\":\"WebPage\",\"@id\":\"https:\/\/conexion23.com\/?p=26581\",\"url\":\"https:\/\/conexion23.com\/?p=26581\",\"name\":\"Cadena perpetua para madre que se fue de vacaciones a PR y dej\u00f3 sola a su beb\u00e9 hasta la muerte. - Conexi\u00f3n 23\",\"isPartOf\":{\"@id\":\"https:\/\/conexion23.com\/#website\"},\"primaryImageOfPage\":{\"@id\":\"https:\/\/conexion23.com\/?p=26581#primaryimage\"},\"image\":{\"@id\":\"https:\/\/conexion23.com\/?p=26581#primaryimage\"},\"thumbnailUrl\":\"https:\/\/conexion23.com\/wp-content\/uploads\/2024\/03\/img_7597-1-780x470-1.webp\",\"datePublished\":\"2024-03-20T11:08:07+00:00\",\"dateModified\":\"2024-03-20T11:08:09+00:00\",\"breadcrumb\":{\"@id\":\"https:\/\/conexion23.com\/?p=26581#breadcrumb\"},\"inLanguage\":\"es\",\"potentialAction\":[{\"@type\":\"ReadAction\",\"target\":[\"https:\/\/conexion23.com\/?p=26581\"]}]},{\"@type\":\"ImageObject\",\"inLanguage\":\"es\",\"@id\":\"https:\/\/conexion23.com\/?p=26581#primaryimage\",\"url\":\"https:\/\/conexion23.com\/wp-content\/uploads\/2024\/03\/img_7597-1-780x470-1.webp\",\"contentUrl\":\"https:\/\/conexion23.com\/wp-content\/uploads\/2024\/03\/img_7597-1-780x470-1.webp\",\"width\":780,\"height\":470},{\"@type\":\"BreadcrumbList\",\"@id\":\"https:\/\/conexion23.com\/?p=26581#breadcrumb\",\"itemListElement\":[{\"@type\":\"ListItem\",\"position\":1,\"name\":\"Portada\",\"item\":\"https:\/\/conexion23.com\/\"},{\"@type\":\"ListItem\",\"position\":2,\"name\":\"Cadena perpetua para madre que se fue de vacaciones a PR y dej\u00f3 sola a su beb\u00e9 hasta la muerte.\"}]},{\"@type\":\"WebSite\",\"@id\":\"https:\/\/conexion23.com\/#website\",\"url\":\"https:\/\/conexion23.com\/\",\"name\":\"Conexi\u00f3n 23\",\"description\":\"Peri\u00f3dico 100% Petromacorisano\",\"publisher\":{\"@id\":\"https:\/\/conexion23.com\/#organization\"},\"potentialAction\":[{\"@type\":\"SearchAction\",\"target\":{\"@type\":\"EntryPoint\",\"urlTemplate\":\"https:\/\/conexion23.com\/?s={search_term_string}\"},\"query-input\":{\"@type\":\"PropertyValueSpecification\",\"valueRequired\":true,\"valueName\":\"search_term_string\"}}],\"inLanguage\":\"es\"},{\"@type\":\"Organization\",\"@id\":\"https:\/\/conexion23.com\/#organization\",\"name\":\"Conexion 23\",\"url\":\"https:\/\/conexion23.com\/\",\"logo\":{\"@type\":\"ImageObject\",\"inLanguage\":\"es\",\"@id\":\"https:\/\/conexion23.com\/#\/schema\/logo\/image\/\",\"url\":\"https:\/\/conexion23.com\/wp-content\/uploads\/2021\/11\/Diseno-sin-titulo-2.png\",\"contentUrl\":\"https:\/\/conexion23.com\/wp-content\/uploads\/2021\/11\/Diseno-sin-titulo-2.png\",\"width\":541,\"height\":90,\"caption\":\"Conexion 23\"},\"image\":{\"@id\":\"https:\/\/conexion23.com\/#\/schema\/logo\/image\/\"},\"sameAs\":[\"https:\/\/www.facebook.com\/conexion23com\",\"https:\/\/www.instagram.com\/conexion23com\/\",\"https:\/\/www.youtube.com\/channel\/UCYc7vxxFZMYLIHNsHHxPZ3Q\"]},{\"@type\":\"Person\",\"@id\":\"https:\/\/conexion23.com\/#\/schema\/person\/03e36043331117e97a373299bbcd30a6\",\"name\":\"Raffy Ben\u00edtez\",\"image\":{\"@type\":\"ImageObject\",\"inLanguage\":\"es\",\"@id\":\"https:\/\/conexion23.com\/#\/schema\/person\/image\/\",\"url\":\"https:\/\/secure.gravatar.com\/avatar\/3190a6a6c5e1b0327500f7d6c56b6242472ee6cb974cf09b401ee6b3b0798f23?s=96&d=mm&r=g\",\"contentUrl\":\"https:\/\/secure.gravatar.com\/avatar\/3190a6a6c5e1b0327500f7d6c56b6242472ee6cb974cf09b401ee6b3b0798f23?s=96&d=mm&r=g\",\"caption\":\"Raffy Ben\u00edtez\"},\"url\":\"https:\/\/conexion23.com\/?author=15\"}]}<\/script>\n<!-- \/ Yoast SEO plugin. -->","yoast_head_json":{"title":"Cadena perpetua para madre que se fue de vacaciones a PR y dej\u00f3 sola a su beb\u00e9 hasta la muerte. - Conexi\u00f3n 23","robots":{"index":"index","follow":"follow","max-snippet":"max-snippet:-1","max-image-preview":"max-image-preview:large","max-video-preview":"max-video-preview:-1"},"canonical":"https:\/\/conexion23.com\/?p=26581","og_locale":"es_ES","og_type":"article","og_title":"Cadena perpetua para madre que se fue de vacaciones a PR y dej\u00f3 sola a su beb\u00e9 hasta la muerte. - Conexi\u00f3n 23","og_description":"La madre de una&nbsp;beb\u00e9&nbsp;de 16 meses, que muri\u00f3 despu\u00e9s de quedarse sola durante ocho d\u00edas en una&nbsp;vivienda de Cleveland&nbsp;(Ohio) mientras ella pasaba vacaciones en una isla, fue condenada a&nbsp;cadena perpetua, informaron este lunes las autoridades. Kristel Candelario, de 31 a\u00f1os, se declar\u00f3 culpable en febrero pasado de cargos relacionados con la muerte de su hija [&hellip;]","og_url":"https:\/\/conexion23.com\/?p=26581","og_site_name":"Conexi\u00f3n 23","article_publisher":"https:\/\/www.facebook.com\/conexion23com","article_published_time":"2024-03-20T11:08:07+00:00","article_modified_time":"2024-03-20T11:08:09+00:00","og_image":[{"width":780,"height":470,"url":"https:\/\/conexion23.com\/wp-content\/uploads\/2024\/03\/img_7597-1-780x470-1.webp","type":"image\/webp"}],"author":"Raffy Ben\u00edtez","twitter_card":"summary_large_image","twitter_misc":{"Escrito por":"Raffy Ben\u00edtez","Tiempo de lectura":"2 minutos"},"schema":{"@context":"https:\/\/schema.org","@graph":[{"@type":"Article","@id":"https:\/\/conexion23.com\/?p=26581#article","isPartOf":{"@id":"https:\/\/conexion23.com\/?p=26581"},"author":{"name":"Raffy Ben\u00edtez","@id":"https:\/\/conexion23.com\/#\/schema\/person\/03e36043331117e97a373299bbcd30a6"},"headline":"Cadena perpetua para madre que se fue de vacaciones a PR y dej\u00f3 sola a su beb\u00e9 hasta la muerte.","datePublished":"2024-03-20T11:08:07+00:00","dateModified":"2024-03-20T11:08:09+00:00","mainEntityOfPage":{"@id":"https:\/\/conexion23.com\/?p=26581"},"wordCount":327,"commentCount":0,"publisher":{"@id":"https:\/\/conexion23.com\/#organization"},"image":{"@id":"https:\/\/conexion23.com\/?p=26581#primaryimage"},"thumbnailUrl":"https:\/\/conexion23.com\/wp-content\/uploads\/2024\/03\/img_7597-1-780x470-1.webp","articleSection":["Uncategorized"],"inLanguage":"es","potentialAction":[{"@type":"CommentAction","name":"Comment","target":["https:\/\/conexion23.com\/?p=26581#respond"]}]},{"@type":"WebPage","@id":"https:\/\/conexion23.com\/?p=26581","url":"https:\/\/conexion23.com\/?p=26581","name":"Cadena perpetua para madre que se fue de vacaciones a PR y dej\u00f3 sola a su beb\u00e9 hasta la muerte. - Conexi\u00f3n 23","isPartOf":{"@id":"https:\/\/conexion23.com\/#website"},"primaryImageOfPage":{"@id":"https:\/\/conexion23.com\/?p=26581#primaryimage"},"image":{"@id":"https:\/\/conexion23.com\/?p=26581#primaryimage"},"thumbnailUrl":"https:\/\/conexion23.com\/wp-content\/uploads\/2024\/03\/img_7597-1-780x470-1.webp","datePublished":"2024-03-20T11:08:07+00:00","dateModified":"2024-03-20T11:08:09+00:00","breadcrumb":{"@id":"https:\/\/conexion23.com\/?p=26581#breadcrumb"},"inLanguage":"es","potentialAction":[{"@type":"ReadAction","target":["https:\/\/conexion23.com\/?p=26581"]}]},{"@type":"ImageObject","inLanguage":"es","@id":"https:\/\/conexion23.com\/?p=26581#primaryimage","url":"https:\/\/conexion23.com\/wp-content\/uploads\/2024\/03\/img_7597-1-780x470-1.webp","contentUrl":"https:\/\/conexion23.com\/wp-content\/uploads\/2024\/03\/img_7597-1-780x470-1.webp","width":780,"height":470},{"@type":"BreadcrumbList","@id":"https:\/\/conexion23.com\/?p=26581#breadcrumb","itemListElement":[{"@type":"ListItem","position":1,"name":"Portada","item":"https:\/\/conexion23.com\/"},{"@type":"ListItem","position":2,"name":"Cadena perpetua para madre que se fue de vacaciones a PR y dej\u00f3 sola a su beb\u00e9 hasta la muerte."}]},{"@type":"WebSite","@id":"https:\/\/conexion23.com\/#website","url":"https:\/\/conexion23.com\/","name":"Conexi\u00f3n 23","description":"Peri\u00f3dico 100% Petromacorisano","publisher":{"@id":"https:\/\/conexion23.com\/#organization"},"potentialAction":[{"@type":"SearchAction","target":{"@type":"EntryPoint","urlTemplate":"https:\/\/conexion23.com\/?s={search_term_string}"},"query-input":{"@type":"PropertyValueSpecification","valueRequired":true,"valueName":"search_term_string"}}],"inLanguage":"es"},{"@type":"Organization","@id":"https:\/\/conexion23.com\/#organization","name":"Conexion 23","url":"https:\/\/conexion23.com\/","logo":{"@type":"ImageObject","inLanguage":"es","@id":"https:\/\/conexion23.com\/#\/schema\/logo\/image\/","url":"https:\/\/conexion23.com\/wp-content\/uploads\/2021\/11\/Diseno-sin-titulo-2.png","contentUrl":"https:\/\/conexion23.com\/wp-content\/uploads\/2021\/11\/Diseno-sin-titulo-2.png","width":541,"height":90,"caption":"Conexion 23"},"image":{"@id":"https:\/\/conexion23.com\/#\/schema\/logo\/image\/"},"sameAs":["https:\/\/www.facebook.com\/conexion23com","https:\/\/www.instagram.com\/conexion23com\/","https:\/\/www.youtube.com\/channel\/UCYc7vxxFZMYLIHNsHHxPZ3Q"]},{"@type":"Person","@id":"https:\/\/conexion23.com\/#\/schema\/person\/03e36043331117e97a373299bbcd30a6","name":"Raffy Ben\u00edtez","image":{"@type":"ImageObject","inLanguage":"es","@id":"https:\/\/conexion23.com\/#\/schema\/person\/image\/","url":"https:\/\/secure.gravatar.com\/avatar\/3190a6a6c5e1b0327500f7d6c56b6242472ee6cb974cf09b401ee6b3b0798f23?s=96&d=mm&r=g","contentUrl":"https:\/\/secure.gravatar.com\/avatar\/3190a6a6c5e1b0327500f7d6c56b6242472ee6cb974cf09b401ee6b3b0798f23?s=96&d=mm&r=g","caption":"Raffy Ben\u00edtez"},"url":"https:\/\/conexion23.com\/?author=15"}]}},"_links":{"self":[{"href":"https:\/\/conexion23.com\/index.php?rest_route=\/wp\/v2\/posts\/26581","targetHints":{"allow":["GET"]}}],"collection":[{"href":"https:\/\/conexion23.com\/index.php?rest_route=\/wp\/v2\/posts"}],"about":[{"href":"https:\/\/conexion23.com\/index.php?rest_route=\/wp\/v2\/types\/post"}],"author":[{"embeddable":true,"href":"https:\/\/conexion23.com\/index.php?rest_route=\/wp\/v2\/users\/15"}],"replies":[{"embeddable":true,"href":"https:\/\/conexion23.com\/index.php?rest_route=%2Fwp%2Fv2%2Fcomments&post=26581"}],"version-history":[{"count":1,"href":"https:\/\/conexion23.com\/index.php?rest_route=\/wp\/v2\/posts\/26581\/revisions"}],"predecessor-version":[{"id":26583,"href":"https:\/\/conexion23.com\/index.php?rest_route=\/wp\/v2\/posts\/26581\/revisions\/26583"}],"wp:featuredmedia":[{"embeddable":true,"href":"https:\/\/conexion23.com\/index.php?rest_route=\/wp\/v2\/media\/26582"}],"wp:attachment":[{"href":"https:\/\/conexion23.com\/index.php?rest_route=%2Fwp%2Fv2%2Fmedia&parent=26581"}],"wp:term":[{"taxonomy":"category","embeddable":true,"href":"https:\/\/conexion23.com\/index.php?rest_route=%2Fwp%2Fv2%2Fcategories&post=26581"},{"taxonomy":"post_tag","embeddable":true,"href":"https:\/\/conexion23.com\/index.php?rest_route=%2Fwp%2Fv2%2Ftags&post=26581"}],"curies":[{"name":"wp","href":"https:\/\/api.w.org\/{rel}","templated":true}]}}