{"id":26584,"date":"2024-03-20T07:10:40","date_gmt":"2024-03-20T11:10:40","guid":{"rendered":"https:\/\/conexion23.com\/?p=26584"},"modified":"2024-03-20T07:10:42","modified_gmt":"2024-03-20T11:10:42","slug":"banda-armada-ataca-banco-central-de-haiti-en-puerto-principe","status":"publish","type":"post","link":"https:\/\/conexion23.com\/?p=26584","title":{"rendered":"Banda armada ataca Banco Central de Hait\u00ed en Puerto Pr\u00edncipe."},"content":{"rendered":"\n<p>Un ataque contra el banco central de<strong>&nbsp;Hait\u00ed en Puerto Pr\u00edncipe,<\/strong>&nbsp;la capital controlada en gran parte por bandas armadas,&nbsp;<strong>ha sido repelido y varios asaltantes han muerto,<\/strong>&nbsp;declar\u00f3 este martes a la AFP una fuente del organismo.<\/p>\n\n\n\n<p><strong>El Banco de la Rep\u00fablica de Hait<\/strong>\u00ed (BRH) es una de las pocas instituciones que no han huido del centro de la ciudad, donde varias pandillas campan a sus anchas.<\/p>\n\n\n\n<p>Un grupo de \u201cbandidos\u201d atac\u00f3 sus locales el lunes, declar\u00f3 a la AFP una fuente del BRH, que prefiri\u00f3 mantener el anonimato.<\/p>\n\n\n\n<p>\u201cNuestros agentes de seguridad, junto con la polic\u00eda y el ej\u00e9rcito, repelieron el ataqu<strong>e. Entre tres y cuatro bandidos resultaron muertos\u201d<\/strong>, declar\u00f3 esa persona.<\/p>\n\n\n\n<p>Uno de los guardias de seguridad del BRH fue herido de bala, a\u00f1adi\u00f3.<\/p>\n\n\n\n<p>Por su parte, el Banco dijo el martes en X (antes Twitter) que estaba\u00a0<strong>\u201cprofundamente agradecido\u201d<\/strong>\u00a0a sus agentes de seguridad ya la polic\u00eda nacional \u201cpor su vigilancia y compromiso constante con la protecci\u00f3n\u201d de la comunidad.<\/p>\n\n\n\n<p>\u201cAnte un incidente ocurrido ayer (lunes) cerca de los locales del BRH (\u2026), la polic\u00eda y el equipo de seguridad de la instituci\u00f3n reaccionaron con profesionalidad y eficacia\u201d, afirm\u00f3 la instituci\u00f3n.<\/p>\n\n\n\n<p><strong>Hait\u00ed, que ya viv\u00eda una profunda crisis pol\u00edtica<\/strong>y de seguridad, est\u00e1 sumido en un nuevo episodio de violencia desde principios de mes, cuando varias bandas unieron sus fuerzas para atacar lugares estrat\u00e9gicos de Puerto Pr\u00edncipe en el marco de una batalla contra el primer ministro Ariel. Enrique.<\/p>\n\n\n\n<p>Henry, muy cuestionado en su pa\u00eds y en el extranjero, no pudo regresar a&nbsp;<strong>Hait\u00ed tras un viaje a Kenia.<\/strong><\/p>\n\n\n\n<p>El dirigente anunci\u00f3 su dimisi\u00f3n el 11 de marzo, afirmando que su gobierno gestionar\u00eda los asuntos corrientes hasta que se constituir\u00eda un consejo presidencial de transici\u00f3n.<\/p>\n\n\n\n<p>Los haitianos han estado esperando la formaci\u00f3n de estas autoridades de transici\u00f3n desde entonces.<\/p>\n\n\n\n<p>El lunes, seg\u00fan un fot\u00f3grafo de AFP, se encontraron 14 cuerpos sin vida en un barrio alojado de Puerto Pr\u00edncipe, donde los miembros de una banda hab\u00edan estado perpetrando ataques desde el amanecer.<\/p>\n","protected":false},"excerpt":{"rendered":"<p>Un ataque contra el banco central de&nbsp;Hait\u00ed en Puerto Pr\u00edncipe,&nbsp;la capital controlada en gran parte por bandas armadas,&nbsp;ha sido repelido y varios asaltantes han muerto,&nbsp;declar\u00f3 este martes a la AFP una fuente del organismo. El Banco de la Rep\u00fablica de Hait\u00ed (BRH) es una de las pocas instituciones que no han huido del centro de [&hellip;]<\/p>\n","protected":false},"author":15,"featured_media":26585,"comment_status":"open","ping_status":"open","sticky":false,"template":"","format":"standard","meta":{"footnotes":""},"categories":[1],"tags":[],"class_list":{"0":"post-26584","1":"post","2":"type-post","3":"status-publish","4":"format-standard","5":"has-post-thumbnail","7":"category-uncategorized"},"yoast_head":"<!-- This site is optimized with the Yoast SEO plugin v27.1.1 - https:\/\/yoast.com\/product\/yoast-seo-wordpress\/ -->\n<title>Banda armada ataca Banco Central de Hait\u00ed en Puerto Pr\u00edncipe. - Conexi\u00f3n 23<\/title>\n<meta name=\"robots\" content=\"index, follow, max-snippet:-1, max-image-preview:large, max-video-preview:-1\" \/>\n<link rel=\"canonical\" href=\"https:\/\/conexion23.com\/?p=26584\" \/>\n<meta property=\"og:locale\" content=\"es_ES\" \/>\n<meta property=\"og:type\" content=\"article\" \/>\n<meta property=\"og:title\" content=\"Banda armada ataca Banco Central de Hait\u00ed en Puerto Pr\u00edncipe. - Conexi\u00f3n 23\" \/>\n<meta property=\"og:description\" content=\"Un ataque contra el banco central de&nbsp;Hait\u00ed en Puerto Pr\u00edncipe,&nbsp;la capital controlada en gran parte por bandas armadas,&nbsp;ha sido repelido y varios asaltantes han muerto,&nbsp;declar\u00f3 este martes a la AFP una fuente del organismo. El Banco de la Rep\u00fablica de Hait\u00ed (BRH) es una de las pocas instituciones que no han huido del centro de [&hellip;]\" \/>\n<meta property=\"og:url\" content=\"https:\/\/conexion23.com\/?p=26584\" \/>\n<meta property=\"og:site_name\" content=\"Conexi\u00f3n 23\" \/>\n<meta property=\"article:publisher\" content=\"https:\/\/www.facebook.com\/conexion23com\" \/>\n<meta property=\"article:published_time\" content=\"2024-03-20T11:10:40+00:00\" \/>\n<meta property=\"article:modified_time\" content=\"2024-03-20T11:10:42+00:00\" \/>\n<meta property=\"og:image\" content=\"https:\/\/conexion23.com\/wp-content\/uploads\/2024\/03\/img_7599-1.webp\" \/>\n\t<meta property=\"og:image:width\" content=\"511\" \/>\n\t<meta property=\"og:image:height\" content=\"313\" \/>\n\t<meta property=\"og:image:type\" content=\"image\/webp\" \/>\n<meta name=\"author\" content=\"Raffy Ben\u00edtez\" \/>\n<meta name=\"twitter:card\" content=\"summary_large_image\" \/>\n<meta name=\"twitter:label1\" content=\"Escrito por\" \/>\n\t<meta name=\"twitter:data1\" content=\"Raffy Ben\u00edtez\" \/>\n\t<meta name=\"twitter:label2\" content=\"Tiempo de lectura\" \/>\n\t<meta name=\"twitter:data2\" content=\"2 minutos\" \/>\n<script type=\"application\/ld+json\" class=\"yoast-schema-graph\">{\"@context\":\"https:\/\/schema.org\",\"@graph\":[{\"@type\":\"Article\",\"@id\":\"https:\/\/conexion23.com\/?p=26584#article\",\"isPartOf\":{\"@id\":\"https:\/\/conexion23.com\/?p=26584\"},\"author\":{\"name\":\"Raffy Ben\u00edtez\",\"@id\":\"https:\/\/conexion23.com\/#\/schema\/person\/03e36043331117e97a373299bbcd30a6\"},\"headline\":\"Banda armada ataca Banco Central de Hait\u00ed en Puerto Pr\u00edncipe.\",\"datePublished\":\"2024-03-20T11:10:40+00:00\",\"dateModified\":\"2024-03-20T11:10:42+00:00\",\"mainEntityOfPage\":{\"@id\":\"https:\/\/conexion23.com\/?p=26584\"},\"wordCount\":373,\"commentCount\":0,\"publisher\":{\"@id\":\"https:\/\/conexion23.com\/#organization\"},\"image\":{\"@id\":\"https:\/\/conexion23.com\/?p=26584#primaryimage\"},\"thumbnailUrl\":\"https:\/\/conexion23.com\/wp-content\/uploads\/2024\/03\/img_7599-1.webp\",\"articleSection\":[\"Uncategorized\"],\"inLanguage\":\"es\",\"potentialAction\":[{\"@type\":\"CommentAction\",\"name\":\"Comment\",\"target\":[\"https:\/\/conexion23.com\/?p=26584#respond\"]}]},{\"@type\":\"WebPage\",\"@id\":\"https:\/\/conexion23.com\/?p=26584\",\"url\":\"https:\/\/conexion23.com\/?p=26584\",\"name\":\"Banda armada ataca Banco Central de Hait\u00ed en Puerto Pr\u00edncipe. - Conexi\u00f3n 23\",\"isPartOf\":{\"@id\":\"https:\/\/conexion23.com\/#website\"},\"primaryImageOfPage\":{\"@id\":\"https:\/\/conexion23.com\/?p=26584#primaryimage\"},\"image\":{\"@id\":\"https:\/\/conexion23.com\/?p=26584#primaryimage\"},\"thumbnailUrl\":\"https:\/\/conexion23.com\/wp-content\/uploads\/2024\/03\/img_7599-1.webp\",\"datePublished\":\"2024-03-20T11:10:40+00:00\",\"dateModified\":\"2024-03-20T11:10:42+00:00\",\"breadcrumb\":{\"@id\":\"https:\/\/conexion23.com\/?p=26584#breadcrumb\"},\"inLanguage\":\"es\",\"potentialAction\":[{\"@type\":\"ReadAction\",\"target\":[\"https:\/\/conexion23.com\/?p=26584\"]}]},{\"@type\":\"ImageObject\",\"inLanguage\":\"es\",\"@id\":\"https:\/\/conexion23.com\/?p=26584#primaryimage\",\"url\":\"https:\/\/conexion23.com\/wp-content\/uploads\/2024\/03\/img_7599-1.webp\",\"contentUrl\":\"https:\/\/conexion23.com\/wp-content\/uploads\/2024\/03\/img_7599-1.webp\",\"width\":511,\"height\":313},{\"@type\":\"BreadcrumbList\",\"@id\":\"https:\/\/conexion23.com\/?p=26584#breadcrumb\",\"itemListElement\":[{\"@type\":\"ListItem\",\"position\":1,\"name\":\"Portada\",\"item\":\"https:\/\/conexion23.com\/\"},{\"@type\":\"ListItem\",\"position\":2,\"name\":\"Banda armada ataca Banco Central de Hait\u00ed en Puerto Pr\u00edncipe.\"}]},{\"@type\":\"WebSite\",\"@id\":\"https:\/\/conexion23.com\/#website\",\"url\":\"https:\/\/conexion23.com\/\",\"name\":\"Conexi\u00f3n 23\",\"description\":\"Peri\u00f3dico 100% Petromacorisano\",\"publisher\":{\"@id\":\"https:\/\/conexion23.com\/#organization\"},\"potentialAction\":[{\"@type\":\"SearchAction\",\"target\":{\"@type\":\"EntryPoint\",\"urlTemplate\":\"https:\/\/conexion23.com\/?s={search_term_string}\"},\"query-input\":{\"@type\":\"PropertyValueSpecification\",\"valueRequired\":true,\"valueName\":\"search_term_string\"}}],\"inLanguage\":\"es\"},{\"@type\":\"Organization\",\"@id\":\"https:\/\/conexion23.com\/#organization\",\"name\":\"Conexion 23\",\"url\":\"https:\/\/conexion23.com\/\",\"logo\":{\"@type\":\"ImageObject\",\"inLanguage\":\"es\",\"@id\":\"https:\/\/conexion23.com\/#\/schema\/logo\/image\/\",\"url\":\"https:\/\/conexion23.com\/wp-content\/uploads\/2021\/11\/Diseno-sin-titulo-2.png\",\"contentUrl\":\"https:\/\/conexion23.com\/wp-content\/uploads\/2021\/11\/Diseno-sin-titulo-2.png\",\"width\":541,\"height\":90,\"caption\":\"Conexion 23\"},\"image\":{\"@id\":\"https:\/\/conexion23.com\/#\/schema\/logo\/image\/\"},\"sameAs\":[\"https:\/\/www.facebook.com\/conexion23com\",\"https:\/\/www.instagram.com\/conexion23com\/\",\"https:\/\/www.youtube.com\/channel\/UCYc7vxxFZMYLIHNsHHxPZ3Q\"]},{\"@type\":\"Person\",\"@id\":\"https:\/\/conexion23.com\/#\/schema\/person\/03e36043331117e97a373299bbcd30a6\",\"name\":\"Raffy Ben\u00edtez\",\"image\":{\"@type\":\"ImageObject\",\"inLanguage\":\"es\",\"@id\":\"https:\/\/conexion23.com\/#\/schema\/person\/image\/\",\"url\":\"https:\/\/secure.gravatar.com\/avatar\/3190a6a6c5e1b0327500f7d6c56b6242472ee6cb974cf09b401ee6b3b0798f23?s=96&d=mm&r=g\",\"contentUrl\":\"https:\/\/secure.gravatar.com\/avatar\/3190a6a6c5e1b0327500f7d6c56b6242472ee6cb974cf09b401ee6b3b0798f23?s=96&d=mm&r=g\",\"caption\":\"Raffy Ben\u00edtez\"},\"url\":\"https:\/\/conexion23.com\/?author=15\"}]}<\/script>\n<!-- \/ Yoast SEO plugin. -->","yoast_head_json":{"title":"Banda armada ataca Banco Central de Hait\u00ed en Puerto Pr\u00edncipe. - Conexi\u00f3n 23","robots":{"index":"index","follow":"follow","max-snippet":"max-snippet:-1","max-image-preview":"max-image-preview:large","max-video-preview":"max-video-preview:-1"},"canonical":"https:\/\/conexion23.com\/?p=26584","og_locale":"es_ES","og_type":"article","og_title":"Banda armada ataca Banco Central de Hait\u00ed en Puerto Pr\u00edncipe. - Conexi\u00f3n 23","og_description":"Un ataque contra el banco central de&nbsp;Hait\u00ed en Puerto Pr\u00edncipe,&nbsp;la capital controlada en gran parte por bandas armadas,&nbsp;ha sido repelido y varios asaltantes han muerto,&nbsp;declar\u00f3 este martes a la AFP una fuente del organismo. El Banco de la Rep\u00fablica de Hait\u00ed (BRH) es una de las pocas instituciones que no han huido del centro de [&hellip;]","og_url":"https:\/\/conexion23.com\/?p=26584","og_site_name":"Conexi\u00f3n 23","article_publisher":"https:\/\/www.facebook.com\/conexion23com","article_published_time":"2024-03-20T11:10:40+00:00","article_modified_time":"2024-03-20T11:10:42+00:00","og_image":[{"width":511,"height":313,"url":"https:\/\/conexion23.com\/wp-content\/uploads\/2024\/03\/img_7599-1.webp","type":"image\/webp"}],"author":"Raffy Ben\u00edtez","twitter_card":"summary_large_image","twitter_misc":{"Escrito por":"Raffy Ben\u00edtez","Tiempo de lectura":"2 minutos"},"schema":{"@context":"https:\/\/schema.org","@graph":[{"@type":"Article","@id":"https:\/\/conexion23.com\/?p=26584#article","isPartOf":{"@id":"https:\/\/conexion23.com\/?p=26584"},"author":{"name":"Raffy Ben\u00edtez","@id":"https:\/\/conexion23.com\/#\/schema\/person\/03e36043331117e97a373299bbcd30a6"},"headline":"Banda armada ataca Banco Central de Hait\u00ed en Puerto Pr\u00edncipe.","datePublished":"2024-03-20T11:10:40+00:00","dateModified":"2024-03-20T11:10:42+00:00","mainEntityOfPage":{"@id":"https:\/\/conexion23.com\/?p=26584"},"wordCount":373,"commentCount":0,"publisher":{"@id":"https:\/\/conexion23.com\/#organization"},"image":{"@id":"https:\/\/conexion23.com\/?p=26584#primaryimage"},"thumbnailUrl":"https:\/\/conexion23.com\/wp-content\/uploads\/2024\/03\/img_7599-1.webp","articleSection":["Uncategorized"],"inLanguage":"es","potentialAction":[{"@type":"CommentAction","name":"Comment","target":["https:\/\/conexion23.com\/?p=26584#respond"]}]},{"@type":"WebPage","@id":"https:\/\/conexion23.com\/?p=26584","url":"https:\/\/conexion23.com\/?p=26584","name":"Banda armada ataca Banco Central de Hait\u00ed en Puerto Pr\u00edncipe. - Conexi\u00f3n 23","isPartOf":{"@id":"https:\/\/conexion23.com\/#website"},"primaryImageOfPage":{"@id":"https:\/\/conexion23.com\/?p=26584#primaryimage"},"image":{"@id":"https:\/\/conexion23.com\/?p=26584#primaryimage"},"thumbnailUrl":"https:\/\/conexion23.com\/wp-content\/uploads\/2024\/03\/img_7599-1.webp","datePublished":"2024-03-20T11:10:40+00:00","dateModified":"2024-03-20T11:10:42+00:00","breadcrumb":{"@id":"https:\/\/conexion23.com\/?p=26584#breadcrumb"},"inLanguage":"es","potentialAction":[{"@type":"ReadAction","target":["https:\/\/conexion23.com\/?p=26584"]}]},{"@type":"ImageObject","inLanguage":"es","@id":"https:\/\/conexion23.com\/?p=26584#primaryimage","url":"https:\/\/conexion23.com\/wp-content\/uploads\/2024\/03\/img_7599-1.webp","contentUrl":"https:\/\/conexion23.com\/wp-content\/uploads\/2024\/03\/img_7599-1.webp","width":511,"height":313},{"@type":"BreadcrumbList","@id":"https:\/\/conexion23.com\/?p=26584#breadcrumb","itemListElement":[{"@type":"ListItem","position":1,"name":"Portada","item":"https:\/\/conexion23.com\/"},{"@type":"ListItem","position":2,"name":"Banda armada ataca Banco Central de Hait\u00ed en Puerto Pr\u00edncipe."}]},{"@type":"WebSite","@id":"https:\/\/conexion23.com\/#website","url":"https:\/\/conexion23.com\/","name":"Conexi\u00f3n 23","description":"Peri\u00f3dico 100% Petromacorisano","publisher":{"@id":"https:\/\/conexion23.com\/#organization"},"potentialAction":[{"@type":"SearchAction","target":{"@type":"EntryPoint","urlTemplate":"https:\/\/conexion23.com\/?s={search_term_string}"},"query-input":{"@type":"PropertyValueSpecification","valueRequired":true,"valueName":"search_term_string"}}],"inLanguage":"es"},{"@type":"Organization","@id":"https:\/\/conexion23.com\/#organization","name":"Conexion 23","url":"https:\/\/conexion23.com\/","logo":{"@type":"ImageObject","inLanguage":"es","@id":"https:\/\/conexion23.com\/#\/schema\/logo\/image\/","url":"https:\/\/conexion23.com\/wp-content\/uploads\/2021\/11\/Diseno-sin-titulo-2.png","contentUrl":"https:\/\/conexion23.com\/wp-content\/uploads\/2021\/11\/Diseno-sin-titulo-2.png","width":541,"height":90,"caption":"Conexion 23"},"image":{"@id":"https:\/\/conexion23.com\/#\/schema\/logo\/image\/"},"sameAs":["https:\/\/www.facebook.com\/conexion23com","https:\/\/www.instagram.com\/conexion23com\/","https:\/\/www.youtube.com\/channel\/UCYc7vxxFZMYLIHNsHHxPZ3Q"]},{"@type":"Person","@id":"https:\/\/conexion23.com\/#\/schema\/person\/03e36043331117e97a373299bbcd30a6","name":"Raffy Ben\u00edtez","image":{"@type":"ImageObject","inLanguage":"es","@id":"https:\/\/conexion23.com\/#\/schema\/person\/image\/","url":"https:\/\/secure.gravatar.com\/avatar\/3190a6a6c5e1b0327500f7d6c56b6242472ee6cb974cf09b401ee6b3b0798f23?s=96&d=mm&r=g","contentUrl":"https:\/\/secure.gravatar.com\/avatar\/3190a6a6c5e1b0327500f7d6c56b6242472ee6cb974cf09b401ee6b3b0798f23?s=96&d=mm&r=g","caption":"Raffy Ben\u00edtez"},"url":"https:\/\/conexion23.com\/?author=15"}]}},"_links":{"self":[{"href":"https:\/\/conexion23.com\/index.php?rest_route=\/wp\/v2\/posts\/26584","targetHints":{"allow":["GET"]}}],"collection":[{"href":"https:\/\/conexion23.com\/index.php?rest_route=\/wp\/v2\/posts"}],"about":[{"href":"https:\/\/conexion23.com\/index.php?rest_route=\/wp\/v2\/types\/post"}],"author":[{"embeddable":true,"href":"https:\/\/conexion23.com\/index.php?rest_route=\/wp\/v2\/users\/15"}],"replies":[{"embeddable":true,"href":"https:\/\/conexion23.com\/index.php?rest_route=%2Fwp%2Fv2%2Fcomments&post=26584"}],"version-history":[{"count":1,"href":"https:\/\/conexion23.com\/index.php?rest_route=\/wp\/v2\/posts\/26584\/revisions"}],"predecessor-version":[{"id":26586,"href":"https:\/\/conexion23.com\/index.php?rest_route=\/wp\/v2\/posts\/26584\/revisions\/26586"}],"wp:featuredmedia":[{"embeddable":true,"href":"https:\/\/conexion23.com\/index.php?rest_route=\/wp\/v2\/media\/26585"}],"wp:attachment":[{"href":"https:\/\/conexion23.com\/index.php?rest_route=%2Fwp%2Fv2%2Fmedia&parent=26584"}],"wp:term":[{"taxonomy":"category","embeddable":true,"href":"https:\/\/conexion23.com\/index.php?rest_route=%2Fwp%2Fv2%2Fcategories&post=26584"},{"taxonomy":"post_tag","embeddable":true,"href":"https:\/\/conexion23.com\/index.php?rest_route=%2Fwp%2Fv2%2Ftags&post=26584"}],"curies":[{"name":"wp","href":"https:\/\/api.w.org\/{rel}","templated":true}]}}