{"id":27791,"date":"2024-04-26T08:24:55","date_gmt":"2024-04-26T12:24:55","guid":{"rendered":"https:\/\/conexion23.com\/?p=27791"},"modified":"2024-04-26T08:24:58","modified_gmt":"2024-04-26T12:24:58","slug":"muere-nina-de-un-ano-y-nueve-meses-al-caer-a-un-pozo-septico-en-santiago","status":"publish","type":"post","link":"https:\/\/conexion23.com\/?p=27791","title":{"rendered":"Muere ni\u00f1a de un a\u00f1o y nueve meses al caer a un pozo s\u00e9ptico en Santiago."},"content":{"rendered":"\n<p class=\"wp-block-paragraph\"><strong>Una ni\u00f1a de un a\u00f1o y nueve meses muri\u00f3 ahogada al caer a un pozo s\u00e9ptico, que se llen\u00f3 de agua tras las lluvias de este miercoles, en la comunidad Arroyo Los Pl\u00e1tanos, en el municipio de Sabana Iglesia de Santiago.<\/strong><\/p>\n\n\n\n<p class=\"wp-block-paragraph\">La menor identificada fue identificada como<strong>\u00a0Yeily Hern\u00e1ndez<\/strong>\u00a0y seg\u00fan los parientes, la ni\u00f1a estaba mojada por la lluvia y su abuela la mand\u00f3 junto a su\u00a0<strong>hermanita a cambiarse de ropa,<\/strong>\u00a0pero nunca lleg\u00f3 a l<strong>a habitaci\u00f3n<\/strong>. Tras la b\u00fasqueda finalmente fue hallada en el hoyo luego de penetrar con un palo el pozo y tocar su cuerpecito.<a href=\"https:\/\/www.instagram.com\/norbertorodprm\/\"><\/a><\/p>\n\n\n\n<p class=\"wp-block-paragraph\">Al lugar del hecho se presentaron miembros del Sistema Nacional de Atenci\u00f3n a Emergencias y Seguridad (9-1-1) y los organismos de rescate, pero ya estaba muerta.<a href=\"https:\/\/www.instagram.com\/norbertorodprm\/\"><\/a><\/p>\n\n\n\n<p class=\"wp-block-paragraph\">L<strong>as autoridades informaron que el hecho&nbsp;est\u00e1&nbsp;bajo&nbsp;investigaci\u00f3n.&nbsp;<\/strong><\/p>\n","protected":false},"excerpt":{"rendered":"<p>Una ni\u00f1a de un a\u00f1o y nueve meses muri\u00f3 ahogada al caer a un pozo s\u00e9ptico, que se llen\u00f3 de agua tras las lluvias de este miercoles, en la comunidad Arroyo Los Pl\u00e1tanos, en el municipio de Sabana Iglesia de Santiago. La menor identificada fue identificada como\u00a0Yeily Hern\u00e1ndez\u00a0y seg\u00fan los parientes, la ni\u00f1a estaba mojada [&hellip;]<\/p>\n","protected":false},"author":15,"featured_media":27792,"comment_status":"open","ping_status":"open","sticky":false,"template":"","format":"standard","meta":{"footnotes":""},"categories":[1],"tags":[],"class_list":["post-27791","post","type-post","status-publish","format-standard","has-post-thumbnail","category-uncategorized"],"yoast_head":"<!-- This site is optimized with the Yoast SEO plugin v27.6 - https:\/\/yoast.com\/product\/yoast-seo-wordpress\/ -->\n<title>Muere ni\u00f1a de un a\u00f1o y nueve meses al caer a un pozo s\u00e9ptico en Santiago. - Conexi\u00f3n 23<\/title>\n<meta name=\"robots\" content=\"index, follow, max-snippet:-1, max-image-preview:large, max-video-preview:-1\" \/>\n<link rel=\"canonical\" href=\"https:\/\/conexion23.com\/?p=27791\" \/>\n<meta property=\"og:locale\" content=\"es_ES\" \/>\n<meta property=\"og:type\" content=\"article\" \/>\n<meta property=\"og:title\" content=\"Muere ni\u00f1a de un a\u00f1o y nueve meses al caer a un pozo s\u00e9ptico en Santiago. - Conexi\u00f3n 23\" \/>\n<meta property=\"og:description\" content=\"Una ni\u00f1a de un a\u00f1o y nueve meses muri\u00f3 ahogada al caer a un pozo s\u00e9ptico, que se llen\u00f3 de agua tras las lluvias de este miercoles, en la comunidad Arroyo Los Pl\u00e1tanos, en el municipio de Sabana Iglesia de Santiago. La menor identificada fue identificada como\u00a0Yeily Hern\u00e1ndez\u00a0y seg\u00fan los parientes, la ni\u00f1a estaba mojada [&hellip;]\" \/>\n<meta property=\"og:url\" content=\"https:\/\/conexion23.com\/?p=27791\" \/>\n<meta property=\"og:site_name\" content=\"Conexi\u00f3n 23\" \/>\n<meta property=\"article:publisher\" content=\"https:\/\/www.facebook.com\/conexion23com\" \/>\n<meta property=\"article:published_time\" content=\"2024-04-26T12:24:55+00:00\" \/>\n<meta property=\"article:modified_time\" content=\"2024-04-26T12:24:58+00:00\" \/>\n<meta property=\"og:image\" content=\"https:\/\/conexion23.com\/wp-content\/uploads\/2024\/04\/WhatsApp-Image-2024-04-25-at-5.38.18-PM.jpg\" \/>\n\t<meta property=\"og:image:width\" content=\"534\" \/>\n\t<meta property=\"og:image:height\" content=\"370\" \/>\n\t<meta property=\"og:image:type\" content=\"image\/jpeg\" \/>\n<meta name=\"author\" content=\"Raffy Ben\u00edtez\" \/>\n<meta name=\"twitter:card\" content=\"summary_large_image\" \/>\n<meta name=\"twitter:label1\" content=\"Escrito por\" \/>\n\t<meta name=\"twitter:data1\" content=\"Raffy Ben\u00edtez\" \/>\n\t<meta name=\"twitter:label2\" content=\"Tiempo de lectura\" \/>\n\t<meta name=\"twitter:data2\" content=\"1 minuto\" \/>\n<script type=\"application\/ld+json\" class=\"yoast-schema-graph\">{\"@context\":\"https:\\\/\\\/schema.org\",\"@graph\":[{\"@type\":\"Article\",\"@id\":\"https:\\\/\\\/conexion23.com\\\/?p=27791#article\",\"isPartOf\":{\"@id\":\"https:\\\/\\\/conexion23.com\\\/?p=27791\"},\"author\":{\"name\":\"Raffy Ben\u00edtez\",\"@id\":\"https:\\\/\\\/conexion23.com\\\/#\\\/schema\\\/person\\\/03e36043331117e97a373299bbcd30a6\"},\"headline\":\"Muere ni\u00f1a de un a\u00f1o y nueve meses al caer a un pozo s\u00e9ptico en Santiago.\",\"datePublished\":\"2024-04-26T12:24:55+00:00\",\"dateModified\":\"2024-04-26T12:24:58+00:00\",\"mainEntityOfPage\":{\"@id\":\"https:\\\/\\\/conexion23.com\\\/?p=27791\"},\"wordCount\":170,\"commentCount\":0,\"publisher\":{\"@id\":\"https:\\\/\\\/conexion23.com\\\/#organization\"},\"image\":{\"@id\":\"https:\\\/\\\/conexion23.com\\\/?p=27791#primaryimage\"},\"thumbnailUrl\":\"https:\\\/\\\/conexion23.com\\\/wp-content\\\/uploads\\\/2024\\\/04\\\/WhatsApp-Image-2024-04-25-at-5.38.18-PM.jpg\",\"articleSection\":[\"Uncategorized\"],\"inLanguage\":\"es\",\"potentialAction\":[{\"@type\":\"CommentAction\",\"name\":\"Comment\",\"target\":[\"https:\\\/\\\/conexion23.com\\\/?p=27791#respond\"]}]},{\"@type\":\"WebPage\",\"@id\":\"https:\\\/\\\/conexion23.com\\\/?p=27791\",\"url\":\"https:\\\/\\\/conexion23.com\\\/?p=27791\",\"name\":\"Muere ni\u00f1a de un a\u00f1o y nueve meses al caer a un pozo s\u00e9ptico en Santiago. - Conexi\u00f3n 23\",\"isPartOf\":{\"@id\":\"https:\\\/\\\/conexion23.com\\\/#website\"},\"primaryImageOfPage\":{\"@id\":\"https:\\\/\\\/conexion23.com\\\/?p=27791#primaryimage\"},\"image\":{\"@id\":\"https:\\\/\\\/conexion23.com\\\/?p=27791#primaryimage\"},\"thumbnailUrl\":\"https:\\\/\\\/conexion23.com\\\/wp-content\\\/uploads\\\/2024\\\/04\\\/WhatsApp-Image-2024-04-25-at-5.38.18-PM.jpg\",\"datePublished\":\"2024-04-26T12:24:55+00:00\",\"dateModified\":\"2024-04-26T12:24:58+00:00\",\"breadcrumb\":{\"@id\":\"https:\\\/\\\/conexion23.com\\\/?p=27791#breadcrumb\"},\"inLanguage\":\"es\",\"potentialAction\":[{\"@type\":\"ReadAction\",\"target\":[\"https:\\\/\\\/conexion23.com\\\/?p=27791\"]}]},{\"@type\":\"ImageObject\",\"inLanguage\":\"es\",\"@id\":\"https:\\\/\\\/conexion23.com\\\/?p=27791#primaryimage\",\"url\":\"https:\\\/\\\/conexion23.com\\\/wp-content\\\/uploads\\\/2024\\\/04\\\/WhatsApp-Image-2024-04-25-at-5.38.18-PM.jpg\",\"contentUrl\":\"https:\\\/\\\/conexion23.com\\\/wp-content\\\/uploads\\\/2024\\\/04\\\/WhatsApp-Image-2024-04-25-at-5.38.18-PM.jpg\",\"width\":534,\"height\":370},{\"@type\":\"BreadcrumbList\",\"@id\":\"https:\\\/\\\/conexion23.com\\\/?p=27791#breadcrumb\",\"itemListElement\":[{\"@type\":\"ListItem\",\"position\":1,\"name\":\"Portada\",\"item\":\"https:\\\/\\\/conexion23.com\\\/\"},{\"@type\":\"ListItem\",\"position\":2,\"name\":\"Muere ni\u00f1a de un a\u00f1o y nueve meses al caer a un pozo s\u00e9ptico en Santiago.\"}]},{\"@type\":\"WebSite\",\"@id\":\"https:\\\/\\\/conexion23.com\\\/#website\",\"url\":\"https:\\\/\\\/conexion23.com\\\/\",\"name\":\"Conexi\u00f3n 23\",\"description\":\"Peri\u00f3dico 100% Petromacorisano\",\"publisher\":{\"@id\":\"https:\\\/\\\/conexion23.com\\\/#organization\"},\"potentialAction\":[{\"@type\":\"SearchAction\",\"target\":{\"@type\":\"EntryPoint\",\"urlTemplate\":\"https:\\\/\\\/conexion23.com\\\/?s={search_term_string}\"},\"query-input\":{\"@type\":\"PropertyValueSpecification\",\"valueRequired\":true,\"valueName\":\"search_term_string\"}}],\"inLanguage\":\"es\"},{\"@type\":\"Organization\",\"@id\":\"https:\\\/\\\/conexion23.com\\\/#organization\",\"name\":\"Conexion 23\",\"url\":\"https:\\\/\\\/conexion23.com\\\/\",\"logo\":{\"@type\":\"ImageObject\",\"inLanguage\":\"es\",\"@id\":\"https:\\\/\\\/conexion23.com\\\/#\\\/schema\\\/logo\\\/image\\\/\",\"url\":\"https:\\\/\\\/conexion23.com\\\/wp-content\\\/uploads\\\/2021\\\/11\\\/Diseno-sin-titulo-2.png\",\"contentUrl\":\"https:\\\/\\\/conexion23.com\\\/wp-content\\\/uploads\\\/2021\\\/11\\\/Diseno-sin-titulo-2.png\",\"width\":541,\"height\":90,\"caption\":\"Conexion 23\"},\"image\":{\"@id\":\"https:\\\/\\\/conexion23.com\\\/#\\\/schema\\\/logo\\\/image\\\/\"},\"sameAs\":[\"https:\\\/\\\/www.facebook.com\\\/conexion23com\",\"https:\\\/\\\/www.instagram.com\\\/conexion23com\\\/\",\"https:\\\/\\\/www.youtube.com\\\/channel\\\/UCYc7vxxFZMYLIHNsHHxPZ3Q\"]},{\"@type\":\"Person\",\"@id\":\"https:\\\/\\\/conexion23.com\\\/#\\\/schema\\\/person\\\/03e36043331117e97a373299bbcd30a6\",\"name\":\"Raffy Ben\u00edtez\",\"image\":{\"@type\":\"ImageObject\",\"inLanguage\":\"es\",\"@id\":\"https:\\\/\\\/secure.gravatar.com\\\/avatar\\\/3190a6a6c5e1b0327500f7d6c56b6242472ee6cb974cf09b401ee6b3b0798f23?s=96&d=mm&r=g\",\"url\":\"https:\\\/\\\/secure.gravatar.com\\\/avatar\\\/3190a6a6c5e1b0327500f7d6c56b6242472ee6cb974cf09b401ee6b3b0798f23?s=96&d=mm&r=g\",\"contentUrl\":\"https:\\\/\\\/secure.gravatar.com\\\/avatar\\\/3190a6a6c5e1b0327500f7d6c56b6242472ee6cb974cf09b401ee6b3b0798f23?s=96&d=mm&r=g\",\"caption\":\"Raffy Ben\u00edtez\"},\"url\":\"https:\\\/\\\/conexion23.com\\\/?author=15\"}]}<\/script>\n<!-- \/ Yoast SEO plugin. -->","yoast_head_json":{"title":"Muere ni\u00f1a de un a\u00f1o y nueve meses al caer a un pozo s\u00e9ptico en Santiago. - Conexi\u00f3n 23","robots":{"index":"index","follow":"follow","max-snippet":"max-snippet:-1","max-image-preview":"max-image-preview:large","max-video-preview":"max-video-preview:-1"},"canonical":"https:\/\/conexion23.com\/?p=27791","og_locale":"es_ES","og_type":"article","og_title":"Muere ni\u00f1a de un a\u00f1o y nueve meses al caer a un pozo s\u00e9ptico en Santiago. - Conexi\u00f3n 23","og_description":"Una ni\u00f1a de un a\u00f1o y nueve meses muri\u00f3 ahogada al caer a un pozo s\u00e9ptico, que se llen\u00f3 de agua tras las lluvias de este miercoles, en la comunidad Arroyo Los Pl\u00e1tanos, en el municipio de Sabana Iglesia de Santiago. La menor identificada fue identificada como\u00a0Yeily Hern\u00e1ndez\u00a0y seg\u00fan los parientes, la ni\u00f1a estaba mojada [&hellip;]","og_url":"https:\/\/conexion23.com\/?p=27791","og_site_name":"Conexi\u00f3n 23","article_publisher":"https:\/\/www.facebook.com\/conexion23com","article_published_time":"2024-04-26T12:24:55+00:00","article_modified_time":"2024-04-26T12:24:58+00:00","og_image":[{"width":534,"height":370,"url":"https:\/\/conexion23.com\/wp-content\/uploads\/2024\/04\/WhatsApp-Image-2024-04-25-at-5.38.18-PM.jpg","type":"image\/jpeg"}],"author":"Raffy Ben\u00edtez","twitter_card":"summary_large_image","twitter_misc":{"Escrito por":"Raffy Ben\u00edtez","Tiempo de lectura":"1 minuto"},"schema":{"@context":"https:\/\/schema.org","@graph":[{"@type":"Article","@id":"https:\/\/conexion23.com\/?p=27791#article","isPartOf":{"@id":"https:\/\/conexion23.com\/?p=27791"},"author":{"name":"Raffy Ben\u00edtez","@id":"https:\/\/conexion23.com\/#\/schema\/person\/03e36043331117e97a373299bbcd30a6"},"headline":"Muere ni\u00f1a de un a\u00f1o y nueve meses al caer a un pozo s\u00e9ptico en Santiago.","datePublished":"2024-04-26T12:24:55+00:00","dateModified":"2024-04-26T12:24:58+00:00","mainEntityOfPage":{"@id":"https:\/\/conexion23.com\/?p=27791"},"wordCount":170,"commentCount":0,"publisher":{"@id":"https:\/\/conexion23.com\/#organization"},"image":{"@id":"https:\/\/conexion23.com\/?p=27791#primaryimage"},"thumbnailUrl":"https:\/\/conexion23.com\/wp-content\/uploads\/2024\/04\/WhatsApp-Image-2024-04-25-at-5.38.18-PM.jpg","articleSection":["Uncategorized"],"inLanguage":"es","potentialAction":[{"@type":"CommentAction","name":"Comment","target":["https:\/\/conexion23.com\/?p=27791#respond"]}]},{"@type":"WebPage","@id":"https:\/\/conexion23.com\/?p=27791","url":"https:\/\/conexion23.com\/?p=27791","name":"Muere ni\u00f1a de un a\u00f1o y nueve meses al caer a un pozo s\u00e9ptico en Santiago. - Conexi\u00f3n 23","isPartOf":{"@id":"https:\/\/conexion23.com\/#website"},"primaryImageOfPage":{"@id":"https:\/\/conexion23.com\/?p=27791#primaryimage"},"image":{"@id":"https:\/\/conexion23.com\/?p=27791#primaryimage"},"thumbnailUrl":"https:\/\/conexion23.com\/wp-content\/uploads\/2024\/04\/WhatsApp-Image-2024-04-25-at-5.38.18-PM.jpg","datePublished":"2024-04-26T12:24:55+00:00","dateModified":"2024-04-26T12:24:58+00:00","breadcrumb":{"@id":"https:\/\/conexion23.com\/?p=27791#breadcrumb"},"inLanguage":"es","potentialAction":[{"@type":"ReadAction","target":["https:\/\/conexion23.com\/?p=27791"]}]},{"@type":"ImageObject","inLanguage":"es","@id":"https:\/\/conexion23.com\/?p=27791#primaryimage","url":"https:\/\/conexion23.com\/wp-content\/uploads\/2024\/04\/WhatsApp-Image-2024-04-25-at-5.38.18-PM.jpg","contentUrl":"https:\/\/conexion23.com\/wp-content\/uploads\/2024\/04\/WhatsApp-Image-2024-04-25-at-5.38.18-PM.jpg","width":534,"height":370},{"@type":"BreadcrumbList","@id":"https:\/\/conexion23.com\/?p=27791#breadcrumb","itemListElement":[{"@type":"ListItem","position":1,"name":"Portada","item":"https:\/\/conexion23.com\/"},{"@type":"ListItem","position":2,"name":"Muere ni\u00f1a de un a\u00f1o y nueve meses al caer a un pozo s\u00e9ptico en Santiago."}]},{"@type":"WebSite","@id":"https:\/\/conexion23.com\/#website","url":"https:\/\/conexion23.com\/","name":"Conexi\u00f3n 23","description":"Peri\u00f3dico 100% Petromacorisano","publisher":{"@id":"https:\/\/conexion23.com\/#organization"},"potentialAction":[{"@type":"SearchAction","target":{"@type":"EntryPoint","urlTemplate":"https:\/\/conexion23.com\/?s={search_term_string}"},"query-input":{"@type":"PropertyValueSpecification","valueRequired":true,"valueName":"search_term_string"}}],"inLanguage":"es"},{"@type":"Organization","@id":"https:\/\/conexion23.com\/#organization","name":"Conexion 23","url":"https:\/\/conexion23.com\/","logo":{"@type":"ImageObject","inLanguage":"es","@id":"https:\/\/conexion23.com\/#\/schema\/logo\/image\/","url":"https:\/\/conexion23.com\/wp-content\/uploads\/2021\/11\/Diseno-sin-titulo-2.png","contentUrl":"https:\/\/conexion23.com\/wp-content\/uploads\/2021\/11\/Diseno-sin-titulo-2.png","width":541,"height":90,"caption":"Conexion 23"},"image":{"@id":"https:\/\/conexion23.com\/#\/schema\/logo\/image\/"},"sameAs":["https:\/\/www.facebook.com\/conexion23com","https:\/\/www.instagram.com\/conexion23com\/","https:\/\/www.youtube.com\/channel\/UCYc7vxxFZMYLIHNsHHxPZ3Q"]},{"@type":"Person","@id":"https:\/\/conexion23.com\/#\/schema\/person\/03e36043331117e97a373299bbcd30a6","name":"Raffy Ben\u00edtez","image":{"@type":"ImageObject","inLanguage":"es","@id":"https:\/\/secure.gravatar.com\/avatar\/3190a6a6c5e1b0327500f7d6c56b6242472ee6cb974cf09b401ee6b3b0798f23?s=96&d=mm&r=g","url":"https:\/\/secure.gravatar.com\/avatar\/3190a6a6c5e1b0327500f7d6c56b6242472ee6cb974cf09b401ee6b3b0798f23?s=96&d=mm&r=g","contentUrl":"https:\/\/secure.gravatar.com\/avatar\/3190a6a6c5e1b0327500f7d6c56b6242472ee6cb974cf09b401ee6b3b0798f23?s=96&d=mm&r=g","caption":"Raffy Ben\u00edtez"},"url":"https:\/\/conexion23.com\/?author=15"}]}},"_links":{"self":[{"href":"https:\/\/conexion23.com\/index.php?rest_route=\/wp\/v2\/posts\/27791","targetHints":{"allow":["GET"]}}],"collection":[{"href":"https:\/\/conexion23.com\/index.php?rest_route=\/wp\/v2\/posts"}],"about":[{"href":"https:\/\/conexion23.com\/index.php?rest_route=\/wp\/v2\/types\/post"}],"author":[{"embeddable":true,"href":"https:\/\/conexion23.com\/index.php?rest_route=\/wp\/v2\/users\/15"}],"replies":[{"embeddable":true,"href":"https:\/\/conexion23.com\/index.php?rest_route=%2Fwp%2Fv2%2Fcomments&post=27791"}],"version-history":[{"count":1,"href":"https:\/\/conexion23.com\/index.php?rest_route=\/wp\/v2\/posts\/27791\/revisions"}],"predecessor-version":[{"id":27793,"href":"https:\/\/conexion23.com\/index.php?rest_route=\/wp\/v2\/posts\/27791\/revisions\/27793"}],"wp:featuredmedia":[{"embeddable":true,"href":"https:\/\/conexion23.com\/index.php?rest_route=\/wp\/v2\/media\/27792"}],"wp:attachment":[{"href":"https:\/\/conexion23.com\/index.php?rest_route=%2Fwp%2Fv2%2Fmedia&parent=27791"}],"wp:term":[{"taxonomy":"category","embeddable":true,"href":"https:\/\/conexion23.com\/index.php?rest_route=%2Fwp%2Fv2%2Fcategories&post=27791"},{"taxonomy":"post_tag","embeddable":true,"href":"https:\/\/conexion23.com\/index.php?rest_route=%2Fwp%2Fv2%2Ftags&post=27791"}],"curies":[{"name":"wp","href":"https:\/\/api.w.org\/{rel}","templated":true}]}}