{"id":29724,"date":"2024-06-24T06:58:46","date_gmt":"2024-06-24T10:58:46","guid":{"rendered":"https:\/\/conexion23.com\/?p=29724"},"modified":"2024-06-24T06:58:49","modified_gmt":"2024-06-24T10:58:49","slug":"un-herido-de-bala-en-pleito-de-varios-jovenes-en-barrio-de-spm","status":"publish","type":"post","link":"https:\/\/conexion23.com\/?p=29724","title":{"rendered":"Un herido de bala en pleito de varios j\u00f3venes en barrio de SPM"},"content":{"rendered":"\n<p>Un joven result\u00f3 heridos de bala al originarse una ri\u00f1a entre varios j\u00f3venes en la cercan\u00eda del complejo deportivo.<\/p>\n\n\n\n<p>El herido es Jorge Luis Guill\u00e9n De Jes\u00fas, de 19 a\u00f1os, residente en Barrio Lindo de esta ciudad, quien\u00a0 presenta, seg\u00fan diagn\u00f3stico m\u00e9dico \u201cherida de p de arma de fuego con entrada y salida en el hem\u00edtoxas\u201d, quien recibe atenciones m\u00e9dicas en un centro de salud local.<\/p>\n\n\n\n<p>Con relaci\u00f3n al incidente ,la polic\u00eda detuvo a los nombrados&nbsp; Roberto Antonio Nicasio, de 20 a\u00f1os, Raulin Antonio Nicasio, de 19 a\u00f1os y&nbsp; Andy Joel Montero Michael, (a) Andy Wi, de 20, residentes en el sector Loma del Cochero, de esta ciudad.<\/p>\n\n\n\n<p>Una nota suministrada por el departamento de comunicaci\u00f3n y estrategia de la regional sureste de la polic\u00eda nacional, indica que al apodado Andy Wi&nbsp; ,se le ocup\u00f3 una Arma de Fabricaci\u00f3n casera tipo chagon.<\/p>\n\n\n\n<p>Los detenidos y el arma ocupada fueron puestos a disposici\u00f3n de las autoridades competentes para los fines de lugar correspondientes.&nbsp;<\/p>\n","protected":false},"excerpt":{"rendered":"<p>Un joven result\u00f3 heridos de bala al originarse una ri\u00f1a entre varios j\u00f3venes en la cercan\u00eda del complejo deportivo. El herido es Jorge Luis Guill\u00e9n De Jes\u00fas, de 19 a\u00f1os, residente en Barrio Lindo de esta ciudad, quien\u00a0 presenta, seg\u00fan diagn\u00f3stico m\u00e9dico \u201cherida de p de arma de fuego con entrada y salida en el [&hellip;]<\/p>\n","protected":false},"author":15,"featured_media":29725,"comment_status":"open","ping_status":"open","sticky":false,"template":"","format":"standard","meta":{"footnotes":""},"categories":[35],"tags":[],"class_list":{"0":"post-29724","1":"post","2":"type-post","3":"status-publish","4":"format-standard","5":"has-post-thumbnail","7":"category-spm"},"yoast_head":"<!-- This site is optimized with the Yoast SEO plugin v27.1.1 - https:\/\/yoast.com\/product\/yoast-seo-wordpress\/ -->\n<title>Un herido de bala en pleito de varios j\u00f3venes en barrio de SPM - Conexi\u00f3n 23<\/title>\n<meta name=\"robots\" content=\"index, follow, max-snippet:-1, max-image-preview:large, max-video-preview:-1\" \/>\n<link rel=\"canonical\" href=\"https:\/\/conexion23.com\/?p=29724\" \/>\n<meta property=\"og:locale\" content=\"es_ES\" \/>\n<meta property=\"og:type\" content=\"article\" \/>\n<meta property=\"og:title\" content=\"Un herido de bala en pleito de varios j\u00f3venes en barrio de SPM - Conexi\u00f3n 23\" \/>\n<meta property=\"og:description\" content=\"Un joven result\u00f3 heridos de bala al originarse una ri\u00f1a entre varios j\u00f3venes en la cercan\u00eda del complejo deportivo. El herido es Jorge Luis Guill\u00e9n De Jes\u00fas, de 19 a\u00f1os, residente en Barrio Lindo de esta ciudad, quien\u00a0 presenta, seg\u00fan diagn\u00f3stico m\u00e9dico \u201cherida de p de arma de fuego con entrada y salida en el [&hellip;]\" \/>\n<meta property=\"og:url\" content=\"https:\/\/conexion23.com\/?p=29724\" \/>\n<meta property=\"og:site_name\" content=\"Conexi\u00f3n 23\" \/>\n<meta property=\"article:publisher\" content=\"https:\/\/www.facebook.com\/conexion23com\" \/>\n<meta property=\"article:published_time\" content=\"2024-06-24T10:58:46+00:00\" \/>\n<meta property=\"article:modified_time\" content=\"2024-06-24T10:58:49+00:00\" \/>\n<meta property=\"og:image\" content=\"https:\/\/conexion23.com\/wp-content\/uploads\/2024\/06\/IMG-20240622-WA0006.jpg\" \/>\n\t<meta property=\"og:image:width\" content=\"320\" \/>\n\t<meta property=\"og:image:height\" content=\"147\" \/>\n\t<meta property=\"og:image:type\" content=\"image\/jpeg\" \/>\n<meta name=\"author\" content=\"Raffy Ben\u00edtez\" \/>\n<meta name=\"twitter:card\" content=\"summary_large_image\" \/>\n<meta name=\"twitter:label1\" content=\"Escrito por\" \/>\n\t<meta name=\"twitter:data1\" content=\"Raffy Ben\u00edtez\" \/>\n\t<meta name=\"twitter:label2\" content=\"Tiempo de lectura\" \/>\n\t<meta name=\"twitter:data2\" content=\"1 minuto\" \/>\n<script type=\"application\/ld+json\" class=\"yoast-schema-graph\">{\"@context\":\"https:\/\/schema.org\",\"@graph\":[{\"@type\":\"Article\",\"@id\":\"https:\/\/conexion23.com\/?p=29724#article\",\"isPartOf\":{\"@id\":\"https:\/\/conexion23.com\/?p=29724\"},\"author\":{\"name\":\"Raffy Ben\u00edtez\",\"@id\":\"https:\/\/conexion23.com\/#\/schema\/person\/03e36043331117e97a373299bbcd30a6\"},\"headline\":\"Un herido de bala en pleito de varios j\u00f3venes en barrio de SPM\",\"datePublished\":\"2024-06-24T10:58:46+00:00\",\"dateModified\":\"2024-06-24T10:58:49+00:00\",\"mainEntityOfPage\":{\"@id\":\"https:\/\/conexion23.com\/?p=29724\"},\"wordCount\":195,\"commentCount\":0,\"publisher\":{\"@id\":\"https:\/\/conexion23.com\/#organization\"},\"image\":{\"@id\":\"https:\/\/conexion23.com\/?p=29724#primaryimage\"},\"thumbnailUrl\":\"https:\/\/conexion23.com\/wp-content\/uploads\/2024\/06\/IMG-20240622-WA0006.jpg\",\"articleSection\":[\"SPM\"],\"inLanguage\":\"es\",\"potentialAction\":[{\"@type\":\"CommentAction\",\"name\":\"Comment\",\"target\":[\"https:\/\/conexion23.com\/?p=29724#respond\"]}]},{\"@type\":\"WebPage\",\"@id\":\"https:\/\/conexion23.com\/?p=29724\",\"url\":\"https:\/\/conexion23.com\/?p=29724\",\"name\":\"Un herido de bala en pleito de varios j\u00f3venes en barrio de SPM - Conexi\u00f3n 23\",\"isPartOf\":{\"@id\":\"https:\/\/conexion23.com\/#website\"},\"primaryImageOfPage\":{\"@id\":\"https:\/\/conexion23.com\/?p=29724#primaryimage\"},\"image\":{\"@id\":\"https:\/\/conexion23.com\/?p=29724#primaryimage\"},\"thumbnailUrl\":\"https:\/\/conexion23.com\/wp-content\/uploads\/2024\/06\/IMG-20240622-WA0006.jpg\",\"datePublished\":\"2024-06-24T10:58:46+00:00\",\"dateModified\":\"2024-06-24T10:58:49+00:00\",\"breadcrumb\":{\"@id\":\"https:\/\/conexion23.com\/?p=29724#breadcrumb\"},\"inLanguage\":\"es\",\"potentialAction\":[{\"@type\":\"ReadAction\",\"target\":[\"https:\/\/conexion23.com\/?p=29724\"]}]},{\"@type\":\"ImageObject\",\"inLanguage\":\"es\",\"@id\":\"https:\/\/conexion23.com\/?p=29724#primaryimage\",\"url\":\"https:\/\/conexion23.com\/wp-content\/uploads\/2024\/06\/IMG-20240622-WA0006.jpg\",\"contentUrl\":\"https:\/\/conexion23.com\/wp-content\/uploads\/2024\/06\/IMG-20240622-WA0006.jpg\",\"width\":320,\"height\":147},{\"@type\":\"BreadcrumbList\",\"@id\":\"https:\/\/conexion23.com\/?p=29724#breadcrumb\",\"itemListElement\":[{\"@type\":\"ListItem\",\"position\":1,\"name\":\"Portada\",\"item\":\"https:\/\/conexion23.com\/\"},{\"@type\":\"ListItem\",\"position\":2,\"name\":\"Un herido de bala en pleito de varios j\u00f3venes en barrio de SPM\"}]},{\"@type\":\"WebSite\",\"@id\":\"https:\/\/conexion23.com\/#website\",\"url\":\"https:\/\/conexion23.com\/\",\"name\":\"Conexi\u00f3n 23\",\"description\":\"Peri\u00f3dico 100% Petromacorisano\",\"publisher\":{\"@id\":\"https:\/\/conexion23.com\/#organization\"},\"potentialAction\":[{\"@type\":\"SearchAction\",\"target\":{\"@type\":\"EntryPoint\",\"urlTemplate\":\"https:\/\/conexion23.com\/?s={search_term_string}\"},\"query-input\":{\"@type\":\"PropertyValueSpecification\",\"valueRequired\":true,\"valueName\":\"search_term_string\"}}],\"inLanguage\":\"es\"},{\"@type\":\"Organization\",\"@id\":\"https:\/\/conexion23.com\/#organization\",\"name\":\"Conexion 23\",\"url\":\"https:\/\/conexion23.com\/\",\"logo\":{\"@type\":\"ImageObject\",\"inLanguage\":\"es\",\"@id\":\"https:\/\/conexion23.com\/#\/schema\/logo\/image\/\",\"url\":\"https:\/\/conexion23.com\/wp-content\/uploads\/2021\/11\/Diseno-sin-titulo-2.png\",\"contentUrl\":\"https:\/\/conexion23.com\/wp-content\/uploads\/2021\/11\/Diseno-sin-titulo-2.png\",\"width\":541,\"height\":90,\"caption\":\"Conexion 23\"},\"image\":{\"@id\":\"https:\/\/conexion23.com\/#\/schema\/logo\/image\/\"},\"sameAs\":[\"https:\/\/www.facebook.com\/conexion23com\",\"https:\/\/www.instagram.com\/conexion23com\/\",\"https:\/\/www.youtube.com\/channel\/UCYc7vxxFZMYLIHNsHHxPZ3Q\"]},{\"@type\":\"Person\",\"@id\":\"https:\/\/conexion23.com\/#\/schema\/person\/03e36043331117e97a373299bbcd30a6\",\"name\":\"Raffy Ben\u00edtez\",\"image\":{\"@type\":\"ImageObject\",\"inLanguage\":\"es\",\"@id\":\"https:\/\/conexion23.com\/#\/schema\/person\/image\/\",\"url\":\"https:\/\/secure.gravatar.com\/avatar\/3190a6a6c5e1b0327500f7d6c56b6242472ee6cb974cf09b401ee6b3b0798f23?s=96&d=mm&r=g\",\"contentUrl\":\"https:\/\/secure.gravatar.com\/avatar\/3190a6a6c5e1b0327500f7d6c56b6242472ee6cb974cf09b401ee6b3b0798f23?s=96&d=mm&r=g\",\"caption\":\"Raffy Ben\u00edtez\"},\"url\":\"https:\/\/conexion23.com\/?author=15\"}]}<\/script>\n<!-- \/ Yoast SEO plugin. -->","yoast_head_json":{"title":"Un herido de bala en pleito de varios j\u00f3venes en barrio de SPM - Conexi\u00f3n 23","robots":{"index":"index","follow":"follow","max-snippet":"max-snippet:-1","max-image-preview":"max-image-preview:large","max-video-preview":"max-video-preview:-1"},"canonical":"https:\/\/conexion23.com\/?p=29724","og_locale":"es_ES","og_type":"article","og_title":"Un herido de bala en pleito de varios j\u00f3venes en barrio de SPM - Conexi\u00f3n 23","og_description":"Un joven result\u00f3 heridos de bala al originarse una ri\u00f1a entre varios j\u00f3venes en la cercan\u00eda del complejo deportivo. El herido es Jorge Luis Guill\u00e9n De Jes\u00fas, de 19 a\u00f1os, residente en Barrio Lindo de esta ciudad, quien\u00a0 presenta, seg\u00fan diagn\u00f3stico m\u00e9dico \u201cherida de p de arma de fuego con entrada y salida en el [&hellip;]","og_url":"https:\/\/conexion23.com\/?p=29724","og_site_name":"Conexi\u00f3n 23","article_publisher":"https:\/\/www.facebook.com\/conexion23com","article_published_time":"2024-06-24T10:58:46+00:00","article_modified_time":"2024-06-24T10:58:49+00:00","og_image":[{"width":320,"height":147,"url":"https:\/\/conexion23.com\/wp-content\/uploads\/2024\/06\/IMG-20240622-WA0006.jpg","type":"image\/jpeg"}],"author":"Raffy Ben\u00edtez","twitter_card":"summary_large_image","twitter_misc":{"Escrito por":"Raffy Ben\u00edtez","Tiempo de lectura":"1 minuto"},"schema":{"@context":"https:\/\/schema.org","@graph":[{"@type":"Article","@id":"https:\/\/conexion23.com\/?p=29724#article","isPartOf":{"@id":"https:\/\/conexion23.com\/?p=29724"},"author":{"name":"Raffy Ben\u00edtez","@id":"https:\/\/conexion23.com\/#\/schema\/person\/03e36043331117e97a373299bbcd30a6"},"headline":"Un herido de bala en pleito de varios j\u00f3venes en barrio de SPM","datePublished":"2024-06-24T10:58:46+00:00","dateModified":"2024-06-24T10:58:49+00:00","mainEntityOfPage":{"@id":"https:\/\/conexion23.com\/?p=29724"},"wordCount":195,"commentCount":0,"publisher":{"@id":"https:\/\/conexion23.com\/#organization"},"image":{"@id":"https:\/\/conexion23.com\/?p=29724#primaryimage"},"thumbnailUrl":"https:\/\/conexion23.com\/wp-content\/uploads\/2024\/06\/IMG-20240622-WA0006.jpg","articleSection":["SPM"],"inLanguage":"es","potentialAction":[{"@type":"CommentAction","name":"Comment","target":["https:\/\/conexion23.com\/?p=29724#respond"]}]},{"@type":"WebPage","@id":"https:\/\/conexion23.com\/?p=29724","url":"https:\/\/conexion23.com\/?p=29724","name":"Un herido de bala en pleito de varios j\u00f3venes en barrio de SPM - Conexi\u00f3n 23","isPartOf":{"@id":"https:\/\/conexion23.com\/#website"},"primaryImageOfPage":{"@id":"https:\/\/conexion23.com\/?p=29724#primaryimage"},"image":{"@id":"https:\/\/conexion23.com\/?p=29724#primaryimage"},"thumbnailUrl":"https:\/\/conexion23.com\/wp-content\/uploads\/2024\/06\/IMG-20240622-WA0006.jpg","datePublished":"2024-06-24T10:58:46+00:00","dateModified":"2024-06-24T10:58:49+00:00","breadcrumb":{"@id":"https:\/\/conexion23.com\/?p=29724#breadcrumb"},"inLanguage":"es","potentialAction":[{"@type":"ReadAction","target":["https:\/\/conexion23.com\/?p=29724"]}]},{"@type":"ImageObject","inLanguage":"es","@id":"https:\/\/conexion23.com\/?p=29724#primaryimage","url":"https:\/\/conexion23.com\/wp-content\/uploads\/2024\/06\/IMG-20240622-WA0006.jpg","contentUrl":"https:\/\/conexion23.com\/wp-content\/uploads\/2024\/06\/IMG-20240622-WA0006.jpg","width":320,"height":147},{"@type":"BreadcrumbList","@id":"https:\/\/conexion23.com\/?p=29724#breadcrumb","itemListElement":[{"@type":"ListItem","position":1,"name":"Portada","item":"https:\/\/conexion23.com\/"},{"@type":"ListItem","position":2,"name":"Un herido de bala en pleito de varios j\u00f3venes en barrio de SPM"}]},{"@type":"WebSite","@id":"https:\/\/conexion23.com\/#website","url":"https:\/\/conexion23.com\/","name":"Conexi\u00f3n 23","description":"Peri\u00f3dico 100% Petromacorisano","publisher":{"@id":"https:\/\/conexion23.com\/#organization"},"potentialAction":[{"@type":"SearchAction","target":{"@type":"EntryPoint","urlTemplate":"https:\/\/conexion23.com\/?s={search_term_string}"},"query-input":{"@type":"PropertyValueSpecification","valueRequired":true,"valueName":"search_term_string"}}],"inLanguage":"es"},{"@type":"Organization","@id":"https:\/\/conexion23.com\/#organization","name":"Conexion 23","url":"https:\/\/conexion23.com\/","logo":{"@type":"ImageObject","inLanguage":"es","@id":"https:\/\/conexion23.com\/#\/schema\/logo\/image\/","url":"https:\/\/conexion23.com\/wp-content\/uploads\/2021\/11\/Diseno-sin-titulo-2.png","contentUrl":"https:\/\/conexion23.com\/wp-content\/uploads\/2021\/11\/Diseno-sin-titulo-2.png","width":541,"height":90,"caption":"Conexion 23"},"image":{"@id":"https:\/\/conexion23.com\/#\/schema\/logo\/image\/"},"sameAs":["https:\/\/www.facebook.com\/conexion23com","https:\/\/www.instagram.com\/conexion23com\/","https:\/\/www.youtube.com\/channel\/UCYc7vxxFZMYLIHNsHHxPZ3Q"]},{"@type":"Person","@id":"https:\/\/conexion23.com\/#\/schema\/person\/03e36043331117e97a373299bbcd30a6","name":"Raffy Ben\u00edtez","image":{"@type":"ImageObject","inLanguage":"es","@id":"https:\/\/conexion23.com\/#\/schema\/person\/image\/","url":"https:\/\/secure.gravatar.com\/avatar\/3190a6a6c5e1b0327500f7d6c56b6242472ee6cb974cf09b401ee6b3b0798f23?s=96&d=mm&r=g","contentUrl":"https:\/\/secure.gravatar.com\/avatar\/3190a6a6c5e1b0327500f7d6c56b6242472ee6cb974cf09b401ee6b3b0798f23?s=96&d=mm&r=g","caption":"Raffy Ben\u00edtez"},"url":"https:\/\/conexion23.com\/?author=15"}]}},"_links":{"self":[{"href":"https:\/\/conexion23.com\/index.php?rest_route=\/wp\/v2\/posts\/29724","targetHints":{"allow":["GET"]}}],"collection":[{"href":"https:\/\/conexion23.com\/index.php?rest_route=\/wp\/v2\/posts"}],"about":[{"href":"https:\/\/conexion23.com\/index.php?rest_route=\/wp\/v2\/types\/post"}],"author":[{"embeddable":true,"href":"https:\/\/conexion23.com\/index.php?rest_route=\/wp\/v2\/users\/15"}],"replies":[{"embeddable":true,"href":"https:\/\/conexion23.com\/index.php?rest_route=%2Fwp%2Fv2%2Fcomments&post=29724"}],"version-history":[{"count":1,"href":"https:\/\/conexion23.com\/index.php?rest_route=\/wp\/v2\/posts\/29724\/revisions"}],"predecessor-version":[{"id":29726,"href":"https:\/\/conexion23.com\/index.php?rest_route=\/wp\/v2\/posts\/29724\/revisions\/29726"}],"wp:featuredmedia":[{"embeddable":true,"href":"https:\/\/conexion23.com\/index.php?rest_route=\/wp\/v2\/media\/29725"}],"wp:attachment":[{"href":"https:\/\/conexion23.com\/index.php?rest_route=%2Fwp%2Fv2%2Fmedia&parent=29724"}],"wp:term":[{"taxonomy":"category","embeddable":true,"href":"https:\/\/conexion23.com\/index.php?rest_route=%2Fwp%2Fv2%2Fcategories&post=29724"},{"taxonomy":"post_tag","embeddable":true,"href":"https:\/\/conexion23.com\/index.php?rest_route=%2Fwp%2Fv2%2Ftags&post=29724"}],"curies":[{"name":"wp","href":"https:\/\/api.w.org\/{rel}","templated":true}]}}