{"id":30086,"date":"2024-07-03T08:10:30","date_gmt":"2024-07-03T12:10:30","guid":{"rendered":"https:\/\/conexion23.com\/?p=30086"},"modified":"2024-07-03T08:10:34","modified_gmt":"2024-07-03T12:10:34","slug":"conductor-pierde-la-vida-en-choque-en-la-autovia-del-este","status":"publish","type":"post","link":"https:\/\/conexion23.com\/?p=30086","title":{"rendered":"Conductor Pierde la Vida en Choque en la Autov\u00eda del Este\u201d"},"content":{"rendered":"\n<p>En la tarde de hoy, un tr\u00e1gico accidente de tr\u00e1nsito sacudi\u00f3 la Autov\u00eda del Este, cerca del 10 de Cumayasa, conocido como \u201cLa Antena\u201d. Un veh\u00edculo con tres ocupantes se desliz\u00f3 hacia la cuneta despu\u00e9s de que otro veh\u00edculo lo rozara, provocando que el conductor perdiera el control. El impacto final fue contra un puente peatonal, donde funciona una parada de motoconchos.<\/p>\n\n\n\n<p>El conductor, Deivy Fernelis Santana Victorino, oriundo de Santo Domingo, perdi\u00f3 la vida en el acto. Las dos personas que lo acompa\u00f1aban fueron trasladadas a un centro de salud en La Romana.<\/p>\n","protected":false},"excerpt":{"rendered":"<p>En la tarde de hoy, un tr\u00e1gico accidente de tr\u00e1nsito sacudi\u00f3 la Autov\u00eda del Este, cerca del 10 de Cumayasa, conocido como \u201cLa Antena\u201d. Un veh\u00edculo con tres ocupantes se desliz\u00f3 hacia la cuneta despu\u00e9s de que otro veh\u00edculo lo rozara, provocando que el conductor perdiera el control. El impacto final fue contra un puente [&hellip;]<\/p>\n","protected":false},"author":15,"featured_media":30087,"comment_status":"open","ping_status":"open","sticky":false,"template":"","format":"standard","meta":{"footnotes":""},"categories":[35],"tags":[],"class_list":{"0":"post-30086","1":"post","2":"type-post","3":"status-publish","4":"format-standard","5":"has-post-thumbnail","7":"category-spm"},"yoast_head":"<!-- This site is optimized with the Yoast SEO plugin v27.1.1 - https:\/\/yoast.com\/product\/yoast-seo-wordpress\/ -->\n<title>Conductor Pierde la Vida en Choque en la Autov\u00eda del Este\u201d - Conexi\u00f3n 23<\/title>\n<meta name=\"robots\" content=\"index, follow, max-snippet:-1, max-image-preview:large, max-video-preview:-1\" \/>\n<link rel=\"canonical\" href=\"https:\/\/conexion23.com\/?p=30086\" \/>\n<meta property=\"og:locale\" content=\"es_ES\" \/>\n<meta property=\"og:type\" content=\"article\" \/>\n<meta property=\"og:title\" content=\"Conductor Pierde la Vida en Choque en la Autov\u00eda del Este\u201d - Conexi\u00f3n 23\" \/>\n<meta property=\"og:description\" content=\"En la tarde de hoy, un tr\u00e1gico accidente de tr\u00e1nsito sacudi\u00f3 la Autov\u00eda del Este, cerca del 10 de Cumayasa, conocido como \u201cLa Antena\u201d. Un veh\u00edculo con tres ocupantes se desliz\u00f3 hacia la cuneta despu\u00e9s de que otro veh\u00edculo lo rozara, provocando que el conductor perdiera el control. El impacto final fue contra un puente [&hellip;]\" \/>\n<meta property=\"og:url\" content=\"https:\/\/conexion23.com\/?p=30086\" \/>\n<meta property=\"og:site_name\" content=\"Conexi\u00f3n 23\" \/>\n<meta property=\"article:publisher\" content=\"https:\/\/www.facebook.com\/conexion23com\" \/>\n<meta property=\"article:published_time\" content=\"2024-07-03T12:10:30+00:00\" \/>\n<meta property=\"article:modified_time\" content=\"2024-07-03T12:10:34+00:00\" \/>\n<meta property=\"og:image\" content=\"https:\/\/conexion23.com\/wp-content\/uploads\/2024\/07\/t-1.jpg\" \/>\n\t<meta property=\"og:image:width\" content=\"912\" \/>\n\t<meta property=\"og:image:height\" content=\"771\" \/>\n\t<meta property=\"og:image:type\" content=\"image\/jpeg\" \/>\n<meta name=\"author\" content=\"Raffy Ben\u00edtez\" \/>\n<meta name=\"twitter:card\" content=\"summary_large_image\" \/>\n<meta name=\"twitter:label1\" content=\"Escrito por\" \/>\n\t<meta name=\"twitter:data1\" content=\"Raffy Ben\u00edtez\" \/>\n\t<meta name=\"twitter:label2\" content=\"Tiempo de lectura\" \/>\n\t<meta name=\"twitter:data2\" content=\"1 minuto\" \/>\n<script type=\"application\/ld+json\" class=\"yoast-schema-graph\">{\"@context\":\"https:\/\/schema.org\",\"@graph\":[{\"@type\":\"Article\",\"@id\":\"https:\/\/conexion23.com\/?p=30086#article\",\"isPartOf\":{\"@id\":\"https:\/\/conexion23.com\/?p=30086\"},\"author\":{\"name\":\"Raffy Ben\u00edtez\",\"@id\":\"https:\/\/conexion23.com\/#\/schema\/person\/03e36043331117e97a373299bbcd30a6\"},\"headline\":\"Conductor Pierde la Vida en Choque en la Autov\u00eda del Este\u201d\",\"datePublished\":\"2024-07-03T12:10:30+00:00\",\"dateModified\":\"2024-07-03T12:10:34+00:00\",\"mainEntityOfPage\":{\"@id\":\"https:\/\/conexion23.com\/?p=30086\"},\"wordCount\":112,\"commentCount\":0,\"publisher\":{\"@id\":\"https:\/\/conexion23.com\/#organization\"},\"image\":{\"@id\":\"https:\/\/conexion23.com\/?p=30086#primaryimage\"},\"thumbnailUrl\":\"https:\/\/conexion23.com\/wp-content\/uploads\/2024\/07\/t-1.jpg\",\"articleSection\":[\"SPM\"],\"inLanguage\":\"es\",\"potentialAction\":[{\"@type\":\"CommentAction\",\"name\":\"Comment\",\"target\":[\"https:\/\/conexion23.com\/?p=30086#respond\"]}]},{\"@type\":\"WebPage\",\"@id\":\"https:\/\/conexion23.com\/?p=30086\",\"url\":\"https:\/\/conexion23.com\/?p=30086\",\"name\":\"Conductor Pierde la Vida en Choque en la Autov\u00eda del Este\u201d - Conexi\u00f3n 23\",\"isPartOf\":{\"@id\":\"https:\/\/conexion23.com\/#website\"},\"primaryImageOfPage\":{\"@id\":\"https:\/\/conexion23.com\/?p=30086#primaryimage\"},\"image\":{\"@id\":\"https:\/\/conexion23.com\/?p=30086#primaryimage\"},\"thumbnailUrl\":\"https:\/\/conexion23.com\/wp-content\/uploads\/2024\/07\/t-1.jpg\",\"datePublished\":\"2024-07-03T12:10:30+00:00\",\"dateModified\":\"2024-07-03T12:10:34+00:00\",\"breadcrumb\":{\"@id\":\"https:\/\/conexion23.com\/?p=30086#breadcrumb\"},\"inLanguage\":\"es\",\"potentialAction\":[{\"@type\":\"ReadAction\",\"target\":[\"https:\/\/conexion23.com\/?p=30086\"]}]},{\"@type\":\"ImageObject\",\"inLanguage\":\"es\",\"@id\":\"https:\/\/conexion23.com\/?p=30086#primaryimage\",\"url\":\"https:\/\/conexion23.com\/wp-content\/uploads\/2024\/07\/t-1.jpg\",\"contentUrl\":\"https:\/\/conexion23.com\/wp-content\/uploads\/2024\/07\/t-1.jpg\",\"width\":912,\"height\":771},{\"@type\":\"BreadcrumbList\",\"@id\":\"https:\/\/conexion23.com\/?p=30086#breadcrumb\",\"itemListElement\":[{\"@type\":\"ListItem\",\"position\":1,\"name\":\"Portada\",\"item\":\"https:\/\/conexion23.com\/\"},{\"@type\":\"ListItem\",\"position\":2,\"name\":\"Conductor Pierde la Vida en Choque en la Autov\u00eda del Este\u201d\"}]},{\"@type\":\"WebSite\",\"@id\":\"https:\/\/conexion23.com\/#website\",\"url\":\"https:\/\/conexion23.com\/\",\"name\":\"Conexi\u00f3n 23\",\"description\":\"Peri\u00f3dico 100% Petromacorisano\",\"publisher\":{\"@id\":\"https:\/\/conexion23.com\/#organization\"},\"potentialAction\":[{\"@type\":\"SearchAction\",\"target\":{\"@type\":\"EntryPoint\",\"urlTemplate\":\"https:\/\/conexion23.com\/?s={search_term_string}\"},\"query-input\":{\"@type\":\"PropertyValueSpecification\",\"valueRequired\":true,\"valueName\":\"search_term_string\"}}],\"inLanguage\":\"es\"},{\"@type\":\"Organization\",\"@id\":\"https:\/\/conexion23.com\/#organization\",\"name\":\"Conexion 23\",\"url\":\"https:\/\/conexion23.com\/\",\"logo\":{\"@type\":\"ImageObject\",\"inLanguage\":\"es\",\"@id\":\"https:\/\/conexion23.com\/#\/schema\/logo\/image\/\",\"url\":\"https:\/\/conexion23.com\/wp-content\/uploads\/2021\/11\/Diseno-sin-titulo-2.png\",\"contentUrl\":\"https:\/\/conexion23.com\/wp-content\/uploads\/2021\/11\/Diseno-sin-titulo-2.png\",\"width\":541,\"height\":90,\"caption\":\"Conexion 23\"},\"image\":{\"@id\":\"https:\/\/conexion23.com\/#\/schema\/logo\/image\/\"},\"sameAs\":[\"https:\/\/www.facebook.com\/conexion23com\",\"https:\/\/www.instagram.com\/conexion23com\/\",\"https:\/\/www.youtube.com\/channel\/UCYc7vxxFZMYLIHNsHHxPZ3Q\"]},{\"@type\":\"Person\",\"@id\":\"https:\/\/conexion23.com\/#\/schema\/person\/03e36043331117e97a373299bbcd30a6\",\"name\":\"Raffy Ben\u00edtez\",\"image\":{\"@type\":\"ImageObject\",\"inLanguage\":\"es\",\"@id\":\"https:\/\/conexion23.com\/#\/schema\/person\/image\/\",\"url\":\"https:\/\/secure.gravatar.com\/avatar\/3190a6a6c5e1b0327500f7d6c56b6242472ee6cb974cf09b401ee6b3b0798f23?s=96&d=mm&r=g\",\"contentUrl\":\"https:\/\/secure.gravatar.com\/avatar\/3190a6a6c5e1b0327500f7d6c56b6242472ee6cb974cf09b401ee6b3b0798f23?s=96&d=mm&r=g\",\"caption\":\"Raffy Ben\u00edtez\"},\"url\":\"https:\/\/conexion23.com\/?author=15\"}]}<\/script>\n<!-- \/ Yoast SEO plugin. -->","yoast_head_json":{"title":"Conductor Pierde la Vida en Choque en la Autov\u00eda del Este\u201d - Conexi\u00f3n 23","robots":{"index":"index","follow":"follow","max-snippet":"max-snippet:-1","max-image-preview":"max-image-preview:large","max-video-preview":"max-video-preview:-1"},"canonical":"https:\/\/conexion23.com\/?p=30086","og_locale":"es_ES","og_type":"article","og_title":"Conductor Pierde la Vida en Choque en la Autov\u00eda del Este\u201d - Conexi\u00f3n 23","og_description":"En la tarde de hoy, un tr\u00e1gico accidente de tr\u00e1nsito sacudi\u00f3 la Autov\u00eda del Este, cerca del 10 de Cumayasa, conocido como \u201cLa Antena\u201d. Un veh\u00edculo con tres ocupantes se desliz\u00f3 hacia la cuneta despu\u00e9s de que otro veh\u00edculo lo rozara, provocando que el conductor perdiera el control. El impacto final fue contra un puente [&hellip;]","og_url":"https:\/\/conexion23.com\/?p=30086","og_site_name":"Conexi\u00f3n 23","article_publisher":"https:\/\/www.facebook.com\/conexion23com","article_published_time":"2024-07-03T12:10:30+00:00","article_modified_time":"2024-07-03T12:10:34+00:00","og_image":[{"width":912,"height":771,"url":"https:\/\/conexion23.com\/wp-content\/uploads\/2024\/07\/t-1.jpg","type":"image\/jpeg"}],"author":"Raffy Ben\u00edtez","twitter_card":"summary_large_image","twitter_misc":{"Escrito por":"Raffy Ben\u00edtez","Tiempo de lectura":"1 minuto"},"schema":{"@context":"https:\/\/schema.org","@graph":[{"@type":"Article","@id":"https:\/\/conexion23.com\/?p=30086#article","isPartOf":{"@id":"https:\/\/conexion23.com\/?p=30086"},"author":{"name":"Raffy Ben\u00edtez","@id":"https:\/\/conexion23.com\/#\/schema\/person\/03e36043331117e97a373299bbcd30a6"},"headline":"Conductor Pierde la Vida en Choque en la Autov\u00eda del Este\u201d","datePublished":"2024-07-03T12:10:30+00:00","dateModified":"2024-07-03T12:10:34+00:00","mainEntityOfPage":{"@id":"https:\/\/conexion23.com\/?p=30086"},"wordCount":112,"commentCount":0,"publisher":{"@id":"https:\/\/conexion23.com\/#organization"},"image":{"@id":"https:\/\/conexion23.com\/?p=30086#primaryimage"},"thumbnailUrl":"https:\/\/conexion23.com\/wp-content\/uploads\/2024\/07\/t-1.jpg","articleSection":["SPM"],"inLanguage":"es","potentialAction":[{"@type":"CommentAction","name":"Comment","target":["https:\/\/conexion23.com\/?p=30086#respond"]}]},{"@type":"WebPage","@id":"https:\/\/conexion23.com\/?p=30086","url":"https:\/\/conexion23.com\/?p=30086","name":"Conductor Pierde la Vida en Choque en la Autov\u00eda del Este\u201d - Conexi\u00f3n 23","isPartOf":{"@id":"https:\/\/conexion23.com\/#website"},"primaryImageOfPage":{"@id":"https:\/\/conexion23.com\/?p=30086#primaryimage"},"image":{"@id":"https:\/\/conexion23.com\/?p=30086#primaryimage"},"thumbnailUrl":"https:\/\/conexion23.com\/wp-content\/uploads\/2024\/07\/t-1.jpg","datePublished":"2024-07-03T12:10:30+00:00","dateModified":"2024-07-03T12:10:34+00:00","breadcrumb":{"@id":"https:\/\/conexion23.com\/?p=30086#breadcrumb"},"inLanguage":"es","potentialAction":[{"@type":"ReadAction","target":["https:\/\/conexion23.com\/?p=30086"]}]},{"@type":"ImageObject","inLanguage":"es","@id":"https:\/\/conexion23.com\/?p=30086#primaryimage","url":"https:\/\/conexion23.com\/wp-content\/uploads\/2024\/07\/t-1.jpg","contentUrl":"https:\/\/conexion23.com\/wp-content\/uploads\/2024\/07\/t-1.jpg","width":912,"height":771},{"@type":"BreadcrumbList","@id":"https:\/\/conexion23.com\/?p=30086#breadcrumb","itemListElement":[{"@type":"ListItem","position":1,"name":"Portada","item":"https:\/\/conexion23.com\/"},{"@type":"ListItem","position":2,"name":"Conductor Pierde la Vida en Choque en la Autov\u00eda del Este\u201d"}]},{"@type":"WebSite","@id":"https:\/\/conexion23.com\/#website","url":"https:\/\/conexion23.com\/","name":"Conexi\u00f3n 23","description":"Peri\u00f3dico 100% Petromacorisano","publisher":{"@id":"https:\/\/conexion23.com\/#organization"},"potentialAction":[{"@type":"SearchAction","target":{"@type":"EntryPoint","urlTemplate":"https:\/\/conexion23.com\/?s={search_term_string}"},"query-input":{"@type":"PropertyValueSpecification","valueRequired":true,"valueName":"search_term_string"}}],"inLanguage":"es"},{"@type":"Organization","@id":"https:\/\/conexion23.com\/#organization","name":"Conexion 23","url":"https:\/\/conexion23.com\/","logo":{"@type":"ImageObject","inLanguage":"es","@id":"https:\/\/conexion23.com\/#\/schema\/logo\/image\/","url":"https:\/\/conexion23.com\/wp-content\/uploads\/2021\/11\/Diseno-sin-titulo-2.png","contentUrl":"https:\/\/conexion23.com\/wp-content\/uploads\/2021\/11\/Diseno-sin-titulo-2.png","width":541,"height":90,"caption":"Conexion 23"},"image":{"@id":"https:\/\/conexion23.com\/#\/schema\/logo\/image\/"},"sameAs":["https:\/\/www.facebook.com\/conexion23com","https:\/\/www.instagram.com\/conexion23com\/","https:\/\/www.youtube.com\/channel\/UCYc7vxxFZMYLIHNsHHxPZ3Q"]},{"@type":"Person","@id":"https:\/\/conexion23.com\/#\/schema\/person\/03e36043331117e97a373299bbcd30a6","name":"Raffy Ben\u00edtez","image":{"@type":"ImageObject","inLanguage":"es","@id":"https:\/\/conexion23.com\/#\/schema\/person\/image\/","url":"https:\/\/secure.gravatar.com\/avatar\/3190a6a6c5e1b0327500f7d6c56b6242472ee6cb974cf09b401ee6b3b0798f23?s=96&d=mm&r=g","contentUrl":"https:\/\/secure.gravatar.com\/avatar\/3190a6a6c5e1b0327500f7d6c56b6242472ee6cb974cf09b401ee6b3b0798f23?s=96&d=mm&r=g","caption":"Raffy Ben\u00edtez"},"url":"https:\/\/conexion23.com\/?author=15"}]}},"_links":{"self":[{"href":"https:\/\/conexion23.com\/index.php?rest_route=\/wp\/v2\/posts\/30086","targetHints":{"allow":["GET"]}}],"collection":[{"href":"https:\/\/conexion23.com\/index.php?rest_route=\/wp\/v2\/posts"}],"about":[{"href":"https:\/\/conexion23.com\/index.php?rest_route=\/wp\/v2\/types\/post"}],"author":[{"embeddable":true,"href":"https:\/\/conexion23.com\/index.php?rest_route=\/wp\/v2\/users\/15"}],"replies":[{"embeddable":true,"href":"https:\/\/conexion23.com\/index.php?rest_route=%2Fwp%2Fv2%2Fcomments&post=30086"}],"version-history":[{"count":1,"href":"https:\/\/conexion23.com\/index.php?rest_route=\/wp\/v2\/posts\/30086\/revisions"}],"predecessor-version":[{"id":30088,"href":"https:\/\/conexion23.com\/index.php?rest_route=\/wp\/v2\/posts\/30086\/revisions\/30088"}],"wp:featuredmedia":[{"embeddable":true,"href":"https:\/\/conexion23.com\/index.php?rest_route=\/wp\/v2\/media\/30087"}],"wp:attachment":[{"href":"https:\/\/conexion23.com\/index.php?rest_route=%2Fwp%2Fv2%2Fmedia&parent=30086"}],"wp:term":[{"taxonomy":"category","embeddable":true,"href":"https:\/\/conexion23.com\/index.php?rest_route=%2Fwp%2Fv2%2Fcategories&post=30086"},{"taxonomy":"post_tag","embeddable":true,"href":"https:\/\/conexion23.com\/index.php?rest_route=%2Fwp%2Fv2%2Ftags&post=30086"}],"curies":[{"name":"wp","href":"https:\/\/api.w.org\/{rel}","templated":true}]}}