{"id":30098,"date":"2024-07-03T08:36:19","date_gmt":"2024-07-03T12:36:19","guid":{"rendered":"https:\/\/conexion23.com\/?p=30098"},"modified":"2024-07-03T08:36:23","modified_gmt":"2024-07-03T12:36:23","slug":"huracan-beryl-se-aleja-de-rd-pero-llegara-una-onda-tropical-con-mas-lluvias-jueves-y-viernes","status":"publish","type":"post","link":"https:\/\/conexion23.com\/?p=30098","title":{"rendered":"Hurac\u00e1n Beryl se aleja de RD, pero llegar\u00e1 una onda tropical con m\u00e1s lluvias jueves y viernes"},"content":{"rendered":"\n<p>El&nbsp;<strong>hurac\u00e1n<\/strong>&nbsp;<strong>Beryl<\/strong>, de categor\u00eda 4, contin\u00faa alej\u00e1ndose del territorio dominicano este mi\u00e9rcoles, pero a partir de este&nbsp;<strong>jueves<\/strong>&nbsp;se aproximar\u00e1 una activa&nbsp;<strong>onda tropical<\/strong>&nbsp;que generar\u00e1 fuertes&nbsp;<strong>aguaceros<\/strong>&nbsp;sobre varias provincias.<\/p>\n\n\n\n<p>El informe de este mi\u00e9rcoles de la Oficina Nacional de Meteorolog\u00eda (<strong>Onamet<\/strong>) indica que&nbsp;<strong>Beryl<\/strong>&nbsp;se localiza en la latitud 16.6 norte y longitud 74.4 oeste, esto es, a unos 300 kil\u00f3metros al este\/sureste de Kingston,&nbsp;<strong>Jamaica<\/strong>, y tiene vientos m\u00e1ximos sostenidos de 230 kil\u00f3metros por hora.<\/p>\n\n\n\n<p>&nbsp;imagen\u00bb tipo=\u00bb30&#8243; title=\u00bbDar clic para editar placeholder\u00bb&gt;<\/p>\n\n\n\n<p>Para hoy, a pesar de que el ambiente se encuentra bastante nublado en la porci\u00f3n occidental del pa\u00eds,&nbsp; se espera que las&nbsp;<strong>lluvias<\/strong>&nbsp;disminuyan de manera considerable por el alejamiento del&nbsp;<strong>hurac\u00e1n<\/strong>.<\/p>\n\n\n\n<h2 class=\"wp-block-heading\">Disminuyen&nbsp;<strong>lluvias<\/strong>&nbsp;este mi\u00e9rcoles<\/h2>\n\n\n\n<p>Seg\u00fan la&nbsp;<strong>Onamet<\/strong>, se espera que una masa de aire con menor contenido de humedad ingrese al territorio, pero se prev\u00e9n en la ma\u00f1ana&nbsp;<strong>aguaceros<\/strong>&nbsp;en provincias como: Pedernales, Barahona, Independencia, Bahoruco, El\u00edas Pi\u00f1a, San Juan, Azua, entre otras.<\/p>\n\n\n\n<p>\u00abLuego de esto, durante la tarde, hasta primeras horas de la noche, se esperan otros incrementos de la nubosidad que descargar\u00e1n&nbsp;<strong>aguaceros<\/strong>, tronadas y posibles r\u00e1fagas de viento, esta vez sobre: Hato Mayor, Monte Plata, S\u00e1nchez Ram\u00edrez, La Vega, Monse\u00f1or Nouel, San Crist\u00f3bal, San Jos\u00e9 de Ocoa, Santiago, San Juan, El\u00edas Pina, Dajab\u00f3n, entre otras\u00bb, \u00edndica.<\/p>\n\n\n\n<p>En el caso del&nbsp;<strong>Gran Santo<\/strong>&nbsp;Domingo se prev\u00e9 estar\u00e1 medio nublado a nublado en ocasiones con&nbsp;<strong>aguaceros<\/strong>&nbsp;dispersos y tronadas aisladas.<\/p>\n\n\n\n<h2 class=\"wp-block-heading\">Onda tropical:&nbsp;<strong>jueves<\/strong>&nbsp;y viernes con m\u00e1s&nbsp;<strong>lluvias<\/strong>&nbsp;<\/h2>\n\n\n\n<p>Este&nbsp;<strong>jueves<\/strong>&nbsp;la una activa&nbsp;<strong>onda tropical<\/strong>, asociada a una zona de disturbio con bajo potencial cicl\u00f3nico ubicada actualmente al este de las Antillas Menores, estar\u00e1 afectando las condiciones meteorol\u00f3gicas sobre el pa\u00eds .<\/p>\n\n\n\n<p>Esta&nbsp;<strong>onda tropical<\/strong>, que lleg\u00f3 a tener la semana pasada un 40 % de probabilidad de convertirse en cicl\u00f3n tropical, hoy apenas tiene un 10 %. Se trata del sistema que se hab\u00eda informado que ven\u00eda detr\u00e1s de&nbsp;<strong>Beryl<\/strong>.<\/p>\n","protected":false},"excerpt":{"rendered":"<p>El&nbsp;hurac\u00e1n&nbsp;Beryl, de categor\u00eda 4, contin\u00faa alej\u00e1ndose del territorio dominicano este mi\u00e9rcoles, pero a partir de este&nbsp;jueves&nbsp;se aproximar\u00e1 una activa&nbsp;onda tropical&nbsp;que generar\u00e1 fuertes&nbsp;aguaceros&nbsp;sobre varias provincias. El informe de este mi\u00e9rcoles de la Oficina Nacional de Meteorolog\u00eda (Onamet) indica que&nbsp;Beryl&nbsp;se localiza en la latitud 16.6 norte y longitud 74.4 oeste, esto es, a unos 300 kil\u00f3metros al [&hellip;]<\/p>\n","protected":false},"author":15,"featured_media":30100,"comment_status":"open","ping_status":"open","sticky":false,"template":"","format":"standard","meta":{"footnotes":""},"categories":[1],"tags":[],"class_list":{"0":"post-30098","1":"post","2":"type-post","3":"status-publish","4":"format-standard","5":"has-post-thumbnail","7":"category-uncategorized"},"yoast_head":"<!-- This site is optimized with the Yoast SEO plugin v27.1.1 - https:\/\/yoast.com\/product\/yoast-seo-wordpress\/ -->\n<title>Hurac\u00e1n Beryl se aleja de RD, pero llegar\u00e1 una onda tropical con m\u00e1s lluvias jueves y viernes - Conexi\u00f3n 23<\/title>\n<meta name=\"robots\" content=\"index, follow, max-snippet:-1, max-image-preview:large, max-video-preview:-1\" \/>\n<link rel=\"canonical\" href=\"https:\/\/conexion23.com\/?p=30098\" \/>\n<meta property=\"og:locale\" content=\"es_ES\" \/>\n<meta property=\"og:type\" content=\"article\" \/>\n<meta property=\"og:title\" content=\"Hurac\u00e1n Beryl se aleja de RD, pero llegar\u00e1 una onda tropical con m\u00e1s lluvias jueves y viernes - Conexi\u00f3n 23\" \/>\n<meta property=\"og:description\" content=\"El&nbsp;hurac\u00e1n&nbsp;Beryl, de categor\u00eda 4, contin\u00faa alej\u00e1ndose del territorio dominicano este mi\u00e9rcoles, pero a partir de este&nbsp;jueves&nbsp;se aproximar\u00e1 una activa&nbsp;onda tropical&nbsp;que generar\u00e1 fuertes&nbsp;aguaceros&nbsp;sobre varias provincias. El informe de este mi\u00e9rcoles de la Oficina Nacional de Meteorolog\u00eda (Onamet) indica que&nbsp;Beryl&nbsp;se localiza en la latitud 16.6 norte y longitud 74.4 oeste, esto es, a unos 300 kil\u00f3metros al [&hellip;]\" \/>\n<meta property=\"og:url\" content=\"https:\/\/conexion23.com\/?p=30098\" \/>\n<meta property=\"og:site_name\" content=\"Conexi\u00f3n 23\" \/>\n<meta property=\"article:publisher\" content=\"https:\/\/www.facebook.com\/conexion23com\" \/>\n<meta property=\"article:published_time\" content=\"2024-07-03T12:36:19+00:00\" \/>\n<meta property=\"article:modified_time\" content=\"2024-07-03T12:36:23+00:00\" \/>\n<meta property=\"og:image\" content=\"https:\/\/conexion23.com\/wp-content\/uploads\/2024\/07\/crop-w1982-h1322-huracan-beryl-se-aleja-pero-llegara-onda-tropical-focus-0-0-896-504.jpg\" \/>\n\t<meta property=\"og:image:width\" content=\"896\" \/>\n\t<meta property=\"og:image:height\" content=\"504\" \/>\n\t<meta property=\"og:image:type\" content=\"image\/jpeg\" \/>\n<meta name=\"author\" content=\"Raffy Ben\u00edtez\" \/>\n<meta name=\"twitter:card\" content=\"summary_large_image\" \/>\n<meta name=\"twitter:label1\" content=\"Escrito por\" \/>\n\t<meta name=\"twitter:data1\" content=\"Raffy Ben\u00edtez\" \/>\n\t<meta name=\"twitter:label2\" content=\"Tiempo de lectura\" \/>\n\t<meta name=\"twitter:data2\" content=\"2 minutos\" \/>\n<script type=\"application\/ld+json\" class=\"yoast-schema-graph\">{\"@context\":\"https:\/\/schema.org\",\"@graph\":[{\"@type\":\"Article\",\"@id\":\"https:\/\/conexion23.com\/?p=30098#article\",\"isPartOf\":{\"@id\":\"https:\/\/conexion23.com\/?p=30098\"},\"author\":{\"name\":\"Raffy Ben\u00edtez\",\"@id\":\"https:\/\/conexion23.com\/#\/schema\/person\/03e36043331117e97a373299bbcd30a6\"},\"headline\":\"Hurac\u00e1n Beryl se aleja de RD, pero llegar\u00e1 una onda tropical con m\u00e1s lluvias jueves y viernes\",\"datePublished\":\"2024-07-03T12:36:19+00:00\",\"dateModified\":\"2024-07-03T12:36:23+00:00\",\"mainEntityOfPage\":{\"@id\":\"https:\/\/conexion23.com\/?p=30098\"},\"wordCount\":402,\"commentCount\":0,\"publisher\":{\"@id\":\"https:\/\/conexion23.com\/#organization\"},\"image\":{\"@id\":\"https:\/\/conexion23.com\/?p=30098#primaryimage\"},\"thumbnailUrl\":\"https:\/\/conexion23.com\/wp-content\/uploads\/2024\/07\/crop-w1982-h1322-huracan-beryl-se-aleja-pero-llegara-onda-tropical-focus-0-0-896-504.jpg\",\"articleSection\":[\"Uncategorized\"],\"inLanguage\":\"es\",\"potentialAction\":[{\"@type\":\"CommentAction\",\"name\":\"Comment\",\"target\":[\"https:\/\/conexion23.com\/?p=30098#respond\"]}]},{\"@type\":\"WebPage\",\"@id\":\"https:\/\/conexion23.com\/?p=30098\",\"url\":\"https:\/\/conexion23.com\/?p=30098\",\"name\":\"Hurac\u00e1n Beryl se aleja de RD, pero llegar\u00e1 una onda tropical con m\u00e1s lluvias jueves y viernes - Conexi\u00f3n 23\",\"isPartOf\":{\"@id\":\"https:\/\/conexion23.com\/#website\"},\"primaryImageOfPage\":{\"@id\":\"https:\/\/conexion23.com\/?p=30098#primaryimage\"},\"image\":{\"@id\":\"https:\/\/conexion23.com\/?p=30098#primaryimage\"},\"thumbnailUrl\":\"https:\/\/conexion23.com\/wp-content\/uploads\/2024\/07\/crop-w1982-h1322-huracan-beryl-se-aleja-pero-llegara-onda-tropical-focus-0-0-896-504.jpg\",\"datePublished\":\"2024-07-03T12:36:19+00:00\",\"dateModified\":\"2024-07-03T12:36:23+00:00\",\"breadcrumb\":{\"@id\":\"https:\/\/conexion23.com\/?p=30098#breadcrumb\"},\"inLanguage\":\"es\",\"potentialAction\":[{\"@type\":\"ReadAction\",\"target\":[\"https:\/\/conexion23.com\/?p=30098\"]}]},{\"@type\":\"ImageObject\",\"inLanguage\":\"es\",\"@id\":\"https:\/\/conexion23.com\/?p=30098#primaryimage\",\"url\":\"https:\/\/conexion23.com\/wp-content\/uploads\/2024\/07\/crop-w1982-h1322-huracan-beryl-se-aleja-pero-llegara-onda-tropical-focus-0-0-896-504.jpg\",\"contentUrl\":\"https:\/\/conexion23.com\/wp-content\/uploads\/2024\/07\/crop-w1982-h1322-huracan-beryl-se-aleja-pero-llegara-onda-tropical-focus-0-0-896-504.jpg\",\"width\":896,\"height\":504},{\"@type\":\"BreadcrumbList\",\"@id\":\"https:\/\/conexion23.com\/?p=30098#breadcrumb\",\"itemListElement\":[{\"@type\":\"ListItem\",\"position\":1,\"name\":\"Portada\",\"item\":\"https:\/\/conexion23.com\/\"},{\"@type\":\"ListItem\",\"position\":2,\"name\":\"Hurac\u00e1n Beryl se aleja de RD, pero llegar\u00e1 una onda tropical con m\u00e1s lluvias jueves y viernes\"}]},{\"@type\":\"WebSite\",\"@id\":\"https:\/\/conexion23.com\/#website\",\"url\":\"https:\/\/conexion23.com\/\",\"name\":\"Conexi\u00f3n 23\",\"description\":\"Peri\u00f3dico 100% Petromacorisano\",\"publisher\":{\"@id\":\"https:\/\/conexion23.com\/#organization\"},\"potentialAction\":[{\"@type\":\"SearchAction\",\"target\":{\"@type\":\"EntryPoint\",\"urlTemplate\":\"https:\/\/conexion23.com\/?s={search_term_string}\"},\"query-input\":{\"@type\":\"PropertyValueSpecification\",\"valueRequired\":true,\"valueName\":\"search_term_string\"}}],\"inLanguage\":\"es\"},{\"@type\":\"Organization\",\"@id\":\"https:\/\/conexion23.com\/#organization\",\"name\":\"Conexion 23\",\"url\":\"https:\/\/conexion23.com\/\",\"logo\":{\"@type\":\"ImageObject\",\"inLanguage\":\"es\",\"@id\":\"https:\/\/conexion23.com\/#\/schema\/logo\/image\/\",\"url\":\"https:\/\/conexion23.com\/wp-content\/uploads\/2021\/11\/Diseno-sin-titulo-2.png\",\"contentUrl\":\"https:\/\/conexion23.com\/wp-content\/uploads\/2021\/11\/Diseno-sin-titulo-2.png\",\"width\":541,\"height\":90,\"caption\":\"Conexion 23\"},\"image\":{\"@id\":\"https:\/\/conexion23.com\/#\/schema\/logo\/image\/\"},\"sameAs\":[\"https:\/\/www.facebook.com\/conexion23com\",\"https:\/\/www.instagram.com\/conexion23com\/\",\"https:\/\/www.youtube.com\/channel\/UCYc7vxxFZMYLIHNsHHxPZ3Q\"]},{\"@type\":\"Person\",\"@id\":\"https:\/\/conexion23.com\/#\/schema\/person\/03e36043331117e97a373299bbcd30a6\",\"name\":\"Raffy Ben\u00edtez\",\"image\":{\"@type\":\"ImageObject\",\"inLanguage\":\"es\",\"@id\":\"https:\/\/conexion23.com\/#\/schema\/person\/image\/\",\"url\":\"https:\/\/secure.gravatar.com\/avatar\/3190a6a6c5e1b0327500f7d6c56b6242472ee6cb974cf09b401ee6b3b0798f23?s=96&d=mm&r=g\",\"contentUrl\":\"https:\/\/secure.gravatar.com\/avatar\/3190a6a6c5e1b0327500f7d6c56b6242472ee6cb974cf09b401ee6b3b0798f23?s=96&d=mm&r=g\",\"caption\":\"Raffy Ben\u00edtez\"},\"url\":\"https:\/\/conexion23.com\/?author=15\"}]}<\/script>\n<!-- \/ Yoast SEO plugin. -->","yoast_head_json":{"title":"Hurac\u00e1n Beryl se aleja de RD, pero llegar\u00e1 una onda tropical con m\u00e1s lluvias jueves y viernes - Conexi\u00f3n 23","robots":{"index":"index","follow":"follow","max-snippet":"max-snippet:-1","max-image-preview":"max-image-preview:large","max-video-preview":"max-video-preview:-1"},"canonical":"https:\/\/conexion23.com\/?p=30098","og_locale":"es_ES","og_type":"article","og_title":"Hurac\u00e1n Beryl se aleja de RD, pero llegar\u00e1 una onda tropical con m\u00e1s lluvias jueves y viernes - Conexi\u00f3n 23","og_description":"El&nbsp;hurac\u00e1n&nbsp;Beryl, de categor\u00eda 4, contin\u00faa alej\u00e1ndose del territorio dominicano este mi\u00e9rcoles, pero a partir de este&nbsp;jueves&nbsp;se aproximar\u00e1 una activa&nbsp;onda tropical&nbsp;que generar\u00e1 fuertes&nbsp;aguaceros&nbsp;sobre varias provincias. El informe de este mi\u00e9rcoles de la Oficina Nacional de Meteorolog\u00eda (Onamet) indica que&nbsp;Beryl&nbsp;se localiza en la latitud 16.6 norte y longitud 74.4 oeste, esto es, a unos 300 kil\u00f3metros al [&hellip;]","og_url":"https:\/\/conexion23.com\/?p=30098","og_site_name":"Conexi\u00f3n 23","article_publisher":"https:\/\/www.facebook.com\/conexion23com","article_published_time":"2024-07-03T12:36:19+00:00","article_modified_time":"2024-07-03T12:36:23+00:00","og_image":[{"width":896,"height":504,"url":"https:\/\/conexion23.com\/wp-content\/uploads\/2024\/07\/crop-w1982-h1322-huracan-beryl-se-aleja-pero-llegara-onda-tropical-focus-0-0-896-504.jpg","type":"image\/jpeg"}],"author":"Raffy Ben\u00edtez","twitter_card":"summary_large_image","twitter_misc":{"Escrito por":"Raffy Ben\u00edtez","Tiempo de lectura":"2 minutos"},"schema":{"@context":"https:\/\/schema.org","@graph":[{"@type":"Article","@id":"https:\/\/conexion23.com\/?p=30098#article","isPartOf":{"@id":"https:\/\/conexion23.com\/?p=30098"},"author":{"name":"Raffy Ben\u00edtez","@id":"https:\/\/conexion23.com\/#\/schema\/person\/03e36043331117e97a373299bbcd30a6"},"headline":"Hurac\u00e1n Beryl se aleja de RD, pero llegar\u00e1 una onda tropical con m\u00e1s lluvias jueves y viernes","datePublished":"2024-07-03T12:36:19+00:00","dateModified":"2024-07-03T12:36:23+00:00","mainEntityOfPage":{"@id":"https:\/\/conexion23.com\/?p=30098"},"wordCount":402,"commentCount":0,"publisher":{"@id":"https:\/\/conexion23.com\/#organization"},"image":{"@id":"https:\/\/conexion23.com\/?p=30098#primaryimage"},"thumbnailUrl":"https:\/\/conexion23.com\/wp-content\/uploads\/2024\/07\/crop-w1982-h1322-huracan-beryl-se-aleja-pero-llegara-onda-tropical-focus-0-0-896-504.jpg","articleSection":["Uncategorized"],"inLanguage":"es","potentialAction":[{"@type":"CommentAction","name":"Comment","target":["https:\/\/conexion23.com\/?p=30098#respond"]}]},{"@type":"WebPage","@id":"https:\/\/conexion23.com\/?p=30098","url":"https:\/\/conexion23.com\/?p=30098","name":"Hurac\u00e1n Beryl se aleja de RD, pero llegar\u00e1 una onda tropical con m\u00e1s lluvias jueves y viernes - Conexi\u00f3n 23","isPartOf":{"@id":"https:\/\/conexion23.com\/#website"},"primaryImageOfPage":{"@id":"https:\/\/conexion23.com\/?p=30098#primaryimage"},"image":{"@id":"https:\/\/conexion23.com\/?p=30098#primaryimage"},"thumbnailUrl":"https:\/\/conexion23.com\/wp-content\/uploads\/2024\/07\/crop-w1982-h1322-huracan-beryl-se-aleja-pero-llegara-onda-tropical-focus-0-0-896-504.jpg","datePublished":"2024-07-03T12:36:19+00:00","dateModified":"2024-07-03T12:36:23+00:00","breadcrumb":{"@id":"https:\/\/conexion23.com\/?p=30098#breadcrumb"},"inLanguage":"es","potentialAction":[{"@type":"ReadAction","target":["https:\/\/conexion23.com\/?p=30098"]}]},{"@type":"ImageObject","inLanguage":"es","@id":"https:\/\/conexion23.com\/?p=30098#primaryimage","url":"https:\/\/conexion23.com\/wp-content\/uploads\/2024\/07\/crop-w1982-h1322-huracan-beryl-se-aleja-pero-llegara-onda-tropical-focus-0-0-896-504.jpg","contentUrl":"https:\/\/conexion23.com\/wp-content\/uploads\/2024\/07\/crop-w1982-h1322-huracan-beryl-se-aleja-pero-llegara-onda-tropical-focus-0-0-896-504.jpg","width":896,"height":504},{"@type":"BreadcrumbList","@id":"https:\/\/conexion23.com\/?p=30098#breadcrumb","itemListElement":[{"@type":"ListItem","position":1,"name":"Portada","item":"https:\/\/conexion23.com\/"},{"@type":"ListItem","position":2,"name":"Hurac\u00e1n Beryl se aleja de RD, pero llegar\u00e1 una onda tropical con m\u00e1s lluvias jueves y viernes"}]},{"@type":"WebSite","@id":"https:\/\/conexion23.com\/#website","url":"https:\/\/conexion23.com\/","name":"Conexi\u00f3n 23","description":"Peri\u00f3dico 100% Petromacorisano","publisher":{"@id":"https:\/\/conexion23.com\/#organization"},"potentialAction":[{"@type":"SearchAction","target":{"@type":"EntryPoint","urlTemplate":"https:\/\/conexion23.com\/?s={search_term_string}"},"query-input":{"@type":"PropertyValueSpecification","valueRequired":true,"valueName":"search_term_string"}}],"inLanguage":"es"},{"@type":"Organization","@id":"https:\/\/conexion23.com\/#organization","name":"Conexion 23","url":"https:\/\/conexion23.com\/","logo":{"@type":"ImageObject","inLanguage":"es","@id":"https:\/\/conexion23.com\/#\/schema\/logo\/image\/","url":"https:\/\/conexion23.com\/wp-content\/uploads\/2021\/11\/Diseno-sin-titulo-2.png","contentUrl":"https:\/\/conexion23.com\/wp-content\/uploads\/2021\/11\/Diseno-sin-titulo-2.png","width":541,"height":90,"caption":"Conexion 23"},"image":{"@id":"https:\/\/conexion23.com\/#\/schema\/logo\/image\/"},"sameAs":["https:\/\/www.facebook.com\/conexion23com","https:\/\/www.instagram.com\/conexion23com\/","https:\/\/www.youtube.com\/channel\/UCYc7vxxFZMYLIHNsHHxPZ3Q"]},{"@type":"Person","@id":"https:\/\/conexion23.com\/#\/schema\/person\/03e36043331117e97a373299bbcd30a6","name":"Raffy Ben\u00edtez","image":{"@type":"ImageObject","inLanguage":"es","@id":"https:\/\/conexion23.com\/#\/schema\/person\/image\/","url":"https:\/\/secure.gravatar.com\/avatar\/3190a6a6c5e1b0327500f7d6c56b6242472ee6cb974cf09b401ee6b3b0798f23?s=96&d=mm&r=g","contentUrl":"https:\/\/secure.gravatar.com\/avatar\/3190a6a6c5e1b0327500f7d6c56b6242472ee6cb974cf09b401ee6b3b0798f23?s=96&d=mm&r=g","caption":"Raffy Ben\u00edtez"},"url":"https:\/\/conexion23.com\/?author=15"}]}},"_links":{"self":[{"href":"https:\/\/conexion23.com\/index.php?rest_route=\/wp\/v2\/posts\/30098","targetHints":{"allow":["GET"]}}],"collection":[{"href":"https:\/\/conexion23.com\/index.php?rest_route=\/wp\/v2\/posts"}],"about":[{"href":"https:\/\/conexion23.com\/index.php?rest_route=\/wp\/v2\/types\/post"}],"author":[{"embeddable":true,"href":"https:\/\/conexion23.com\/index.php?rest_route=\/wp\/v2\/users\/15"}],"replies":[{"embeddable":true,"href":"https:\/\/conexion23.com\/index.php?rest_route=%2Fwp%2Fv2%2Fcomments&post=30098"}],"version-history":[{"count":1,"href":"https:\/\/conexion23.com\/index.php?rest_route=\/wp\/v2\/posts\/30098\/revisions"}],"predecessor-version":[{"id":30101,"href":"https:\/\/conexion23.com\/index.php?rest_route=\/wp\/v2\/posts\/30098\/revisions\/30101"}],"wp:featuredmedia":[{"embeddable":true,"href":"https:\/\/conexion23.com\/index.php?rest_route=\/wp\/v2\/media\/30100"}],"wp:attachment":[{"href":"https:\/\/conexion23.com\/index.php?rest_route=%2Fwp%2Fv2%2Fmedia&parent=30098"}],"wp:term":[{"taxonomy":"category","embeddable":true,"href":"https:\/\/conexion23.com\/index.php?rest_route=%2Fwp%2Fv2%2Fcategories&post=30098"},{"taxonomy":"post_tag","embeddable":true,"href":"https:\/\/conexion23.com\/index.php?rest_route=%2Fwp%2Fv2%2Ftags&post=30098"}],"curies":[{"name":"wp","href":"https:\/\/api.w.org\/{rel}","templated":true}]}}