{"id":30144,"date":"2024-07-05T07:03:08","date_gmt":"2024-07-05T11:03:08","guid":{"rendered":"https:\/\/conexion23.com\/?p=30144"},"modified":"2024-07-05T07:03:11","modified_gmt":"2024-07-05T11:03:11","slug":"isidro-santana-denis-satisfecho-por-obtener-premio-al-merito-magisterial-por-tres-anos-consecutivos","status":"publish","type":"post","link":"https:\/\/conexion23.com\/?p=30144","title":{"rendered":"Isidro Santana (Denis), satisfecho por obtener Premio al M\u00e9rito Magisterial por tres a\u00f1os consecutivos."},"content":{"rendered":"\n<p>Maestros pertenecientes a distritos escolares de la Direcci\u00f3n Regional 05 de Educaci\u00f3n han ganado reconocimientos en M\u00e9rito Magisterial por tres a\u00f1os consecutivos.<br><br>Esta vez correspondi\u00f3 al maestro Ysrael David Polanco Beltre, quien labora en el Miguel Angel Santana del Distrito Educativo 05 03 de La Romana.<\/p>\n\n\n\n<p>A esa distinci\u00f3n reaccion\u00f3 el director regional de Educaci\u00f3n 05, Isidro Santana Ramirez, quien dijo agradecer a Dios por ese privilegio.<br><br>\u00abHoy quiero agradecer a Dios y al equipo de trabajo con el cual el mismo Se\u00f1or me ha premiado. El hecho de por tercer a\u00f1o consecutivo(algo hist\u00f3rico) ganar el M\u00e9rito Magisterial el cual otorga el Presidente de la Rep\u00fablica y logro que nunca en la historia de este premio se hab\u00eda logrado tres a\u00f1os consecutivos. La gloria y la honra son s\u00f3lo para ti Dios eterno\u00bb, dijo Santana Ramirez.<\/p>\n","protected":false},"excerpt":{"rendered":"<p>Maestros pertenecientes a distritos escolares de la Direcci\u00f3n Regional 05 de Educaci\u00f3n han ganado reconocimientos en M\u00e9rito Magisterial por tres a\u00f1os consecutivos. Esta vez correspondi\u00f3 al maestro Ysrael David Polanco Beltre, quien labora en el Miguel Angel Santana del Distrito Educativo 05 03 de La Romana. A esa distinci\u00f3n reaccion\u00f3 el director regional de Educaci\u00f3n [&hellip;]<\/p>\n","protected":false},"author":15,"featured_media":30145,"comment_status":"open","ping_status":"open","sticky":false,"template":"","format":"standard","meta":{"footnotes":""},"categories":[35],"tags":[],"class_list":{"0":"post-30144","1":"post","2":"type-post","3":"status-publish","4":"format-standard","5":"has-post-thumbnail","7":"category-spm"},"yoast_head":"<!-- This site is optimized with the Yoast SEO plugin v27.1.1 - https:\/\/yoast.com\/product\/yoast-seo-wordpress\/ -->\n<title>Isidro Santana (Denis), satisfecho por obtener Premio al M\u00e9rito Magisterial por tres a\u00f1os consecutivos. - Conexi\u00f3n 23<\/title>\n<meta name=\"robots\" content=\"index, follow, max-snippet:-1, max-image-preview:large, max-video-preview:-1\" \/>\n<link rel=\"canonical\" href=\"https:\/\/conexion23.com\/?p=30144\" \/>\n<meta property=\"og:locale\" content=\"es_ES\" \/>\n<meta property=\"og:type\" content=\"article\" \/>\n<meta property=\"og:title\" content=\"Isidro Santana (Denis), satisfecho por obtener Premio al M\u00e9rito Magisterial por tres a\u00f1os consecutivos. - Conexi\u00f3n 23\" \/>\n<meta property=\"og:description\" content=\"Maestros pertenecientes a distritos escolares de la Direcci\u00f3n Regional 05 de Educaci\u00f3n han ganado reconocimientos en M\u00e9rito Magisterial por tres a\u00f1os consecutivos. Esta vez correspondi\u00f3 al maestro Ysrael David Polanco Beltre, quien labora en el Miguel Angel Santana del Distrito Educativo 05 03 de La Romana. A esa distinci\u00f3n reaccion\u00f3 el director regional de Educaci\u00f3n [&hellip;]\" \/>\n<meta property=\"og:url\" content=\"https:\/\/conexion23.com\/?p=30144\" \/>\n<meta property=\"og:site_name\" content=\"Conexi\u00f3n 23\" \/>\n<meta property=\"article:publisher\" content=\"https:\/\/www.facebook.com\/conexion23com\" \/>\n<meta property=\"article:published_time\" content=\"2024-07-05T11:03:08+00:00\" \/>\n<meta property=\"article:modified_time\" content=\"2024-07-05T11:03:11+00:00\" \/>\n<meta property=\"og:image\" content=\"https:\/\/conexion23.com\/wp-content\/uploads\/2024\/07\/f-1.jpg\" \/>\n\t<meta property=\"og:image:width\" content=\"196\" \/>\n\t<meta property=\"og:image:height\" content=\"219\" \/>\n\t<meta property=\"og:image:type\" content=\"image\/jpeg\" \/>\n<meta name=\"author\" content=\"Raffy Ben\u00edtez\" \/>\n<meta name=\"twitter:card\" content=\"summary_large_image\" \/>\n<meta name=\"twitter:label1\" content=\"Escrito por\" \/>\n\t<meta name=\"twitter:data1\" content=\"Raffy Ben\u00edtez\" \/>\n\t<meta name=\"twitter:label2\" content=\"Tiempo de lectura\" \/>\n\t<meta name=\"twitter:data2\" content=\"1 minuto\" \/>\n<script type=\"application\/ld+json\" class=\"yoast-schema-graph\">{\"@context\":\"https:\/\/schema.org\",\"@graph\":[{\"@type\":\"Article\",\"@id\":\"https:\/\/conexion23.com\/?p=30144#article\",\"isPartOf\":{\"@id\":\"https:\/\/conexion23.com\/?p=30144\"},\"author\":{\"name\":\"Raffy Ben\u00edtez\",\"@id\":\"https:\/\/conexion23.com\/#\/schema\/person\/03e36043331117e97a373299bbcd30a6\"},\"headline\":\"Isidro Santana (Denis), satisfecho por obtener Premio al M\u00e9rito Magisterial por tres a\u00f1os consecutivos.\",\"datePublished\":\"2024-07-05T11:03:08+00:00\",\"dateModified\":\"2024-07-05T11:03:11+00:00\",\"mainEntityOfPage\":{\"@id\":\"https:\/\/conexion23.com\/?p=30144\"},\"wordCount\":163,\"commentCount\":0,\"publisher\":{\"@id\":\"https:\/\/conexion23.com\/#organization\"},\"image\":{\"@id\":\"https:\/\/conexion23.com\/?p=30144#primaryimage\"},\"thumbnailUrl\":\"https:\/\/conexion23.com\/wp-content\/uploads\/2024\/07\/f-1.jpg\",\"articleSection\":[\"SPM\"],\"inLanguage\":\"es\",\"potentialAction\":[{\"@type\":\"CommentAction\",\"name\":\"Comment\",\"target\":[\"https:\/\/conexion23.com\/?p=30144#respond\"]}]},{\"@type\":\"WebPage\",\"@id\":\"https:\/\/conexion23.com\/?p=30144\",\"url\":\"https:\/\/conexion23.com\/?p=30144\",\"name\":\"Isidro Santana (Denis), satisfecho por obtener Premio al M\u00e9rito Magisterial por tres a\u00f1os consecutivos. - Conexi\u00f3n 23\",\"isPartOf\":{\"@id\":\"https:\/\/conexion23.com\/#website\"},\"primaryImageOfPage\":{\"@id\":\"https:\/\/conexion23.com\/?p=30144#primaryimage\"},\"image\":{\"@id\":\"https:\/\/conexion23.com\/?p=30144#primaryimage\"},\"thumbnailUrl\":\"https:\/\/conexion23.com\/wp-content\/uploads\/2024\/07\/f-1.jpg\",\"datePublished\":\"2024-07-05T11:03:08+00:00\",\"dateModified\":\"2024-07-05T11:03:11+00:00\",\"breadcrumb\":{\"@id\":\"https:\/\/conexion23.com\/?p=30144#breadcrumb\"},\"inLanguage\":\"es\",\"potentialAction\":[{\"@type\":\"ReadAction\",\"target\":[\"https:\/\/conexion23.com\/?p=30144\"]}]},{\"@type\":\"ImageObject\",\"inLanguage\":\"es\",\"@id\":\"https:\/\/conexion23.com\/?p=30144#primaryimage\",\"url\":\"https:\/\/conexion23.com\/wp-content\/uploads\/2024\/07\/f-1.jpg\",\"contentUrl\":\"https:\/\/conexion23.com\/wp-content\/uploads\/2024\/07\/f-1.jpg\",\"width\":196,\"height\":219},{\"@type\":\"BreadcrumbList\",\"@id\":\"https:\/\/conexion23.com\/?p=30144#breadcrumb\",\"itemListElement\":[{\"@type\":\"ListItem\",\"position\":1,\"name\":\"Portada\",\"item\":\"https:\/\/conexion23.com\/\"},{\"@type\":\"ListItem\",\"position\":2,\"name\":\"Isidro Santana (Denis), satisfecho por obtener Premio al M\u00e9rito Magisterial por tres a\u00f1os consecutivos.\"}]},{\"@type\":\"WebSite\",\"@id\":\"https:\/\/conexion23.com\/#website\",\"url\":\"https:\/\/conexion23.com\/\",\"name\":\"Conexi\u00f3n 23\",\"description\":\"Peri\u00f3dico 100% Petromacorisano\",\"publisher\":{\"@id\":\"https:\/\/conexion23.com\/#organization\"},\"potentialAction\":[{\"@type\":\"SearchAction\",\"target\":{\"@type\":\"EntryPoint\",\"urlTemplate\":\"https:\/\/conexion23.com\/?s={search_term_string}\"},\"query-input\":{\"@type\":\"PropertyValueSpecification\",\"valueRequired\":true,\"valueName\":\"search_term_string\"}}],\"inLanguage\":\"es\"},{\"@type\":\"Organization\",\"@id\":\"https:\/\/conexion23.com\/#organization\",\"name\":\"Conexion 23\",\"url\":\"https:\/\/conexion23.com\/\",\"logo\":{\"@type\":\"ImageObject\",\"inLanguage\":\"es\",\"@id\":\"https:\/\/conexion23.com\/#\/schema\/logo\/image\/\",\"url\":\"https:\/\/conexion23.com\/wp-content\/uploads\/2021\/11\/Diseno-sin-titulo-2.png\",\"contentUrl\":\"https:\/\/conexion23.com\/wp-content\/uploads\/2021\/11\/Diseno-sin-titulo-2.png\",\"width\":541,\"height\":90,\"caption\":\"Conexion 23\"},\"image\":{\"@id\":\"https:\/\/conexion23.com\/#\/schema\/logo\/image\/\"},\"sameAs\":[\"https:\/\/www.facebook.com\/conexion23com\",\"https:\/\/www.instagram.com\/conexion23com\/\",\"https:\/\/www.youtube.com\/channel\/UCYc7vxxFZMYLIHNsHHxPZ3Q\"]},{\"@type\":\"Person\",\"@id\":\"https:\/\/conexion23.com\/#\/schema\/person\/03e36043331117e97a373299bbcd30a6\",\"name\":\"Raffy Ben\u00edtez\",\"image\":{\"@type\":\"ImageObject\",\"inLanguage\":\"es\",\"@id\":\"https:\/\/conexion23.com\/#\/schema\/person\/image\/\",\"url\":\"https:\/\/secure.gravatar.com\/avatar\/3190a6a6c5e1b0327500f7d6c56b6242472ee6cb974cf09b401ee6b3b0798f23?s=96&d=mm&r=g\",\"contentUrl\":\"https:\/\/secure.gravatar.com\/avatar\/3190a6a6c5e1b0327500f7d6c56b6242472ee6cb974cf09b401ee6b3b0798f23?s=96&d=mm&r=g\",\"caption\":\"Raffy Ben\u00edtez\"},\"url\":\"https:\/\/conexion23.com\/?author=15\"}]}<\/script>\n<!-- \/ Yoast SEO plugin. -->","yoast_head_json":{"title":"Isidro Santana (Denis), satisfecho por obtener Premio al M\u00e9rito Magisterial por tres a\u00f1os consecutivos. - Conexi\u00f3n 23","robots":{"index":"index","follow":"follow","max-snippet":"max-snippet:-1","max-image-preview":"max-image-preview:large","max-video-preview":"max-video-preview:-1"},"canonical":"https:\/\/conexion23.com\/?p=30144","og_locale":"es_ES","og_type":"article","og_title":"Isidro Santana (Denis), satisfecho por obtener Premio al M\u00e9rito Magisterial por tres a\u00f1os consecutivos. - Conexi\u00f3n 23","og_description":"Maestros pertenecientes a distritos escolares de la Direcci\u00f3n Regional 05 de Educaci\u00f3n han ganado reconocimientos en M\u00e9rito Magisterial por tres a\u00f1os consecutivos. Esta vez correspondi\u00f3 al maestro Ysrael David Polanco Beltre, quien labora en el Miguel Angel Santana del Distrito Educativo 05 03 de La Romana. A esa distinci\u00f3n reaccion\u00f3 el director regional de Educaci\u00f3n [&hellip;]","og_url":"https:\/\/conexion23.com\/?p=30144","og_site_name":"Conexi\u00f3n 23","article_publisher":"https:\/\/www.facebook.com\/conexion23com","article_published_time":"2024-07-05T11:03:08+00:00","article_modified_time":"2024-07-05T11:03:11+00:00","og_image":[{"width":196,"height":219,"url":"https:\/\/conexion23.com\/wp-content\/uploads\/2024\/07\/f-1.jpg","type":"image\/jpeg"}],"author":"Raffy Ben\u00edtez","twitter_card":"summary_large_image","twitter_misc":{"Escrito por":"Raffy Ben\u00edtez","Tiempo de lectura":"1 minuto"},"schema":{"@context":"https:\/\/schema.org","@graph":[{"@type":"Article","@id":"https:\/\/conexion23.com\/?p=30144#article","isPartOf":{"@id":"https:\/\/conexion23.com\/?p=30144"},"author":{"name":"Raffy Ben\u00edtez","@id":"https:\/\/conexion23.com\/#\/schema\/person\/03e36043331117e97a373299bbcd30a6"},"headline":"Isidro Santana (Denis), satisfecho por obtener Premio al M\u00e9rito Magisterial por tres a\u00f1os consecutivos.","datePublished":"2024-07-05T11:03:08+00:00","dateModified":"2024-07-05T11:03:11+00:00","mainEntityOfPage":{"@id":"https:\/\/conexion23.com\/?p=30144"},"wordCount":163,"commentCount":0,"publisher":{"@id":"https:\/\/conexion23.com\/#organization"},"image":{"@id":"https:\/\/conexion23.com\/?p=30144#primaryimage"},"thumbnailUrl":"https:\/\/conexion23.com\/wp-content\/uploads\/2024\/07\/f-1.jpg","articleSection":["SPM"],"inLanguage":"es","potentialAction":[{"@type":"CommentAction","name":"Comment","target":["https:\/\/conexion23.com\/?p=30144#respond"]}]},{"@type":"WebPage","@id":"https:\/\/conexion23.com\/?p=30144","url":"https:\/\/conexion23.com\/?p=30144","name":"Isidro Santana (Denis), satisfecho por obtener Premio al M\u00e9rito Magisterial por tres a\u00f1os consecutivos. - Conexi\u00f3n 23","isPartOf":{"@id":"https:\/\/conexion23.com\/#website"},"primaryImageOfPage":{"@id":"https:\/\/conexion23.com\/?p=30144#primaryimage"},"image":{"@id":"https:\/\/conexion23.com\/?p=30144#primaryimage"},"thumbnailUrl":"https:\/\/conexion23.com\/wp-content\/uploads\/2024\/07\/f-1.jpg","datePublished":"2024-07-05T11:03:08+00:00","dateModified":"2024-07-05T11:03:11+00:00","breadcrumb":{"@id":"https:\/\/conexion23.com\/?p=30144#breadcrumb"},"inLanguage":"es","potentialAction":[{"@type":"ReadAction","target":["https:\/\/conexion23.com\/?p=30144"]}]},{"@type":"ImageObject","inLanguage":"es","@id":"https:\/\/conexion23.com\/?p=30144#primaryimage","url":"https:\/\/conexion23.com\/wp-content\/uploads\/2024\/07\/f-1.jpg","contentUrl":"https:\/\/conexion23.com\/wp-content\/uploads\/2024\/07\/f-1.jpg","width":196,"height":219},{"@type":"BreadcrumbList","@id":"https:\/\/conexion23.com\/?p=30144#breadcrumb","itemListElement":[{"@type":"ListItem","position":1,"name":"Portada","item":"https:\/\/conexion23.com\/"},{"@type":"ListItem","position":2,"name":"Isidro Santana (Denis), satisfecho por obtener Premio al M\u00e9rito Magisterial por tres a\u00f1os consecutivos."}]},{"@type":"WebSite","@id":"https:\/\/conexion23.com\/#website","url":"https:\/\/conexion23.com\/","name":"Conexi\u00f3n 23","description":"Peri\u00f3dico 100% Petromacorisano","publisher":{"@id":"https:\/\/conexion23.com\/#organization"},"potentialAction":[{"@type":"SearchAction","target":{"@type":"EntryPoint","urlTemplate":"https:\/\/conexion23.com\/?s={search_term_string}"},"query-input":{"@type":"PropertyValueSpecification","valueRequired":true,"valueName":"search_term_string"}}],"inLanguage":"es"},{"@type":"Organization","@id":"https:\/\/conexion23.com\/#organization","name":"Conexion 23","url":"https:\/\/conexion23.com\/","logo":{"@type":"ImageObject","inLanguage":"es","@id":"https:\/\/conexion23.com\/#\/schema\/logo\/image\/","url":"https:\/\/conexion23.com\/wp-content\/uploads\/2021\/11\/Diseno-sin-titulo-2.png","contentUrl":"https:\/\/conexion23.com\/wp-content\/uploads\/2021\/11\/Diseno-sin-titulo-2.png","width":541,"height":90,"caption":"Conexion 23"},"image":{"@id":"https:\/\/conexion23.com\/#\/schema\/logo\/image\/"},"sameAs":["https:\/\/www.facebook.com\/conexion23com","https:\/\/www.instagram.com\/conexion23com\/","https:\/\/www.youtube.com\/channel\/UCYc7vxxFZMYLIHNsHHxPZ3Q"]},{"@type":"Person","@id":"https:\/\/conexion23.com\/#\/schema\/person\/03e36043331117e97a373299bbcd30a6","name":"Raffy Ben\u00edtez","image":{"@type":"ImageObject","inLanguage":"es","@id":"https:\/\/conexion23.com\/#\/schema\/person\/image\/","url":"https:\/\/secure.gravatar.com\/avatar\/3190a6a6c5e1b0327500f7d6c56b6242472ee6cb974cf09b401ee6b3b0798f23?s=96&d=mm&r=g","contentUrl":"https:\/\/secure.gravatar.com\/avatar\/3190a6a6c5e1b0327500f7d6c56b6242472ee6cb974cf09b401ee6b3b0798f23?s=96&d=mm&r=g","caption":"Raffy Ben\u00edtez"},"url":"https:\/\/conexion23.com\/?author=15"}]}},"_links":{"self":[{"href":"https:\/\/conexion23.com\/index.php?rest_route=\/wp\/v2\/posts\/30144","targetHints":{"allow":["GET"]}}],"collection":[{"href":"https:\/\/conexion23.com\/index.php?rest_route=\/wp\/v2\/posts"}],"about":[{"href":"https:\/\/conexion23.com\/index.php?rest_route=\/wp\/v2\/types\/post"}],"author":[{"embeddable":true,"href":"https:\/\/conexion23.com\/index.php?rest_route=\/wp\/v2\/users\/15"}],"replies":[{"embeddable":true,"href":"https:\/\/conexion23.com\/index.php?rest_route=%2Fwp%2Fv2%2Fcomments&post=30144"}],"version-history":[{"count":1,"href":"https:\/\/conexion23.com\/index.php?rest_route=\/wp\/v2\/posts\/30144\/revisions"}],"predecessor-version":[{"id":30146,"href":"https:\/\/conexion23.com\/index.php?rest_route=\/wp\/v2\/posts\/30144\/revisions\/30146"}],"wp:featuredmedia":[{"embeddable":true,"href":"https:\/\/conexion23.com\/index.php?rest_route=\/wp\/v2\/media\/30145"}],"wp:attachment":[{"href":"https:\/\/conexion23.com\/index.php?rest_route=%2Fwp%2Fv2%2Fmedia&parent=30144"}],"wp:term":[{"taxonomy":"category","embeddable":true,"href":"https:\/\/conexion23.com\/index.php?rest_route=%2Fwp%2Fv2%2Fcategories&post=30144"},{"taxonomy":"post_tag","embeddable":true,"href":"https:\/\/conexion23.com\/index.php?rest_route=%2Fwp%2Fv2%2Ftags&post=30144"}],"curies":[{"name":"wp","href":"https:\/\/api.w.org\/{rel}","templated":true}]}}