{"id":30147,"date":"2024-07-05T07:13:19","date_gmt":"2024-07-05T11:13:19","guid":{"rendered":"https:\/\/conexion23.com\/?p=30147"},"modified":"2024-07-05T07:13:23","modified_gmt":"2024-07-05T11:13:23","slug":"mas-de-400-mil-jamaiquinos-sin-electricidad-y-grandes-desastres-tras-el-paso-de-beryl","status":"publish","type":"post","link":"https:\/\/conexion23.com\/?p=30147","title":{"rendered":"M\u00e1s de 400 mil jamaiquinos sin electricidad y grandes desastres tras el paso de Beryl."},"content":{"rendered":"\n<p>El hurac\u00e1n \u2018Beryl\u2019, que ha bajado a categor\u00eda 4 tras arrasar varios territorios en la regi\u00f3n del Caribe, ha dejado a m\u00e1s de 400.000 jamaicanos sin electricidad \u2013que equivale al 65 por ciento de los clientes de la Compa\u00f1\u00eda de Servicios P\u00fablicos de Jamaica (JPS, por sus siglas en ingl\u00e9s)\u2013 a su paso por la isla.<br><br>\u00abEsperamos que esa cifra disminuya esta noche, pero desgraciadamente la mayor\u00eda seguir\u00e1 sin suministro durante la misma hasta que la Oficina de Preparaci\u00f3n para Desastres y Gesti\u00f3n de Emergencias nos de el visto bueno\u00bb, ha expresado la directora de Comunicaciones Corporativas de JPS, seg\u00fan el diario \u2018Jamaica Star\u2019.<\/p>\n\n\n\n<p>En ese sentido, ha afirmado que est\u00e1n restableciendo parte del suministro a distancia como medida de seguridad mientras los fuertes vientos contin\u00faan afectando a la zona, por lo que tendr\u00e1n que esperar al final de la alerta por hurac\u00e1n para entrar en las comunidades m\u00e1s afectadas.<br><br>\u2018Beryl\u2019 se dirige ahora hacia la pen\u00ednsula de Yucat\u00e1n, donde el jueves afectar\u00e1 a los municipios mexicanos de Felipe Carrillo Puerto y Tulum, en el estado de Quintana Roo, donde la Coordinaci\u00f3n Nacional de Protecci\u00f3n Civil (CNPC) ya ha emitido \u00f3rdenes de evacuaci\u00f3n de estas poblaciones, as\u00ed como la cancelaci\u00f3n de las clases y de otras actividades p\u00fablicas.<br><br>Asimismo, la gobernadora estatal, Mara Lezama, ha anunciado la puesta a punto de unos 120 refugios, que servir\u00e1n como albergue a m\u00e1s de 23.000 personas, seg\u00fan el portal de noticias mexicano Animal Pol\u00edtico.<br><br>Otros estados que tambi\u00e9n se encuentran en alerta por las fuertes tormentas son Yucat\u00e1n, Campeche, Veracruz o Tamaulipas. El Servicio Meteorol\u00f3gico Nacional mexicano (SMN) ha pronosticado que \u2018Beryl\u2019 podr\u00eda bajar a categor\u00eda 3 a lo largo del jueves, tras lo que pasar\u00eda por el centro de la mencionada pen\u00ednsula, para pasar a ser una \u00abtormenta tropical\u00bb de categor\u00eda 1 para el pr\u00f3ximo s\u00e1bado.<br><br>Al menos siete personas han fallecido en la regi\u00f3n del Caribe por el paso del \u2018Beryl\u2019 \u2013tres en Venezuela, tres en Granada y una en San Vicente y las Granadinas\u2013, que alcanz\u00f3 la categor\u00eda 5 a lo largo de la jornada del lunes, seg\u00fan el Centro Nacional de Huracanes de Estados Unidos, por lo que se convirti\u00f3 en el hurac\u00e1n de esta envergadura m\u00e1s tempranero desde 1966 y el primero de la temporada atl\u00e1ntica de 2024.<\/p>\n","protected":false},"excerpt":{"rendered":"<p>El hurac\u00e1n \u2018Beryl\u2019, que ha bajado a categor\u00eda 4 tras arrasar varios territorios en la regi\u00f3n del Caribe, ha dejado a m\u00e1s de 400.000 jamaicanos sin electricidad \u2013que equivale al 65 por ciento de los clientes de la Compa\u00f1\u00eda de Servicios P\u00fablicos de Jamaica (JPS, por sus siglas en ingl\u00e9s)\u2013 a su paso por la [&hellip;]<\/p>\n","protected":false},"author":15,"featured_media":30148,"comment_status":"open","ping_status":"open","sticky":false,"template":"","format":"standard","meta":{"footnotes":""},"categories":[1],"tags":[],"class_list":{"0":"post-30147","1":"post","2":"type-post","3":"status-publish","4":"format-standard","5":"has-post-thumbnail","7":"category-uncategorized"},"yoast_head":"<!-- This site is optimized with the Yoast SEO plugin v27.1.1 - https:\/\/yoast.com\/product\/yoast-seo-wordpress\/ -->\n<title>M\u00e1s de 400 mil jamaiquinos sin electricidad y grandes desastres tras el paso de Beryl. - Conexi\u00f3n 23<\/title>\n<meta name=\"robots\" content=\"index, follow, max-snippet:-1, max-image-preview:large, max-video-preview:-1\" \/>\n<link rel=\"canonical\" href=\"https:\/\/conexion23.com\/?p=30147\" \/>\n<meta property=\"og:locale\" content=\"es_ES\" \/>\n<meta property=\"og:type\" content=\"article\" \/>\n<meta property=\"og:title\" content=\"M\u00e1s de 400 mil jamaiquinos sin electricidad y grandes desastres tras el paso de Beryl. - Conexi\u00f3n 23\" \/>\n<meta property=\"og:description\" content=\"El hurac\u00e1n \u2018Beryl\u2019, que ha bajado a categor\u00eda 4 tras arrasar varios territorios en la regi\u00f3n del Caribe, ha dejado a m\u00e1s de 400.000 jamaicanos sin electricidad \u2013que equivale al 65 por ciento de los clientes de la Compa\u00f1\u00eda de Servicios P\u00fablicos de Jamaica (JPS, por sus siglas en ingl\u00e9s)\u2013 a su paso por la [&hellip;]\" \/>\n<meta property=\"og:url\" content=\"https:\/\/conexion23.com\/?p=30147\" \/>\n<meta property=\"og:site_name\" content=\"Conexi\u00f3n 23\" \/>\n<meta property=\"article:publisher\" content=\"https:\/\/www.facebook.com\/conexion23com\" \/>\n<meta property=\"article:published_time\" content=\"2024-07-05T11:13:19+00:00\" \/>\n<meta property=\"article:modified_time\" content=\"2024-07-05T11:13:23+00:00\" \/>\n<meta property=\"og:image\" content=\"https:\/\/conexion23.com\/wp-content\/uploads\/2024\/07\/Olas_y_matas.jpg\" \/>\n\t<meta property=\"og:image:width\" content=\"564\" \/>\n\t<meta property=\"og:image:height\" content=\"372\" \/>\n\t<meta property=\"og:image:type\" content=\"image\/jpeg\" \/>\n<meta name=\"author\" content=\"Raffy Ben\u00edtez\" \/>\n<meta name=\"twitter:card\" content=\"summary_large_image\" \/>\n<meta name=\"twitter:label1\" content=\"Escrito por\" \/>\n\t<meta name=\"twitter:data1\" content=\"Raffy Ben\u00edtez\" \/>\n\t<meta name=\"twitter:label2\" content=\"Tiempo de lectura\" \/>\n\t<meta name=\"twitter:data2\" content=\"2 minutos\" \/>\n<script type=\"application\/ld+json\" class=\"yoast-schema-graph\">{\"@context\":\"https:\/\/schema.org\",\"@graph\":[{\"@type\":\"Article\",\"@id\":\"https:\/\/conexion23.com\/?p=30147#article\",\"isPartOf\":{\"@id\":\"https:\/\/conexion23.com\/?p=30147\"},\"author\":{\"name\":\"Raffy Ben\u00edtez\",\"@id\":\"https:\/\/conexion23.com\/#\/schema\/person\/03e36043331117e97a373299bbcd30a6\"},\"headline\":\"M\u00e1s de 400 mil jamaiquinos sin electricidad y grandes desastres tras el paso de Beryl.\",\"datePublished\":\"2024-07-05T11:13:19+00:00\",\"dateModified\":\"2024-07-05T11:13:23+00:00\",\"mainEntityOfPage\":{\"@id\":\"https:\/\/conexion23.com\/?p=30147\"},\"wordCount\":428,\"commentCount\":0,\"publisher\":{\"@id\":\"https:\/\/conexion23.com\/#organization\"},\"image\":{\"@id\":\"https:\/\/conexion23.com\/?p=30147#primaryimage\"},\"thumbnailUrl\":\"https:\/\/conexion23.com\/wp-content\/uploads\/2024\/07\/Olas_y_matas.jpg\",\"articleSection\":[\"Uncategorized\"],\"inLanguage\":\"es\",\"potentialAction\":[{\"@type\":\"CommentAction\",\"name\":\"Comment\",\"target\":[\"https:\/\/conexion23.com\/?p=30147#respond\"]}]},{\"@type\":\"WebPage\",\"@id\":\"https:\/\/conexion23.com\/?p=30147\",\"url\":\"https:\/\/conexion23.com\/?p=30147\",\"name\":\"M\u00e1s de 400 mil jamaiquinos sin electricidad y grandes desastres tras el paso de Beryl. - Conexi\u00f3n 23\",\"isPartOf\":{\"@id\":\"https:\/\/conexion23.com\/#website\"},\"primaryImageOfPage\":{\"@id\":\"https:\/\/conexion23.com\/?p=30147#primaryimage\"},\"image\":{\"@id\":\"https:\/\/conexion23.com\/?p=30147#primaryimage\"},\"thumbnailUrl\":\"https:\/\/conexion23.com\/wp-content\/uploads\/2024\/07\/Olas_y_matas.jpg\",\"datePublished\":\"2024-07-05T11:13:19+00:00\",\"dateModified\":\"2024-07-05T11:13:23+00:00\",\"breadcrumb\":{\"@id\":\"https:\/\/conexion23.com\/?p=30147#breadcrumb\"},\"inLanguage\":\"es\",\"potentialAction\":[{\"@type\":\"ReadAction\",\"target\":[\"https:\/\/conexion23.com\/?p=30147\"]}]},{\"@type\":\"ImageObject\",\"inLanguage\":\"es\",\"@id\":\"https:\/\/conexion23.com\/?p=30147#primaryimage\",\"url\":\"https:\/\/conexion23.com\/wp-content\/uploads\/2024\/07\/Olas_y_matas.jpg\",\"contentUrl\":\"https:\/\/conexion23.com\/wp-content\/uploads\/2024\/07\/Olas_y_matas.jpg\",\"width\":564,\"height\":372},{\"@type\":\"BreadcrumbList\",\"@id\":\"https:\/\/conexion23.com\/?p=30147#breadcrumb\",\"itemListElement\":[{\"@type\":\"ListItem\",\"position\":1,\"name\":\"Portada\",\"item\":\"https:\/\/conexion23.com\/\"},{\"@type\":\"ListItem\",\"position\":2,\"name\":\"M\u00e1s de 400 mil jamaiquinos sin electricidad y grandes desastres tras el paso de Beryl.\"}]},{\"@type\":\"WebSite\",\"@id\":\"https:\/\/conexion23.com\/#website\",\"url\":\"https:\/\/conexion23.com\/\",\"name\":\"Conexi\u00f3n 23\",\"description\":\"Peri\u00f3dico 100% Petromacorisano\",\"publisher\":{\"@id\":\"https:\/\/conexion23.com\/#organization\"},\"potentialAction\":[{\"@type\":\"SearchAction\",\"target\":{\"@type\":\"EntryPoint\",\"urlTemplate\":\"https:\/\/conexion23.com\/?s={search_term_string}\"},\"query-input\":{\"@type\":\"PropertyValueSpecification\",\"valueRequired\":true,\"valueName\":\"search_term_string\"}}],\"inLanguage\":\"es\"},{\"@type\":\"Organization\",\"@id\":\"https:\/\/conexion23.com\/#organization\",\"name\":\"Conexion 23\",\"url\":\"https:\/\/conexion23.com\/\",\"logo\":{\"@type\":\"ImageObject\",\"inLanguage\":\"es\",\"@id\":\"https:\/\/conexion23.com\/#\/schema\/logo\/image\/\",\"url\":\"https:\/\/conexion23.com\/wp-content\/uploads\/2021\/11\/Diseno-sin-titulo-2.png\",\"contentUrl\":\"https:\/\/conexion23.com\/wp-content\/uploads\/2021\/11\/Diseno-sin-titulo-2.png\",\"width\":541,\"height\":90,\"caption\":\"Conexion 23\"},\"image\":{\"@id\":\"https:\/\/conexion23.com\/#\/schema\/logo\/image\/\"},\"sameAs\":[\"https:\/\/www.facebook.com\/conexion23com\",\"https:\/\/www.instagram.com\/conexion23com\/\",\"https:\/\/www.youtube.com\/channel\/UCYc7vxxFZMYLIHNsHHxPZ3Q\"]},{\"@type\":\"Person\",\"@id\":\"https:\/\/conexion23.com\/#\/schema\/person\/03e36043331117e97a373299bbcd30a6\",\"name\":\"Raffy Ben\u00edtez\",\"image\":{\"@type\":\"ImageObject\",\"inLanguage\":\"es\",\"@id\":\"https:\/\/conexion23.com\/#\/schema\/person\/image\/\",\"url\":\"https:\/\/secure.gravatar.com\/avatar\/3190a6a6c5e1b0327500f7d6c56b6242472ee6cb974cf09b401ee6b3b0798f23?s=96&d=mm&r=g\",\"contentUrl\":\"https:\/\/secure.gravatar.com\/avatar\/3190a6a6c5e1b0327500f7d6c56b6242472ee6cb974cf09b401ee6b3b0798f23?s=96&d=mm&r=g\",\"caption\":\"Raffy Ben\u00edtez\"},\"url\":\"https:\/\/conexion23.com\/?author=15\"}]}<\/script>\n<!-- \/ Yoast SEO plugin. -->","yoast_head_json":{"title":"M\u00e1s de 400 mil jamaiquinos sin electricidad y grandes desastres tras el paso de Beryl. - Conexi\u00f3n 23","robots":{"index":"index","follow":"follow","max-snippet":"max-snippet:-1","max-image-preview":"max-image-preview:large","max-video-preview":"max-video-preview:-1"},"canonical":"https:\/\/conexion23.com\/?p=30147","og_locale":"es_ES","og_type":"article","og_title":"M\u00e1s de 400 mil jamaiquinos sin electricidad y grandes desastres tras el paso de Beryl. - Conexi\u00f3n 23","og_description":"El hurac\u00e1n \u2018Beryl\u2019, que ha bajado a categor\u00eda 4 tras arrasar varios territorios en la regi\u00f3n del Caribe, ha dejado a m\u00e1s de 400.000 jamaicanos sin electricidad \u2013que equivale al 65 por ciento de los clientes de la Compa\u00f1\u00eda de Servicios P\u00fablicos de Jamaica (JPS, por sus siglas en ingl\u00e9s)\u2013 a su paso por la [&hellip;]","og_url":"https:\/\/conexion23.com\/?p=30147","og_site_name":"Conexi\u00f3n 23","article_publisher":"https:\/\/www.facebook.com\/conexion23com","article_published_time":"2024-07-05T11:13:19+00:00","article_modified_time":"2024-07-05T11:13:23+00:00","og_image":[{"width":564,"height":372,"url":"https:\/\/conexion23.com\/wp-content\/uploads\/2024\/07\/Olas_y_matas.jpg","type":"image\/jpeg"}],"author":"Raffy Ben\u00edtez","twitter_card":"summary_large_image","twitter_misc":{"Escrito por":"Raffy Ben\u00edtez","Tiempo de lectura":"2 minutos"},"schema":{"@context":"https:\/\/schema.org","@graph":[{"@type":"Article","@id":"https:\/\/conexion23.com\/?p=30147#article","isPartOf":{"@id":"https:\/\/conexion23.com\/?p=30147"},"author":{"name":"Raffy Ben\u00edtez","@id":"https:\/\/conexion23.com\/#\/schema\/person\/03e36043331117e97a373299bbcd30a6"},"headline":"M\u00e1s de 400 mil jamaiquinos sin electricidad y grandes desastres tras el paso de Beryl.","datePublished":"2024-07-05T11:13:19+00:00","dateModified":"2024-07-05T11:13:23+00:00","mainEntityOfPage":{"@id":"https:\/\/conexion23.com\/?p=30147"},"wordCount":428,"commentCount":0,"publisher":{"@id":"https:\/\/conexion23.com\/#organization"},"image":{"@id":"https:\/\/conexion23.com\/?p=30147#primaryimage"},"thumbnailUrl":"https:\/\/conexion23.com\/wp-content\/uploads\/2024\/07\/Olas_y_matas.jpg","articleSection":["Uncategorized"],"inLanguage":"es","potentialAction":[{"@type":"CommentAction","name":"Comment","target":["https:\/\/conexion23.com\/?p=30147#respond"]}]},{"@type":"WebPage","@id":"https:\/\/conexion23.com\/?p=30147","url":"https:\/\/conexion23.com\/?p=30147","name":"M\u00e1s de 400 mil jamaiquinos sin electricidad y grandes desastres tras el paso de Beryl. - Conexi\u00f3n 23","isPartOf":{"@id":"https:\/\/conexion23.com\/#website"},"primaryImageOfPage":{"@id":"https:\/\/conexion23.com\/?p=30147#primaryimage"},"image":{"@id":"https:\/\/conexion23.com\/?p=30147#primaryimage"},"thumbnailUrl":"https:\/\/conexion23.com\/wp-content\/uploads\/2024\/07\/Olas_y_matas.jpg","datePublished":"2024-07-05T11:13:19+00:00","dateModified":"2024-07-05T11:13:23+00:00","breadcrumb":{"@id":"https:\/\/conexion23.com\/?p=30147#breadcrumb"},"inLanguage":"es","potentialAction":[{"@type":"ReadAction","target":["https:\/\/conexion23.com\/?p=30147"]}]},{"@type":"ImageObject","inLanguage":"es","@id":"https:\/\/conexion23.com\/?p=30147#primaryimage","url":"https:\/\/conexion23.com\/wp-content\/uploads\/2024\/07\/Olas_y_matas.jpg","contentUrl":"https:\/\/conexion23.com\/wp-content\/uploads\/2024\/07\/Olas_y_matas.jpg","width":564,"height":372},{"@type":"BreadcrumbList","@id":"https:\/\/conexion23.com\/?p=30147#breadcrumb","itemListElement":[{"@type":"ListItem","position":1,"name":"Portada","item":"https:\/\/conexion23.com\/"},{"@type":"ListItem","position":2,"name":"M\u00e1s de 400 mil jamaiquinos sin electricidad y grandes desastres tras el paso de Beryl."}]},{"@type":"WebSite","@id":"https:\/\/conexion23.com\/#website","url":"https:\/\/conexion23.com\/","name":"Conexi\u00f3n 23","description":"Peri\u00f3dico 100% Petromacorisano","publisher":{"@id":"https:\/\/conexion23.com\/#organization"},"potentialAction":[{"@type":"SearchAction","target":{"@type":"EntryPoint","urlTemplate":"https:\/\/conexion23.com\/?s={search_term_string}"},"query-input":{"@type":"PropertyValueSpecification","valueRequired":true,"valueName":"search_term_string"}}],"inLanguage":"es"},{"@type":"Organization","@id":"https:\/\/conexion23.com\/#organization","name":"Conexion 23","url":"https:\/\/conexion23.com\/","logo":{"@type":"ImageObject","inLanguage":"es","@id":"https:\/\/conexion23.com\/#\/schema\/logo\/image\/","url":"https:\/\/conexion23.com\/wp-content\/uploads\/2021\/11\/Diseno-sin-titulo-2.png","contentUrl":"https:\/\/conexion23.com\/wp-content\/uploads\/2021\/11\/Diseno-sin-titulo-2.png","width":541,"height":90,"caption":"Conexion 23"},"image":{"@id":"https:\/\/conexion23.com\/#\/schema\/logo\/image\/"},"sameAs":["https:\/\/www.facebook.com\/conexion23com","https:\/\/www.instagram.com\/conexion23com\/","https:\/\/www.youtube.com\/channel\/UCYc7vxxFZMYLIHNsHHxPZ3Q"]},{"@type":"Person","@id":"https:\/\/conexion23.com\/#\/schema\/person\/03e36043331117e97a373299bbcd30a6","name":"Raffy Ben\u00edtez","image":{"@type":"ImageObject","inLanguage":"es","@id":"https:\/\/conexion23.com\/#\/schema\/person\/image\/","url":"https:\/\/secure.gravatar.com\/avatar\/3190a6a6c5e1b0327500f7d6c56b6242472ee6cb974cf09b401ee6b3b0798f23?s=96&d=mm&r=g","contentUrl":"https:\/\/secure.gravatar.com\/avatar\/3190a6a6c5e1b0327500f7d6c56b6242472ee6cb974cf09b401ee6b3b0798f23?s=96&d=mm&r=g","caption":"Raffy Ben\u00edtez"},"url":"https:\/\/conexion23.com\/?author=15"}]}},"_links":{"self":[{"href":"https:\/\/conexion23.com\/index.php?rest_route=\/wp\/v2\/posts\/30147","targetHints":{"allow":["GET"]}}],"collection":[{"href":"https:\/\/conexion23.com\/index.php?rest_route=\/wp\/v2\/posts"}],"about":[{"href":"https:\/\/conexion23.com\/index.php?rest_route=\/wp\/v2\/types\/post"}],"author":[{"embeddable":true,"href":"https:\/\/conexion23.com\/index.php?rest_route=\/wp\/v2\/users\/15"}],"replies":[{"embeddable":true,"href":"https:\/\/conexion23.com\/index.php?rest_route=%2Fwp%2Fv2%2Fcomments&post=30147"}],"version-history":[{"count":1,"href":"https:\/\/conexion23.com\/index.php?rest_route=\/wp\/v2\/posts\/30147\/revisions"}],"predecessor-version":[{"id":30149,"href":"https:\/\/conexion23.com\/index.php?rest_route=\/wp\/v2\/posts\/30147\/revisions\/30149"}],"wp:featuredmedia":[{"embeddable":true,"href":"https:\/\/conexion23.com\/index.php?rest_route=\/wp\/v2\/media\/30148"}],"wp:attachment":[{"href":"https:\/\/conexion23.com\/index.php?rest_route=%2Fwp%2Fv2%2Fmedia&parent=30147"}],"wp:term":[{"taxonomy":"category","embeddable":true,"href":"https:\/\/conexion23.com\/index.php?rest_route=%2Fwp%2Fv2%2Fcategories&post=30147"},{"taxonomy":"post_tag","embeddable":true,"href":"https:\/\/conexion23.com\/index.php?rest_route=%2Fwp%2Fv2%2Ftags&post=30147"}],"curies":[{"name":"wp","href":"https:\/\/api.w.org\/{rel}","templated":true}]}}