{"id":30153,"date":"2024-07-05T07:27:27","date_gmt":"2024-07-05T11:27:27","guid":{"rendered":"https:\/\/conexion23.com\/?p=30153"},"modified":"2024-07-05T07:27:30","modified_gmt":"2024-07-05T11:27:30","slug":"francia-desplegara-30000-policias-durante-la-jornada-electoral-del-domingo","status":"publish","type":"post","link":"https:\/\/conexion23.com\/?p=30153","title":{"rendered":"Francia desplegar\u00e1 30,000 polic\u00edas durante la jornada electoral del domingo."},"content":{"rendered":"\n<p>l Gobierno de Francia ha ordenado el despliegue de 30,000 agentes de polic\u00eda en todo el pa\u00eds para la jornada electoral del domingo, anticipando posibles disturbios tras la segunda vuelta de las elecciones legislativas. La ultranacionalista Agrupaci\u00f3n Nacional de Marine Le Pen podr\u00eda ganar, lo que ha generado preocupaci\u00f3n por posibles actos de violencia.<\/p>\n\n\n\n<p>El ministro del Interior, G\u00e9rald Darmanin, explic\u00f3 que esta gran fuerza policial se desplegar\u00e1 para evitar que grupos de ultraizquierda o ultraderecha instiguen el caos. Tras la primera vuelta, en la que la Agrupaci\u00f3n Nacional obtuvo m\u00e1s del 33% de los votos, hubo manifestaciones en Par\u00eds contra la extrema derecha.<\/p>\n\n\n\n<p>El dispositivo de seguridad incluye el despliegue de 5,000 agentes solo en Par\u00eds y sus alrededores. El colectivo Acci\u00f3n Antifascista Par\u00eds-Suburbios ha convocado una manifestaci\u00f3n frente a la Asamblea Nacional el domingo por la noche, independientemente del resultado electoral.<\/p>\n\n\n\n<p>En la primera vuelta, la Agrupaci\u00f3n Nacional de Marine Le Pen gan\u00f3 con un 33% de los votos, seguida por el Nuevo Frente Popular de izquierda con un 28.1% y la coalici\u00f3n Juntos del presidente Emmanuel Macron con un 21.2%. Los dos \u00faltimos han retirado candidatos en varias circunscripciones para evitar restarse apoyos mutuamente y ofrecer un \u2018voto \u00fatil\u2019 contra la extrema derecha. Desde la Agrupaci\u00f3n Nacional, han alertado de una supuesta alianza entre macronistas y la ultraizquierda.<\/p>\n","protected":false},"excerpt":{"rendered":"<p>l Gobierno de Francia ha ordenado el despliegue de 30,000 agentes de polic\u00eda en todo el pa\u00eds para la jornada electoral del domingo, anticipando posibles disturbios tras la segunda vuelta de las elecciones legislativas. La ultranacionalista Agrupaci\u00f3n Nacional de Marine Le Pen podr\u00eda ganar, lo que ha generado preocupaci\u00f3n por posibles actos de violencia. El [&hellip;]<\/p>\n","protected":false},"author":15,"featured_media":30154,"comment_status":"open","ping_status":"open","sticky":false,"template":"","format":"standard","meta":{"footnotes":""},"categories":[1],"tags":[],"class_list":{"0":"post-30153","1":"post","2":"type-post","3":"status-publish","4":"format-standard","5":"has-post-thumbnail","7":"category-uncategorized"},"yoast_head":"<!-- This site is optimized with the Yoast SEO plugin v27.1.1 - https:\/\/yoast.com\/product\/yoast-seo-wordpress\/ -->\n<title>Francia desplegar\u00e1 30,000 polic\u00edas durante la jornada electoral del domingo. - Conexi\u00f3n 23<\/title>\n<meta name=\"robots\" content=\"index, follow, max-snippet:-1, max-image-preview:large, max-video-preview:-1\" \/>\n<link rel=\"canonical\" href=\"https:\/\/conexion23.com\/?p=30153\" \/>\n<meta property=\"og:locale\" content=\"es_ES\" \/>\n<meta property=\"og:type\" content=\"article\" \/>\n<meta property=\"og:title\" content=\"Francia desplegar\u00e1 30,000 polic\u00edas durante la jornada electoral del domingo. - Conexi\u00f3n 23\" \/>\n<meta property=\"og:description\" content=\"l Gobierno de Francia ha ordenado el despliegue de 30,000 agentes de polic\u00eda en todo el pa\u00eds para la jornada electoral del domingo, anticipando posibles disturbios tras la segunda vuelta de las elecciones legislativas. La ultranacionalista Agrupaci\u00f3n Nacional de Marine Le Pen podr\u00eda ganar, lo que ha generado preocupaci\u00f3n por posibles actos de violencia. El [&hellip;]\" \/>\n<meta property=\"og:url\" content=\"https:\/\/conexion23.com\/?p=30153\" \/>\n<meta property=\"og:site_name\" content=\"Conexi\u00f3n 23\" \/>\n<meta property=\"article:publisher\" content=\"https:\/\/www.facebook.com\/conexion23com\" \/>\n<meta property=\"article:published_time\" content=\"2024-07-05T11:27:27+00:00\" \/>\n<meta property=\"article:modified_time\" content=\"2024-07-05T11:27:30+00:00\" \/>\n<meta property=\"og:image\" content=\"https:\/\/conexion23.com\/wp-content\/uploads\/2024\/07\/francia-desplegara-30000-policias-durante-la-jornada-electoral-del-domingo-750x375-1.jpg\" \/>\n\t<meta property=\"og:image:width\" content=\"750\" \/>\n\t<meta property=\"og:image:height\" content=\"375\" \/>\n\t<meta property=\"og:image:type\" content=\"image\/jpeg\" \/>\n<meta name=\"author\" content=\"Raffy Ben\u00edtez\" \/>\n<meta name=\"twitter:card\" content=\"summary_large_image\" \/>\n<meta name=\"twitter:label1\" content=\"Escrito por\" \/>\n\t<meta name=\"twitter:data1\" content=\"Raffy Ben\u00edtez\" \/>\n\t<meta name=\"twitter:label2\" content=\"Tiempo de lectura\" \/>\n\t<meta name=\"twitter:data2\" content=\"2 minutos\" \/>\n<script type=\"application\/ld+json\" class=\"yoast-schema-graph\">{\"@context\":\"https:\/\/schema.org\",\"@graph\":[{\"@type\":\"Article\",\"@id\":\"https:\/\/conexion23.com\/?p=30153#article\",\"isPartOf\":{\"@id\":\"https:\/\/conexion23.com\/?p=30153\"},\"author\":{\"name\":\"Raffy Ben\u00edtez\",\"@id\":\"https:\/\/conexion23.com\/#\/schema\/person\/03e36043331117e97a373299bbcd30a6\"},\"headline\":\"Francia desplegar\u00e1 30,000 polic\u00edas durante la jornada electoral del domingo.\",\"datePublished\":\"2024-07-05T11:27:27+00:00\",\"dateModified\":\"2024-07-05T11:27:30+00:00\",\"mainEntityOfPage\":{\"@id\":\"https:\/\/conexion23.com\/?p=30153\"},\"wordCount\":241,\"commentCount\":0,\"publisher\":{\"@id\":\"https:\/\/conexion23.com\/#organization\"},\"image\":{\"@id\":\"https:\/\/conexion23.com\/?p=30153#primaryimage\"},\"thumbnailUrl\":\"https:\/\/conexion23.com\/wp-content\/uploads\/2024\/07\/francia-desplegara-30000-policias-durante-la-jornada-electoral-del-domingo-750x375-1.jpg\",\"articleSection\":[\"Uncategorized\"],\"inLanguage\":\"es\",\"potentialAction\":[{\"@type\":\"CommentAction\",\"name\":\"Comment\",\"target\":[\"https:\/\/conexion23.com\/?p=30153#respond\"]}]},{\"@type\":\"WebPage\",\"@id\":\"https:\/\/conexion23.com\/?p=30153\",\"url\":\"https:\/\/conexion23.com\/?p=30153\",\"name\":\"Francia desplegar\u00e1 30,000 polic\u00edas durante la jornada electoral del domingo. - Conexi\u00f3n 23\",\"isPartOf\":{\"@id\":\"https:\/\/conexion23.com\/#website\"},\"primaryImageOfPage\":{\"@id\":\"https:\/\/conexion23.com\/?p=30153#primaryimage\"},\"image\":{\"@id\":\"https:\/\/conexion23.com\/?p=30153#primaryimage\"},\"thumbnailUrl\":\"https:\/\/conexion23.com\/wp-content\/uploads\/2024\/07\/francia-desplegara-30000-policias-durante-la-jornada-electoral-del-domingo-750x375-1.jpg\",\"datePublished\":\"2024-07-05T11:27:27+00:00\",\"dateModified\":\"2024-07-05T11:27:30+00:00\",\"breadcrumb\":{\"@id\":\"https:\/\/conexion23.com\/?p=30153#breadcrumb\"},\"inLanguage\":\"es\",\"potentialAction\":[{\"@type\":\"ReadAction\",\"target\":[\"https:\/\/conexion23.com\/?p=30153\"]}]},{\"@type\":\"ImageObject\",\"inLanguage\":\"es\",\"@id\":\"https:\/\/conexion23.com\/?p=30153#primaryimage\",\"url\":\"https:\/\/conexion23.com\/wp-content\/uploads\/2024\/07\/francia-desplegara-30000-policias-durante-la-jornada-electoral-del-domingo-750x375-1.jpg\",\"contentUrl\":\"https:\/\/conexion23.com\/wp-content\/uploads\/2024\/07\/francia-desplegara-30000-policias-durante-la-jornada-electoral-del-domingo-750x375-1.jpg\",\"width\":750,\"height\":375},{\"@type\":\"BreadcrumbList\",\"@id\":\"https:\/\/conexion23.com\/?p=30153#breadcrumb\",\"itemListElement\":[{\"@type\":\"ListItem\",\"position\":1,\"name\":\"Portada\",\"item\":\"https:\/\/conexion23.com\/\"},{\"@type\":\"ListItem\",\"position\":2,\"name\":\"Francia desplegar\u00e1 30,000 polic\u00edas durante la jornada electoral del domingo.\"}]},{\"@type\":\"WebSite\",\"@id\":\"https:\/\/conexion23.com\/#website\",\"url\":\"https:\/\/conexion23.com\/\",\"name\":\"Conexi\u00f3n 23\",\"description\":\"Peri\u00f3dico 100% Petromacorisano\",\"publisher\":{\"@id\":\"https:\/\/conexion23.com\/#organization\"},\"potentialAction\":[{\"@type\":\"SearchAction\",\"target\":{\"@type\":\"EntryPoint\",\"urlTemplate\":\"https:\/\/conexion23.com\/?s={search_term_string}\"},\"query-input\":{\"@type\":\"PropertyValueSpecification\",\"valueRequired\":true,\"valueName\":\"search_term_string\"}}],\"inLanguage\":\"es\"},{\"@type\":\"Organization\",\"@id\":\"https:\/\/conexion23.com\/#organization\",\"name\":\"Conexion 23\",\"url\":\"https:\/\/conexion23.com\/\",\"logo\":{\"@type\":\"ImageObject\",\"inLanguage\":\"es\",\"@id\":\"https:\/\/conexion23.com\/#\/schema\/logo\/image\/\",\"url\":\"https:\/\/conexion23.com\/wp-content\/uploads\/2021\/11\/Diseno-sin-titulo-2.png\",\"contentUrl\":\"https:\/\/conexion23.com\/wp-content\/uploads\/2021\/11\/Diseno-sin-titulo-2.png\",\"width\":541,\"height\":90,\"caption\":\"Conexion 23\"},\"image\":{\"@id\":\"https:\/\/conexion23.com\/#\/schema\/logo\/image\/\"},\"sameAs\":[\"https:\/\/www.facebook.com\/conexion23com\",\"https:\/\/www.instagram.com\/conexion23com\/\",\"https:\/\/www.youtube.com\/channel\/UCYc7vxxFZMYLIHNsHHxPZ3Q\"]},{\"@type\":\"Person\",\"@id\":\"https:\/\/conexion23.com\/#\/schema\/person\/03e36043331117e97a373299bbcd30a6\",\"name\":\"Raffy Ben\u00edtez\",\"image\":{\"@type\":\"ImageObject\",\"inLanguage\":\"es\",\"@id\":\"https:\/\/conexion23.com\/#\/schema\/person\/image\/\",\"url\":\"https:\/\/secure.gravatar.com\/avatar\/3190a6a6c5e1b0327500f7d6c56b6242472ee6cb974cf09b401ee6b3b0798f23?s=96&d=mm&r=g\",\"contentUrl\":\"https:\/\/secure.gravatar.com\/avatar\/3190a6a6c5e1b0327500f7d6c56b6242472ee6cb974cf09b401ee6b3b0798f23?s=96&d=mm&r=g\",\"caption\":\"Raffy Ben\u00edtez\"},\"url\":\"https:\/\/conexion23.com\/?author=15\"}]}<\/script>\n<!-- \/ Yoast SEO plugin. -->","yoast_head_json":{"title":"Francia desplegar\u00e1 30,000 polic\u00edas durante la jornada electoral del domingo. - Conexi\u00f3n 23","robots":{"index":"index","follow":"follow","max-snippet":"max-snippet:-1","max-image-preview":"max-image-preview:large","max-video-preview":"max-video-preview:-1"},"canonical":"https:\/\/conexion23.com\/?p=30153","og_locale":"es_ES","og_type":"article","og_title":"Francia desplegar\u00e1 30,000 polic\u00edas durante la jornada electoral del domingo. - Conexi\u00f3n 23","og_description":"l Gobierno de Francia ha ordenado el despliegue de 30,000 agentes de polic\u00eda en todo el pa\u00eds para la jornada electoral del domingo, anticipando posibles disturbios tras la segunda vuelta de las elecciones legislativas. La ultranacionalista Agrupaci\u00f3n Nacional de Marine Le Pen podr\u00eda ganar, lo que ha generado preocupaci\u00f3n por posibles actos de violencia. El [&hellip;]","og_url":"https:\/\/conexion23.com\/?p=30153","og_site_name":"Conexi\u00f3n 23","article_publisher":"https:\/\/www.facebook.com\/conexion23com","article_published_time":"2024-07-05T11:27:27+00:00","article_modified_time":"2024-07-05T11:27:30+00:00","og_image":[{"width":750,"height":375,"url":"https:\/\/conexion23.com\/wp-content\/uploads\/2024\/07\/francia-desplegara-30000-policias-durante-la-jornada-electoral-del-domingo-750x375-1.jpg","type":"image\/jpeg"}],"author":"Raffy Ben\u00edtez","twitter_card":"summary_large_image","twitter_misc":{"Escrito por":"Raffy Ben\u00edtez","Tiempo de lectura":"2 minutos"},"schema":{"@context":"https:\/\/schema.org","@graph":[{"@type":"Article","@id":"https:\/\/conexion23.com\/?p=30153#article","isPartOf":{"@id":"https:\/\/conexion23.com\/?p=30153"},"author":{"name":"Raffy Ben\u00edtez","@id":"https:\/\/conexion23.com\/#\/schema\/person\/03e36043331117e97a373299bbcd30a6"},"headline":"Francia desplegar\u00e1 30,000 polic\u00edas durante la jornada electoral del domingo.","datePublished":"2024-07-05T11:27:27+00:00","dateModified":"2024-07-05T11:27:30+00:00","mainEntityOfPage":{"@id":"https:\/\/conexion23.com\/?p=30153"},"wordCount":241,"commentCount":0,"publisher":{"@id":"https:\/\/conexion23.com\/#organization"},"image":{"@id":"https:\/\/conexion23.com\/?p=30153#primaryimage"},"thumbnailUrl":"https:\/\/conexion23.com\/wp-content\/uploads\/2024\/07\/francia-desplegara-30000-policias-durante-la-jornada-electoral-del-domingo-750x375-1.jpg","articleSection":["Uncategorized"],"inLanguage":"es","potentialAction":[{"@type":"CommentAction","name":"Comment","target":["https:\/\/conexion23.com\/?p=30153#respond"]}]},{"@type":"WebPage","@id":"https:\/\/conexion23.com\/?p=30153","url":"https:\/\/conexion23.com\/?p=30153","name":"Francia desplegar\u00e1 30,000 polic\u00edas durante la jornada electoral del domingo. - Conexi\u00f3n 23","isPartOf":{"@id":"https:\/\/conexion23.com\/#website"},"primaryImageOfPage":{"@id":"https:\/\/conexion23.com\/?p=30153#primaryimage"},"image":{"@id":"https:\/\/conexion23.com\/?p=30153#primaryimage"},"thumbnailUrl":"https:\/\/conexion23.com\/wp-content\/uploads\/2024\/07\/francia-desplegara-30000-policias-durante-la-jornada-electoral-del-domingo-750x375-1.jpg","datePublished":"2024-07-05T11:27:27+00:00","dateModified":"2024-07-05T11:27:30+00:00","breadcrumb":{"@id":"https:\/\/conexion23.com\/?p=30153#breadcrumb"},"inLanguage":"es","potentialAction":[{"@type":"ReadAction","target":["https:\/\/conexion23.com\/?p=30153"]}]},{"@type":"ImageObject","inLanguage":"es","@id":"https:\/\/conexion23.com\/?p=30153#primaryimage","url":"https:\/\/conexion23.com\/wp-content\/uploads\/2024\/07\/francia-desplegara-30000-policias-durante-la-jornada-electoral-del-domingo-750x375-1.jpg","contentUrl":"https:\/\/conexion23.com\/wp-content\/uploads\/2024\/07\/francia-desplegara-30000-policias-durante-la-jornada-electoral-del-domingo-750x375-1.jpg","width":750,"height":375},{"@type":"BreadcrumbList","@id":"https:\/\/conexion23.com\/?p=30153#breadcrumb","itemListElement":[{"@type":"ListItem","position":1,"name":"Portada","item":"https:\/\/conexion23.com\/"},{"@type":"ListItem","position":2,"name":"Francia desplegar\u00e1 30,000 polic\u00edas durante la jornada electoral del domingo."}]},{"@type":"WebSite","@id":"https:\/\/conexion23.com\/#website","url":"https:\/\/conexion23.com\/","name":"Conexi\u00f3n 23","description":"Peri\u00f3dico 100% Petromacorisano","publisher":{"@id":"https:\/\/conexion23.com\/#organization"},"potentialAction":[{"@type":"SearchAction","target":{"@type":"EntryPoint","urlTemplate":"https:\/\/conexion23.com\/?s={search_term_string}"},"query-input":{"@type":"PropertyValueSpecification","valueRequired":true,"valueName":"search_term_string"}}],"inLanguage":"es"},{"@type":"Organization","@id":"https:\/\/conexion23.com\/#organization","name":"Conexion 23","url":"https:\/\/conexion23.com\/","logo":{"@type":"ImageObject","inLanguage":"es","@id":"https:\/\/conexion23.com\/#\/schema\/logo\/image\/","url":"https:\/\/conexion23.com\/wp-content\/uploads\/2021\/11\/Diseno-sin-titulo-2.png","contentUrl":"https:\/\/conexion23.com\/wp-content\/uploads\/2021\/11\/Diseno-sin-titulo-2.png","width":541,"height":90,"caption":"Conexion 23"},"image":{"@id":"https:\/\/conexion23.com\/#\/schema\/logo\/image\/"},"sameAs":["https:\/\/www.facebook.com\/conexion23com","https:\/\/www.instagram.com\/conexion23com\/","https:\/\/www.youtube.com\/channel\/UCYc7vxxFZMYLIHNsHHxPZ3Q"]},{"@type":"Person","@id":"https:\/\/conexion23.com\/#\/schema\/person\/03e36043331117e97a373299bbcd30a6","name":"Raffy Ben\u00edtez","image":{"@type":"ImageObject","inLanguage":"es","@id":"https:\/\/conexion23.com\/#\/schema\/person\/image\/","url":"https:\/\/secure.gravatar.com\/avatar\/3190a6a6c5e1b0327500f7d6c56b6242472ee6cb974cf09b401ee6b3b0798f23?s=96&d=mm&r=g","contentUrl":"https:\/\/secure.gravatar.com\/avatar\/3190a6a6c5e1b0327500f7d6c56b6242472ee6cb974cf09b401ee6b3b0798f23?s=96&d=mm&r=g","caption":"Raffy Ben\u00edtez"},"url":"https:\/\/conexion23.com\/?author=15"}]}},"_links":{"self":[{"href":"https:\/\/conexion23.com\/index.php?rest_route=\/wp\/v2\/posts\/30153","targetHints":{"allow":["GET"]}}],"collection":[{"href":"https:\/\/conexion23.com\/index.php?rest_route=\/wp\/v2\/posts"}],"about":[{"href":"https:\/\/conexion23.com\/index.php?rest_route=\/wp\/v2\/types\/post"}],"author":[{"embeddable":true,"href":"https:\/\/conexion23.com\/index.php?rest_route=\/wp\/v2\/users\/15"}],"replies":[{"embeddable":true,"href":"https:\/\/conexion23.com\/index.php?rest_route=%2Fwp%2Fv2%2Fcomments&post=30153"}],"version-history":[{"count":1,"href":"https:\/\/conexion23.com\/index.php?rest_route=\/wp\/v2\/posts\/30153\/revisions"}],"predecessor-version":[{"id":30155,"href":"https:\/\/conexion23.com\/index.php?rest_route=\/wp\/v2\/posts\/30153\/revisions\/30155"}],"wp:featuredmedia":[{"embeddable":true,"href":"https:\/\/conexion23.com\/index.php?rest_route=\/wp\/v2\/media\/30154"}],"wp:attachment":[{"href":"https:\/\/conexion23.com\/index.php?rest_route=%2Fwp%2Fv2%2Fmedia&parent=30153"}],"wp:term":[{"taxonomy":"category","embeddable":true,"href":"https:\/\/conexion23.com\/index.php?rest_route=%2Fwp%2Fv2%2Fcategories&post=30153"},{"taxonomy":"post_tag","embeddable":true,"href":"https:\/\/conexion23.com\/index.php?rest_route=%2Fwp%2Fv2%2Ftags&post=30153"}],"curies":[{"name":"wp","href":"https:\/\/api.w.org\/{rel}","templated":true}]}}