{"id":30284,"date":"2024-07-09T07:07:49","date_gmt":"2024-07-09T11:07:49","guid":{"rendered":"https:\/\/conexion23.com\/?p=30284"},"modified":"2024-07-09T07:07:53","modified_gmt":"2024-07-09T11:07:53","slug":"joven-mata-a-su-amigo-en-tragico-incidente-durante-rina-en-san-pedro-de-macoris","status":"publish","type":"post","link":"https:\/\/conexion23.com\/?p=30284","title":{"rendered":"Joven mata a su amigo en tr\u00e1gico incidente durante ri\u00f1a en San Pedro de Macor\u00eds"},"content":{"rendered":"\n<p>En un fat\u00eddico enfrentamiento la noche del s\u00e1bado, un joven conocido como \u201cBeto\u201d arrebat\u00f3 la vida a su propio amigo. El cual respond\u00eda al nombre de Luis Ram\u00f3n Alvarado<\/p>\n\n\n\n<p>La disputa, que tuvo lugar en la calle Maximiliano G\u00f3mez, en el sector Villa Orilla, la noche de este s\u00e1bado el cual termin\u00f3 en tragedia cuando Beto, portando una pistola prestada, dispar\u00f3 a su compa\u00f1ero por error en lugar de al otro joven involucrado en la ri\u00f1a.<\/p>\n\n\n\n<p>Las autoridades han detenido a Beto en el sector Punta de Garza, ambos residentes de Villa Orilla.<\/p>\n","protected":false},"excerpt":{"rendered":"<p>En un fat\u00eddico enfrentamiento la noche del s\u00e1bado, un joven conocido como \u201cBeto\u201d arrebat\u00f3 la vida a su propio amigo. El cual respond\u00eda al nombre de Luis Ram\u00f3n Alvarado La disputa, que tuvo lugar en la calle Maximiliano G\u00f3mez, en el sector Villa Orilla, la noche de este s\u00e1bado el cual termin\u00f3 en tragedia cuando [&hellip;]<\/p>\n","protected":false},"author":15,"featured_media":30285,"comment_status":"open","ping_status":"open","sticky":false,"template":"","format":"standard","meta":{"footnotes":""},"categories":[35],"tags":[],"class_list":{"0":"post-30284","1":"post","2":"type-post","3":"status-publish","4":"format-standard","5":"has-post-thumbnail","7":"category-spm"},"yoast_head":"<!-- This site is optimized with the Yoast SEO plugin v27.1.1 - https:\/\/yoast.com\/product\/yoast-seo-wordpress\/ -->\n<title>Joven mata a su amigo en tr\u00e1gico incidente durante ri\u00f1a en San Pedro de Macor\u00eds - Conexi\u00f3n 23<\/title>\n<meta name=\"robots\" content=\"index, follow, max-snippet:-1, max-image-preview:large, max-video-preview:-1\" \/>\n<link rel=\"canonical\" href=\"http:\/\/conexion23.com\/?p=30284\" \/>\n<meta property=\"og:locale\" content=\"es_ES\" \/>\n<meta property=\"og:type\" content=\"article\" \/>\n<meta property=\"og:title\" content=\"Joven mata a su amigo en tr\u00e1gico incidente durante ri\u00f1a en San Pedro de Macor\u00eds - Conexi\u00f3n 23\" \/>\n<meta property=\"og:description\" content=\"En un fat\u00eddico enfrentamiento la noche del s\u00e1bado, un joven conocido como \u201cBeto\u201d arrebat\u00f3 la vida a su propio amigo. El cual respond\u00eda al nombre de Luis Ram\u00f3n Alvarado La disputa, que tuvo lugar en la calle Maximiliano G\u00f3mez, en el sector Villa Orilla, la noche de este s\u00e1bado el cual termin\u00f3 en tragedia cuando [&hellip;]\" \/>\n<meta property=\"og:url\" content=\"http:\/\/conexion23.com\/?p=30284\" \/>\n<meta property=\"og:site_name\" content=\"Conexi\u00f3n 23\" \/>\n<meta property=\"article:publisher\" content=\"https:\/\/www.facebook.com\/conexion23com\" \/>\n<meta property=\"article:published_time\" content=\"2024-07-09T11:07:49+00:00\" \/>\n<meta property=\"article:modified_time\" content=\"2024-07-09T11:07:53+00:00\" \/>\n<meta property=\"og:image\" content=\"http:\/\/conexion23.com\/wp-content\/uploads\/2024\/07\/2fef299b-685a-4344-a86e-47541e4ebcac.jpg\" \/>\n\t<meta property=\"og:image:width\" content=\"540\" \/>\n\t<meta property=\"og:image:height\" content=\"622\" \/>\n\t<meta property=\"og:image:type\" content=\"image\/jpeg\" \/>\n<meta name=\"author\" content=\"Raffy Ben\u00edtez\" \/>\n<meta name=\"twitter:card\" content=\"summary_large_image\" \/>\n<meta name=\"twitter:label1\" content=\"Escrito por\" \/>\n\t<meta name=\"twitter:data1\" content=\"Raffy Ben\u00edtez\" \/>\n\t<meta name=\"twitter:label2\" content=\"Tiempo de lectura\" \/>\n\t<meta name=\"twitter:data2\" content=\"1 minuto\" \/>\n<script type=\"application\/ld+json\" class=\"yoast-schema-graph\">{\"@context\":\"https:\/\/schema.org\",\"@graph\":[{\"@type\":\"Article\",\"@id\":\"http:\/\/conexion23.com\/?p=30284#article\",\"isPartOf\":{\"@id\":\"http:\/\/conexion23.com\/?p=30284\"},\"author\":{\"name\":\"Raffy Ben\u00edtez\",\"@id\":\"https:\/\/conexion23.com\/#\/schema\/person\/03e36043331117e97a373299bbcd30a6\"},\"headline\":\"Joven mata a su amigo en tr\u00e1gico incidente durante ri\u00f1a en San Pedro de Macor\u00eds\",\"datePublished\":\"2024-07-09T11:07:49+00:00\",\"dateModified\":\"2024-07-09T11:07:53+00:00\",\"mainEntityOfPage\":{\"@id\":\"http:\/\/conexion23.com\/?p=30284\"},\"wordCount\":119,\"commentCount\":0,\"publisher\":{\"@id\":\"https:\/\/conexion23.com\/#organization\"},\"image\":{\"@id\":\"http:\/\/conexion23.com\/?p=30284#primaryimage\"},\"thumbnailUrl\":\"https:\/\/conexion23.com\/wp-content\/uploads\/2024\/07\/2fef299b-685a-4344-a86e-47541e4ebcac.jpg\",\"articleSection\":[\"SPM\"],\"inLanguage\":\"es\",\"potentialAction\":[{\"@type\":\"CommentAction\",\"name\":\"Comment\",\"target\":[\"http:\/\/conexion23.com\/?p=30284#respond\"]}]},{\"@type\":\"WebPage\",\"@id\":\"http:\/\/conexion23.com\/?p=30284\",\"url\":\"http:\/\/conexion23.com\/?p=30284\",\"name\":\"Joven mata a su amigo en tr\u00e1gico incidente durante ri\u00f1a en San Pedro de Macor\u00eds - Conexi\u00f3n 23\",\"isPartOf\":{\"@id\":\"https:\/\/conexion23.com\/#website\"},\"primaryImageOfPage\":{\"@id\":\"http:\/\/conexion23.com\/?p=30284#primaryimage\"},\"image\":{\"@id\":\"http:\/\/conexion23.com\/?p=30284#primaryimage\"},\"thumbnailUrl\":\"https:\/\/conexion23.com\/wp-content\/uploads\/2024\/07\/2fef299b-685a-4344-a86e-47541e4ebcac.jpg\",\"datePublished\":\"2024-07-09T11:07:49+00:00\",\"dateModified\":\"2024-07-09T11:07:53+00:00\",\"breadcrumb\":{\"@id\":\"http:\/\/conexion23.com\/?p=30284#breadcrumb\"},\"inLanguage\":\"es\",\"potentialAction\":[{\"@type\":\"ReadAction\",\"target\":[\"http:\/\/conexion23.com\/?p=30284\"]}]},{\"@type\":\"ImageObject\",\"inLanguage\":\"es\",\"@id\":\"http:\/\/conexion23.com\/?p=30284#primaryimage\",\"url\":\"https:\/\/conexion23.com\/wp-content\/uploads\/2024\/07\/2fef299b-685a-4344-a86e-47541e4ebcac.jpg\",\"contentUrl\":\"https:\/\/conexion23.com\/wp-content\/uploads\/2024\/07\/2fef299b-685a-4344-a86e-47541e4ebcac.jpg\",\"width\":540,\"height\":622},{\"@type\":\"BreadcrumbList\",\"@id\":\"http:\/\/conexion23.com\/?p=30284#breadcrumb\",\"itemListElement\":[{\"@type\":\"ListItem\",\"position\":1,\"name\":\"Portada\",\"item\":\"https:\/\/conexion23.com\/\"},{\"@type\":\"ListItem\",\"position\":2,\"name\":\"Joven mata a su amigo en tr\u00e1gico incidente durante ri\u00f1a en San Pedro de Macor\u00eds\"}]},{\"@type\":\"WebSite\",\"@id\":\"https:\/\/conexion23.com\/#website\",\"url\":\"https:\/\/conexion23.com\/\",\"name\":\"Conexi\u00f3n 23\",\"description\":\"Peri\u00f3dico 100% Petromacorisano\",\"publisher\":{\"@id\":\"https:\/\/conexion23.com\/#organization\"},\"potentialAction\":[{\"@type\":\"SearchAction\",\"target\":{\"@type\":\"EntryPoint\",\"urlTemplate\":\"https:\/\/conexion23.com\/?s={search_term_string}\"},\"query-input\":{\"@type\":\"PropertyValueSpecification\",\"valueRequired\":true,\"valueName\":\"search_term_string\"}}],\"inLanguage\":\"es\"},{\"@type\":\"Organization\",\"@id\":\"https:\/\/conexion23.com\/#organization\",\"name\":\"Conexion 23\",\"url\":\"https:\/\/conexion23.com\/\",\"logo\":{\"@type\":\"ImageObject\",\"inLanguage\":\"es\",\"@id\":\"https:\/\/conexion23.com\/#\/schema\/logo\/image\/\",\"url\":\"https:\/\/conexion23.com\/wp-content\/uploads\/2021\/11\/Diseno-sin-titulo-2.png\",\"contentUrl\":\"https:\/\/conexion23.com\/wp-content\/uploads\/2021\/11\/Diseno-sin-titulo-2.png\",\"width\":541,\"height\":90,\"caption\":\"Conexion 23\"},\"image\":{\"@id\":\"https:\/\/conexion23.com\/#\/schema\/logo\/image\/\"},\"sameAs\":[\"https:\/\/www.facebook.com\/conexion23com\",\"https:\/\/www.instagram.com\/conexion23com\/\",\"https:\/\/www.youtube.com\/channel\/UCYc7vxxFZMYLIHNsHHxPZ3Q\"]},{\"@type\":\"Person\",\"@id\":\"https:\/\/conexion23.com\/#\/schema\/person\/03e36043331117e97a373299bbcd30a6\",\"name\":\"Raffy Ben\u00edtez\",\"image\":{\"@type\":\"ImageObject\",\"inLanguage\":\"es\",\"@id\":\"https:\/\/conexion23.com\/#\/schema\/person\/image\/\",\"url\":\"https:\/\/secure.gravatar.com\/avatar\/3190a6a6c5e1b0327500f7d6c56b6242472ee6cb974cf09b401ee6b3b0798f23?s=96&d=mm&r=g\",\"contentUrl\":\"https:\/\/secure.gravatar.com\/avatar\/3190a6a6c5e1b0327500f7d6c56b6242472ee6cb974cf09b401ee6b3b0798f23?s=96&d=mm&r=g\",\"caption\":\"Raffy Ben\u00edtez\"},\"url\":\"https:\/\/conexion23.com\/?author=15\"}]}<\/script>\n<!-- \/ Yoast SEO plugin. -->","yoast_head_json":{"title":"Joven mata a su amigo en tr\u00e1gico incidente durante ri\u00f1a en San Pedro de Macor\u00eds - Conexi\u00f3n 23","robots":{"index":"index","follow":"follow","max-snippet":"max-snippet:-1","max-image-preview":"max-image-preview:large","max-video-preview":"max-video-preview:-1"},"canonical":"http:\/\/conexion23.com\/?p=30284","og_locale":"es_ES","og_type":"article","og_title":"Joven mata a su amigo en tr\u00e1gico incidente durante ri\u00f1a en San Pedro de Macor\u00eds - Conexi\u00f3n 23","og_description":"En un fat\u00eddico enfrentamiento la noche del s\u00e1bado, un joven conocido como \u201cBeto\u201d arrebat\u00f3 la vida a su propio amigo. El cual respond\u00eda al nombre de Luis Ram\u00f3n Alvarado La disputa, que tuvo lugar en la calle Maximiliano G\u00f3mez, en el sector Villa Orilla, la noche de este s\u00e1bado el cual termin\u00f3 en tragedia cuando [&hellip;]","og_url":"http:\/\/conexion23.com\/?p=30284","og_site_name":"Conexi\u00f3n 23","article_publisher":"https:\/\/www.facebook.com\/conexion23com","article_published_time":"2024-07-09T11:07:49+00:00","article_modified_time":"2024-07-09T11:07:53+00:00","og_image":[{"width":540,"height":622,"url":"http:\/\/conexion23.com\/wp-content\/uploads\/2024\/07\/2fef299b-685a-4344-a86e-47541e4ebcac.jpg","type":"image\/jpeg"}],"author":"Raffy Ben\u00edtez","twitter_card":"summary_large_image","twitter_misc":{"Escrito por":"Raffy Ben\u00edtez","Tiempo de lectura":"1 minuto"},"schema":{"@context":"https:\/\/schema.org","@graph":[{"@type":"Article","@id":"http:\/\/conexion23.com\/?p=30284#article","isPartOf":{"@id":"http:\/\/conexion23.com\/?p=30284"},"author":{"name":"Raffy Ben\u00edtez","@id":"https:\/\/conexion23.com\/#\/schema\/person\/03e36043331117e97a373299bbcd30a6"},"headline":"Joven mata a su amigo en tr\u00e1gico incidente durante ri\u00f1a en San Pedro de Macor\u00eds","datePublished":"2024-07-09T11:07:49+00:00","dateModified":"2024-07-09T11:07:53+00:00","mainEntityOfPage":{"@id":"http:\/\/conexion23.com\/?p=30284"},"wordCount":119,"commentCount":0,"publisher":{"@id":"https:\/\/conexion23.com\/#organization"},"image":{"@id":"http:\/\/conexion23.com\/?p=30284#primaryimage"},"thumbnailUrl":"https:\/\/conexion23.com\/wp-content\/uploads\/2024\/07\/2fef299b-685a-4344-a86e-47541e4ebcac.jpg","articleSection":["SPM"],"inLanguage":"es","potentialAction":[{"@type":"CommentAction","name":"Comment","target":["http:\/\/conexion23.com\/?p=30284#respond"]}]},{"@type":"WebPage","@id":"http:\/\/conexion23.com\/?p=30284","url":"http:\/\/conexion23.com\/?p=30284","name":"Joven mata a su amigo en tr\u00e1gico incidente durante ri\u00f1a en San Pedro de Macor\u00eds - Conexi\u00f3n 23","isPartOf":{"@id":"https:\/\/conexion23.com\/#website"},"primaryImageOfPage":{"@id":"http:\/\/conexion23.com\/?p=30284#primaryimage"},"image":{"@id":"http:\/\/conexion23.com\/?p=30284#primaryimage"},"thumbnailUrl":"https:\/\/conexion23.com\/wp-content\/uploads\/2024\/07\/2fef299b-685a-4344-a86e-47541e4ebcac.jpg","datePublished":"2024-07-09T11:07:49+00:00","dateModified":"2024-07-09T11:07:53+00:00","breadcrumb":{"@id":"http:\/\/conexion23.com\/?p=30284#breadcrumb"},"inLanguage":"es","potentialAction":[{"@type":"ReadAction","target":["http:\/\/conexion23.com\/?p=30284"]}]},{"@type":"ImageObject","inLanguage":"es","@id":"http:\/\/conexion23.com\/?p=30284#primaryimage","url":"https:\/\/conexion23.com\/wp-content\/uploads\/2024\/07\/2fef299b-685a-4344-a86e-47541e4ebcac.jpg","contentUrl":"https:\/\/conexion23.com\/wp-content\/uploads\/2024\/07\/2fef299b-685a-4344-a86e-47541e4ebcac.jpg","width":540,"height":622},{"@type":"BreadcrumbList","@id":"http:\/\/conexion23.com\/?p=30284#breadcrumb","itemListElement":[{"@type":"ListItem","position":1,"name":"Portada","item":"https:\/\/conexion23.com\/"},{"@type":"ListItem","position":2,"name":"Joven mata a su amigo en tr\u00e1gico incidente durante ri\u00f1a en San Pedro de Macor\u00eds"}]},{"@type":"WebSite","@id":"https:\/\/conexion23.com\/#website","url":"https:\/\/conexion23.com\/","name":"Conexi\u00f3n 23","description":"Peri\u00f3dico 100% Petromacorisano","publisher":{"@id":"https:\/\/conexion23.com\/#organization"},"potentialAction":[{"@type":"SearchAction","target":{"@type":"EntryPoint","urlTemplate":"https:\/\/conexion23.com\/?s={search_term_string}"},"query-input":{"@type":"PropertyValueSpecification","valueRequired":true,"valueName":"search_term_string"}}],"inLanguage":"es"},{"@type":"Organization","@id":"https:\/\/conexion23.com\/#organization","name":"Conexion 23","url":"https:\/\/conexion23.com\/","logo":{"@type":"ImageObject","inLanguage":"es","@id":"https:\/\/conexion23.com\/#\/schema\/logo\/image\/","url":"https:\/\/conexion23.com\/wp-content\/uploads\/2021\/11\/Diseno-sin-titulo-2.png","contentUrl":"https:\/\/conexion23.com\/wp-content\/uploads\/2021\/11\/Diseno-sin-titulo-2.png","width":541,"height":90,"caption":"Conexion 23"},"image":{"@id":"https:\/\/conexion23.com\/#\/schema\/logo\/image\/"},"sameAs":["https:\/\/www.facebook.com\/conexion23com","https:\/\/www.instagram.com\/conexion23com\/","https:\/\/www.youtube.com\/channel\/UCYc7vxxFZMYLIHNsHHxPZ3Q"]},{"@type":"Person","@id":"https:\/\/conexion23.com\/#\/schema\/person\/03e36043331117e97a373299bbcd30a6","name":"Raffy Ben\u00edtez","image":{"@type":"ImageObject","inLanguage":"es","@id":"https:\/\/conexion23.com\/#\/schema\/person\/image\/","url":"https:\/\/secure.gravatar.com\/avatar\/3190a6a6c5e1b0327500f7d6c56b6242472ee6cb974cf09b401ee6b3b0798f23?s=96&d=mm&r=g","contentUrl":"https:\/\/secure.gravatar.com\/avatar\/3190a6a6c5e1b0327500f7d6c56b6242472ee6cb974cf09b401ee6b3b0798f23?s=96&d=mm&r=g","caption":"Raffy Ben\u00edtez"},"url":"https:\/\/conexion23.com\/?author=15"}]}},"_links":{"self":[{"href":"https:\/\/conexion23.com\/index.php?rest_route=\/wp\/v2\/posts\/30284","targetHints":{"allow":["GET"]}}],"collection":[{"href":"https:\/\/conexion23.com\/index.php?rest_route=\/wp\/v2\/posts"}],"about":[{"href":"https:\/\/conexion23.com\/index.php?rest_route=\/wp\/v2\/types\/post"}],"author":[{"embeddable":true,"href":"https:\/\/conexion23.com\/index.php?rest_route=\/wp\/v2\/users\/15"}],"replies":[{"embeddable":true,"href":"https:\/\/conexion23.com\/index.php?rest_route=%2Fwp%2Fv2%2Fcomments&post=30284"}],"version-history":[{"count":1,"href":"https:\/\/conexion23.com\/index.php?rest_route=\/wp\/v2\/posts\/30284\/revisions"}],"predecessor-version":[{"id":30286,"href":"https:\/\/conexion23.com\/index.php?rest_route=\/wp\/v2\/posts\/30284\/revisions\/30286"}],"wp:featuredmedia":[{"embeddable":true,"href":"https:\/\/conexion23.com\/index.php?rest_route=\/wp\/v2\/media\/30285"}],"wp:attachment":[{"href":"https:\/\/conexion23.com\/index.php?rest_route=%2Fwp%2Fv2%2Fmedia&parent=30284"}],"wp:term":[{"taxonomy":"category","embeddable":true,"href":"https:\/\/conexion23.com\/index.php?rest_route=%2Fwp%2Fv2%2Fcategories&post=30284"},{"taxonomy":"post_tag","embeddable":true,"href":"https:\/\/conexion23.com\/index.php?rest_route=%2Fwp%2Fv2%2Ftags&post=30284"}],"curies":[{"name":"wp","href":"https:\/\/api.w.org\/{rel}","templated":true}]}}