{"id":30356,"date":"2024-07-10T07:44:28","date_gmt":"2024-07-10T11:44:28","guid":{"rendered":"https:\/\/conexion23.com\/?p=30356"},"modified":"2024-07-10T07:44:31","modified_gmt":"2024-07-10T11:44:31","slug":"presidente-de-la-central-nacional-de-detallistas-unidos-dice-baja-oferta-de-pollos-haria-subir-el-precio-a-niveles-alarmantes","status":"publish","type":"post","link":"https:\/\/conexion23.com\/?p=30356","title":{"rendered":"Presidente de la Central Nacional de Detallistas Unidos dice baja oferta de pollos, har\u00eda subir el precio a niveles alarmantes."},"content":{"rendered":"\n<p>El presidente de la Central Nacional de Detallistas Unidos dijo ver con preocupaci\u00f3n la baja oferta de pollo fresco en los diferentes negocios del pa\u00eds y advirti\u00f3 que ello podr\u00eda incrementar su precio a niveles nunca vistos en el pa\u00eds.<br><br>Ricardo Rosario lamento que la \u00faltima producci\u00f3n de pollos no haya permitido un rendimiento como el que siempre han tenido, lo que se atribuyen al calor que hace en los \u00faltimos meses y a un problema con la alimentaci\u00f3n de las aves.<\/p>\n\n\n\n<p>Los productores han dicho que esas dos situaciones han provocado una reducci\u00f3n en el peso del pollo no superando en algunas ocasiones de 3 libras cuando deber\u00eda de llegar entre 4.5 y casi 5 libras en los 40 d\u00edas que dura una \u00abpollada\u00bb.<br><br>Seg\u00fan los productores eso ha hecho que el pollo, que hasta hace dos meses estaba en 28 pesos en granja y que el.Gobierno tuvo intervenir, pignorando alrededor de 900 millones de pesos en pollos, ahora resulta que el mismo, en las grandes empresas productoras, se est\u00e1 vendiendo entre 42 pesos la libra en granja y en los peque\u00f1os productores est\u00e1 entre 48 y 50 pesos la libra.<br><br>Rosario dijo que eso hace que la mayor\u00eda de los vendedores de los intermediarios en las polleras lo venden a 67 pesos la libra<br><br>Sin embargo, el dirigente comercial expres\u00f3 que en el caso de algunos colmaderos quienes compran directamente a otros intermediarios que tienen sus propios mataderos, les este llegando por encima de los 70 pesos.<br><br>Rosario advirti\u00f3 que de esto seguir as\u00ed y ante la falta de oferta de los principales productores de pollo, quienes recientemente duraron tres d\u00edas sin salir a la calle a vender, la libra de pollo pudiera venderse por primera vez en Rep\u00fablica Dominicana sobre los cien pesos al consumidor final.<br><br>El dirigente comercial consider\u00f3 que la soluci\u00f3n a esta situaci\u00f3n no est\u00e1 en las importaciones, sino m\u00e1s bien en verificar los inventarios de los pollos pignorados y en comenzar a bajar el precio con ofertas, aunque sea utilizando los pollos congelados.<br><br>\u00abPor eso nuestro llamado al Ministerio de Agricultura y al Banco Agr\u00edcola, si todav\u00eda tiene en existencia el pollo pignorado, par que lo tiren a la calle para evitar que la libra del producto sobrepase la barrera de los cien pesos la libra\u00bb. afirm\u00f3 Rosario.<br><br><strong>SOBRE EL AZUCAR Y AL ARROZ<\/strong><br><br>En cuanto al arroz, que hace varios d\u00edas ha \u2076confrontado problemas en sus precios, Rosario expres\u00f3 que se ha ido estabilizando.<br><br>Con relaci\u00f3n al az\u00facar, dijo que todav\u00eda persiste su problem\u00e1tica, aunque se debe reconocer que el Central Romana se ha mantenido despachandola de manera permanente, por lo que se deduce que lo que hay es mucha especulaci\u00f3n.<\/p>\n\n\n\n<p>Ademas plante\u00f3 que se ponga ejecuci\u00f3n la siguiente estructura de costos para que el pollo pueda venderse a raz\u00f3n de 70 pesos.<img loading=\"lazy\" decoding=\"async\" src=\"https:\/\/www.macorisdelmar.com\/images\/headers\/Fotos_Junio_2023\/Tabla_de_precios.jpg\" alt=\"Tabla de precios\" width=\"456\" height=\"289\"><\/p>\n","protected":false},"excerpt":{"rendered":"<p>El presidente de la Central Nacional de Detallistas Unidos dijo ver con preocupaci\u00f3n la baja oferta de pollo fresco en los diferentes negocios del pa\u00eds y advirti\u00f3 que ello podr\u00eda incrementar su precio a niveles nunca vistos en el pa\u00eds. Ricardo Rosario lamento que la \u00faltima producci\u00f3n de pollos no haya permitido un rendimiento como [&hellip;]<\/p>\n","protected":false},"author":15,"featured_media":30357,"comment_status":"open","ping_status":"open","sticky":false,"template":"","format":"standard","meta":{"footnotes":""},"categories":[35],"tags":[],"class_list":{"0":"post-30356","1":"post","2":"type-post","3":"status-publish","4":"format-standard","5":"has-post-thumbnail","7":"category-spm"},"yoast_head":"<!-- This site is optimized with the Yoast SEO plugin v27.1.1 - https:\/\/yoast.com\/product\/yoast-seo-wordpress\/ -->\n<title>Presidente de la Central Nacional de Detallistas Unidos dice baja oferta de pollos, har\u00eda subir el precio a niveles alarmantes. - Conexi\u00f3n 23<\/title>\n<meta name=\"robots\" content=\"index, follow, max-snippet:-1, max-image-preview:large, max-video-preview:-1\" \/>\n<link rel=\"canonical\" href=\"https:\/\/conexion23.com\/?p=30356\" \/>\n<meta property=\"og:locale\" content=\"es_ES\" \/>\n<meta property=\"og:type\" content=\"article\" \/>\n<meta property=\"og:title\" content=\"Presidente de la Central Nacional de Detallistas Unidos dice baja oferta de pollos, har\u00eda subir el precio a niveles alarmantes. - Conexi\u00f3n 23\" \/>\n<meta property=\"og:description\" content=\"El presidente de la Central Nacional de Detallistas Unidos dijo ver con preocupaci\u00f3n la baja oferta de pollo fresco en los diferentes negocios del pa\u00eds y advirti\u00f3 que ello podr\u00eda incrementar su precio a niveles nunca vistos en el pa\u00eds. Ricardo Rosario lamento que la \u00faltima producci\u00f3n de pollos no haya permitido un rendimiento como [&hellip;]\" \/>\n<meta property=\"og:url\" content=\"https:\/\/conexion23.com\/?p=30356\" \/>\n<meta property=\"og:site_name\" content=\"Conexi\u00f3n 23\" \/>\n<meta property=\"article:publisher\" content=\"https:\/\/www.facebook.com\/conexion23com\" \/>\n<meta property=\"article:published_time\" content=\"2024-07-10T11:44:28+00:00\" \/>\n<meta property=\"article:modified_time\" content=\"2024-07-10T11:44:31+00:00\" \/>\n<meta property=\"og:image\" content=\"https:\/\/conexion23.com\/wp-content\/uploads\/2024\/07\/Ricardo_Rosario.jpg\" \/>\n\t<meta property=\"og:image:width\" content=\"538\" \/>\n\t<meta property=\"og:image:height\" content=\"511\" \/>\n\t<meta property=\"og:image:type\" content=\"image\/jpeg\" \/>\n<meta name=\"author\" content=\"Raffy Ben\u00edtez\" \/>\n<meta name=\"twitter:card\" content=\"summary_large_image\" \/>\n<meta name=\"twitter:label1\" content=\"Escrito por\" \/>\n\t<meta name=\"twitter:data1\" content=\"Raffy Ben\u00edtez\" \/>\n\t<meta name=\"twitter:label2\" content=\"Tiempo de lectura\" \/>\n\t<meta name=\"twitter:data2\" content=\"3 minutos\" \/>\n<script type=\"application\/ld+json\" class=\"yoast-schema-graph\">{\"@context\":\"https:\/\/schema.org\",\"@graph\":[{\"@type\":\"Article\",\"@id\":\"https:\/\/conexion23.com\/?p=30356#article\",\"isPartOf\":{\"@id\":\"https:\/\/conexion23.com\/?p=30356\"},\"author\":{\"name\":\"Raffy Ben\u00edtez\",\"@id\":\"https:\/\/conexion23.com\/#\/schema\/person\/03e36043331117e97a373299bbcd30a6\"},\"headline\":\"Presidente de la Central Nacional de Detallistas Unidos dice baja oferta de pollos, har\u00eda subir el precio a niveles alarmantes.\",\"datePublished\":\"2024-07-10T11:44:28+00:00\",\"dateModified\":\"2024-07-10T11:44:31+00:00\",\"mainEntityOfPage\":{\"@id\":\"https:\/\/conexion23.com\/?p=30356\"},\"wordCount\":508,\"commentCount\":0,\"publisher\":{\"@id\":\"https:\/\/conexion23.com\/#organization\"},\"image\":{\"@id\":\"https:\/\/conexion23.com\/?p=30356#primaryimage\"},\"thumbnailUrl\":\"https:\/\/conexion23.com\/wp-content\/uploads\/2024\/07\/Ricardo_Rosario.jpg\",\"articleSection\":[\"SPM\"],\"inLanguage\":\"es\",\"potentialAction\":[{\"@type\":\"CommentAction\",\"name\":\"Comment\",\"target\":[\"https:\/\/conexion23.com\/?p=30356#respond\"]}]},{\"@type\":\"WebPage\",\"@id\":\"https:\/\/conexion23.com\/?p=30356\",\"url\":\"https:\/\/conexion23.com\/?p=30356\",\"name\":\"Presidente de la Central Nacional de Detallistas Unidos dice baja oferta de pollos, har\u00eda subir el precio a niveles alarmantes. - Conexi\u00f3n 23\",\"isPartOf\":{\"@id\":\"https:\/\/conexion23.com\/#website\"},\"primaryImageOfPage\":{\"@id\":\"https:\/\/conexion23.com\/?p=30356#primaryimage\"},\"image\":{\"@id\":\"https:\/\/conexion23.com\/?p=30356#primaryimage\"},\"thumbnailUrl\":\"https:\/\/conexion23.com\/wp-content\/uploads\/2024\/07\/Ricardo_Rosario.jpg\",\"datePublished\":\"2024-07-10T11:44:28+00:00\",\"dateModified\":\"2024-07-10T11:44:31+00:00\",\"breadcrumb\":{\"@id\":\"https:\/\/conexion23.com\/?p=30356#breadcrumb\"},\"inLanguage\":\"es\",\"potentialAction\":[{\"@type\":\"ReadAction\",\"target\":[\"https:\/\/conexion23.com\/?p=30356\"]}]},{\"@type\":\"ImageObject\",\"inLanguage\":\"es\",\"@id\":\"https:\/\/conexion23.com\/?p=30356#primaryimage\",\"url\":\"https:\/\/conexion23.com\/wp-content\/uploads\/2024\/07\/Ricardo_Rosario.jpg\",\"contentUrl\":\"https:\/\/conexion23.com\/wp-content\/uploads\/2024\/07\/Ricardo_Rosario.jpg\",\"width\":538,\"height\":511},{\"@type\":\"BreadcrumbList\",\"@id\":\"https:\/\/conexion23.com\/?p=30356#breadcrumb\",\"itemListElement\":[{\"@type\":\"ListItem\",\"position\":1,\"name\":\"Portada\",\"item\":\"https:\/\/conexion23.com\/\"},{\"@type\":\"ListItem\",\"position\":2,\"name\":\"Presidente de la Central Nacional de Detallistas Unidos dice baja oferta de pollos, har\u00eda subir el precio a niveles alarmantes.\"}]},{\"@type\":\"WebSite\",\"@id\":\"https:\/\/conexion23.com\/#website\",\"url\":\"https:\/\/conexion23.com\/\",\"name\":\"Conexi\u00f3n 23\",\"description\":\"Peri\u00f3dico 100% Petromacorisano\",\"publisher\":{\"@id\":\"https:\/\/conexion23.com\/#organization\"},\"potentialAction\":[{\"@type\":\"SearchAction\",\"target\":{\"@type\":\"EntryPoint\",\"urlTemplate\":\"https:\/\/conexion23.com\/?s={search_term_string}\"},\"query-input\":{\"@type\":\"PropertyValueSpecification\",\"valueRequired\":true,\"valueName\":\"search_term_string\"}}],\"inLanguage\":\"es\"},{\"@type\":\"Organization\",\"@id\":\"https:\/\/conexion23.com\/#organization\",\"name\":\"Conexion 23\",\"url\":\"https:\/\/conexion23.com\/\",\"logo\":{\"@type\":\"ImageObject\",\"inLanguage\":\"es\",\"@id\":\"https:\/\/conexion23.com\/#\/schema\/logo\/image\/\",\"url\":\"https:\/\/conexion23.com\/wp-content\/uploads\/2021\/11\/Diseno-sin-titulo-2.png\",\"contentUrl\":\"https:\/\/conexion23.com\/wp-content\/uploads\/2021\/11\/Diseno-sin-titulo-2.png\",\"width\":541,\"height\":90,\"caption\":\"Conexion 23\"},\"image\":{\"@id\":\"https:\/\/conexion23.com\/#\/schema\/logo\/image\/\"},\"sameAs\":[\"https:\/\/www.facebook.com\/conexion23com\",\"https:\/\/www.instagram.com\/conexion23com\/\",\"https:\/\/www.youtube.com\/channel\/UCYc7vxxFZMYLIHNsHHxPZ3Q\"]},{\"@type\":\"Person\",\"@id\":\"https:\/\/conexion23.com\/#\/schema\/person\/03e36043331117e97a373299bbcd30a6\",\"name\":\"Raffy Ben\u00edtez\",\"image\":{\"@type\":\"ImageObject\",\"inLanguage\":\"es\",\"@id\":\"https:\/\/conexion23.com\/#\/schema\/person\/image\/\",\"url\":\"https:\/\/secure.gravatar.com\/avatar\/3190a6a6c5e1b0327500f7d6c56b6242472ee6cb974cf09b401ee6b3b0798f23?s=96&d=mm&r=g\",\"contentUrl\":\"https:\/\/secure.gravatar.com\/avatar\/3190a6a6c5e1b0327500f7d6c56b6242472ee6cb974cf09b401ee6b3b0798f23?s=96&d=mm&r=g\",\"caption\":\"Raffy Ben\u00edtez\"},\"url\":\"https:\/\/conexion23.com\/?author=15\"}]}<\/script>\n<!-- \/ Yoast SEO plugin. -->","yoast_head_json":{"title":"Presidente de la Central Nacional de Detallistas Unidos dice baja oferta de pollos, har\u00eda subir el precio a niveles alarmantes. - Conexi\u00f3n 23","robots":{"index":"index","follow":"follow","max-snippet":"max-snippet:-1","max-image-preview":"max-image-preview:large","max-video-preview":"max-video-preview:-1"},"canonical":"https:\/\/conexion23.com\/?p=30356","og_locale":"es_ES","og_type":"article","og_title":"Presidente de la Central Nacional de Detallistas Unidos dice baja oferta de pollos, har\u00eda subir el precio a niveles alarmantes. - Conexi\u00f3n 23","og_description":"El presidente de la Central Nacional de Detallistas Unidos dijo ver con preocupaci\u00f3n la baja oferta de pollo fresco en los diferentes negocios del pa\u00eds y advirti\u00f3 que ello podr\u00eda incrementar su precio a niveles nunca vistos en el pa\u00eds. Ricardo Rosario lamento que la \u00faltima producci\u00f3n de pollos no haya permitido un rendimiento como [&hellip;]","og_url":"https:\/\/conexion23.com\/?p=30356","og_site_name":"Conexi\u00f3n 23","article_publisher":"https:\/\/www.facebook.com\/conexion23com","article_published_time":"2024-07-10T11:44:28+00:00","article_modified_time":"2024-07-10T11:44:31+00:00","og_image":[{"width":538,"height":511,"url":"https:\/\/conexion23.com\/wp-content\/uploads\/2024\/07\/Ricardo_Rosario.jpg","type":"image\/jpeg"}],"author":"Raffy Ben\u00edtez","twitter_card":"summary_large_image","twitter_misc":{"Escrito por":"Raffy Ben\u00edtez","Tiempo de lectura":"3 minutos"},"schema":{"@context":"https:\/\/schema.org","@graph":[{"@type":"Article","@id":"https:\/\/conexion23.com\/?p=30356#article","isPartOf":{"@id":"https:\/\/conexion23.com\/?p=30356"},"author":{"name":"Raffy Ben\u00edtez","@id":"https:\/\/conexion23.com\/#\/schema\/person\/03e36043331117e97a373299bbcd30a6"},"headline":"Presidente de la Central Nacional de Detallistas Unidos dice baja oferta de pollos, har\u00eda subir el precio a niveles alarmantes.","datePublished":"2024-07-10T11:44:28+00:00","dateModified":"2024-07-10T11:44:31+00:00","mainEntityOfPage":{"@id":"https:\/\/conexion23.com\/?p=30356"},"wordCount":508,"commentCount":0,"publisher":{"@id":"https:\/\/conexion23.com\/#organization"},"image":{"@id":"https:\/\/conexion23.com\/?p=30356#primaryimage"},"thumbnailUrl":"https:\/\/conexion23.com\/wp-content\/uploads\/2024\/07\/Ricardo_Rosario.jpg","articleSection":["SPM"],"inLanguage":"es","potentialAction":[{"@type":"CommentAction","name":"Comment","target":["https:\/\/conexion23.com\/?p=30356#respond"]}]},{"@type":"WebPage","@id":"https:\/\/conexion23.com\/?p=30356","url":"https:\/\/conexion23.com\/?p=30356","name":"Presidente de la Central Nacional de Detallistas Unidos dice baja oferta de pollos, har\u00eda subir el precio a niveles alarmantes. - Conexi\u00f3n 23","isPartOf":{"@id":"https:\/\/conexion23.com\/#website"},"primaryImageOfPage":{"@id":"https:\/\/conexion23.com\/?p=30356#primaryimage"},"image":{"@id":"https:\/\/conexion23.com\/?p=30356#primaryimage"},"thumbnailUrl":"https:\/\/conexion23.com\/wp-content\/uploads\/2024\/07\/Ricardo_Rosario.jpg","datePublished":"2024-07-10T11:44:28+00:00","dateModified":"2024-07-10T11:44:31+00:00","breadcrumb":{"@id":"https:\/\/conexion23.com\/?p=30356#breadcrumb"},"inLanguage":"es","potentialAction":[{"@type":"ReadAction","target":["https:\/\/conexion23.com\/?p=30356"]}]},{"@type":"ImageObject","inLanguage":"es","@id":"https:\/\/conexion23.com\/?p=30356#primaryimage","url":"https:\/\/conexion23.com\/wp-content\/uploads\/2024\/07\/Ricardo_Rosario.jpg","contentUrl":"https:\/\/conexion23.com\/wp-content\/uploads\/2024\/07\/Ricardo_Rosario.jpg","width":538,"height":511},{"@type":"BreadcrumbList","@id":"https:\/\/conexion23.com\/?p=30356#breadcrumb","itemListElement":[{"@type":"ListItem","position":1,"name":"Portada","item":"https:\/\/conexion23.com\/"},{"@type":"ListItem","position":2,"name":"Presidente de la Central Nacional de Detallistas Unidos dice baja oferta de pollos, har\u00eda subir el precio a niveles alarmantes."}]},{"@type":"WebSite","@id":"https:\/\/conexion23.com\/#website","url":"https:\/\/conexion23.com\/","name":"Conexi\u00f3n 23","description":"Peri\u00f3dico 100% Petromacorisano","publisher":{"@id":"https:\/\/conexion23.com\/#organization"},"potentialAction":[{"@type":"SearchAction","target":{"@type":"EntryPoint","urlTemplate":"https:\/\/conexion23.com\/?s={search_term_string}"},"query-input":{"@type":"PropertyValueSpecification","valueRequired":true,"valueName":"search_term_string"}}],"inLanguage":"es"},{"@type":"Organization","@id":"https:\/\/conexion23.com\/#organization","name":"Conexion 23","url":"https:\/\/conexion23.com\/","logo":{"@type":"ImageObject","inLanguage":"es","@id":"https:\/\/conexion23.com\/#\/schema\/logo\/image\/","url":"https:\/\/conexion23.com\/wp-content\/uploads\/2021\/11\/Diseno-sin-titulo-2.png","contentUrl":"https:\/\/conexion23.com\/wp-content\/uploads\/2021\/11\/Diseno-sin-titulo-2.png","width":541,"height":90,"caption":"Conexion 23"},"image":{"@id":"https:\/\/conexion23.com\/#\/schema\/logo\/image\/"},"sameAs":["https:\/\/www.facebook.com\/conexion23com","https:\/\/www.instagram.com\/conexion23com\/","https:\/\/www.youtube.com\/channel\/UCYc7vxxFZMYLIHNsHHxPZ3Q"]},{"@type":"Person","@id":"https:\/\/conexion23.com\/#\/schema\/person\/03e36043331117e97a373299bbcd30a6","name":"Raffy Ben\u00edtez","image":{"@type":"ImageObject","inLanguage":"es","@id":"https:\/\/conexion23.com\/#\/schema\/person\/image\/","url":"https:\/\/secure.gravatar.com\/avatar\/3190a6a6c5e1b0327500f7d6c56b6242472ee6cb974cf09b401ee6b3b0798f23?s=96&d=mm&r=g","contentUrl":"https:\/\/secure.gravatar.com\/avatar\/3190a6a6c5e1b0327500f7d6c56b6242472ee6cb974cf09b401ee6b3b0798f23?s=96&d=mm&r=g","caption":"Raffy Ben\u00edtez"},"url":"https:\/\/conexion23.com\/?author=15"}]}},"_links":{"self":[{"href":"https:\/\/conexion23.com\/index.php?rest_route=\/wp\/v2\/posts\/30356","targetHints":{"allow":["GET"]}}],"collection":[{"href":"https:\/\/conexion23.com\/index.php?rest_route=\/wp\/v2\/posts"}],"about":[{"href":"https:\/\/conexion23.com\/index.php?rest_route=\/wp\/v2\/types\/post"}],"author":[{"embeddable":true,"href":"https:\/\/conexion23.com\/index.php?rest_route=\/wp\/v2\/users\/15"}],"replies":[{"embeddable":true,"href":"https:\/\/conexion23.com\/index.php?rest_route=%2Fwp%2Fv2%2Fcomments&post=30356"}],"version-history":[{"count":1,"href":"https:\/\/conexion23.com\/index.php?rest_route=\/wp\/v2\/posts\/30356\/revisions"}],"predecessor-version":[{"id":30358,"href":"https:\/\/conexion23.com\/index.php?rest_route=\/wp\/v2\/posts\/30356\/revisions\/30358"}],"wp:featuredmedia":[{"embeddable":true,"href":"https:\/\/conexion23.com\/index.php?rest_route=\/wp\/v2\/media\/30357"}],"wp:attachment":[{"href":"https:\/\/conexion23.com\/index.php?rest_route=%2Fwp%2Fv2%2Fmedia&parent=30356"}],"wp:term":[{"taxonomy":"category","embeddable":true,"href":"https:\/\/conexion23.com\/index.php?rest_route=%2Fwp%2Fv2%2Fcategories&post=30356"},{"taxonomy":"post_tag","embeddable":true,"href":"https:\/\/conexion23.com\/index.php?rest_route=%2Fwp%2Fv2%2Ftags&post=30356"}],"curies":[{"name":"wp","href":"https:\/\/api.w.org\/{rel}","templated":true}]}}