{"id":30366,"date":"2024-07-10T08:05:19","date_gmt":"2024-07-10T12:05:19","guid":{"rendered":"https:\/\/conexion23.com\/?p=30366"},"modified":"2024-07-10T08:05:22","modified_gmt":"2024-07-10T12:05:22","slug":"moradores-de-pedro-justo-carrion-exigen-le-arreglen-sus-calles-tras-meses-de-espera","status":"publish","type":"post","link":"https:\/\/conexion23.com\/?p=30366","title":{"rendered":"Moradores de Pedro Justo Carri\u00f3n exigen le arreglen sus calles tras meses de espera"},"content":{"rendered":"\n<p>Las quejas de residentes en el sector Pedro Justo Carri\u00f3n de esta provincia son constantes, ya que sus residentes llevan varios a\u00f1os esperando el accionar de las autoridades para mejorar las condiciones de las distintas v\u00edas del mencionado barrio.<\/p>\n\n\n\n<p>Los moradores de all\u00ed sostuvieron que en el mes de septiembre del pasado a\u00f1o fue posesionada la compa\u00f1\u00eda Servi Provi, con un contrato para asfaltar todas las calles del sector.<\/p>\n\n\n\n<p>Sin embargo, han pasado los meses y no se ven los resultados de los trabajos.<\/p>\n\n\n\n<figure class=\"wp-block-image is-resized\"><img decoding=\"async\" src=\"https:\/\/eltiempo.com.do\/wp-content\/uploads\/2024\/07\/Calles-Pedro-Justo-3-lugar-donde-estaban-equipos-1024x768.jpg\" alt=\"\" class=\"wp-image-137123\" style=\"width:566px;height:auto\"\/><\/figure>\n\n\n\n<p>Emiliano Tolentino, presidente de la junta de vecinos del sector, sostuvo que lo \u00fanico que ha realizado la compa\u00f1\u00eda es la imprimaci\u00f3n de la calle principal, pero que con el paso de los d\u00edas se est\u00e1 deteriorando, ya que no le ha sido colocada la capa asf\u00e1ltica.<\/p>\n\n\n\n<p>Manifest\u00f3 adem\u00e1s que se debe tomar en cuenta la altura y construcci\u00f3n de badenes para que no sean afectados residentes en las calles secundarias del sector, ya que luego de colocar el relleno en la calle principal, esto ha generado que en v\u00edas como El Coco se acumule bastante cantidad de agua cada vez que llueve lo que afecta a las personas que residen en la misma.<\/p>\n\n\n\n<p>AGUA APOSADA<\/p>\n\n\n\n<p>Antonia Acevedo es otra de las afectadas por las malas condiciones de las calles del sector, quien manifest\u00f3 que el Pedro Justo Carri\u00f3n ha sido uno de los sectores m\u00e1s olvidados de esta provincia.<\/p>\n\n\n\n<figure class=\"wp-block-image is-resized\"><img decoding=\"async\" src=\"https:\/\/eltiempo.com.do\/wp-content\/uploads\/2024\/07\/Calles-Pedro-Justo-1-1024x768.jpg\" alt=\"\" class=\"wp-image-137124\" style=\"width:494px;height:auto\"\/><\/figure>\n\n\n\n<p>\u00abEl agua se queda acumulada en nuestros patios, no puede circular, porque como quedamos en una parte baja, cada vez que llueve el agua de lluvia se va a los patios de quienes vivimos en la calle El Coco\u00bb, sostuvo Acevedo, quien tambi\u00e9n manifest\u00f3 que desde hace varios meses tienen problemaS con la electricidad, producto de la sobrecarga del transformador que alimenta esa parte del sector.<\/p>\n\n\n\n<p>En tanto que H\u00e9ctor B\u00e1ez, quien es propietario de un centro comercial ubicado en la calle principal del mencionado sector, sostuvo que no se concibe que esa v\u00eda, por donde circula una ruta del transporte urbano, est\u00e9 en esas condiciones y que en varias ocasiones los miembros de la Asociaci\u00f3n de Transporte han amenazado con paralizar la ruta, ya que los veh\u00edculos se est\u00e1n da\u00f1ando cada vez que caen en uno de los hoyos de esa v\u00eda.<\/p>\n\n\n\n<p>Contacto con autoridades Los denunciantes expresaron que en varias ocasiones se han comunicado con la gobernadora de la provincia, Aracelis Villanueva, quien les ha expresado que se mantiene en contacto con la empresa que tiene a su cargo los trabajos.<\/p>\n\n\n\n<figure class=\"wp-block-image is-resized\"><img decoding=\"async\" src=\"https:\/\/eltiempo.com.do\/wp-content\/uploads\/2024\/07\/Calles-Pedro-Justo-4-1024x768.jpg\" alt=\"\" class=\"wp-image-137125\" style=\"width:486px;height:auto\"\/><\/figure>\n\n\n\n<p>Tambi\u00e9n expresaron que han tenido comunicaci\u00f3n con el viceministro de Obras P\u00fablicas. El\u00edas Santana, quien tambi\u00e9n se ha comunicado con el ingeniero que est\u00e1 a cargo de la construcci\u00f3n de las calles, pero que, sin embargo, los equipos no regresan al sector.<\/p>\n\n\n\n<p>En el lugar donde eran guardados los equipos, solo se observa un poco de gravilla, ya que los mismos fueron movilizados a otro barrio de la ciudad.<\/p>\n\n\n\n<p>A\u00f1adieron adem\u00e1s que cuando la compa\u00f1\u00eda entr\u00f3 al sector se estaban realizando trabajos en tres calles por porte del ayuntamiento, pero que una de las exigencias de la compa\u00f1\u00eda Servi Provi fue que ten\u00edan que salir del lugar, ya que ellos ten\u00edan la responsabilidad de todas las calles de la mencionada barriada.<\/p>\n\n\n\n<p>Tomada del Tiempo.com.do<\/p>\n","protected":false},"excerpt":{"rendered":"<p>Las quejas de residentes en el sector Pedro Justo Carri\u00f3n de esta provincia son constantes, ya que sus residentes llevan varios a\u00f1os esperando el accionar de las autoridades para mejorar las condiciones de las distintas v\u00edas del mencionado barrio. Los moradores de all\u00ed sostuvieron que en el mes de septiembre del pasado a\u00f1o fue posesionada [&hellip;]<\/p>\n","protected":false},"author":15,"featured_media":30367,"comment_status":"open","ping_status":"open","sticky":false,"template":"","format":"standard","meta":{"footnotes":""},"categories":[35],"tags":[],"class_list":{"0":"post-30366","1":"post","2":"type-post","3":"status-publish","4":"format-standard","5":"has-post-thumbnail","7":"category-spm"},"yoast_head":"<!-- This site is optimized with the Yoast SEO plugin v27.1.1 - https:\/\/yoast.com\/product\/yoast-seo-wordpress\/ -->\n<title>Moradores de Pedro Justo Carri\u00f3n exigen le arreglen sus calles tras meses de espera - Conexi\u00f3n 23<\/title>\n<meta name=\"robots\" content=\"index, follow, max-snippet:-1, max-image-preview:large, max-video-preview:-1\" \/>\n<link rel=\"canonical\" href=\"https:\/\/conexion23.com\/?p=30366\" \/>\n<meta property=\"og:locale\" content=\"es_ES\" \/>\n<meta property=\"og:type\" content=\"article\" \/>\n<meta property=\"og:title\" content=\"Moradores de Pedro Justo Carri\u00f3n exigen le arreglen sus calles tras meses de espera - Conexi\u00f3n 23\" \/>\n<meta property=\"og:description\" content=\"Las quejas de residentes en el sector Pedro Justo Carri\u00f3n de esta provincia son constantes, ya que sus residentes llevan varios a\u00f1os esperando el accionar de las autoridades para mejorar las condiciones de las distintas v\u00edas del mencionado barrio. Los moradores de all\u00ed sostuvieron que en el mes de septiembre del pasado a\u00f1o fue posesionada [&hellip;]\" \/>\n<meta property=\"og:url\" content=\"https:\/\/conexion23.com\/?p=30366\" \/>\n<meta property=\"og:site_name\" content=\"Conexi\u00f3n 23\" \/>\n<meta property=\"article:publisher\" content=\"https:\/\/www.facebook.com\/conexion23com\" \/>\n<meta property=\"article:published_time\" content=\"2024-07-10T12:05:19+00:00\" \/>\n<meta property=\"article:modified_time\" content=\"2024-07-10T12:05:22+00:00\" \/>\n<meta property=\"og:image\" content=\"https:\/\/conexion23.com\/wp-content\/uploads\/2024\/07\/Calles-Pedro-Justo-2-1068x801-1.jpg\" \/>\n\t<meta property=\"og:image:width\" content=\"1068\" \/>\n\t<meta property=\"og:image:height\" content=\"801\" \/>\n\t<meta property=\"og:image:type\" content=\"image\/jpeg\" \/>\n<meta name=\"author\" content=\"Raffy Ben\u00edtez\" \/>\n<meta name=\"twitter:card\" content=\"summary_large_image\" \/>\n<meta name=\"twitter:label1\" content=\"Escrito por\" \/>\n\t<meta name=\"twitter:data1\" content=\"Raffy Ben\u00edtez\" \/>\n\t<meta name=\"twitter:label2\" content=\"Tiempo de lectura\" \/>\n\t<meta name=\"twitter:data2\" content=\"4 minutos\" \/>\n<script type=\"application\/ld+json\" class=\"yoast-schema-graph\">{\"@context\":\"https:\/\/schema.org\",\"@graph\":[{\"@type\":\"Article\",\"@id\":\"https:\/\/conexion23.com\/?p=30366#article\",\"isPartOf\":{\"@id\":\"https:\/\/conexion23.com\/?p=30366\"},\"author\":{\"name\":\"Raffy Ben\u00edtez\",\"@id\":\"https:\/\/conexion23.com\/#\/schema\/person\/03e36043331117e97a373299bbcd30a6\"},\"headline\":\"Moradores de Pedro Justo Carri\u00f3n exigen le arreglen sus calles tras meses de espera\",\"datePublished\":\"2024-07-10T12:05:19+00:00\",\"dateModified\":\"2024-07-10T12:05:22+00:00\",\"mainEntityOfPage\":{\"@id\":\"https:\/\/conexion23.com\/?p=30366\"},\"wordCount\":593,\"commentCount\":0,\"publisher\":{\"@id\":\"https:\/\/conexion23.com\/#organization\"},\"image\":{\"@id\":\"https:\/\/conexion23.com\/?p=30366#primaryimage\"},\"thumbnailUrl\":\"https:\/\/conexion23.com\/wp-content\/uploads\/2024\/07\/Calles-Pedro-Justo-2-1068x801-1.jpg\",\"articleSection\":[\"SPM\"],\"inLanguage\":\"es\",\"potentialAction\":[{\"@type\":\"CommentAction\",\"name\":\"Comment\",\"target\":[\"https:\/\/conexion23.com\/?p=30366#respond\"]}]},{\"@type\":\"WebPage\",\"@id\":\"https:\/\/conexion23.com\/?p=30366\",\"url\":\"https:\/\/conexion23.com\/?p=30366\",\"name\":\"Moradores de Pedro Justo Carri\u00f3n exigen le arreglen sus calles tras meses de espera - Conexi\u00f3n 23\",\"isPartOf\":{\"@id\":\"https:\/\/conexion23.com\/#website\"},\"primaryImageOfPage\":{\"@id\":\"https:\/\/conexion23.com\/?p=30366#primaryimage\"},\"image\":{\"@id\":\"https:\/\/conexion23.com\/?p=30366#primaryimage\"},\"thumbnailUrl\":\"https:\/\/conexion23.com\/wp-content\/uploads\/2024\/07\/Calles-Pedro-Justo-2-1068x801-1.jpg\",\"datePublished\":\"2024-07-10T12:05:19+00:00\",\"dateModified\":\"2024-07-10T12:05:22+00:00\",\"breadcrumb\":{\"@id\":\"https:\/\/conexion23.com\/?p=30366#breadcrumb\"},\"inLanguage\":\"es\",\"potentialAction\":[{\"@type\":\"ReadAction\",\"target\":[\"https:\/\/conexion23.com\/?p=30366\"]}]},{\"@type\":\"ImageObject\",\"inLanguage\":\"es\",\"@id\":\"https:\/\/conexion23.com\/?p=30366#primaryimage\",\"url\":\"https:\/\/conexion23.com\/wp-content\/uploads\/2024\/07\/Calles-Pedro-Justo-2-1068x801-1.jpg\",\"contentUrl\":\"https:\/\/conexion23.com\/wp-content\/uploads\/2024\/07\/Calles-Pedro-Justo-2-1068x801-1.jpg\",\"width\":1068,\"height\":801},{\"@type\":\"BreadcrumbList\",\"@id\":\"https:\/\/conexion23.com\/?p=30366#breadcrumb\",\"itemListElement\":[{\"@type\":\"ListItem\",\"position\":1,\"name\":\"Portada\",\"item\":\"https:\/\/conexion23.com\/\"},{\"@type\":\"ListItem\",\"position\":2,\"name\":\"Moradores de Pedro Justo Carri\u00f3n exigen le arreglen sus calles tras meses de espera\"}]},{\"@type\":\"WebSite\",\"@id\":\"https:\/\/conexion23.com\/#website\",\"url\":\"https:\/\/conexion23.com\/\",\"name\":\"Conexi\u00f3n 23\",\"description\":\"Peri\u00f3dico 100% Petromacorisano\",\"publisher\":{\"@id\":\"https:\/\/conexion23.com\/#organization\"},\"potentialAction\":[{\"@type\":\"SearchAction\",\"target\":{\"@type\":\"EntryPoint\",\"urlTemplate\":\"https:\/\/conexion23.com\/?s={search_term_string}\"},\"query-input\":{\"@type\":\"PropertyValueSpecification\",\"valueRequired\":true,\"valueName\":\"search_term_string\"}}],\"inLanguage\":\"es\"},{\"@type\":\"Organization\",\"@id\":\"https:\/\/conexion23.com\/#organization\",\"name\":\"Conexion 23\",\"url\":\"https:\/\/conexion23.com\/\",\"logo\":{\"@type\":\"ImageObject\",\"inLanguage\":\"es\",\"@id\":\"https:\/\/conexion23.com\/#\/schema\/logo\/image\/\",\"url\":\"https:\/\/conexion23.com\/wp-content\/uploads\/2021\/11\/Diseno-sin-titulo-2.png\",\"contentUrl\":\"https:\/\/conexion23.com\/wp-content\/uploads\/2021\/11\/Diseno-sin-titulo-2.png\",\"width\":541,\"height\":90,\"caption\":\"Conexion 23\"},\"image\":{\"@id\":\"https:\/\/conexion23.com\/#\/schema\/logo\/image\/\"},\"sameAs\":[\"https:\/\/www.facebook.com\/conexion23com\",\"https:\/\/www.instagram.com\/conexion23com\/\",\"https:\/\/www.youtube.com\/channel\/UCYc7vxxFZMYLIHNsHHxPZ3Q\"]},{\"@type\":\"Person\",\"@id\":\"https:\/\/conexion23.com\/#\/schema\/person\/03e36043331117e97a373299bbcd30a6\",\"name\":\"Raffy Ben\u00edtez\",\"image\":{\"@type\":\"ImageObject\",\"inLanguage\":\"es\",\"@id\":\"https:\/\/conexion23.com\/#\/schema\/person\/image\/\",\"url\":\"https:\/\/secure.gravatar.com\/avatar\/3190a6a6c5e1b0327500f7d6c56b6242472ee6cb974cf09b401ee6b3b0798f23?s=96&d=mm&r=g\",\"contentUrl\":\"https:\/\/secure.gravatar.com\/avatar\/3190a6a6c5e1b0327500f7d6c56b6242472ee6cb974cf09b401ee6b3b0798f23?s=96&d=mm&r=g\",\"caption\":\"Raffy Ben\u00edtez\"},\"url\":\"https:\/\/conexion23.com\/?author=15\"}]}<\/script>\n<!-- \/ Yoast SEO plugin. -->","yoast_head_json":{"title":"Moradores de Pedro Justo Carri\u00f3n exigen le arreglen sus calles tras meses de espera - Conexi\u00f3n 23","robots":{"index":"index","follow":"follow","max-snippet":"max-snippet:-1","max-image-preview":"max-image-preview:large","max-video-preview":"max-video-preview:-1"},"canonical":"https:\/\/conexion23.com\/?p=30366","og_locale":"es_ES","og_type":"article","og_title":"Moradores de Pedro Justo Carri\u00f3n exigen le arreglen sus calles tras meses de espera - Conexi\u00f3n 23","og_description":"Las quejas de residentes en el sector Pedro Justo Carri\u00f3n de esta provincia son constantes, ya que sus residentes llevan varios a\u00f1os esperando el accionar de las autoridades para mejorar las condiciones de las distintas v\u00edas del mencionado barrio. Los moradores de all\u00ed sostuvieron que en el mes de septiembre del pasado a\u00f1o fue posesionada [&hellip;]","og_url":"https:\/\/conexion23.com\/?p=30366","og_site_name":"Conexi\u00f3n 23","article_publisher":"https:\/\/www.facebook.com\/conexion23com","article_published_time":"2024-07-10T12:05:19+00:00","article_modified_time":"2024-07-10T12:05:22+00:00","og_image":[{"width":1068,"height":801,"url":"https:\/\/conexion23.com\/wp-content\/uploads\/2024\/07\/Calles-Pedro-Justo-2-1068x801-1.jpg","type":"image\/jpeg"}],"author":"Raffy Ben\u00edtez","twitter_card":"summary_large_image","twitter_misc":{"Escrito por":"Raffy Ben\u00edtez","Tiempo de lectura":"4 minutos"},"schema":{"@context":"https:\/\/schema.org","@graph":[{"@type":"Article","@id":"https:\/\/conexion23.com\/?p=30366#article","isPartOf":{"@id":"https:\/\/conexion23.com\/?p=30366"},"author":{"name":"Raffy Ben\u00edtez","@id":"https:\/\/conexion23.com\/#\/schema\/person\/03e36043331117e97a373299bbcd30a6"},"headline":"Moradores de Pedro Justo Carri\u00f3n exigen le arreglen sus calles tras meses de espera","datePublished":"2024-07-10T12:05:19+00:00","dateModified":"2024-07-10T12:05:22+00:00","mainEntityOfPage":{"@id":"https:\/\/conexion23.com\/?p=30366"},"wordCount":593,"commentCount":0,"publisher":{"@id":"https:\/\/conexion23.com\/#organization"},"image":{"@id":"https:\/\/conexion23.com\/?p=30366#primaryimage"},"thumbnailUrl":"https:\/\/conexion23.com\/wp-content\/uploads\/2024\/07\/Calles-Pedro-Justo-2-1068x801-1.jpg","articleSection":["SPM"],"inLanguage":"es","potentialAction":[{"@type":"CommentAction","name":"Comment","target":["https:\/\/conexion23.com\/?p=30366#respond"]}]},{"@type":"WebPage","@id":"https:\/\/conexion23.com\/?p=30366","url":"https:\/\/conexion23.com\/?p=30366","name":"Moradores de Pedro Justo Carri\u00f3n exigen le arreglen sus calles tras meses de espera - Conexi\u00f3n 23","isPartOf":{"@id":"https:\/\/conexion23.com\/#website"},"primaryImageOfPage":{"@id":"https:\/\/conexion23.com\/?p=30366#primaryimage"},"image":{"@id":"https:\/\/conexion23.com\/?p=30366#primaryimage"},"thumbnailUrl":"https:\/\/conexion23.com\/wp-content\/uploads\/2024\/07\/Calles-Pedro-Justo-2-1068x801-1.jpg","datePublished":"2024-07-10T12:05:19+00:00","dateModified":"2024-07-10T12:05:22+00:00","breadcrumb":{"@id":"https:\/\/conexion23.com\/?p=30366#breadcrumb"},"inLanguage":"es","potentialAction":[{"@type":"ReadAction","target":["https:\/\/conexion23.com\/?p=30366"]}]},{"@type":"ImageObject","inLanguage":"es","@id":"https:\/\/conexion23.com\/?p=30366#primaryimage","url":"https:\/\/conexion23.com\/wp-content\/uploads\/2024\/07\/Calles-Pedro-Justo-2-1068x801-1.jpg","contentUrl":"https:\/\/conexion23.com\/wp-content\/uploads\/2024\/07\/Calles-Pedro-Justo-2-1068x801-1.jpg","width":1068,"height":801},{"@type":"BreadcrumbList","@id":"https:\/\/conexion23.com\/?p=30366#breadcrumb","itemListElement":[{"@type":"ListItem","position":1,"name":"Portada","item":"https:\/\/conexion23.com\/"},{"@type":"ListItem","position":2,"name":"Moradores de Pedro Justo Carri\u00f3n exigen le arreglen sus calles tras meses de espera"}]},{"@type":"WebSite","@id":"https:\/\/conexion23.com\/#website","url":"https:\/\/conexion23.com\/","name":"Conexi\u00f3n 23","description":"Peri\u00f3dico 100% Petromacorisano","publisher":{"@id":"https:\/\/conexion23.com\/#organization"},"potentialAction":[{"@type":"SearchAction","target":{"@type":"EntryPoint","urlTemplate":"https:\/\/conexion23.com\/?s={search_term_string}"},"query-input":{"@type":"PropertyValueSpecification","valueRequired":true,"valueName":"search_term_string"}}],"inLanguage":"es"},{"@type":"Organization","@id":"https:\/\/conexion23.com\/#organization","name":"Conexion 23","url":"https:\/\/conexion23.com\/","logo":{"@type":"ImageObject","inLanguage":"es","@id":"https:\/\/conexion23.com\/#\/schema\/logo\/image\/","url":"https:\/\/conexion23.com\/wp-content\/uploads\/2021\/11\/Diseno-sin-titulo-2.png","contentUrl":"https:\/\/conexion23.com\/wp-content\/uploads\/2021\/11\/Diseno-sin-titulo-2.png","width":541,"height":90,"caption":"Conexion 23"},"image":{"@id":"https:\/\/conexion23.com\/#\/schema\/logo\/image\/"},"sameAs":["https:\/\/www.facebook.com\/conexion23com","https:\/\/www.instagram.com\/conexion23com\/","https:\/\/www.youtube.com\/channel\/UCYc7vxxFZMYLIHNsHHxPZ3Q"]},{"@type":"Person","@id":"https:\/\/conexion23.com\/#\/schema\/person\/03e36043331117e97a373299bbcd30a6","name":"Raffy Ben\u00edtez","image":{"@type":"ImageObject","inLanguage":"es","@id":"https:\/\/conexion23.com\/#\/schema\/person\/image\/","url":"https:\/\/secure.gravatar.com\/avatar\/3190a6a6c5e1b0327500f7d6c56b6242472ee6cb974cf09b401ee6b3b0798f23?s=96&d=mm&r=g","contentUrl":"https:\/\/secure.gravatar.com\/avatar\/3190a6a6c5e1b0327500f7d6c56b6242472ee6cb974cf09b401ee6b3b0798f23?s=96&d=mm&r=g","caption":"Raffy Ben\u00edtez"},"url":"https:\/\/conexion23.com\/?author=15"}]}},"_links":{"self":[{"href":"https:\/\/conexion23.com\/index.php?rest_route=\/wp\/v2\/posts\/30366","targetHints":{"allow":["GET"]}}],"collection":[{"href":"https:\/\/conexion23.com\/index.php?rest_route=\/wp\/v2\/posts"}],"about":[{"href":"https:\/\/conexion23.com\/index.php?rest_route=\/wp\/v2\/types\/post"}],"author":[{"embeddable":true,"href":"https:\/\/conexion23.com\/index.php?rest_route=\/wp\/v2\/users\/15"}],"replies":[{"embeddable":true,"href":"https:\/\/conexion23.com\/index.php?rest_route=%2Fwp%2Fv2%2Fcomments&post=30366"}],"version-history":[{"count":1,"href":"https:\/\/conexion23.com\/index.php?rest_route=\/wp\/v2\/posts\/30366\/revisions"}],"predecessor-version":[{"id":30368,"href":"https:\/\/conexion23.com\/index.php?rest_route=\/wp\/v2\/posts\/30366\/revisions\/30368"}],"wp:featuredmedia":[{"embeddable":true,"href":"https:\/\/conexion23.com\/index.php?rest_route=\/wp\/v2\/media\/30367"}],"wp:attachment":[{"href":"https:\/\/conexion23.com\/index.php?rest_route=%2Fwp%2Fv2%2Fmedia&parent=30366"}],"wp:term":[{"taxonomy":"category","embeddable":true,"href":"https:\/\/conexion23.com\/index.php?rest_route=%2Fwp%2Fv2%2Fcategories&post=30366"},{"taxonomy":"post_tag","embeddable":true,"href":"https:\/\/conexion23.com\/index.php?rest_route=%2Fwp%2Fv2%2Ftags&post=30366"}],"curies":[{"name":"wp","href":"https:\/\/api.w.org\/{rel}","templated":true}]}}