{"id":30470,"date":"2024-07-13T07:50:20","date_gmt":"2024-07-13T11:50:20","guid":{"rendered":"https:\/\/conexion23.com\/?p=30470"},"modified":"2024-07-13T07:50:24","modified_gmt":"2024-07-13T11:50:24","slug":"el-ateneo-de-macoris-celebro-su-134-aniversario-con-un-gran-concierto-con-la-sinfonica-juvenil","status":"publish","type":"post","link":"https:\/\/conexion23.com\/?p=30470","title":{"rendered":"El Ateneo de Macoris celebr\u00f3 su 134 aniversario con un gran concierto con la  Sinf\u00f3nica Juvenil."},"content":{"rendered":"\n<p>Con motivo del 134 aniversario de la fundaci\u00f3n del Ateneo Macoris Incorporado se realiz\u00f3 un concierto con la Orquesta Sinf\u00f3nica Juvenil de esta provincia.<\/p>\n\n\n\n<p>De antes sala de dicho concierto en la actividad se present\u00f3 una Alianza Estrat\u00e9gica entre el Ateneo Macor\u00eds Incorporado y el Instituto Duartiano filial San Pedro, con la finalidad de la proyecci\u00f3n de actividades culturales y patri\u00f3ticas a beneficio de la provincia entre ambas instituciones, el concierto fue realizado en el sal\u00f3n de la biblioteca del ateneo, en el edificio del ayuntamiento de SPM.<\/p>\n\n\n\n<p>En el acto hizo la invocaci\u00f3n a dios la poeta y actriz profesora Amanda Nolasco, las palabras de bienvenidas, la presentaci\u00f3n de la Alianza entre el Ateneo y el Instituto Duartiano estuvo a cargo del Dr. Franklin Diaz presidente del Ateneo Macoris Incorporado, estuvo presente el presidente de la filial del Instituto Duartiano Lic. Jorge Hilario Lopez Zorrilla quien fue el coordinador de la actividad.<\/p>\n\n\n\n<p>El Ateneo tuvo su inicio en el a\u00f1o 1890 con el nombre de Sociedad Literaria Amante del Estudios,luego cambi\u00f3 su nombre en el 1895 por el Ateneo Macor\u00eds Incorporado, el 5 de Junio cumpli\u00f3 134 aniversario de su fundaci\u00f3n y fue celebrada en grande con el concierto cl\u00e1sico y popular con la Orquesta Sinf\u00f3nica Juvenil Maestro Julio de Windt.<\/p>\n\n\n\n<p>En esta actividad se dieron cita importantes personalidades de la vida cultural, social y pol\u00edtica entre lo que mencionamos al regidor del PRM Licdo Martire Trinidad, el director regional de cultura Licdo Aneury Guerrero, el comunicador y director de la compa\u00f1\u00eda de teatro caribe Maximo Castro, el expresidente del Ateneo Dr. Danilo Rijo, las p\u00e1ginas de noticias Somos de Aqui, Junior noticias, Alexis Urraca entre otras, como maestro de ceremonias fue Manuel Ure\u00f1a \u00c1ngeles.<\/p>\n","protected":false},"excerpt":{"rendered":"<p>Con motivo del 134 aniversario de la fundaci\u00f3n del Ateneo Macoris Incorporado se realiz\u00f3 un concierto con la Orquesta Sinf\u00f3nica Juvenil de esta provincia. De antes sala de dicho concierto en la actividad se present\u00f3 una Alianza Estrat\u00e9gica entre el Ateneo Macor\u00eds Incorporado y el Instituto Duartiano filial San Pedro, con la finalidad de la [&hellip;]<\/p>\n","protected":false},"author":15,"featured_media":30471,"comment_status":"open","ping_status":"open","sticky":false,"template":"","format":"standard","meta":{"footnotes":""},"categories":[35],"tags":[],"class_list":{"0":"post-30470","1":"post","2":"type-post","3":"status-publish","4":"format-standard","5":"has-post-thumbnail","7":"category-spm"},"yoast_head":"<!-- This site is optimized with the Yoast SEO plugin v27.1.1 - https:\/\/yoast.com\/product\/yoast-seo-wordpress\/ -->\n<title>El Ateneo de Macoris celebr\u00f3 su 134 aniversario con un gran concierto con la Sinf\u00f3nica Juvenil. - Conexi\u00f3n 23<\/title>\n<meta name=\"robots\" content=\"index, follow, max-snippet:-1, max-image-preview:large, max-video-preview:-1\" \/>\n<link rel=\"canonical\" href=\"https:\/\/conexion23.com\/?p=30470\" \/>\n<meta property=\"og:locale\" content=\"es_ES\" \/>\n<meta property=\"og:type\" content=\"article\" \/>\n<meta property=\"og:title\" content=\"El Ateneo de Macoris celebr\u00f3 su 134 aniversario con un gran concierto con la Sinf\u00f3nica Juvenil. - Conexi\u00f3n 23\" \/>\n<meta property=\"og:description\" content=\"Con motivo del 134 aniversario de la fundaci\u00f3n del Ateneo Macoris Incorporado se realiz\u00f3 un concierto con la Orquesta Sinf\u00f3nica Juvenil de esta provincia. De antes sala de dicho concierto en la actividad se present\u00f3 una Alianza Estrat\u00e9gica entre el Ateneo Macor\u00eds Incorporado y el Instituto Duartiano filial San Pedro, con la finalidad de la [&hellip;]\" \/>\n<meta property=\"og:url\" content=\"https:\/\/conexion23.com\/?p=30470\" \/>\n<meta property=\"og:site_name\" content=\"Conexi\u00f3n 23\" \/>\n<meta property=\"article:publisher\" content=\"https:\/\/www.facebook.com\/conexion23com\" \/>\n<meta property=\"article:published_time\" content=\"2024-07-13T11:50:20+00:00\" \/>\n<meta property=\"article:modified_time\" content=\"2024-07-13T11:50:24+00:00\" \/>\n<meta property=\"og:image\" content=\"https:\/\/conexion23.com\/wp-content\/uploads\/2024\/07\/AF4F517A-5E33-41BD-81AE-C5D255716EBF.jpeg\" \/>\n\t<meta property=\"og:image:width\" content=\"320\" \/>\n\t<meta property=\"og:image:height\" content=\"212\" \/>\n\t<meta property=\"og:image:type\" content=\"image\/jpeg\" \/>\n<meta name=\"author\" content=\"Raffy Ben\u00edtez\" \/>\n<meta name=\"twitter:card\" content=\"summary_large_image\" \/>\n<meta name=\"twitter:label1\" content=\"Escrito por\" \/>\n\t<meta name=\"twitter:data1\" content=\"Raffy Ben\u00edtez\" \/>\n\t<meta name=\"twitter:label2\" content=\"Tiempo de lectura\" \/>\n\t<meta name=\"twitter:data2\" content=\"2 minutos\" \/>\n<script type=\"application\/ld+json\" class=\"yoast-schema-graph\">{\"@context\":\"https:\/\/schema.org\",\"@graph\":[{\"@type\":\"Article\",\"@id\":\"https:\/\/conexion23.com\/?p=30470#article\",\"isPartOf\":{\"@id\":\"https:\/\/conexion23.com\/?p=30470\"},\"author\":{\"name\":\"Raffy Ben\u00edtez\",\"@id\":\"https:\/\/conexion23.com\/#\/schema\/person\/03e36043331117e97a373299bbcd30a6\"},\"headline\":\"El Ateneo de Macoris celebr\u00f3 su 134 aniversario con un gran concierto con la Sinf\u00f3nica Juvenil.\",\"datePublished\":\"2024-07-13T11:50:20+00:00\",\"dateModified\":\"2024-07-13T11:50:24+00:00\",\"mainEntityOfPage\":{\"@id\":\"https:\/\/conexion23.com\/?p=30470\"},\"wordCount\":316,\"commentCount\":0,\"publisher\":{\"@id\":\"https:\/\/conexion23.com\/#organization\"},\"image\":{\"@id\":\"https:\/\/conexion23.com\/?p=30470#primaryimage\"},\"thumbnailUrl\":\"https:\/\/conexion23.com\/wp-content\/uploads\/2024\/07\/AF4F517A-5E33-41BD-81AE-C5D255716EBF.jpeg\",\"articleSection\":[\"SPM\"],\"inLanguage\":\"es\",\"potentialAction\":[{\"@type\":\"CommentAction\",\"name\":\"Comment\",\"target\":[\"https:\/\/conexion23.com\/?p=30470#respond\"]}]},{\"@type\":\"WebPage\",\"@id\":\"https:\/\/conexion23.com\/?p=30470\",\"url\":\"https:\/\/conexion23.com\/?p=30470\",\"name\":\"El Ateneo de Macoris celebr\u00f3 su 134 aniversario con un gran concierto con la Sinf\u00f3nica Juvenil. - Conexi\u00f3n 23\",\"isPartOf\":{\"@id\":\"https:\/\/conexion23.com\/#website\"},\"primaryImageOfPage\":{\"@id\":\"https:\/\/conexion23.com\/?p=30470#primaryimage\"},\"image\":{\"@id\":\"https:\/\/conexion23.com\/?p=30470#primaryimage\"},\"thumbnailUrl\":\"https:\/\/conexion23.com\/wp-content\/uploads\/2024\/07\/AF4F517A-5E33-41BD-81AE-C5D255716EBF.jpeg\",\"datePublished\":\"2024-07-13T11:50:20+00:00\",\"dateModified\":\"2024-07-13T11:50:24+00:00\",\"breadcrumb\":{\"@id\":\"https:\/\/conexion23.com\/?p=30470#breadcrumb\"},\"inLanguage\":\"es\",\"potentialAction\":[{\"@type\":\"ReadAction\",\"target\":[\"https:\/\/conexion23.com\/?p=30470\"]}]},{\"@type\":\"ImageObject\",\"inLanguage\":\"es\",\"@id\":\"https:\/\/conexion23.com\/?p=30470#primaryimage\",\"url\":\"https:\/\/conexion23.com\/wp-content\/uploads\/2024\/07\/AF4F517A-5E33-41BD-81AE-C5D255716EBF.jpeg\",\"contentUrl\":\"https:\/\/conexion23.com\/wp-content\/uploads\/2024\/07\/AF4F517A-5E33-41BD-81AE-C5D255716EBF.jpeg\",\"width\":320,\"height\":212},{\"@type\":\"BreadcrumbList\",\"@id\":\"https:\/\/conexion23.com\/?p=30470#breadcrumb\",\"itemListElement\":[{\"@type\":\"ListItem\",\"position\":1,\"name\":\"Portada\",\"item\":\"https:\/\/conexion23.com\/\"},{\"@type\":\"ListItem\",\"position\":2,\"name\":\"El Ateneo de Macoris celebr\u00f3 su 134 aniversario con un gran concierto con la Sinf\u00f3nica Juvenil.\"}]},{\"@type\":\"WebSite\",\"@id\":\"https:\/\/conexion23.com\/#website\",\"url\":\"https:\/\/conexion23.com\/\",\"name\":\"Conexi\u00f3n 23\",\"description\":\"Peri\u00f3dico 100% Petromacorisano\",\"publisher\":{\"@id\":\"https:\/\/conexion23.com\/#organization\"},\"potentialAction\":[{\"@type\":\"SearchAction\",\"target\":{\"@type\":\"EntryPoint\",\"urlTemplate\":\"https:\/\/conexion23.com\/?s={search_term_string}\"},\"query-input\":{\"@type\":\"PropertyValueSpecification\",\"valueRequired\":true,\"valueName\":\"search_term_string\"}}],\"inLanguage\":\"es\"},{\"@type\":\"Organization\",\"@id\":\"https:\/\/conexion23.com\/#organization\",\"name\":\"Conexion 23\",\"url\":\"https:\/\/conexion23.com\/\",\"logo\":{\"@type\":\"ImageObject\",\"inLanguage\":\"es\",\"@id\":\"https:\/\/conexion23.com\/#\/schema\/logo\/image\/\",\"url\":\"https:\/\/conexion23.com\/wp-content\/uploads\/2021\/11\/Diseno-sin-titulo-2.png\",\"contentUrl\":\"https:\/\/conexion23.com\/wp-content\/uploads\/2021\/11\/Diseno-sin-titulo-2.png\",\"width\":541,\"height\":90,\"caption\":\"Conexion 23\"},\"image\":{\"@id\":\"https:\/\/conexion23.com\/#\/schema\/logo\/image\/\"},\"sameAs\":[\"https:\/\/www.facebook.com\/conexion23com\",\"https:\/\/www.instagram.com\/conexion23com\/\",\"https:\/\/www.youtube.com\/channel\/UCYc7vxxFZMYLIHNsHHxPZ3Q\"]},{\"@type\":\"Person\",\"@id\":\"https:\/\/conexion23.com\/#\/schema\/person\/03e36043331117e97a373299bbcd30a6\",\"name\":\"Raffy Ben\u00edtez\",\"image\":{\"@type\":\"ImageObject\",\"inLanguage\":\"es\",\"@id\":\"https:\/\/conexion23.com\/#\/schema\/person\/image\/\",\"url\":\"https:\/\/secure.gravatar.com\/avatar\/3190a6a6c5e1b0327500f7d6c56b6242472ee6cb974cf09b401ee6b3b0798f23?s=96&d=mm&r=g\",\"contentUrl\":\"https:\/\/secure.gravatar.com\/avatar\/3190a6a6c5e1b0327500f7d6c56b6242472ee6cb974cf09b401ee6b3b0798f23?s=96&d=mm&r=g\",\"caption\":\"Raffy Ben\u00edtez\"},\"url\":\"https:\/\/conexion23.com\/?author=15\"}]}<\/script>\n<!-- \/ Yoast SEO plugin. -->","yoast_head_json":{"title":"El Ateneo de Macoris celebr\u00f3 su 134 aniversario con un gran concierto con la Sinf\u00f3nica Juvenil. - Conexi\u00f3n 23","robots":{"index":"index","follow":"follow","max-snippet":"max-snippet:-1","max-image-preview":"max-image-preview:large","max-video-preview":"max-video-preview:-1"},"canonical":"https:\/\/conexion23.com\/?p=30470","og_locale":"es_ES","og_type":"article","og_title":"El Ateneo de Macoris celebr\u00f3 su 134 aniversario con un gran concierto con la Sinf\u00f3nica Juvenil. - Conexi\u00f3n 23","og_description":"Con motivo del 134 aniversario de la fundaci\u00f3n del Ateneo Macoris Incorporado se realiz\u00f3 un concierto con la Orquesta Sinf\u00f3nica Juvenil de esta provincia. De antes sala de dicho concierto en la actividad se present\u00f3 una Alianza Estrat\u00e9gica entre el Ateneo Macor\u00eds Incorporado y el Instituto Duartiano filial San Pedro, con la finalidad de la [&hellip;]","og_url":"https:\/\/conexion23.com\/?p=30470","og_site_name":"Conexi\u00f3n 23","article_publisher":"https:\/\/www.facebook.com\/conexion23com","article_published_time":"2024-07-13T11:50:20+00:00","article_modified_time":"2024-07-13T11:50:24+00:00","og_image":[{"width":320,"height":212,"url":"https:\/\/conexion23.com\/wp-content\/uploads\/2024\/07\/AF4F517A-5E33-41BD-81AE-C5D255716EBF.jpeg","type":"image\/jpeg"}],"author":"Raffy Ben\u00edtez","twitter_card":"summary_large_image","twitter_misc":{"Escrito por":"Raffy Ben\u00edtez","Tiempo de lectura":"2 minutos"},"schema":{"@context":"https:\/\/schema.org","@graph":[{"@type":"Article","@id":"https:\/\/conexion23.com\/?p=30470#article","isPartOf":{"@id":"https:\/\/conexion23.com\/?p=30470"},"author":{"name":"Raffy Ben\u00edtez","@id":"https:\/\/conexion23.com\/#\/schema\/person\/03e36043331117e97a373299bbcd30a6"},"headline":"El Ateneo de Macoris celebr\u00f3 su 134 aniversario con un gran concierto con la Sinf\u00f3nica Juvenil.","datePublished":"2024-07-13T11:50:20+00:00","dateModified":"2024-07-13T11:50:24+00:00","mainEntityOfPage":{"@id":"https:\/\/conexion23.com\/?p=30470"},"wordCount":316,"commentCount":0,"publisher":{"@id":"https:\/\/conexion23.com\/#organization"},"image":{"@id":"https:\/\/conexion23.com\/?p=30470#primaryimage"},"thumbnailUrl":"https:\/\/conexion23.com\/wp-content\/uploads\/2024\/07\/AF4F517A-5E33-41BD-81AE-C5D255716EBF.jpeg","articleSection":["SPM"],"inLanguage":"es","potentialAction":[{"@type":"CommentAction","name":"Comment","target":["https:\/\/conexion23.com\/?p=30470#respond"]}]},{"@type":"WebPage","@id":"https:\/\/conexion23.com\/?p=30470","url":"https:\/\/conexion23.com\/?p=30470","name":"El Ateneo de Macoris celebr\u00f3 su 134 aniversario con un gran concierto con la Sinf\u00f3nica Juvenil. - Conexi\u00f3n 23","isPartOf":{"@id":"https:\/\/conexion23.com\/#website"},"primaryImageOfPage":{"@id":"https:\/\/conexion23.com\/?p=30470#primaryimage"},"image":{"@id":"https:\/\/conexion23.com\/?p=30470#primaryimage"},"thumbnailUrl":"https:\/\/conexion23.com\/wp-content\/uploads\/2024\/07\/AF4F517A-5E33-41BD-81AE-C5D255716EBF.jpeg","datePublished":"2024-07-13T11:50:20+00:00","dateModified":"2024-07-13T11:50:24+00:00","breadcrumb":{"@id":"https:\/\/conexion23.com\/?p=30470#breadcrumb"},"inLanguage":"es","potentialAction":[{"@type":"ReadAction","target":["https:\/\/conexion23.com\/?p=30470"]}]},{"@type":"ImageObject","inLanguage":"es","@id":"https:\/\/conexion23.com\/?p=30470#primaryimage","url":"https:\/\/conexion23.com\/wp-content\/uploads\/2024\/07\/AF4F517A-5E33-41BD-81AE-C5D255716EBF.jpeg","contentUrl":"https:\/\/conexion23.com\/wp-content\/uploads\/2024\/07\/AF4F517A-5E33-41BD-81AE-C5D255716EBF.jpeg","width":320,"height":212},{"@type":"BreadcrumbList","@id":"https:\/\/conexion23.com\/?p=30470#breadcrumb","itemListElement":[{"@type":"ListItem","position":1,"name":"Portada","item":"https:\/\/conexion23.com\/"},{"@type":"ListItem","position":2,"name":"El Ateneo de Macoris celebr\u00f3 su 134 aniversario con un gran concierto con la Sinf\u00f3nica Juvenil."}]},{"@type":"WebSite","@id":"https:\/\/conexion23.com\/#website","url":"https:\/\/conexion23.com\/","name":"Conexi\u00f3n 23","description":"Peri\u00f3dico 100% Petromacorisano","publisher":{"@id":"https:\/\/conexion23.com\/#organization"},"potentialAction":[{"@type":"SearchAction","target":{"@type":"EntryPoint","urlTemplate":"https:\/\/conexion23.com\/?s={search_term_string}"},"query-input":{"@type":"PropertyValueSpecification","valueRequired":true,"valueName":"search_term_string"}}],"inLanguage":"es"},{"@type":"Organization","@id":"https:\/\/conexion23.com\/#organization","name":"Conexion 23","url":"https:\/\/conexion23.com\/","logo":{"@type":"ImageObject","inLanguage":"es","@id":"https:\/\/conexion23.com\/#\/schema\/logo\/image\/","url":"https:\/\/conexion23.com\/wp-content\/uploads\/2021\/11\/Diseno-sin-titulo-2.png","contentUrl":"https:\/\/conexion23.com\/wp-content\/uploads\/2021\/11\/Diseno-sin-titulo-2.png","width":541,"height":90,"caption":"Conexion 23"},"image":{"@id":"https:\/\/conexion23.com\/#\/schema\/logo\/image\/"},"sameAs":["https:\/\/www.facebook.com\/conexion23com","https:\/\/www.instagram.com\/conexion23com\/","https:\/\/www.youtube.com\/channel\/UCYc7vxxFZMYLIHNsHHxPZ3Q"]},{"@type":"Person","@id":"https:\/\/conexion23.com\/#\/schema\/person\/03e36043331117e97a373299bbcd30a6","name":"Raffy Ben\u00edtez","image":{"@type":"ImageObject","inLanguage":"es","@id":"https:\/\/conexion23.com\/#\/schema\/person\/image\/","url":"https:\/\/secure.gravatar.com\/avatar\/3190a6a6c5e1b0327500f7d6c56b6242472ee6cb974cf09b401ee6b3b0798f23?s=96&d=mm&r=g","contentUrl":"https:\/\/secure.gravatar.com\/avatar\/3190a6a6c5e1b0327500f7d6c56b6242472ee6cb974cf09b401ee6b3b0798f23?s=96&d=mm&r=g","caption":"Raffy Ben\u00edtez"},"url":"https:\/\/conexion23.com\/?author=15"}]}},"_links":{"self":[{"href":"https:\/\/conexion23.com\/index.php?rest_route=\/wp\/v2\/posts\/30470","targetHints":{"allow":["GET"]}}],"collection":[{"href":"https:\/\/conexion23.com\/index.php?rest_route=\/wp\/v2\/posts"}],"about":[{"href":"https:\/\/conexion23.com\/index.php?rest_route=\/wp\/v2\/types\/post"}],"author":[{"embeddable":true,"href":"https:\/\/conexion23.com\/index.php?rest_route=\/wp\/v2\/users\/15"}],"replies":[{"embeddable":true,"href":"https:\/\/conexion23.com\/index.php?rest_route=%2Fwp%2Fv2%2Fcomments&post=30470"}],"version-history":[{"count":1,"href":"https:\/\/conexion23.com\/index.php?rest_route=\/wp\/v2\/posts\/30470\/revisions"}],"predecessor-version":[{"id":30472,"href":"https:\/\/conexion23.com\/index.php?rest_route=\/wp\/v2\/posts\/30470\/revisions\/30472"}],"wp:featuredmedia":[{"embeddable":true,"href":"https:\/\/conexion23.com\/index.php?rest_route=\/wp\/v2\/media\/30471"}],"wp:attachment":[{"href":"https:\/\/conexion23.com\/index.php?rest_route=%2Fwp%2Fv2%2Fmedia&parent=30470"}],"wp:term":[{"taxonomy":"category","embeddable":true,"href":"https:\/\/conexion23.com\/index.php?rest_route=%2Fwp%2Fv2%2Fcategories&post=30470"},{"taxonomy":"post_tag","embeddable":true,"href":"https:\/\/conexion23.com\/index.php?rest_route=%2Fwp%2Fv2%2Ftags&post=30470"}],"curies":[{"name":"wp","href":"https:\/\/api.w.org\/{rel}","templated":true}]}}