{"id":30473,"date":"2024-07-13T08:03:44","date_gmt":"2024-07-13T12:03:44","guid":{"rendered":"https:\/\/conexion23.com\/?p=30473"},"modified":"2024-07-13T08:03:48","modified_gmt":"2024-07-13T12:03:48","slug":"la-fuerza-del-pueblo-selecciona-representantes-de-la-region-este-en-proceso-de-eleccion-de-la-comision-organizadora-de-su-congreso","status":"publish","type":"post","link":"https:\/\/conexion23.com\/?p=30473","title":{"rendered":"La Fuerza del Pueblo selecciona representantes de la Regi\u00f3n Este en proceso de elecci\u00f3n de la Comisi\u00f3n Organizadora de su Congreso."},"content":{"rendered":"\n<p>La principal entidad pol\u00edtica de la oposici\u00f3n dominicana, el partido Fuerza del Pueblo (FP), continu\u00f3 en esta provincia el proceso de elecci\u00f3n de los integrantes de la Comisi\u00f3n Organizadora de su segundo Congreso, el cual llevar\u00e1 por nombre Dr. Franklin Almeyda Rancier, dirigente fundador del partido que dirige Leonel Fern\u00e1ndez.<\/p>\n\n\n\n<p>El encuentro, de car\u00e1cter regional (Este), reuni\u00f3 a los integrantes de la Direcci\u00f3n Central de la FP de las provincias La Altagracia, El Seibo, Hato Mayor, La Romana y San Pedro de Macor\u00eds. Asisti\u00f3 el 89% de la matr\u00edcula de los convocados.<\/p>\n\n\n\n<p>En la asamblea regional Este de los integrantes de la Direcci\u00f3n Central de la FP, fueron electos como representantes ante el Segundo Congreso Nacional de la FP el actual diputado Hamlet Melo (La Altagracia) y Ra\u00fal Custodio (San Pedro de Macor\u00eds).<\/p>\n\n\n\n<p>Con este tipo de elecci\u00f3n, la Fuerza del Pueblo busca conformar una comisi\u00f3n que organice el Congreso de la organizaci\u00f3n partidaria, en la que est\u00e9n representados los dirigentes de la entidad opositora de todas las regiones y seccionales del exterior.<\/p>\n\n\n\n<p>El segundo Congreso de la FP contar\u00e1 con 25 integrantes, de los cuales 14 ser\u00e1n seleccionados por la Direcci\u00f3n Central, 9 por la Direcci\u00f3n Pol\u00edtica y 2 ex officio: el secretario de Organizaci\u00f3n y el secretario de Asuntos Electorales.<\/p>\n\n\n\n<p>La representaci\u00f3n de la Direcci\u00f3n Central en la Comisi\u00f3n Organizadora del 2do. Congreso estar\u00e1 distribuida de la manera siguiente: 3 del Distrito Nacional, la provincia Santo Domingo y Monte Plata; 3 de la regi\u00f3n Norte; 2 de la regi\u00f3n Este; 2 de la regi\u00f3n Sur; 2 de la circunscripci\u00f3n n\u00famero 1 del exterior; 1 de la n\u00famero 2 del exterior; y 1 de la n\u00famero 3 del exterior.<\/p>\n\n\n\n<p>Al concluir el proceso de elecci\u00f3n de los representantes ante el Segundo Congreso de la FP, los mismos ser\u00e1n presentados para su ratificaci\u00f3n en una asamblea general de la Direcci\u00f3n Central, que tendr\u00e1 lugar el lunes 15 del presente mes en el Pabell\u00f3n de la Fama del Deporte Dominicano.<\/p>\n","protected":false},"excerpt":{"rendered":"<p>La principal entidad pol\u00edtica de la oposici\u00f3n dominicana, el partido Fuerza del Pueblo (FP), continu\u00f3 en esta provincia el proceso de elecci\u00f3n de los integrantes de la Comisi\u00f3n Organizadora de su segundo Congreso, el cual llevar\u00e1 por nombre Dr. Franklin Almeyda Rancier, dirigente fundador del partido que dirige Leonel Fern\u00e1ndez. El encuentro, de car\u00e1cter regional [&hellip;]<\/p>\n","protected":false},"author":15,"featured_media":30474,"comment_status":"open","ping_status":"open","sticky":false,"template":"","format":"standard","meta":{"footnotes":""},"categories":[35],"tags":[],"class_list":{"0":"post-30473","1":"post","2":"type-post","3":"status-publish","4":"format-standard","5":"has-post-thumbnail","7":"category-spm"},"yoast_head":"<!-- This site is optimized with the Yoast SEO plugin v27.1.1 - https:\/\/yoast.com\/product\/yoast-seo-wordpress\/ -->\n<title>La Fuerza del Pueblo selecciona representantes de la Regi\u00f3n Este en proceso de elecci\u00f3n de la Comisi\u00f3n Organizadora de su Congreso. - Conexi\u00f3n 23<\/title>\n<meta name=\"robots\" content=\"index, follow, max-snippet:-1, max-image-preview:large, max-video-preview:-1\" \/>\n<link rel=\"canonical\" href=\"https:\/\/conexion23.com\/?p=30473\" \/>\n<meta property=\"og:locale\" content=\"es_ES\" \/>\n<meta property=\"og:type\" content=\"article\" \/>\n<meta property=\"og:title\" content=\"La Fuerza del Pueblo selecciona representantes de la Regi\u00f3n Este en proceso de elecci\u00f3n de la Comisi\u00f3n Organizadora de su Congreso. - Conexi\u00f3n 23\" \/>\n<meta property=\"og:description\" content=\"La principal entidad pol\u00edtica de la oposici\u00f3n dominicana, el partido Fuerza del Pueblo (FP), continu\u00f3 en esta provincia el proceso de elecci\u00f3n de los integrantes de la Comisi\u00f3n Organizadora de su segundo Congreso, el cual llevar\u00e1 por nombre Dr. Franklin Almeyda Rancier, dirigente fundador del partido que dirige Leonel Fern\u00e1ndez. El encuentro, de car\u00e1cter regional [&hellip;]\" \/>\n<meta property=\"og:url\" content=\"https:\/\/conexion23.com\/?p=30473\" \/>\n<meta property=\"og:site_name\" content=\"Conexi\u00f3n 23\" \/>\n<meta property=\"article:publisher\" content=\"https:\/\/www.facebook.com\/conexion23com\" \/>\n<meta property=\"article:published_time\" content=\"2024-07-13T12:03:44+00:00\" \/>\n<meta property=\"article:modified_time\" content=\"2024-07-13T12:03:48+00:00\" \/>\n<meta property=\"og:image\" content=\"https:\/\/conexion23.com\/wp-content\/uploads\/2024\/07\/jh-1.jpg\" \/>\n\t<meta property=\"og:image:width\" content=\"1600\" \/>\n\t<meta property=\"og:image:height\" content=\"1028\" \/>\n\t<meta property=\"og:image:type\" content=\"image\/jpeg\" \/>\n<meta name=\"author\" content=\"Raffy Ben\u00edtez\" \/>\n<meta name=\"twitter:card\" content=\"summary_large_image\" \/>\n<meta name=\"twitter:label1\" content=\"Escrito por\" \/>\n\t<meta name=\"twitter:data1\" content=\"Raffy Ben\u00edtez\" \/>\n\t<meta name=\"twitter:label2\" content=\"Tiempo de lectura\" \/>\n\t<meta name=\"twitter:data2\" content=\"2 minutos\" \/>\n<script type=\"application\/ld+json\" class=\"yoast-schema-graph\">{\"@context\":\"https:\/\/schema.org\",\"@graph\":[{\"@type\":\"Article\",\"@id\":\"https:\/\/conexion23.com\/?p=30473#article\",\"isPartOf\":{\"@id\":\"https:\/\/conexion23.com\/?p=30473\"},\"author\":{\"name\":\"Raffy Ben\u00edtez\",\"@id\":\"https:\/\/conexion23.com\/#\/schema\/person\/03e36043331117e97a373299bbcd30a6\"},\"headline\":\"La Fuerza del Pueblo selecciona representantes de la Regi\u00f3n Este en proceso de elecci\u00f3n de la Comisi\u00f3n Organizadora de su Congreso.\",\"datePublished\":\"2024-07-13T12:03:44+00:00\",\"dateModified\":\"2024-07-13T12:03:48+00:00\",\"mainEntityOfPage\":{\"@id\":\"https:\/\/conexion23.com\/?p=30473\"},\"wordCount\":373,\"commentCount\":0,\"publisher\":{\"@id\":\"https:\/\/conexion23.com\/#organization\"},\"image\":{\"@id\":\"https:\/\/conexion23.com\/?p=30473#primaryimage\"},\"thumbnailUrl\":\"https:\/\/conexion23.com\/wp-content\/uploads\/2024\/07\/jh-1.jpg\",\"articleSection\":[\"SPM\"],\"inLanguage\":\"es\",\"potentialAction\":[{\"@type\":\"CommentAction\",\"name\":\"Comment\",\"target\":[\"https:\/\/conexion23.com\/?p=30473#respond\"]}]},{\"@type\":\"WebPage\",\"@id\":\"https:\/\/conexion23.com\/?p=30473\",\"url\":\"https:\/\/conexion23.com\/?p=30473\",\"name\":\"La Fuerza del Pueblo selecciona representantes de la Regi\u00f3n Este en proceso de elecci\u00f3n de la Comisi\u00f3n Organizadora de su Congreso. - Conexi\u00f3n 23\",\"isPartOf\":{\"@id\":\"https:\/\/conexion23.com\/#website\"},\"primaryImageOfPage\":{\"@id\":\"https:\/\/conexion23.com\/?p=30473#primaryimage\"},\"image\":{\"@id\":\"https:\/\/conexion23.com\/?p=30473#primaryimage\"},\"thumbnailUrl\":\"https:\/\/conexion23.com\/wp-content\/uploads\/2024\/07\/jh-1.jpg\",\"datePublished\":\"2024-07-13T12:03:44+00:00\",\"dateModified\":\"2024-07-13T12:03:48+00:00\",\"breadcrumb\":{\"@id\":\"https:\/\/conexion23.com\/?p=30473#breadcrumb\"},\"inLanguage\":\"es\",\"potentialAction\":[{\"@type\":\"ReadAction\",\"target\":[\"https:\/\/conexion23.com\/?p=30473\"]}]},{\"@type\":\"ImageObject\",\"inLanguage\":\"es\",\"@id\":\"https:\/\/conexion23.com\/?p=30473#primaryimage\",\"url\":\"https:\/\/conexion23.com\/wp-content\/uploads\/2024\/07\/jh-1.jpg\",\"contentUrl\":\"https:\/\/conexion23.com\/wp-content\/uploads\/2024\/07\/jh-1.jpg\",\"width\":1600,\"height\":1028},{\"@type\":\"BreadcrumbList\",\"@id\":\"https:\/\/conexion23.com\/?p=30473#breadcrumb\",\"itemListElement\":[{\"@type\":\"ListItem\",\"position\":1,\"name\":\"Portada\",\"item\":\"https:\/\/conexion23.com\/\"},{\"@type\":\"ListItem\",\"position\":2,\"name\":\"La Fuerza del Pueblo selecciona representantes de la Regi\u00f3n Este en proceso de elecci\u00f3n de la Comisi\u00f3n Organizadora de su Congreso.\"}]},{\"@type\":\"WebSite\",\"@id\":\"https:\/\/conexion23.com\/#website\",\"url\":\"https:\/\/conexion23.com\/\",\"name\":\"Conexi\u00f3n 23\",\"description\":\"Peri\u00f3dico 100% Petromacorisano\",\"publisher\":{\"@id\":\"https:\/\/conexion23.com\/#organization\"},\"potentialAction\":[{\"@type\":\"SearchAction\",\"target\":{\"@type\":\"EntryPoint\",\"urlTemplate\":\"https:\/\/conexion23.com\/?s={search_term_string}\"},\"query-input\":{\"@type\":\"PropertyValueSpecification\",\"valueRequired\":true,\"valueName\":\"search_term_string\"}}],\"inLanguage\":\"es\"},{\"@type\":\"Organization\",\"@id\":\"https:\/\/conexion23.com\/#organization\",\"name\":\"Conexion 23\",\"url\":\"https:\/\/conexion23.com\/\",\"logo\":{\"@type\":\"ImageObject\",\"inLanguage\":\"es\",\"@id\":\"https:\/\/conexion23.com\/#\/schema\/logo\/image\/\",\"url\":\"https:\/\/conexion23.com\/wp-content\/uploads\/2021\/11\/Diseno-sin-titulo-2.png\",\"contentUrl\":\"https:\/\/conexion23.com\/wp-content\/uploads\/2021\/11\/Diseno-sin-titulo-2.png\",\"width\":541,\"height\":90,\"caption\":\"Conexion 23\"},\"image\":{\"@id\":\"https:\/\/conexion23.com\/#\/schema\/logo\/image\/\"},\"sameAs\":[\"https:\/\/www.facebook.com\/conexion23com\",\"https:\/\/www.instagram.com\/conexion23com\/\",\"https:\/\/www.youtube.com\/channel\/UCYc7vxxFZMYLIHNsHHxPZ3Q\"]},{\"@type\":\"Person\",\"@id\":\"https:\/\/conexion23.com\/#\/schema\/person\/03e36043331117e97a373299bbcd30a6\",\"name\":\"Raffy Ben\u00edtez\",\"image\":{\"@type\":\"ImageObject\",\"inLanguage\":\"es\",\"@id\":\"https:\/\/conexion23.com\/#\/schema\/person\/image\/\",\"url\":\"https:\/\/secure.gravatar.com\/avatar\/3190a6a6c5e1b0327500f7d6c56b6242472ee6cb974cf09b401ee6b3b0798f23?s=96&d=mm&r=g\",\"contentUrl\":\"https:\/\/secure.gravatar.com\/avatar\/3190a6a6c5e1b0327500f7d6c56b6242472ee6cb974cf09b401ee6b3b0798f23?s=96&d=mm&r=g\",\"caption\":\"Raffy Ben\u00edtez\"},\"url\":\"https:\/\/conexion23.com\/?author=15\"}]}<\/script>\n<!-- \/ Yoast SEO plugin. -->","yoast_head_json":{"title":"La Fuerza del Pueblo selecciona representantes de la Regi\u00f3n Este en proceso de elecci\u00f3n de la Comisi\u00f3n Organizadora de su Congreso. - Conexi\u00f3n 23","robots":{"index":"index","follow":"follow","max-snippet":"max-snippet:-1","max-image-preview":"max-image-preview:large","max-video-preview":"max-video-preview:-1"},"canonical":"https:\/\/conexion23.com\/?p=30473","og_locale":"es_ES","og_type":"article","og_title":"La Fuerza del Pueblo selecciona representantes de la Regi\u00f3n Este en proceso de elecci\u00f3n de la Comisi\u00f3n Organizadora de su Congreso. - Conexi\u00f3n 23","og_description":"La principal entidad pol\u00edtica de la oposici\u00f3n dominicana, el partido Fuerza del Pueblo (FP), continu\u00f3 en esta provincia el proceso de elecci\u00f3n de los integrantes de la Comisi\u00f3n Organizadora de su segundo Congreso, el cual llevar\u00e1 por nombre Dr. Franklin Almeyda Rancier, dirigente fundador del partido que dirige Leonel Fern\u00e1ndez. El encuentro, de car\u00e1cter regional [&hellip;]","og_url":"https:\/\/conexion23.com\/?p=30473","og_site_name":"Conexi\u00f3n 23","article_publisher":"https:\/\/www.facebook.com\/conexion23com","article_published_time":"2024-07-13T12:03:44+00:00","article_modified_time":"2024-07-13T12:03:48+00:00","og_image":[{"width":1600,"height":1028,"url":"https:\/\/conexion23.com\/wp-content\/uploads\/2024\/07\/jh-1.jpg","type":"image\/jpeg"}],"author":"Raffy Ben\u00edtez","twitter_card":"summary_large_image","twitter_misc":{"Escrito por":"Raffy Ben\u00edtez","Tiempo de lectura":"2 minutos"},"schema":{"@context":"https:\/\/schema.org","@graph":[{"@type":"Article","@id":"https:\/\/conexion23.com\/?p=30473#article","isPartOf":{"@id":"https:\/\/conexion23.com\/?p=30473"},"author":{"name":"Raffy Ben\u00edtez","@id":"https:\/\/conexion23.com\/#\/schema\/person\/03e36043331117e97a373299bbcd30a6"},"headline":"La Fuerza del Pueblo selecciona representantes de la Regi\u00f3n Este en proceso de elecci\u00f3n de la Comisi\u00f3n Organizadora de su Congreso.","datePublished":"2024-07-13T12:03:44+00:00","dateModified":"2024-07-13T12:03:48+00:00","mainEntityOfPage":{"@id":"https:\/\/conexion23.com\/?p=30473"},"wordCount":373,"commentCount":0,"publisher":{"@id":"https:\/\/conexion23.com\/#organization"},"image":{"@id":"https:\/\/conexion23.com\/?p=30473#primaryimage"},"thumbnailUrl":"https:\/\/conexion23.com\/wp-content\/uploads\/2024\/07\/jh-1.jpg","articleSection":["SPM"],"inLanguage":"es","potentialAction":[{"@type":"CommentAction","name":"Comment","target":["https:\/\/conexion23.com\/?p=30473#respond"]}]},{"@type":"WebPage","@id":"https:\/\/conexion23.com\/?p=30473","url":"https:\/\/conexion23.com\/?p=30473","name":"La Fuerza del Pueblo selecciona representantes de la Regi\u00f3n Este en proceso de elecci\u00f3n de la Comisi\u00f3n Organizadora de su Congreso. - Conexi\u00f3n 23","isPartOf":{"@id":"https:\/\/conexion23.com\/#website"},"primaryImageOfPage":{"@id":"https:\/\/conexion23.com\/?p=30473#primaryimage"},"image":{"@id":"https:\/\/conexion23.com\/?p=30473#primaryimage"},"thumbnailUrl":"https:\/\/conexion23.com\/wp-content\/uploads\/2024\/07\/jh-1.jpg","datePublished":"2024-07-13T12:03:44+00:00","dateModified":"2024-07-13T12:03:48+00:00","breadcrumb":{"@id":"https:\/\/conexion23.com\/?p=30473#breadcrumb"},"inLanguage":"es","potentialAction":[{"@type":"ReadAction","target":["https:\/\/conexion23.com\/?p=30473"]}]},{"@type":"ImageObject","inLanguage":"es","@id":"https:\/\/conexion23.com\/?p=30473#primaryimage","url":"https:\/\/conexion23.com\/wp-content\/uploads\/2024\/07\/jh-1.jpg","contentUrl":"https:\/\/conexion23.com\/wp-content\/uploads\/2024\/07\/jh-1.jpg","width":1600,"height":1028},{"@type":"BreadcrumbList","@id":"https:\/\/conexion23.com\/?p=30473#breadcrumb","itemListElement":[{"@type":"ListItem","position":1,"name":"Portada","item":"https:\/\/conexion23.com\/"},{"@type":"ListItem","position":2,"name":"La Fuerza del Pueblo selecciona representantes de la Regi\u00f3n Este en proceso de elecci\u00f3n de la Comisi\u00f3n Organizadora de su Congreso."}]},{"@type":"WebSite","@id":"https:\/\/conexion23.com\/#website","url":"https:\/\/conexion23.com\/","name":"Conexi\u00f3n 23","description":"Peri\u00f3dico 100% Petromacorisano","publisher":{"@id":"https:\/\/conexion23.com\/#organization"},"potentialAction":[{"@type":"SearchAction","target":{"@type":"EntryPoint","urlTemplate":"https:\/\/conexion23.com\/?s={search_term_string}"},"query-input":{"@type":"PropertyValueSpecification","valueRequired":true,"valueName":"search_term_string"}}],"inLanguage":"es"},{"@type":"Organization","@id":"https:\/\/conexion23.com\/#organization","name":"Conexion 23","url":"https:\/\/conexion23.com\/","logo":{"@type":"ImageObject","inLanguage":"es","@id":"https:\/\/conexion23.com\/#\/schema\/logo\/image\/","url":"https:\/\/conexion23.com\/wp-content\/uploads\/2021\/11\/Diseno-sin-titulo-2.png","contentUrl":"https:\/\/conexion23.com\/wp-content\/uploads\/2021\/11\/Diseno-sin-titulo-2.png","width":541,"height":90,"caption":"Conexion 23"},"image":{"@id":"https:\/\/conexion23.com\/#\/schema\/logo\/image\/"},"sameAs":["https:\/\/www.facebook.com\/conexion23com","https:\/\/www.instagram.com\/conexion23com\/","https:\/\/www.youtube.com\/channel\/UCYc7vxxFZMYLIHNsHHxPZ3Q"]},{"@type":"Person","@id":"https:\/\/conexion23.com\/#\/schema\/person\/03e36043331117e97a373299bbcd30a6","name":"Raffy Ben\u00edtez","image":{"@type":"ImageObject","inLanguage":"es","@id":"https:\/\/conexion23.com\/#\/schema\/person\/image\/","url":"https:\/\/secure.gravatar.com\/avatar\/3190a6a6c5e1b0327500f7d6c56b6242472ee6cb974cf09b401ee6b3b0798f23?s=96&d=mm&r=g","contentUrl":"https:\/\/secure.gravatar.com\/avatar\/3190a6a6c5e1b0327500f7d6c56b6242472ee6cb974cf09b401ee6b3b0798f23?s=96&d=mm&r=g","caption":"Raffy Ben\u00edtez"},"url":"https:\/\/conexion23.com\/?author=15"}]}},"_links":{"self":[{"href":"https:\/\/conexion23.com\/index.php?rest_route=\/wp\/v2\/posts\/30473","targetHints":{"allow":["GET"]}}],"collection":[{"href":"https:\/\/conexion23.com\/index.php?rest_route=\/wp\/v2\/posts"}],"about":[{"href":"https:\/\/conexion23.com\/index.php?rest_route=\/wp\/v2\/types\/post"}],"author":[{"embeddable":true,"href":"https:\/\/conexion23.com\/index.php?rest_route=\/wp\/v2\/users\/15"}],"replies":[{"embeddable":true,"href":"https:\/\/conexion23.com\/index.php?rest_route=%2Fwp%2Fv2%2Fcomments&post=30473"}],"version-history":[{"count":1,"href":"https:\/\/conexion23.com\/index.php?rest_route=\/wp\/v2\/posts\/30473\/revisions"}],"predecessor-version":[{"id":30475,"href":"https:\/\/conexion23.com\/index.php?rest_route=\/wp\/v2\/posts\/30473\/revisions\/30475"}],"wp:featuredmedia":[{"embeddable":true,"href":"https:\/\/conexion23.com\/index.php?rest_route=\/wp\/v2\/media\/30474"}],"wp:attachment":[{"href":"https:\/\/conexion23.com\/index.php?rest_route=%2Fwp%2Fv2%2Fmedia&parent=30473"}],"wp:term":[{"taxonomy":"category","embeddable":true,"href":"https:\/\/conexion23.com\/index.php?rest_route=%2Fwp%2Fv2%2Fcategories&post=30473"},{"taxonomy":"post_tag","embeddable":true,"href":"https:\/\/conexion23.com\/index.php?rest_route=%2Fwp%2Fv2%2Ftags&post=30473"}],"curies":[{"name":"wp","href":"https:\/\/api.w.org\/{rel}","templated":true}]}}