{"id":30476,"date":"2024-07-13T08:09:21","date_gmt":"2024-07-13T12:09:21","guid":{"rendered":"https:\/\/conexion23.com\/?p=30476"},"modified":"2024-07-13T08:09:25","modified_gmt":"2024-07-13T12:09:25","slug":"pn-desmantela-banda-dedicada-a-cometer-atracos-a-mano-armada-en-la-via-publica-en-spm","status":"publish","type":"post","link":"https:\/\/conexion23.com\/?p=30476","title":{"rendered":"PN desmantela banda dedicada a cometer atracos a mano armada en la v\u00eda p\u00fablica en SPM."},"content":{"rendered":"\n<p>Hab\u00edan realizado al menos siete atracos en los \u00faltimos meses. Ocupan armas de fuego, veh\u00edculo, motocicletas, celulares y prendas robadas.<\/p>\n\n\n\n<p>San Pedro de Macor\u00eds. Agentes policiales, adscritos a la Subdirecci\u00f3n Regional Sureste de Investigaci\u00f3n (Dicrim), dando seguimiento y respuestas a los hechos delictivos, lograron capturar y desmantelar una banda dedicada a cometer atracos a mano armada en la v\u00eda p\u00fablica en esta ciudad.<\/p>\n\n\n\n<p>Los detenidos son los nombrados Starlin Manuel Concepci\u00f3n Mart\u00ednez, (a) Taizon, de 35 a\u00f1os, residente en Hig\u00fcey; Jonathan Alexander Belen Lora, (a) Chiquito y\/o El Flaco, de 30, y Brayan Pe\u00f1a Infante, (a) El Gordo, de 28, residente en el sector Buenos Aires, de esta ciudad.<\/p>\n\n\n\n<p>Estos dos \u00faltimos resultaron heridos durante el enfrentamiento, y se encuentran recibiendo atenciones m\u00e9dicas bajo custodia policial. Asimismo, otro integrante de la banda identificado como Osvaldo Javier Germ\u00e1n, (a) El Negro, de 23 a\u00f1os, residente en Haina, tambi\u00e9n result\u00f3 herido, pero falleci\u00f3 posteriormente mientras recib\u00eda atenciones m\u00e9dicas.<\/p>\n\n\n\n<p>Seg\u00fan el informe preliminar, mientras los agentes investigadores realizaban labores de investigacion e inteligencia, localizaron a los sospechosos en el municipio de Los Bajos de Haina, Santo Domingo, donde les daban seguimiento a los fines de apresarlos. Estos tras notar la presencia policial, en lugar de entregarse a las autoridades, atacaron a los agentes con armas de fuego, por lo que se vieron en la imperiosa necesidad de repeler dicha agresi\u00f3n, ocasion\u00e1ndoles las heridas que presentan los antes mencionados.<\/p>\n\n\n\n<p>Prontuario delictivo<\/p>\n\n\n\n<p>Los antisociales estaban siendo activamente buscados mediante las \u00f3rdenes de arresto No. 01592-2024, 01541-2024, por la comisi\u00f3n de diferentes hechos delictivos, entre estos herir por proyectil de arma de fuego a tres personas, atraco a mano armada en la v\u00eda p\u00fablica, incluyendo el m\u00e1s reciente atraco al Comedor Y Cafeter\u00eda Mar\u00eda, ubicado en la Av. Duverg\u00e9 del sector Los 4 Caminos de esta ciudad, el pasado 06\/07\/2024, donde result\u00f3 herido un joven.<\/p>\n\n\n\n<p>A los antisociales, les fueron ocupados un rev\u00f3lver marca Smith &amp; Wesson, cal. 38 serie ilegible y una c\u00e1psula para el mismo, (03) pistolas, una marca Carandai, serie G22580, cal. 9mm, con su cargador y dos c\u00e1psulas; una marca Bersa, serie ilegible, cal. 9mm con su cargador y dos c\u00e1psulas y otra marca Smith &amp; Wesson, serie DUT4821, cal. 40mm, con su cargador y tres c\u00e1psulas.<\/p>\n\n\n\n<p>Dichas armas, tras ser depuradas, figuran con denuncia de robo.<\/p>\n\n\n\n<p>De igual manera, tambi\u00e9n les fueron ocupados siete celulares de diferentes marcas, dos cadenas y un veh\u00edculo marca Toyota, modelo Vitz, blanco, el cual utilizaron como medio de transporte para cometer el \u00faltimo atraco y dos motocicletas marca Loncin calcinadas, las cuales fueron quemadas por la comunidad, luego del arresto de los detenidos, y eran tambi\u00e9n utilizadas para realizar los atracos anteriores.<\/p>\n\n\n\n<p>El cuerpo sin vida del fallecido (a) El Negro fue remitido al INACIF para los fines legales de lugar.<\/p>\n\n\n\n<p>Mientras que los detenidos y las envidencias fueron enviados a las autoridades competentes para los fines de lugar correspondientes.<\/p>\n","protected":false},"excerpt":{"rendered":"<p>Hab\u00edan realizado al menos siete atracos en los \u00faltimos meses. Ocupan armas de fuego, veh\u00edculo, motocicletas, celulares y prendas robadas. San Pedro de Macor\u00eds. Agentes policiales, adscritos a la Subdirecci\u00f3n Regional Sureste de Investigaci\u00f3n (Dicrim), dando seguimiento y respuestas a los hechos delictivos, lograron capturar y desmantelar una banda dedicada a cometer atracos a mano [&hellip;]<\/p>\n","protected":false},"author":15,"featured_media":30477,"comment_status":"open","ping_status":"open","sticky":false,"template":"","format":"standard","meta":{"footnotes":""},"categories":[35],"tags":[],"class_list":{"0":"post-30476","1":"post","2":"type-post","3":"status-publish","4":"format-standard","5":"has-post-thumbnail","7":"category-spm"},"yoast_head":"<!-- This site is optimized with the Yoast SEO plugin v27.1.1 - https:\/\/yoast.com\/product\/yoast-seo-wordpress\/ -->\n<title>PN desmantela banda dedicada a cometer atracos a mano armada en la v\u00eda p\u00fablica en SPM. - Conexi\u00f3n 23<\/title>\n<meta name=\"robots\" content=\"index, follow, max-snippet:-1, max-image-preview:large, max-video-preview:-1\" \/>\n<link rel=\"canonical\" href=\"https:\/\/conexion23.com\/?p=30476\" \/>\n<meta property=\"og:locale\" content=\"es_ES\" \/>\n<meta property=\"og:type\" content=\"article\" \/>\n<meta property=\"og:title\" content=\"PN desmantela banda dedicada a cometer atracos a mano armada en la v\u00eda p\u00fablica en SPM. - Conexi\u00f3n 23\" \/>\n<meta property=\"og:description\" content=\"Hab\u00edan realizado al menos siete atracos en los \u00faltimos meses. Ocupan armas de fuego, veh\u00edculo, motocicletas, celulares y prendas robadas. San Pedro de Macor\u00eds. Agentes policiales, adscritos a la Subdirecci\u00f3n Regional Sureste de Investigaci\u00f3n (Dicrim), dando seguimiento y respuestas a los hechos delictivos, lograron capturar y desmantelar una banda dedicada a cometer atracos a mano [&hellip;]\" \/>\n<meta property=\"og:url\" content=\"https:\/\/conexion23.com\/?p=30476\" \/>\n<meta property=\"og:site_name\" content=\"Conexi\u00f3n 23\" \/>\n<meta property=\"article:publisher\" content=\"https:\/\/www.facebook.com\/conexion23com\" \/>\n<meta property=\"article:published_time\" content=\"2024-07-13T12:09:21+00:00\" \/>\n<meta property=\"article:modified_time\" content=\"2024-07-13T12:09:25+00:00\" \/>\n<meta property=\"og:image\" content=\"https:\/\/conexion23.com\/wp-content\/uploads\/2024\/07\/jkh.jpg\" \/>\n\t<meta property=\"og:image:width\" content=\"1280\" \/>\n\t<meta property=\"og:image:height\" content=\"812\" \/>\n\t<meta property=\"og:image:type\" content=\"image\/jpeg\" \/>\n<meta name=\"author\" content=\"Raffy Ben\u00edtez\" \/>\n<meta name=\"twitter:card\" content=\"summary_large_image\" \/>\n<meta name=\"twitter:label1\" content=\"Escrito por\" \/>\n\t<meta name=\"twitter:data1\" content=\"Raffy Ben\u00edtez\" \/>\n\t<meta name=\"twitter:label2\" content=\"Tiempo de lectura\" \/>\n\t<meta name=\"twitter:data2\" content=\"3 minutos\" \/>\n<script type=\"application\/ld+json\" class=\"yoast-schema-graph\">{\"@context\":\"https:\/\/schema.org\",\"@graph\":[{\"@type\":\"Article\",\"@id\":\"https:\/\/conexion23.com\/?p=30476#article\",\"isPartOf\":{\"@id\":\"https:\/\/conexion23.com\/?p=30476\"},\"author\":{\"name\":\"Raffy Ben\u00edtez\",\"@id\":\"https:\/\/conexion23.com\/#\/schema\/person\/03e36043331117e97a373299bbcd30a6\"},\"headline\":\"PN desmantela banda dedicada a cometer atracos a mano armada en la v\u00eda p\u00fablica en SPM.\",\"datePublished\":\"2024-07-13T12:09:21+00:00\",\"dateModified\":\"2024-07-13T12:09:25+00:00\",\"mainEntityOfPage\":{\"@id\":\"https:\/\/conexion23.com\/?p=30476\"},\"wordCount\":531,\"commentCount\":0,\"publisher\":{\"@id\":\"https:\/\/conexion23.com\/#organization\"},\"image\":{\"@id\":\"https:\/\/conexion23.com\/?p=30476#primaryimage\"},\"thumbnailUrl\":\"https:\/\/conexion23.com\/wp-content\/uploads\/2024\/07\/jkh.jpg\",\"articleSection\":[\"SPM\"],\"inLanguage\":\"es\",\"potentialAction\":[{\"@type\":\"CommentAction\",\"name\":\"Comment\",\"target\":[\"https:\/\/conexion23.com\/?p=30476#respond\"]}]},{\"@type\":\"WebPage\",\"@id\":\"https:\/\/conexion23.com\/?p=30476\",\"url\":\"https:\/\/conexion23.com\/?p=30476\",\"name\":\"PN desmantela banda dedicada a cometer atracos a mano armada en la v\u00eda p\u00fablica en SPM. - Conexi\u00f3n 23\",\"isPartOf\":{\"@id\":\"https:\/\/conexion23.com\/#website\"},\"primaryImageOfPage\":{\"@id\":\"https:\/\/conexion23.com\/?p=30476#primaryimage\"},\"image\":{\"@id\":\"https:\/\/conexion23.com\/?p=30476#primaryimage\"},\"thumbnailUrl\":\"https:\/\/conexion23.com\/wp-content\/uploads\/2024\/07\/jkh.jpg\",\"datePublished\":\"2024-07-13T12:09:21+00:00\",\"dateModified\":\"2024-07-13T12:09:25+00:00\",\"breadcrumb\":{\"@id\":\"https:\/\/conexion23.com\/?p=30476#breadcrumb\"},\"inLanguage\":\"es\",\"potentialAction\":[{\"@type\":\"ReadAction\",\"target\":[\"https:\/\/conexion23.com\/?p=30476\"]}]},{\"@type\":\"ImageObject\",\"inLanguage\":\"es\",\"@id\":\"https:\/\/conexion23.com\/?p=30476#primaryimage\",\"url\":\"https:\/\/conexion23.com\/wp-content\/uploads\/2024\/07\/jkh.jpg\",\"contentUrl\":\"https:\/\/conexion23.com\/wp-content\/uploads\/2024\/07\/jkh.jpg\",\"width\":1280,\"height\":812},{\"@type\":\"BreadcrumbList\",\"@id\":\"https:\/\/conexion23.com\/?p=30476#breadcrumb\",\"itemListElement\":[{\"@type\":\"ListItem\",\"position\":1,\"name\":\"Portada\",\"item\":\"https:\/\/conexion23.com\/\"},{\"@type\":\"ListItem\",\"position\":2,\"name\":\"PN desmantela banda dedicada a cometer atracos a mano armada en la v\u00eda p\u00fablica en SPM.\"}]},{\"@type\":\"WebSite\",\"@id\":\"https:\/\/conexion23.com\/#website\",\"url\":\"https:\/\/conexion23.com\/\",\"name\":\"Conexi\u00f3n 23\",\"description\":\"Peri\u00f3dico 100% Petromacorisano\",\"publisher\":{\"@id\":\"https:\/\/conexion23.com\/#organization\"},\"potentialAction\":[{\"@type\":\"SearchAction\",\"target\":{\"@type\":\"EntryPoint\",\"urlTemplate\":\"https:\/\/conexion23.com\/?s={search_term_string}\"},\"query-input\":{\"@type\":\"PropertyValueSpecification\",\"valueRequired\":true,\"valueName\":\"search_term_string\"}}],\"inLanguage\":\"es\"},{\"@type\":\"Organization\",\"@id\":\"https:\/\/conexion23.com\/#organization\",\"name\":\"Conexion 23\",\"url\":\"https:\/\/conexion23.com\/\",\"logo\":{\"@type\":\"ImageObject\",\"inLanguage\":\"es\",\"@id\":\"https:\/\/conexion23.com\/#\/schema\/logo\/image\/\",\"url\":\"https:\/\/conexion23.com\/wp-content\/uploads\/2021\/11\/Diseno-sin-titulo-2.png\",\"contentUrl\":\"https:\/\/conexion23.com\/wp-content\/uploads\/2021\/11\/Diseno-sin-titulo-2.png\",\"width\":541,\"height\":90,\"caption\":\"Conexion 23\"},\"image\":{\"@id\":\"https:\/\/conexion23.com\/#\/schema\/logo\/image\/\"},\"sameAs\":[\"https:\/\/www.facebook.com\/conexion23com\",\"https:\/\/www.instagram.com\/conexion23com\/\",\"https:\/\/www.youtube.com\/channel\/UCYc7vxxFZMYLIHNsHHxPZ3Q\"]},{\"@type\":\"Person\",\"@id\":\"https:\/\/conexion23.com\/#\/schema\/person\/03e36043331117e97a373299bbcd30a6\",\"name\":\"Raffy Ben\u00edtez\",\"image\":{\"@type\":\"ImageObject\",\"inLanguage\":\"es\",\"@id\":\"https:\/\/conexion23.com\/#\/schema\/person\/image\/\",\"url\":\"https:\/\/secure.gravatar.com\/avatar\/3190a6a6c5e1b0327500f7d6c56b6242472ee6cb974cf09b401ee6b3b0798f23?s=96&d=mm&r=g\",\"contentUrl\":\"https:\/\/secure.gravatar.com\/avatar\/3190a6a6c5e1b0327500f7d6c56b6242472ee6cb974cf09b401ee6b3b0798f23?s=96&d=mm&r=g\",\"caption\":\"Raffy Ben\u00edtez\"},\"url\":\"https:\/\/conexion23.com\/?author=15\"}]}<\/script>\n<!-- \/ Yoast SEO plugin. -->","yoast_head_json":{"title":"PN desmantela banda dedicada a cometer atracos a mano armada en la v\u00eda p\u00fablica en SPM. - Conexi\u00f3n 23","robots":{"index":"index","follow":"follow","max-snippet":"max-snippet:-1","max-image-preview":"max-image-preview:large","max-video-preview":"max-video-preview:-1"},"canonical":"https:\/\/conexion23.com\/?p=30476","og_locale":"es_ES","og_type":"article","og_title":"PN desmantela banda dedicada a cometer atracos a mano armada en la v\u00eda p\u00fablica en SPM. - Conexi\u00f3n 23","og_description":"Hab\u00edan realizado al menos siete atracos en los \u00faltimos meses. Ocupan armas de fuego, veh\u00edculo, motocicletas, celulares y prendas robadas. San Pedro de Macor\u00eds. Agentes policiales, adscritos a la Subdirecci\u00f3n Regional Sureste de Investigaci\u00f3n (Dicrim), dando seguimiento y respuestas a los hechos delictivos, lograron capturar y desmantelar una banda dedicada a cometer atracos a mano [&hellip;]","og_url":"https:\/\/conexion23.com\/?p=30476","og_site_name":"Conexi\u00f3n 23","article_publisher":"https:\/\/www.facebook.com\/conexion23com","article_published_time":"2024-07-13T12:09:21+00:00","article_modified_time":"2024-07-13T12:09:25+00:00","og_image":[{"width":1280,"height":812,"url":"https:\/\/conexion23.com\/wp-content\/uploads\/2024\/07\/jkh.jpg","type":"image\/jpeg"}],"author":"Raffy Ben\u00edtez","twitter_card":"summary_large_image","twitter_misc":{"Escrito por":"Raffy Ben\u00edtez","Tiempo de lectura":"3 minutos"},"schema":{"@context":"https:\/\/schema.org","@graph":[{"@type":"Article","@id":"https:\/\/conexion23.com\/?p=30476#article","isPartOf":{"@id":"https:\/\/conexion23.com\/?p=30476"},"author":{"name":"Raffy Ben\u00edtez","@id":"https:\/\/conexion23.com\/#\/schema\/person\/03e36043331117e97a373299bbcd30a6"},"headline":"PN desmantela banda dedicada a cometer atracos a mano armada en la v\u00eda p\u00fablica en SPM.","datePublished":"2024-07-13T12:09:21+00:00","dateModified":"2024-07-13T12:09:25+00:00","mainEntityOfPage":{"@id":"https:\/\/conexion23.com\/?p=30476"},"wordCount":531,"commentCount":0,"publisher":{"@id":"https:\/\/conexion23.com\/#organization"},"image":{"@id":"https:\/\/conexion23.com\/?p=30476#primaryimage"},"thumbnailUrl":"https:\/\/conexion23.com\/wp-content\/uploads\/2024\/07\/jkh.jpg","articleSection":["SPM"],"inLanguage":"es","potentialAction":[{"@type":"CommentAction","name":"Comment","target":["https:\/\/conexion23.com\/?p=30476#respond"]}]},{"@type":"WebPage","@id":"https:\/\/conexion23.com\/?p=30476","url":"https:\/\/conexion23.com\/?p=30476","name":"PN desmantela banda dedicada a cometer atracos a mano armada en la v\u00eda p\u00fablica en SPM. - Conexi\u00f3n 23","isPartOf":{"@id":"https:\/\/conexion23.com\/#website"},"primaryImageOfPage":{"@id":"https:\/\/conexion23.com\/?p=30476#primaryimage"},"image":{"@id":"https:\/\/conexion23.com\/?p=30476#primaryimage"},"thumbnailUrl":"https:\/\/conexion23.com\/wp-content\/uploads\/2024\/07\/jkh.jpg","datePublished":"2024-07-13T12:09:21+00:00","dateModified":"2024-07-13T12:09:25+00:00","breadcrumb":{"@id":"https:\/\/conexion23.com\/?p=30476#breadcrumb"},"inLanguage":"es","potentialAction":[{"@type":"ReadAction","target":["https:\/\/conexion23.com\/?p=30476"]}]},{"@type":"ImageObject","inLanguage":"es","@id":"https:\/\/conexion23.com\/?p=30476#primaryimage","url":"https:\/\/conexion23.com\/wp-content\/uploads\/2024\/07\/jkh.jpg","contentUrl":"https:\/\/conexion23.com\/wp-content\/uploads\/2024\/07\/jkh.jpg","width":1280,"height":812},{"@type":"BreadcrumbList","@id":"https:\/\/conexion23.com\/?p=30476#breadcrumb","itemListElement":[{"@type":"ListItem","position":1,"name":"Portada","item":"https:\/\/conexion23.com\/"},{"@type":"ListItem","position":2,"name":"PN desmantela banda dedicada a cometer atracos a mano armada en la v\u00eda p\u00fablica en SPM."}]},{"@type":"WebSite","@id":"https:\/\/conexion23.com\/#website","url":"https:\/\/conexion23.com\/","name":"Conexi\u00f3n 23","description":"Peri\u00f3dico 100% Petromacorisano","publisher":{"@id":"https:\/\/conexion23.com\/#organization"},"potentialAction":[{"@type":"SearchAction","target":{"@type":"EntryPoint","urlTemplate":"https:\/\/conexion23.com\/?s={search_term_string}"},"query-input":{"@type":"PropertyValueSpecification","valueRequired":true,"valueName":"search_term_string"}}],"inLanguage":"es"},{"@type":"Organization","@id":"https:\/\/conexion23.com\/#organization","name":"Conexion 23","url":"https:\/\/conexion23.com\/","logo":{"@type":"ImageObject","inLanguage":"es","@id":"https:\/\/conexion23.com\/#\/schema\/logo\/image\/","url":"https:\/\/conexion23.com\/wp-content\/uploads\/2021\/11\/Diseno-sin-titulo-2.png","contentUrl":"https:\/\/conexion23.com\/wp-content\/uploads\/2021\/11\/Diseno-sin-titulo-2.png","width":541,"height":90,"caption":"Conexion 23"},"image":{"@id":"https:\/\/conexion23.com\/#\/schema\/logo\/image\/"},"sameAs":["https:\/\/www.facebook.com\/conexion23com","https:\/\/www.instagram.com\/conexion23com\/","https:\/\/www.youtube.com\/channel\/UCYc7vxxFZMYLIHNsHHxPZ3Q"]},{"@type":"Person","@id":"https:\/\/conexion23.com\/#\/schema\/person\/03e36043331117e97a373299bbcd30a6","name":"Raffy Ben\u00edtez","image":{"@type":"ImageObject","inLanguage":"es","@id":"https:\/\/conexion23.com\/#\/schema\/person\/image\/","url":"https:\/\/secure.gravatar.com\/avatar\/3190a6a6c5e1b0327500f7d6c56b6242472ee6cb974cf09b401ee6b3b0798f23?s=96&d=mm&r=g","contentUrl":"https:\/\/secure.gravatar.com\/avatar\/3190a6a6c5e1b0327500f7d6c56b6242472ee6cb974cf09b401ee6b3b0798f23?s=96&d=mm&r=g","caption":"Raffy Ben\u00edtez"},"url":"https:\/\/conexion23.com\/?author=15"}]}},"_links":{"self":[{"href":"https:\/\/conexion23.com\/index.php?rest_route=\/wp\/v2\/posts\/30476","targetHints":{"allow":["GET"]}}],"collection":[{"href":"https:\/\/conexion23.com\/index.php?rest_route=\/wp\/v2\/posts"}],"about":[{"href":"https:\/\/conexion23.com\/index.php?rest_route=\/wp\/v2\/types\/post"}],"author":[{"embeddable":true,"href":"https:\/\/conexion23.com\/index.php?rest_route=\/wp\/v2\/users\/15"}],"replies":[{"embeddable":true,"href":"https:\/\/conexion23.com\/index.php?rest_route=%2Fwp%2Fv2%2Fcomments&post=30476"}],"version-history":[{"count":1,"href":"https:\/\/conexion23.com\/index.php?rest_route=\/wp\/v2\/posts\/30476\/revisions"}],"predecessor-version":[{"id":30478,"href":"https:\/\/conexion23.com\/index.php?rest_route=\/wp\/v2\/posts\/30476\/revisions\/30478"}],"wp:featuredmedia":[{"embeddable":true,"href":"https:\/\/conexion23.com\/index.php?rest_route=\/wp\/v2\/media\/30477"}],"wp:attachment":[{"href":"https:\/\/conexion23.com\/index.php?rest_route=%2Fwp%2Fv2%2Fmedia&parent=30476"}],"wp:term":[{"taxonomy":"category","embeddable":true,"href":"https:\/\/conexion23.com\/index.php?rest_route=%2Fwp%2Fv2%2Fcategories&post=30476"},{"taxonomy":"post_tag","embeddable":true,"href":"https:\/\/conexion23.com\/index.php?rest_route=%2Fwp%2Fv2%2Ftags&post=30476"}],"curies":[{"name":"wp","href":"https:\/\/api.w.org\/{rel}","templated":true}]}}