{"id":30494,"date":"2024-07-15T07:01:27","date_gmt":"2024-07-15T11:01:27","guid":{"rendered":"https:\/\/conexion23.com\/?p=30494"},"modified":"2024-07-15T07:27:56","modified_gmt":"2024-07-15T11:27:56","slug":"se-entrega-el-autor-del-video-viral-donde-amenazaba-al-presidente-abinader","status":"publish","type":"post","link":"https:\/\/conexion23.com\/?p=30494","title":{"rendered":"Se entrega el autor del video viral, donde amenazaba al presidente Abinader."},"content":{"rendered":"\n<p>El individuo detr\u00e1s de la amenaza al presidente Luis Abinader, de nombre\u00a0<strong>Stalin Silvestre Corpor\u00e1n (HD)<\/strong>, de 23 a\u00f1os de edad se entreg\u00f3 a las autoridades.<\/p>\n\n\n\n<p>El video que se volvi\u00f3 viral en redes sociales, mostraba al hombre amenazando al mandatario con un arma blanca.<\/p>\n\n\n\n<p>Aunque aleg\u00f3 que fue \u201cen chercha\u201d, las autoridades tomaron medidas para garantizar la seguridad del presidente y la tranquilidad de la poblaci\u00f3n<\/p>\n","protected":false},"excerpt":{"rendered":"<p>El individuo detr\u00e1s de la amenaza al presidente Luis Abinader, de nombre\u00a0Stalin Silvestre Corpor\u00e1n (HD), de 23 a\u00f1os de edad se entreg\u00f3 a las autoridades. El video que se volvi\u00f3 viral en redes sociales, mostraba al hombre amenazando al mandatario con un arma blanca. Aunque aleg\u00f3 que fue \u201cen chercha\u201d, las autoridades tomaron medidas para [&hellip;]<\/p>\n","protected":false},"author":15,"featured_media":30495,"comment_status":"open","ping_status":"open","sticky":false,"template":"","format":"standard","meta":{"footnotes":""},"categories":[1],"tags":[],"class_list":{"0":"post-30494","1":"post","2":"type-post","3":"status-publish","4":"format-standard","5":"has-post-thumbnail","7":"category-uncategorized"},"yoast_head":"<!-- This site is optimized with the Yoast SEO plugin v27.1.1 - https:\/\/yoast.com\/product\/yoast-seo-wordpress\/ -->\n<title>Se entrega el autor del video viral, donde amenazaba al presidente Abinader. - Conexi\u00f3n 23<\/title>\n<meta name=\"robots\" content=\"index, follow, max-snippet:-1, max-image-preview:large, max-video-preview:-1\" \/>\n<link rel=\"canonical\" href=\"https:\/\/conexion23.com\/?p=30494\" \/>\n<meta property=\"og:locale\" content=\"es_ES\" \/>\n<meta property=\"og:type\" content=\"article\" \/>\n<meta property=\"og:title\" content=\"Se entrega el autor del video viral, donde amenazaba al presidente Abinader. - Conexi\u00f3n 23\" \/>\n<meta property=\"og:description\" content=\"El individuo detr\u00e1s de la amenaza al presidente Luis Abinader, de nombre\u00a0Stalin Silvestre Corpor\u00e1n (HD), de 23 a\u00f1os de edad se entreg\u00f3 a las autoridades. El video que se volvi\u00f3 viral en redes sociales, mostraba al hombre amenazando al mandatario con un arma blanca. Aunque aleg\u00f3 que fue \u201cen chercha\u201d, las autoridades tomaron medidas para [&hellip;]\" \/>\n<meta property=\"og:url\" content=\"https:\/\/conexion23.com\/?p=30494\" \/>\n<meta property=\"og:site_name\" content=\"Conexi\u00f3n 23\" \/>\n<meta property=\"article:publisher\" content=\"https:\/\/www.facebook.com\/conexion23com\" \/>\n<meta property=\"article:published_time\" content=\"2024-07-15T11:01:27+00:00\" \/>\n<meta property=\"article:modified_time\" content=\"2024-07-15T11:27:56+00:00\" \/>\n<meta property=\"og:image\" content=\"https:\/\/conexion23.com\/wp-content\/uploads\/2024\/07\/g-1.jpg\" \/>\n\t<meta property=\"og:image:width\" content=\"233\" \/>\n\t<meta property=\"og:image:height\" content=\"213\" \/>\n\t<meta property=\"og:image:type\" content=\"image\/jpeg\" \/>\n<meta name=\"author\" content=\"Raffy Ben\u00edtez\" \/>\n<meta name=\"twitter:card\" content=\"summary_large_image\" \/>\n<meta name=\"twitter:label1\" content=\"Escrito por\" \/>\n\t<meta name=\"twitter:data1\" content=\"Raffy Ben\u00edtez\" \/>\n\t<meta name=\"twitter:label2\" content=\"Tiempo de lectura\" \/>\n\t<meta name=\"twitter:data2\" content=\"1 minuto\" \/>\n<script type=\"application\/ld+json\" class=\"yoast-schema-graph\">{\"@context\":\"https:\/\/schema.org\",\"@graph\":[{\"@type\":\"Article\",\"@id\":\"https:\/\/conexion23.com\/?p=30494#article\",\"isPartOf\":{\"@id\":\"https:\/\/conexion23.com\/?p=30494\"},\"author\":{\"name\":\"Raffy Ben\u00edtez\",\"@id\":\"https:\/\/conexion23.com\/#\/schema\/person\/03e36043331117e97a373299bbcd30a6\"},\"headline\":\"Se entrega el autor del video viral, donde amenazaba al presidente Abinader.\",\"datePublished\":\"2024-07-15T11:01:27+00:00\",\"dateModified\":\"2024-07-15T11:27:56+00:00\",\"mainEntityOfPage\":{\"@id\":\"https:\/\/conexion23.com\/?p=30494\"},\"wordCount\":82,\"commentCount\":0,\"publisher\":{\"@id\":\"https:\/\/conexion23.com\/#organization\"},\"image\":{\"@id\":\"https:\/\/conexion23.com\/?p=30494#primaryimage\"},\"thumbnailUrl\":\"https:\/\/conexion23.com\/wp-content\/uploads\/2024\/07\/g-1.jpg\",\"articleSection\":[\"Uncategorized\"],\"inLanguage\":\"es\",\"potentialAction\":[{\"@type\":\"CommentAction\",\"name\":\"Comment\",\"target\":[\"https:\/\/conexion23.com\/?p=30494#respond\"]}]},{\"@type\":\"WebPage\",\"@id\":\"https:\/\/conexion23.com\/?p=30494\",\"url\":\"https:\/\/conexion23.com\/?p=30494\",\"name\":\"Se entrega el autor del video viral, donde amenazaba al presidente Abinader. - Conexi\u00f3n 23\",\"isPartOf\":{\"@id\":\"https:\/\/conexion23.com\/#website\"},\"primaryImageOfPage\":{\"@id\":\"https:\/\/conexion23.com\/?p=30494#primaryimage\"},\"image\":{\"@id\":\"https:\/\/conexion23.com\/?p=30494#primaryimage\"},\"thumbnailUrl\":\"https:\/\/conexion23.com\/wp-content\/uploads\/2024\/07\/g-1.jpg\",\"datePublished\":\"2024-07-15T11:01:27+00:00\",\"dateModified\":\"2024-07-15T11:27:56+00:00\",\"breadcrumb\":{\"@id\":\"https:\/\/conexion23.com\/?p=30494#breadcrumb\"},\"inLanguage\":\"es\",\"potentialAction\":[{\"@type\":\"ReadAction\",\"target\":[\"https:\/\/conexion23.com\/?p=30494\"]}]},{\"@type\":\"ImageObject\",\"inLanguage\":\"es\",\"@id\":\"https:\/\/conexion23.com\/?p=30494#primaryimage\",\"url\":\"https:\/\/conexion23.com\/wp-content\/uploads\/2024\/07\/g-1.jpg\",\"contentUrl\":\"https:\/\/conexion23.com\/wp-content\/uploads\/2024\/07\/g-1.jpg\",\"width\":233,\"height\":213},{\"@type\":\"BreadcrumbList\",\"@id\":\"https:\/\/conexion23.com\/?p=30494#breadcrumb\",\"itemListElement\":[{\"@type\":\"ListItem\",\"position\":1,\"name\":\"Portada\",\"item\":\"https:\/\/conexion23.com\/\"},{\"@type\":\"ListItem\",\"position\":2,\"name\":\"Se entrega el autor del video viral, donde amenazaba al presidente Abinader.\"}]},{\"@type\":\"WebSite\",\"@id\":\"https:\/\/conexion23.com\/#website\",\"url\":\"https:\/\/conexion23.com\/\",\"name\":\"Conexi\u00f3n 23\",\"description\":\"Peri\u00f3dico 100% Petromacorisano\",\"publisher\":{\"@id\":\"https:\/\/conexion23.com\/#organization\"},\"potentialAction\":[{\"@type\":\"SearchAction\",\"target\":{\"@type\":\"EntryPoint\",\"urlTemplate\":\"https:\/\/conexion23.com\/?s={search_term_string}\"},\"query-input\":{\"@type\":\"PropertyValueSpecification\",\"valueRequired\":true,\"valueName\":\"search_term_string\"}}],\"inLanguage\":\"es\"},{\"@type\":\"Organization\",\"@id\":\"https:\/\/conexion23.com\/#organization\",\"name\":\"Conexion 23\",\"url\":\"https:\/\/conexion23.com\/\",\"logo\":{\"@type\":\"ImageObject\",\"inLanguage\":\"es\",\"@id\":\"https:\/\/conexion23.com\/#\/schema\/logo\/image\/\",\"url\":\"https:\/\/conexion23.com\/wp-content\/uploads\/2021\/11\/Diseno-sin-titulo-2.png\",\"contentUrl\":\"https:\/\/conexion23.com\/wp-content\/uploads\/2021\/11\/Diseno-sin-titulo-2.png\",\"width\":541,\"height\":90,\"caption\":\"Conexion 23\"},\"image\":{\"@id\":\"https:\/\/conexion23.com\/#\/schema\/logo\/image\/\"},\"sameAs\":[\"https:\/\/www.facebook.com\/conexion23com\",\"https:\/\/www.instagram.com\/conexion23com\/\",\"https:\/\/www.youtube.com\/channel\/UCYc7vxxFZMYLIHNsHHxPZ3Q\"]},{\"@type\":\"Person\",\"@id\":\"https:\/\/conexion23.com\/#\/schema\/person\/03e36043331117e97a373299bbcd30a6\",\"name\":\"Raffy Ben\u00edtez\",\"image\":{\"@type\":\"ImageObject\",\"inLanguage\":\"es\",\"@id\":\"https:\/\/conexion23.com\/#\/schema\/person\/image\/\",\"url\":\"https:\/\/secure.gravatar.com\/avatar\/3190a6a6c5e1b0327500f7d6c56b6242472ee6cb974cf09b401ee6b3b0798f23?s=96&d=mm&r=g\",\"contentUrl\":\"https:\/\/secure.gravatar.com\/avatar\/3190a6a6c5e1b0327500f7d6c56b6242472ee6cb974cf09b401ee6b3b0798f23?s=96&d=mm&r=g\",\"caption\":\"Raffy Ben\u00edtez\"},\"url\":\"https:\/\/conexion23.com\/?author=15\"}]}<\/script>\n<!-- \/ Yoast SEO plugin. -->","yoast_head_json":{"title":"Se entrega el autor del video viral, donde amenazaba al presidente Abinader. - Conexi\u00f3n 23","robots":{"index":"index","follow":"follow","max-snippet":"max-snippet:-1","max-image-preview":"max-image-preview:large","max-video-preview":"max-video-preview:-1"},"canonical":"https:\/\/conexion23.com\/?p=30494","og_locale":"es_ES","og_type":"article","og_title":"Se entrega el autor del video viral, donde amenazaba al presidente Abinader. - Conexi\u00f3n 23","og_description":"El individuo detr\u00e1s de la amenaza al presidente Luis Abinader, de nombre\u00a0Stalin Silvestre Corpor\u00e1n (HD), de 23 a\u00f1os de edad se entreg\u00f3 a las autoridades. El video que se volvi\u00f3 viral en redes sociales, mostraba al hombre amenazando al mandatario con un arma blanca. Aunque aleg\u00f3 que fue \u201cen chercha\u201d, las autoridades tomaron medidas para [&hellip;]","og_url":"https:\/\/conexion23.com\/?p=30494","og_site_name":"Conexi\u00f3n 23","article_publisher":"https:\/\/www.facebook.com\/conexion23com","article_published_time":"2024-07-15T11:01:27+00:00","article_modified_time":"2024-07-15T11:27:56+00:00","og_image":[{"width":233,"height":213,"url":"https:\/\/conexion23.com\/wp-content\/uploads\/2024\/07\/g-1.jpg","type":"image\/jpeg"}],"author":"Raffy Ben\u00edtez","twitter_card":"summary_large_image","twitter_misc":{"Escrito por":"Raffy Ben\u00edtez","Tiempo de lectura":"1 minuto"},"schema":{"@context":"https:\/\/schema.org","@graph":[{"@type":"Article","@id":"https:\/\/conexion23.com\/?p=30494#article","isPartOf":{"@id":"https:\/\/conexion23.com\/?p=30494"},"author":{"name":"Raffy Ben\u00edtez","@id":"https:\/\/conexion23.com\/#\/schema\/person\/03e36043331117e97a373299bbcd30a6"},"headline":"Se entrega el autor del video viral, donde amenazaba al presidente Abinader.","datePublished":"2024-07-15T11:01:27+00:00","dateModified":"2024-07-15T11:27:56+00:00","mainEntityOfPage":{"@id":"https:\/\/conexion23.com\/?p=30494"},"wordCount":82,"commentCount":0,"publisher":{"@id":"https:\/\/conexion23.com\/#organization"},"image":{"@id":"https:\/\/conexion23.com\/?p=30494#primaryimage"},"thumbnailUrl":"https:\/\/conexion23.com\/wp-content\/uploads\/2024\/07\/g-1.jpg","articleSection":["Uncategorized"],"inLanguage":"es","potentialAction":[{"@type":"CommentAction","name":"Comment","target":["https:\/\/conexion23.com\/?p=30494#respond"]}]},{"@type":"WebPage","@id":"https:\/\/conexion23.com\/?p=30494","url":"https:\/\/conexion23.com\/?p=30494","name":"Se entrega el autor del video viral, donde amenazaba al presidente Abinader. - Conexi\u00f3n 23","isPartOf":{"@id":"https:\/\/conexion23.com\/#website"},"primaryImageOfPage":{"@id":"https:\/\/conexion23.com\/?p=30494#primaryimage"},"image":{"@id":"https:\/\/conexion23.com\/?p=30494#primaryimage"},"thumbnailUrl":"https:\/\/conexion23.com\/wp-content\/uploads\/2024\/07\/g-1.jpg","datePublished":"2024-07-15T11:01:27+00:00","dateModified":"2024-07-15T11:27:56+00:00","breadcrumb":{"@id":"https:\/\/conexion23.com\/?p=30494#breadcrumb"},"inLanguage":"es","potentialAction":[{"@type":"ReadAction","target":["https:\/\/conexion23.com\/?p=30494"]}]},{"@type":"ImageObject","inLanguage":"es","@id":"https:\/\/conexion23.com\/?p=30494#primaryimage","url":"https:\/\/conexion23.com\/wp-content\/uploads\/2024\/07\/g-1.jpg","contentUrl":"https:\/\/conexion23.com\/wp-content\/uploads\/2024\/07\/g-1.jpg","width":233,"height":213},{"@type":"BreadcrumbList","@id":"https:\/\/conexion23.com\/?p=30494#breadcrumb","itemListElement":[{"@type":"ListItem","position":1,"name":"Portada","item":"https:\/\/conexion23.com\/"},{"@type":"ListItem","position":2,"name":"Se entrega el autor del video viral, donde amenazaba al presidente Abinader."}]},{"@type":"WebSite","@id":"https:\/\/conexion23.com\/#website","url":"https:\/\/conexion23.com\/","name":"Conexi\u00f3n 23","description":"Peri\u00f3dico 100% Petromacorisano","publisher":{"@id":"https:\/\/conexion23.com\/#organization"},"potentialAction":[{"@type":"SearchAction","target":{"@type":"EntryPoint","urlTemplate":"https:\/\/conexion23.com\/?s={search_term_string}"},"query-input":{"@type":"PropertyValueSpecification","valueRequired":true,"valueName":"search_term_string"}}],"inLanguage":"es"},{"@type":"Organization","@id":"https:\/\/conexion23.com\/#organization","name":"Conexion 23","url":"https:\/\/conexion23.com\/","logo":{"@type":"ImageObject","inLanguage":"es","@id":"https:\/\/conexion23.com\/#\/schema\/logo\/image\/","url":"https:\/\/conexion23.com\/wp-content\/uploads\/2021\/11\/Diseno-sin-titulo-2.png","contentUrl":"https:\/\/conexion23.com\/wp-content\/uploads\/2021\/11\/Diseno-sin-titulo-2.png","width":541,"height":90,"caption":"Conexion 23"},"image":{"@id":"https:\/\/conexion23.com\/#\/schema\/logo\/image\/"},"sameAs":["https:\/\/www.facebook.com\/conexion23com","https:\/\/www.instagram.com\/conexion23com\/","https:\/\/www.youtube.com\/channel\/UCYc7vxxFZMYLIHNsHHxPZ3Q"]},{"@type":"Person","@id":"https:\/\/conexion23.com\/#\/schema\/person\/03e36043331117e97a373299bbcd30a6","name":"Raffy Ben\u00edtez","image":{"@type":"ImageObject","inLanguage":"es","@id":"https:\/\/conexion23.com\/#\/schema\/person\/image\/","url":"https:\/\/secure.gravatar.com\/avatar\/3190a6a6c5e1b0327500f7d6c56b6242472ee6cb974cf09b401ee6b3b0798f23?s=96&d=mm&r=g","contentUrl":"https:\/\/secure.gravatar.com\/avatar\/3190a6a6c5e1b0327500f7d6c56b6242472ee6cb974cf09b401ee6b3b0798f23?s=96&d=mm&r=g","caption":"Raffy Ben\u00edtez"},"url":"https:\/\/conexion23.com\/?author=15"}]}},"_links":{"self":[{"href":"https:\/\/conexion23.com\/index.php?rest_route=\/wp\/v2\/posts\/30494","targetHints":{"allow":["GET"]}}],"collection":[{"href":"https:\/\/conexion23.com\/index.php?rest_route=\/wp\/v2\/posts"}],"about":[{"href":"https:\/\/conexion23.com\/index.php?rest_route=\/wp\/v2\/types\/post"}],"author":[{"embeddable":true,"href":"https:\/\/conexion23.com\/index.php?rest_route=\/wp\/v2\/users\/15"}],"replies":[{"embeddable":true,"href":"https:\/\/conexion23.com\/index.php?rest_route=%2Fwp%2Fv2%2Fcomments&post=30494"}],"version-history":[{"count":2,"href":"https:\/\/conexion23.com\/index.php?rest_route=\/wp\/v2\/posts\/30494\/revisions"}],"predecessor-version":[{"id":30504,"href":"https:\/\/conexion23.com\/index.php?rest_route=\/wp\/v2\/posts\/30494\/revisions\/30504"}],"wp:featuredmedia":[{"embeddable":true,"href":"https:\/\/conexion23.com\/index.php?rest_route=\/wp\/v2\/media\/30495"}],"wp:attachment":[{"href":"https:\/\/conexion23.com\/index.php?rest_route=%2Fwp%2Fv2%2Fmedia&parent=30494"}],"wp:term":[{"taxonomy":"category","embeddable":true,"href":"https:\/\/conexion23.com\/index.php?rest_route=%2Fwp%2Fv2%2Fcategories&post=30494"},{"taxonomy":"post_tag","embeddable":true,"href":"https:\/\/conexion23.com\/index.php?rest_route=%2Fwp%2Fv2%2Ftags&post=30494"}],"curies":[{"name":"wp","href":"https:\/\/api.w.org\/{rel}","templated":true}]}}