{"id":30569,"date":"2024-07-16T08:16:40","date_gmt":"2024-07-16T12:16:40","guid":{"rendered":"https:\/\/conexion23.com\/?p=30569"},"modified":"2024-07-16T08:16:46","modified_gmt":"2024-07-16T12:16:46","slug":"denuncian-supuestos-asesinatos-de-caballos-en-el-hipodromo-v-centenario-video","status":"publish","type":"post","link":"https:\/\/conexion23.com\/?p=30569","title":{"rendered":"Denuncian supuestos asesinatos de caballos en el Hip\u00f3dromo V Centenario (Video)"},"content":{"rendered":"\n<p>En un giro preocupante de los acontecimientos, se ha reportado varios supuestos asesinatos de caballos en el Hip\u00f3dromo V Centenario, seg\u00fan videos, textos y audios recibidos por el medio www.laevidencia.com.do<\/p>\n\n\n\n<p>La denuncia fue realizada por Demetrio Correa, entrenador del caballo fallecido, quien expres\u00f3 su posici\u00f3n a trav\u00e9s de varios audios recibidos en la redacci\u00f3n de este medio.<\/p>\n\n\n\n<p>\u00abDoctor, acabo de llegar al hip\u00f3dromo y lo primero que encuentro al entrar al establo es a Crusing and Crusing muerto, lo mataron anoche. Est\u00e1n matando los caballos aqu\u00ed y poni\u00e9ndoles vainas a los caballos para dormirlos, han matado como tres caballos aqu\u00ed y nadie hace nada. \u00a1Muerto Crusing and Crusing!\u00bb, sostuvo correa.<\/p>\n\n\n\n<p>Por su parte, el Dr. Alejandro Asmar lament\u00f3 la muerte del caballo que era de su propiedad, pero en textos de WhatsApp llegados a nuestra redacci\u00f3n, pidi\u00f3 ocultar el fallecimiento del animal por temor a afectar el negocio de las carreras. Asmar calific\u00f3 como un acto de irresponsabilidad de s\u00ed mismo no difundir el caso y pidi\u00f3 borrar los mensajes para evitar esc\u00e1ndalos.<\/p>\n\n\n\n<p>\u00abLamentamos informar el fallecimiento del ejemplar Cruising and Cruising. El velatorio ser\u00e1 en la parte trasera del hip\u00f3dromo donde se le dar\u00e1 cristiana sepultura\u00bb, expres\u00f3 Asmar en uno de los mensajes.<\/p>\n\n\n\n<p>Agreg\u00f3 adem\u00e1s: \u00abNo les respond\u00ed y ruego borren esto porque es un acto de irresponsabilidad y afecta el bolsillo de todos porque en cualquier momento arman un esc\u00e1ndalo y nos cierran las carreras. Por mi parte, simplemente muri\u00f3 y punto. Sigamos adelante.\u00bb<\/p>\n\n\n\n<p>Eladio Dur\u00e1n, due\u00f1o del establo Wells, tambi\u00e9n se pronunci\u00f3 sobre la situaci\u00f3n: \u00abHay que tomar medidas dr\u00e1sticas, s\u00ed queremos que las autoridades resuelvan porque ellos est\u00e1n en la burbuja. Radhames Senra dice que todo es mentira, inventado para hacerle da\u00f1o a la gesti\u00f3n. Est\u00e1 fuera de control la situaci\u00f3n y lamentablemente solo hablamos cuando pasa un caso y en una semana se olvida\u00bb.<\/p>\n\n\n\n<p>Jos\u00e9 Roncino, otro entrenador del hip\u00f3dromo, solicit\u00f3 al ingeniero Eladio Duran, presidente de la Asociaci\u00f3n Dominicana de Propietarios de Caballos de Carrera (ADDCC), que tome medidas frente a estos cr\u00edmenes.<\/p>\n\n\n\n<p>\u00abIngeniero, yo estoy pensando que, dadas todas las circunstancias y todos los problemas que est\u00e1n pasando en el hip\u00f3dromo, creo que tenemos que hacer una reuni\u00f3n urgente para que esto se le d\u00e9 un car\u00e1cter m\u00e1s serio, porque si no vamos a desacreditar la h\u00edpica. Esto de aparecer caballos muertos y otras situaciones\u00bb, dijo Roncino.<\/p>\n\n\n\n<p>\u00abCreo que tenemos que hablar con la gente del hip\u00f3dromo, o sea, la seguridad debe poner c\u00e1maras, para que uno tenga cierta seguridad o cierta tranquilidad de que las cosas pasen como debe ser. Yo me refiero a usted, porque entiendo que usted es la persona que m\u00e1s puede aglutinar a los due\u00f1os que hay aqu\u00ed\u00bb, reiter\u00f3 su llamado al Ingeniero Duran.<\/p>\n\n\n\n<p>Luis Valenzuela, propietario de Caballos, pidi\u00f3 al ingeniero Duran convocar una reuni\u00f3n urgente para tomar medidas sobre el tema. En ese orden, el ingeniero Eladio Duran dijo que ya mando a cotizar una compa\u00f1\u00eda que instale video vigilancia en el hip\u00f3dromo y que la Asociaci\u00f3n de Due\u00f1os asuma el costo, aunque consider\u00f3 que es la Comisi\u00f3n H\u00edpica quien por l\u00f3gica deber\u00eda asumirlo.<\/p>\n\n\n\n<p>Una fuente de entero cr\u00e9dito dije a esta redacci\u00f3n que los asesinatos se producen con cierta frecuencia debido a intereses encontrados por las apuestas millonarias que mueve el negocio de la h\u00edpica nacional, pero en la direcci\u00f3n del V Centenario y la Comisi\u00f3n H\u00edpica callan los cr\u00edmenes de estos animales.<\/p>\n\n\n\n<p>Desde este medio, se hace extensivo el llamado a la Polic\u00eda Nacional, el Ministerio P\u00fablico y a la Comisi\u00f3n H\u00edpica nacional para que se haga una investigaci\u00f3n profunda en el caso y se tomen medidas para evitar el maltrato y muerte de estos animales.<\/p>\n","protected":false},"excerpt":{"rendered":"<p>En un giro preocupante de los acontecimientos, se ha reportado varios supuestos asesinatos de caballos en el Hip\u00f3dromo V Centenario, seg\u00fan videos, textos y audios recibidos por el medio www.laevidencia.com.do La denuncia fue realizada por Demetrio Correa, entrenador del caballo fallecido, quien expres\u00f3 su posici\u00f3n a trav\u00e9s de varios audios recibidos en la redacci\u00f3n de [&hellip;]<\/p>\n","protected":false},"author":15,"featured_media":30571,"comment_status":"open","ping_status":"open","sticky":false,"template":"","format":"standard","meta":{"footnotes":""},"categories":[1],"tags":[],"class_list":{"0":"post-30569","1":"post","2":"type-post","3":"status-publish","4":"format-standard","5":"has-post-thumbnail","7":"category-uncategorized"},"yoast_head":"<!-- This site is optimized with the Yoast SEO plugin v27.1.1 - https:\/\/yoast.com\/product\/yoast-seo-wordpress\/ -->\n<title>Denuncian supuestos asesinatos de caballos en el Hip\u00f3dromo V Centenario (Video) - Conexi\u00f3n 23<\/title>\n<meta name=\"robots\" content=\"index, follow, max-snippet:-1, max-image-preview:large, max-video-preview:-1\" \/>\n<link rel=\"canonical\" href=\"http:\/\/conexion23.com\/?p=30569\" \/>\n<meta property=\"og:locale\" content=\"es_ES\" \/>\n<meta property=\"og:type\" content=\"article\" \/>\n<meta property=\"og:title\" content=\"Denuncian supuestos asesinatos de caballos en el Hip\u00f3dromo V Centenario (Video) - Conexi\u00f3n 23\" \/>\n<meta property=\"og:description\" content=\"En un giro preocupante de los acontecimientos, se ha reportado varios supuestos asesinatos de caballos en el Hip\u00f3dromo V Centenario, seg\u00fan videos, textos y audios recibidos por el medio www.laevidencia.com.do La denuncia fue realizada por Demetrio Correa, entrenador del caballo fallecido, quien expres\u00f3 su posici\u00f3n a trav\u00e9s de varios audios recibidos en la redacci\u00f3n de [&hellip;]\" \/>\n<meta property=\"og:url\" content=\"http:\/\/conexion23.com\/?p=30569\" \/>\n<meta property=\"og:site_name\" content=\"Conexi\u00f3n 23\" \/>\n<meta property=\"article:publisher\" content=\"https:\/\/www.facebook.com\/conexion23com\" \/>\n<meta property=\"article:published_time\" content=\"2024-07-16T12:16:40+00:00\" \/>\n<meta property=\"article:modified_time\" content=\"2024-07-16T12:16:46+00:00\" \/>\n<meta property=\"og:image\" content=\"http:\/\/conexion23.com\/wp-content\/uploads\/2024\/07\/20240715_114321.webp\" \/>\n\t<meta property=\"og:image:width\" content=\"1024\" \/>\n\t<meta property=\"og:image:height\" content=\"891\" \/>\n\t<meta property=\"og:image:type\" content=\"image\/webp\" \/>\n<meta name=\"author\" content=\"Raffy Ben\u00edtez\" \/>\n<meta name=\"twitter:card\" content=\"summary_large_image\" \/>\n<meta name=\"twitter:label1\" content=\"Escrito por\" \/>\n\t<meta name=\"twitter:data1\" content=\"Raffy Ben\u00edtez\" \/>\n\t<meta name=\"twitter:label2\" content=\"Tiempo de lectura\" \/>\n\t<meta name=\"twitter:data2\" content=\"4 minutos\" \/>\n<script type=\"application\/ld+json\" class=\"yoast-schema-graph\">{\"@context\":\"https:\/\/schema.org\",\"@graph\":[{\"@type\":\"Article\",\"@id\":\"http:\/\/conexion23.com\/?p=30569#article\",\"isPartOf\":{\"@id\":\"http:\/\/conexion23.com\/?p=30569\"},\"author\":{\"name\":\"Raffy Ben\u00edtez\",\"@id\":\"https:\/\/conexion23.com\/#\/schema\/person\/03e36043331117e97a373299bbcd30a6\"},\"headline\":\"Denuncian supuestos asesinatos de caballos en el Hip\u00f3dromo V Centenario (Video)\",\"datePublished\":\"2024-07-16T12:16:40+00:00\",\"dateModified\":\"2024-07-16T12:16:46+00:00\",\"mainEntityOfPage\":{\"@id\":\"http:\/\/conexion23.com\/?p=30569\"},\"wordCount\":683,\"commentCount\":0,\"publisher\":{\"@id\":\"https:\/\/conexion23.com\/#organization\"},\"image\":{\"@id\":\"http:\/\/conexion23.com\/?p=30569#primaryimage\"},\"thumbnailUrl\":\"https:\/\/conexion23.com\/wp-content\/uploads\/2024\/07\/20240715_114321.webp\",\"articleSection\":[\"Uncategorized\"],\"inLanguage\":\"es\",\"potentialAction\":[{\"@type\":\"CommentAction\",\"name\":\"Comment\",\"target\":[\"http:\/\/conexion23.com\/?p=30569#respond\"]}]},{\"@type\":\"WebPage\",\"@id\":\"http:\/\/conexion23.com\/?p=30569\",\"url\":\"http:\/\/conexion23.com\/?p=30569\",\"name\":\"Denuncian supuestos asesinatos de caballos en el Hip\u00f3dromo V Centenario (Video) - Conexi\u00f3n 23\",\"isPartOf\":{\"@id\":\"https:\/\/conexion23.com\/#website\"},\"primaryImageOfPage\":{\"@id\":\"http:\/\/conexion23.com\/?p=30569#primaryimage\"},\"image\":{\"@id\":\"http:\/\/conexion23.com\/?p=30569#primaryimage\"},\"thumbnailUrl\":\"https:\/\/conexion23.com\/wp-content\/uploads\/2024\/07\/20240715_114321.webp\",\"datePublished\":\"2024-07-16T12:16:40+00:00\",\"dateModified\":\"2024-07-16T12:16:46+00:00\",\"breadcrumb\":{\"@id\":\"http:\/\/conexion23.com\/?p=30569#breadcrumb\"},\"inLanguage\":\"es\",\"potentialAction\":[{\"@type\":\"ReadAction\",\"target\":[\"http:\/\/conexion23.com\/?p=30569\"]}]},{\"@type\":\"ImageObject\",\"inLanguage\":\"es\",\"@id\":\"http:\/\/conexion23.com\/?p=30569#primaryimage\",\"url\":\"https:\/\/conexion23.com\/wp-content\/uploads\/2024\/07\/20240715_114321.webp\",\"contentUrl\":\"https:\/\/conexion23.com\/wp-content\/uploads\/2024\/07\/20240715_114321.webp\",\"width\":1024,\"height\":891},{\"@type\":\"BreadcrumbList\",\"@id\":\"http:\/\/conexion23.com\/?p=30569#breadcrumb\",\"itemListElement\":[{\"@type\":\"ListItem\",\"position\":1,\"name\":\"Portada\",\"item\":\"https:\/\/conexion23.com\/\"},{\"@type\":\"ListItem\",\"position\":2,\"name\":\"Denuncian supuestos asesinatos de caballos en el Hip\u00f3dromo V Centenario (Video)\"}]},{\"@type\":\"WebSite\",\"@id\":\"https:\/\/conexion23.com\/#website\",\"url\":\"https:\/\/conexion23.com\/\",\"name\":\"Conexi\u00f3n 23\",\"description\":\"Peri\u00f3dico 100% Petromacorisano\",\"publisher\":{\"@id\":\"https:\/\/conexion23.com\/#organization\"},\"potentialAction\":[{\"@type\":\"SearchAction\",\"target\":{\"@type\":\"EntryPoint\",\"urlTemplate\":\"https:\/\/conexion23.com\/?s={search_term_string}\"},\"query-input\":{\"@type\":\"PropertyValueSpecification\",\"valueRequired\":true,\"valueName\":\"search_term_string\"}}],\"inLanguage\":\"es\"},{\"@type\":\"Organization\",\"@id\":\"https:\/\/conexion23.com\/#organization\",\"name\":\"Conexion 23\",\"url\":\"https:\/\/conexion23.com\/\",\"logo\":{\"@type\":\"ImageObject\",\"inLanguage\":\"es\",\"@id\":\"https:\/\/conexion23.com\/#\/schema\/logo\/image\/\",\"url\":\"https:\/\/conexion23.com\/wp-content\/uploads\/2021\/11\/Diseno-sin-titulo-2.png\",\"contentUrl\":\"https:\/\/conexion23.com\/wp-content\/uploads\/2021\/11\/Diseno-sin-titulo-2.png\",\"width\":541,\"height\":90,\"caption\":\"Conexion 23\"},\"image\":{\"@id\":\"https:\/\/conexion23.com\/#\/schema\/logo\/image\/\"},\"sameAs\":[\"https:\/\/www.facebook.com\/conexion23com\",\"https:\/\/www.instagram.com\/conexion23com\/\",\"https:\/\/www.youtube.com\/channel\/UCYc7vxxFZMYLIHNsHHxPZ3Q\"]},{\"@type\":\"Person\",\"@id\":\"https:\/\/conexion23.com\/#\/schema\/person\/03e36043331117e97a373299bbcd30a6\",\"name\":\"Raffy Ben\u00edtez\",\"image\":{\"@type\":\"ImageObject\",\"inLanguage\":\"es\",\"@id\":\"https:\/\/conexion23.com\/#\/schema\/person\/image\/\",\"url\":\"https:\/\/secure.gravatar.com\/avatar\/3190a6a6c5e1b0327500f7d6c56b6242472ee6cb974cf09b401ee6b3b0798f23?s=96&d=mm&r=g\",\"contentUrl\":\"https:\/\/secure.gravatar.com\/avatar\/3190a6a6c5e1b0327500f7d6c56b6242472ee6cb974cf09b401ee6b3b0798f23?s=96&d=mm&r=g\",\"caption\":\"Raffy Ben\u00edtez\"},\"url\":\"https:\/\/conexion23.com\/?author=15\"}]}<\/script>\n<!-- \/ Yoast SEO plugin. -->","yoast_head_json":{"title":"Denuncian supuestos asesinatos de caballos en el Hip\u00f3dromo V Centenario (Video) - Conexi\u00f3n 23","robots":{"index":"index","follow":"follow","max-snippet":"max-snippet:-1","max-image-preview":"max-image-preview:large","max-video-preview":"max-video-preview:-1"},"canonical":"http:\/\/conexion23.com\/?p=30569","og_locale":"es_ES","og_type":"article","og_title":"Denuncian supuestos asesinatos de caballos en el Hip\u00f3dromo V Centenario (Video) - Conexi\u00f3n 23","og_description":"En un giro preocupante de los acontecimientos, se ha reportado varios supuestos asesinatos de caballos en el Hip\u00f3dromo V Centenario, seg\u00fan videos, textos y audios recibidos por el medio www.laevidencia.com.do La denuncia fue realizada por Demetrio Correa, entrenador del caballo fallecido, quien expres\u00f3 su posici\u00f3n a trav\u00e9s de varios audios recibidos en la redacci\u00f3n de [&hellip;]","og_url":"http:\/\/conexion23.com\/?p=30569","og_site_name":"Conexi\u00f3n 23","article_publisher":"https:\/\/www.facebook.com\/conexion23com","article_published_time":"2024-07-16T12:16:40+00:00","article_modified_time":"2024-07-16T12:16:46+00:00","og_image":[{"width":1024,"height":891,"url":"http:\/\/conexion23.com\/wp-content\/uploads\/2024\/07\/20240715_114321.webp","type":"image\/webp"}],"author":"Raffy Ben\u00edtez","twitter_card":"summary_large_image","twitter_misc":{"Escrito por":"Raffy Ben\u00edtez","Tiempo de lectura":"4 minutos"},"schema":{"@context":"https:\/\/schema.org","@graph":[{"@type":"Article","@id":"http:\/\/conexion23.com\/?p=30569#article","isPartOf":{"@id":"http:\/\/conexion23.com\/?p=30569"},"author":{"name":"Raffy Ben\u00edtez","@id":"https:\/\/conexion23.com\/#\/schema\/person\/03e36043331117e97a373299bbcd30a6"},"headline":"Denuncian supuestos asesinatos de caballos en el Hip\u00f3dromo V Centenario (Video)","datePublished":"2024-07-16T12:16:40+00:00","dateModified":"2024-07-16T12:16:46+00:00","mainEntityOfPage":{"@id":"http:\/\/conexion23.com\/?p=30569"},"wordCount":683,"commentCount":0,"publisher":{"@id":"https:\/\/conexion23.com\/#organization"},"image":{"@id":"http:\/\/conexion23.com\/?p=30569#primaryimage"},"thumbnailUrl":"https:\/\/conexion23.com\/wp-content\/uploads\/2024\/07\/20240715_114321.webp","articleSection":["Uncategorized"],"inLanguage":"es","potentialAction":[{"@type":"CommentAction","name":"Comment","target":["http:\/\/conexion23.com\/?p=30569#respond"]}]},{"@type":"WebPage","@id":"http:\/\/conexion23.com\/?p=30569","url":"http:\/\/conexion23.com\/?p=30569","name":"Denuncian supuestos asesinatos de caballos en el Hip\u00f3dromo V Centenario (Video) - Conexi\u00f3n 23","isPartOf":{"@id":"https:\/\/conexion23.com\/#website"},"primaryImageOfPage":{"@id":"http:\/\/conexion23.com\/?p=30569#primaryimage"},"image":{"@id":"http:\/\/conexion23.com\/?p=30569#primaryimage"},"thumbnailUrl":"https:\/\/conexion23.com\/wp-content\/uploads\/2024\/07\/20240715_114321.webp","datePublished":"2024-07-16T12:16:40+00:00","dateModified":"2024-07-16T12:16:46+00:00","breadcrumb":{"@id":"http:\/\/conexion23.com\/?p=30569#breadcrumb"},"inLanguage":"es","potentialAction":[{"@type":"ReadAction","target":["http:\/\/conexion23.com\/?p=30569"]}]},{"@type":"ImageObject","inLanguage":"es","@id":"http:\/\/conexion23.com\/?p=30569#primaryimage","url":"https:\/\/conexion23.com\/wp-content\/uploads\/2024\/07\/20240715_114321.webp","contentUrl":"https:\/\/conexion23.com\/wp-content\/uploads\/2024\/07\/20240715_114321.webp","width":1024,"height":891},{"@type":"BreadcrumbList","@id":"http:\/\/conexion23.com\/?p=30569#breadcrumb","itemListElement":[{"@type":"ListItem","position":1,"name":"Portada","item":"https:\/\/conexion23.com\/"},{"@type":"ListItem","position":2,"name":"Denuncian supuestos asesinatos de caballos en el Hip\u00f3dromo V Centenario (Video)"}]},{"@type":"WebSite","@id":"https:\/\/conexion23.com\/#website","url":"https:\/\/conexion23.com\/","name":"Conexi\u00f3n 23","description":"Peri\u00f3dico 100% Petromacorisano","publisher":{"@id":"https:\/\/conexion23.com\/#organization"},"potentialAction":[{"@type":"SearchAction","target":{"@type":"EntryPoint","urlTemplate":"https:\/\/conexion23.com\/?s={search_term_string}"},"query-input":{"@type":"PropertyValueSpecification","valueRequired":true,"valueName":"search_term_string"}}],"inLanguage":"es"},{"@type":"Organization","@id":"https:\/\/conexion23.com\/#organization","name":"Conexion 23","url":"https:\/\/conexion23.com\/","logo":{"@type":"ImageObject","inLanguage":"es","@id":"https:\/\/conexion23.com\/#\/schema\/logo\/image\/","url":"https:\/\/conexion23.com\/wp-content\/uploads\/2021\/11\/Diseno-sin-titulo-2.png","contentUrl":"https:\/\/conexion23.com\/wp-content\/uploads\/2021\/11\/Diseno-sin-titulo-2.png","width":541,"height":90,"caption":"Conexion 23"},"image":{"@id":"https:\/\/conexion23.com\/#\/schema\/logo\/image\/"},"sameAs":["https:\/\/www.facebook.com\/conexion23com","https:\/\/www.instagram.com\/conexion23com\/","https:\/\/www.youtube.com\/channel\/UCYc7vxxFZMYLIHNsHHxPZ3Q"]},{"@type":"Person","@id":"https:\/\/conexion23.com\/#\/schema\/person\/03e36043331117e97a373299bbcd30a6","name":"Raffy Ben\u00edtez","image":{"@type":"ImageObject","inLanguage":"es","@id":"https:\/\/conexion23.com\/#\/schema\/person\/image\/","url":"https:\/\/secure.gravatar.com\/avatar\/3190a6a6c5e1b0327500f7d6c56b6242472ee6cb974cf09b401ee6b3b0798f23?s=96&d=mm&r=g","contentUrl":"https:\/\/secure.gravatar.com\/avatar\/3190a6a6c5e1b0327500f7d6c56b6242472ee6cb974cf09b401ee6b3b0798f23?s=96&d=mm&r=g","caption":"Raffy Ben\u00edtez"},"url":"https:\/\/conexion23.com\/?author=15"}]}},"_links":{"self":[{"href":"https:\/\/conexion23.com\/index.php?rest_route=\/wp\/v2\/posts\/30569","targetHints":{"allow":["GET"]}}],"collection":[{"href":"https:\/\/conexion23.com\/index.php?rest_route=\/wp\/v2\/posts"}],"about":[{"href":"https:\/\/conexion23.com\/index.php?rest_route=\/wp\/v2\/types\/post"}],"author":[{"embeddable":true,"href":"https:\/\/conexion23.com\/index.php?rest_route=\/wp\/v2\/users\/15"}],"replies":[{"embeddable":true,"href":"https:\/\/conexion23.com\/index.php?rest_route=%2Fwp%2Fv2%2Fcomments&post=30569"}],"version-history":[{"count":1,"href":"https:\/\/conexion23.com\/index.php?rest_route=\/wp\/v2\/posts\/30569\/revisions"}],"predecessor-version":[{"id":30572,"href":"https:\/\/conexion23.com\/index.php?rest_route=\/wp\/v2\/posts\/30569\/revisions\/30572"}],"wp:featuredmedia":[{"embeddable":true,"href":"https:\/\/conexion23.com\/index.php?rest_route=\/wp\/v2\/media\/30571"}],"wp:attachment":[{"href":"https:\/\/conexion23.com\/index.php?rest_route=%2Fwp%2Fv2%2Fmedia&parent=30569"}],"wp:term":[{"taxonomy":"category","embeddable":true,"href":"https:\/\/conexion23.com\/index.php?rest_route=%2Fwp%2Fv2%2Fcategories&post=30569"},{"taxonomy":"post_tag","embeddable":true,"href":"https:\/\/conexion23.com\/index.php?rest_route=%2Fwp%2Fv2%2Ftags&post=30569"}],"curies":[{"name":"wp","href":"https:\/\/api.w.org\/{rel}","templated":true}]}}