{"id":30573,"date":"2024-07-16T08:23:45","date_gmt":"2024-07-16T12:23:45","guid":{"rendered":"https:\/\/conexion23.com\/?p=30573"},"modified":"2024-07-16T08:23:48","modified_gmt":"2024-07-16T12:23:48","slug":"trump-elige-al-senador-de-ohio-j-d-vance-como-su-vicepresidente","status":"publish","type":"post","link":"https:\/\/conexion23.com\/?p=30573","title":{"rendered":"Trump elige al senador de Ohio J.D. Vance como su vicepresidente."},"content":{"rendered":"\n<p>El expresidente Donald Trump seleccion\u00f3 al senador de Ohio J.D. Vance como su compa\u00f1ero de f\u00f3rmula, elevando a un aliado incondicional y una joven estrella del Partido Republicano que, hace menos de una d\u00e9cada, salt\u00f3 a la fama como cr\u00edtico de Trump.<\/p>\n\n\n\n<p>Pero en los \u00faltimos a\u00f1os, Vance, de 39 a\u00f1os, se ha convertido en un leal a Trump, convirti\u00e9ndose en uno de sus defensores m\u00e1s ac\u00e9rrimos en el Senado y un frecuente sustituto en la televisi\u00f3n cuando ped\u00eda que el partido abrazara la agenda populista de Trump.<a href=\"https:\/\/www.instagram.com\/norbertorodprm\/\"><\/a><\/p>\n\n\n\n<p>\u00abDespu\u00e9s de una larga deliberaci\u00f3n y reflexi\u00f3n, y considerando los tremendos talentos de muchos otros, he decidido que la persona m\u00e1s adecuada para asumir el cargo de vicepresidente de los Estados Unidos es el senador J.D. Vance del gran estado de Ohio\u00bb, escribi\u00f3 Trump en su sitio web Truth Social.<a href=\"https:\/\/www.instagram.com\/norbertorodprm\/\"><\/a><\/p>\n\n\n\n<p>Al seleccionar a Vance, Trump evit\u00f3 los llamados de algunos miembros del partido para elegir un compa\u00f1ero de f\u00f3rmula que agregar\u00eda diversidad racial a la boleta o usar\u00eda una ret\u00f3rica m\u00e1s suave para atraer a los moderados esc\u00e9pticos de Trump, y en lugar de eso recurri\u00f3 a un agitador que comparte las tendencias pugilistas de Trump y es admirado por la base MAGA.<\/p>\n\n\n\n<p>Pero Vance podr\u00eda ampliar el atractivo de Trump de otras maneras. Proviene del Rust Belt, que incluye partes de los estados cr\u00edticos de Pensilvania, Michigan y Wisconsin. Tambi\u00e9n es un veterano de la Marina y ser\u00eda el segundo vicepresidente m\u00e1s joven (empatado con Richard Nixon) si Trump gana en noviembre.<\/p>\n\n\n\n<p>Vance \u201cse centrar\u00e1 fuertemente en las personas por las que luch\u00f3 tan brillantemente, los trabajadores y agricultores estadounidenses en Pensilvania, Michigan, Wisconsin, Ohio, Minnesota y mucho m\u00e1s all\u00e1\u201d, escribi\u00f3 Trump.<\/p>\n\n\n\n<p>Pero es casi seguro que los dem\u00f3cratas utilizar\u00e1n en su contra las duras cr\u00edticas de Vance a Trump, que \u00e9l ha rechazado con vehemencia.<a href=\"https:\/\/puntoprints.com\/\"><\/a><\/p>\n\n\n\n<p>En su selecci\u00f3n, Trump est\u00e1 elevando a Vance como heredero del movimiento MAGA. Tambi\u00e9n est\u00e1 depositando una enorme confianza en el senador novato, pocos d\u00edas despu\u00e9s de que un aparente intento de asesinato del expresidente sirviera como un sombr\u00edo recordatorio de la importancia del vicepresidente en cualquier administraci\u00f3n.<\/p>\n\n\n\n<p>Vance, autor de \u201cHillbilly Elegy\u201d, una memoria de 2016 convertida en pel\u00edcula sobre c\u00f3mo crecer en la pobreza en los Apalaches, durante la carrera presidencial de 2016 se desempe\u00f1\u00f3 como un experto conservador anti-Trump. Compar\u00f3 el nuevo inter\u00e9s de los votantes republicanos en Trump con una adicci\u00f3n a la hero\u00edna, especul\u00f3 en privado sobre si Trump era el \u201cHitler de Estados Unidos\u201d, se refiri\u00f3 a s\u00ed mismo como un \u201ctipo que nunca Trump\u201d y a Trump como \u201cun idiota\u201d, y declar\u00f3 despu\u00e9s de las elecciones de 2016. que no hab\u00eda votado por Trump.<\/p>\n\n\n\n<p>Sus propias palabras aparecieron en los anuncios de ataque de las primarias republicanas cuando Vance se postul\u00f3 para el Senado en 2022, aunque finalmente se abri\u00f3 paso entre un campo abarrotado de republicanos y se asegur\u00f3 el respaldo de Trump. Luego gan\u00f3 el esca\u00f1o que ocupaba el exsenador Rob Portman, un republicano moderado que se retir\u00f3.<\/p>\n\n\n\n<p>El anuncio fue recibido inmediatamente por una oleada de apoyo de los republicanos electos, incluidos los otros dos contendientes finales en la carrera de Trump, el senador Marco Rubio (republicano por Florida) y el gobernador de Dakota del Norte, Doug Burgum, as\u00ed como por el j\u00fabilo en el pleno. del sal\u00f3n de convenciones.<\/p>\n\n\n\n<p>Vance \u201ctrae a la mesa su \u2018Eleg\u00eda Hillbilly\u2019\u201d, dijo a POLITICO el representante Andy Ogles (R-Tenn.). \u201c\u00c9l tiene esta historia que el pueblo estadounidense aprecia, que a veces es dif\u00edcil salir adelante y poner comida en la mesa. Y tener a alguien que sea vicepresidente que haya vivido eso, que haya tenido \u00e9xito y que ahora no solo sea el vicepresidente, sino que ahora todos los ojos van a estar puestos en \u00e9l como potencialmente el pr\u00f3ximo abanderado del Partido Republicano. Eso es enorme y es literalmente el sue\u00f1o americano\u201d.<\/p>\n\n\n\n<p>Incluso el gobernador republicano de Ohio, Mike DeWine, a veces cr\u00edtico de Trump y que dijo que no est\u00e1 de acuerdo con Vance en algunos temas, como la oposici\u00f3n del senador a la ayuda a Ucrania, ofreci\u00f3 comentarios relativamente positivos sobre la decisi\u00f3n.<\/p>\n\n\n\n<p>\u201cLo que ha hecho es realmente articular, b\u00e1sicamente, la plataforma de Donald Trump y lo ha hecho de una manera muy articulada\u201d, dijo DeWine desde el sal\u00f3n de convenciones de Milwaukee. \u201cEn mi opini\u00f3n, lo ha presentado de la mejor manera posible\u201d.<\/p>\n","protected":false},"excerpt":{"rendered":"<p>El expresidente Donald Trump seleccion\u00f3 al senador de Ohio J.D. Vance como su compa\u00f1ero de f\u00f3rmula, elevando a un aliado incondicional y una joven estrella del Partido Republicano que, hace menos de una d\u00e9cada, salt\u00f3 a la fama como cr\u00edtico de Trump. Pero en los \u00faltimos a\u00f1os, Vance, de 39 a\u00f1os, se ha convertido en [&hellip;]<\/p>\n","protected":false},"author":15,"featured_media":30574,"comment_status":"open","ping_status":"open","sticky":false,"template":"","format":"standard","meta":{"footnotes":""},"categories":[1],"tags":[],"class_list":{"0":"post-30573","1":"post","2":"type-post","3":"status-publish","4":"format-standard","5":"has-post-thumbnail","7":"category-uncategorized"},"yoast_head":"<!-- This site is optimized with the Yoast SEO plugin v27.1.1 - https:\/\/yoast.com\/product\/yoast-seo-wordpress\/ -->\n<title>Trump elige al senador de Ohio J.D. Vance como su vicepresidente. - Conexi\u00f3n 23<\/title>\n<meta name=\"robots\" content=\"index, follow, max-snippet:-1, max-image-preview:large, max-video-preview:-1\" \/>\n<link rel=\"canonical\" href=\"http:\/\/conexion23.com\/?p=30573\" \/>\n<meta property=\"og:locale\" content=\"es_ES\" \/>\n<meta property=\"og:type\" content=\"article\" \/>\n<meta property=\"og:title\" content=\"Trump elige al senador de Ohio J.D. Vance como su vicepresidente. - Conexi\u00f3n 23\" \/>\n<meta property=\"og:description\" content=\"El expresidente Donald Trump seleccion\u00f3 al senador de Ohio J.D. Vance como su compa\u00f1ero de f\u00f3rmula, elevando a un aliado incondicional y una joven estrella del Partido Republicano que, hace menos de una d\u00e9cada, salt\u00f3 a la fama como cr\u00edtico de Trump. Pero en los \u00faltimos a\u00f1os, Vance, de 39 a\u00f1os, se ha convertido en [&hellip;]\" \/>\n<meta property=\"og:url\" content=\"http:\/\/conexion23.com\/?p=30573\" \/>\n<meta property=\"og:site_name\" content=\"Conexi\u00f3n 23\" \/>\n<meta property=\"article:publisher\" content=\"https:\/\/www.facebook.com\/conexion23com\" \/>\n<meta property=\"article:published_time\" content=\"2024-07-16T12:23:45+00:00\" \/>\n<meta property=\"article:modified_time\" content=\"2024-07-16T12:23:48+00:00\" \/>\n<meta property=\"og:image\" content=\"http:\/\/conexion23.com\/wp-content\/uploads\/2024\/07\/90-905x613-1.jpeg\" \/>\n\t<meta property=\"og:image:width\" content=\"905\" \/>\n\t<meta property=\"og:image:height\" content=\"613\" \/>\n\t<meta property=\"og:image:type\" content=\"image\/jpeg\" \/>\n<meta name=\"author\" content=\"Raffy Ben\u00edtez\" \/>\n<meta name=\"twitter:card\" content=\"summary_large_image\" \/>\n<meta name=\"twitter:label1\" content=\"Escrito por\" \/>\n\t<meta name=\"twitter:data1\" content=\"Raffy Ben\u00edtez\" \/>\n\t<meta name=\"twitter:label2\" content=\"Tiempo de lectura\" \/>\n\t<meta name=\"twitter:data2\" content=\"4 minutos\" \/>\n<script type=\"application\/ld+json\" class=\"yoast-schema-graph\">{\"@context\":\"https:\/\/schema.org\",\"@graph\":[{\"@type\":\"Article\",\"@id\":\"http:\/\/conexion23.com\/?p=30573#article\",\"isPartOf\":{\"@id\":\"http:\/\/conexion23.com\/?p=30573\"},\"author\":{\"name\":\"Raffy Ben\u00edtez\",\"@id\":\"https:\/\/conexion23.com\/#\/schema\/person\/03e36043331117e97a373299bbcd30a6\"},\"headline\":\"Trump elige al senador de Ohio J.D. Vance como su vicepresidente.\",\"datePublished\":\"2024-07-16T12:23:45+00:00\",\"dateModified\":\"2024-07-16T12:23:48+00:00\",\"mainEntityOfPage\":{\"@id\":\"http:\/\/conexion23.com\/?p=30573\"},\"wordCount\":796,\"commentCount\":0,\"publisher\":{\"@id\":\"https:\/\/conexion23.com\/#organization\"},\"image\":{\"@id\":\"http:\/\/conexion23.com\/?p=30573#primaryimage\"},\"thumbnailUrl\":\"https:\/\/conexion23.com\/wp-content\/uploads\/2024\/07\/90-905x613-1.jpeg\",\"articleSection\":[\"Uncategorized\"],\"inLanguage\":\"es\",\"potentialAction\":[{\"@type\":\"CommentAction\",\"name\":\"Comment\",\"target\":[\"http:\/\/conexion23.com\/?p=30573#respond\"]}]},{\"@type\":\"WebPage\",\"@id\":\"http:\/\/conexion23.com\/?p=30573\",\"url\":\"http:\/\/conexion23.com\/?p=30573\",\"name\":\"Trump elige al senador de Ohio J.D. Vance como su vicepresidente. - Conexi\u00f3n 23\",\"isPartOf\":{\"@id\":\"https:\/\/conexion23.com\/#website\"},\"primaryImageOfPage\":{\"@id\":\"http:\/\/conexion23.com\/?p=30573#primaryimage\"},\"image\":{\"@id\":\"http:\/\/conexion23.com\/?p=30573#primaryimage\"},\"thumbnailUrl\":\"https:\/\/conexion23.com\/wp-content\/uploads\/2024\/07\/90-905x613-1.jpeg\",\"datePublished\":\"2024-07-16T12:23:45+00:00\",\"dateModified\":\"2024-07-16T12:23:48+00:00\",\"breadcrumb\":{\"@id\":\"http:\/\/conexion23.com\/?p=30573#breadcrumb\"},\"inLanguage\":\"es\",\"potentialAction\":[{\"@type\":\"ReadAction\",\"target\":[\"http:\/\/conexion23.com\/?p=30573\"]}]},{\"@type\":\"ImageObject\",\"inLanguage\":\"es\",\"@id\":\"http:\/\/conexion23.com\/?p=30573#primaryimage\",\"url\":\"https:\/\/conexion23.com\/wp-content\/uploads\/2024\/07\/90-905x613-1.jpeg\",\"contentUrl\":\"https:\/\/conexion23.com\/wp-content\/uploads\/2024\/07\/90-905x613-1.jpeg\",\"width\":905,\"height\":613},{\"@type\":\"BreadcrumbList\",\"@id\":\"http:\/\/conexion23.com\/?p=30573#breadcrumb\",\"itemListElement\":[{\"@type\":\"ListItem\",\"position\":1,\"name\":\"Portada\",\"item\":\"https:\/\/conexion23.com\/\"},{\"@type\":\"ListItem\",\"position\":2,\"name\":\"Trump elige al senador de Ohio J.D. Vance como su vicepresidente.\"}]},{\"@type\":\"WebSite\",\"@id\":\"https:\/\/conexion23.com\/#website\",\"url\":\"https:\/\/conexion23.com\/\",\"name\":\"Conexi\u00f3n 23\",\"description\":\"Peri\u00f3dico 100% Petromacorisano\",\"publisher\":{\"@id\":\"https:\/\/conexion23.com\/#organization\"},\"potentialAction\":[{\"@type\":\"SearchAction\",\"target\":{\"@type\":\"EntryPoint\",\"urlTemplate\":\"https:\/\/conexion23.com\/?s={search_term_string}\"},\"query-input\":{\"@type\":\"PropertyValueSpecification\",\"valueRequired\":true,\"valueName\":\"search_term_string\"}}],\"inLanguage\":\"es\"},{\"@type\":\"Organization\",\"@id\":\"https:\/\/conexion23.com\/#organization\",\"name\":\"Conexion 23\",\"url\":\"https:\/\/conexion23.com\/\",\"logo\":{\"@type\":\"ImageObject\",\"inLanguage\":\"es\",\"@id\":\"https:\/\/conexion23.com\/#\/schema\/logo\/image\/\",\"url\":\"https:\/\/conexion23.com\/wp-content\/uploads\/2021\/11\/Diseno-sin-titulo-2.png\",\"contentUrl\":\"https:\/\/conexion23.com\/wp-content\/uploads\/2021\/11\/Diseno-sin-titulo-2.png\",\"width\":541,\"height\":90,\"caption\":\"Conexion 23\"},\"image\":{\"@id\":\"https:\/\/conexion23.com\/#\/schema\/logo\/image\/\"},\"sameAs\":[\"https:\/\/www.facebook.com\/conexion23com\",\"https:\/\/www.instagram.com\/conexion23com\/\",\"https:\/\/www.youtube.com\/channel\/UCYc7vxxFZMYLIHNsHHxPZ3Q\"]},{\"@type\":\"Person\",\"@id\":\"https:\/\/conexion23.com\/#\/schema\/person\/03e36043331117e97a373299bbcd30a6\",\"name\":\"Raffy Ben\u00edtez\",\"image\":{\"@type\":\"ImageObject\",\"inLanguage\":\"es\",\"@id\":\"https:\/\/conexion23.com\/#\/schema\/person\/image\/\",\"url\":\"https:\/\/secure.gravatar.com\/avatar\/3190a6a6c5e1b0327500f7d6c56b6242472ee6cb974cf09b401ee6b3b0798f23?s=96&d=mm&r=g\",\"contentUrl\":\"https:\/\/secure.gravatar.com\/avatar\/3190a6a6c5e1b0327500f7d6c56b6242472ee6cb974cf09b401ee6b3b0798f23?s=96&d=mm&r=g\",\"caption\":\"Raffy Ben\u00edtez\"},\"url\":\"https:\/\/conexion23.com\/?author=15\"}]}<\/script>\n<!-- \/ Yoast SEO plugin. -->","yoast_head_json":{"title":"Trump elige al senador de Ohio J.D. Vance como su vicepresidente. - Conexi\u00f3n 23","robots":{"index":"index","follow":"follow","max-snippet":"max-snippet:-1","max-image-preview":"max-image-preview:large","max-video-preview":"max-video-preview:-1"},"canonical":"http:\/\/conexion23.com\/?p=30573","og_locale":"es_ES","og_type":"article","og_title":"Trump elige al senador de Ohio J.D. Vance como su vicepresidente. - Conexi\u00f3n 23","og_description":"El expresidente Donald Trump seleccion\u00f3 al senador de Ohio J.D. Vance como su compa\u00f1ero de f\u00f3rmula, elevando a un aliado incondicional y una joven estrella del Partido Republicano que, hace menos de una d\u00e9cada, salt\u00f3 a la fama como cr\u00edtico de Trump. Pero en los \u00faltimos a\u00f1os, Vance, de 39 a\u00f1os, se ha convertido en [&hellip;]","og_url":"http:\/\/conexion23.com\/?p=30573","og_site_name":"Conexi\u00f3n 23","article_publisher":"https:\/\/www.facebook.com\/conexion23com","article_published_time":"2024-07-16T12:23:45+00:00","article_modified_time":"2024-07-16T12:23:48+00:00","og_image":[{"width":905,"height":613,"url":"http:\/\/conexion23.com\/wp-content\/uploads\/2024\/07\/90-905x613-1.jpeg","type":"image\/jpeg"}],"author":"Raffy Ben\u00edtez","twitter_card":"summary_large_image","twitter_misc":{"Escrito por":"Raffy Ben\u00edtez","Tiempo de lectura":"4 minutos"},"schema":{"@context":"https:\/\/schema.org","@graph":[{"@type":"Article","@id":"http:\/\/conexion23.com\/?p=30573#article","isPartOf":{"@id":"http:\/\/conexion23.com\/?p=30573"},"author":{"name":"Raffy Ben\u00edtez","@id":"https:\/\/conexion23.com\/#\/schema\/person\/03e36043331117e97a373299bbcd30a6"},"headline":"Trump elige al senador de Ohio J.D. Vance como su vicepresidente.","datePublished":"2024-07-16T12:23:45+00:00","dateModified":"2024-07-16T12:23:48+00:00","mainEntityOfPage":{"@id":"http:\/\/conexion23.com\/?p=30573"},"wordCount":796,"commentCount":0,"publisher":{"@id":"https:\/\/conexion23.com\/#organization"},"image":{"@id":"http:\/\/conexion23.com\/?p=30573#primaryimage"},"thumbnailUrl":"https:\/\/conexion23.com\/wp-content\/uploads\/2024\/07\/90-905x613-1.jpeg","articleSection":["Uncategorized"],"inLanguage":"es","potentialAction":[{"@type":"CommentAction","name":"Comment","target":["http:\/\/conexion23.com\/?p=30573#respond"]}]},{"@type":"WebPage","@id":"http:\/\/conexion23.com\/?p=30573","url":"http:\/\/conexion23.com\/?p=30573","name":"Trump elige al senador de Ohio J.D. Vance como su vicepresidente. - Conexi\u00f3n 23","isPartOf":{"@id":"https:\/\/conexion23.com\/#website"},"primaryImageOfPage":{"@id":"http:\/\/conexion23.com\/?p=30573#primaryimage"},"image":{"@id":"http:\/\/conexion23.com\/?p=30573#primaryimage"},"thumbnailUrl":"https:\/\/conexion23.com\/wp-content\/uploads\/2024\/07\/90-905x613-1.jpeg","datePublished":"2024-07-16T12:23:45+00:00","dateModified":"2024-07-16T12:23:48+00:00","breadcrumb":{"@id":"http:\/\/conexion23.com\/?p=30573#breadcrumb"},"inLanguage":"es","potentialAction":[{"@type":"ReadAction","target":["http:\/\/conexion23.com\/?p=30573"]}]},{"@type":"ImageObject","inLanguage":"es","@id":"http:\/\/conexion23.com\/?p=30573#primaryimage","url":"https:\/\/conexion23.com\/wp-content\/uploads\/2024\/07\/90-905x613-1.jpeg","contentUrl":"https:\/\/conexion23.com\/wp-content\/uploads\/2024\/07\/90-905x613-1.jpeg","width":905,"height":613},{"@type":"BreadcrumbList","@id":"http:\/\/conexion23.com\/?p=30573#breadcrumb","itemListElement":[{"@type":"ListItem","position":1,"name":"Portada","item":"https:\/\/conexion23.com\/"},{"@type":"ListItem","position":2,"name":"Trump elige al senador de Ohio J.D. Vance como su vicepresidente."}]},{"@type":"WebSite","@id":"https:\/\/conexion23.com\/#website","url":"https:\/\/conexion23.com\/","name":"Conexi\u00f3n 23","description":"Peri\u00f3dico 100% Petromacorisano","publisher":{"@id":"https:\/\/conexion23.com\/#organization"},"potentialAction":[{"@type":"SearchAction","target":{"@type":"EntryPoint","urlTemplate":"https:\/\/conexion23.com\/?s={search_term_string}"},"query-input":{"@type":"PropertyValueSpecification","valueRequired":true,"valueName":"search_term_string"}}],"inLanguage":"es"},{"@type":"Organization","@id":"https:\/\/conexion23.com\/#organization","name":"Conexion 23","url":"https:\/\/conexion23.com\/","logo":{"@type":"ImageObject","inLanguage":"es","@id":"https:\/\/conexion23.com\/#\/schema\/logo\/image\/","url":"https:\/\/conexion23.com\/wp-content\/uploads\/2021\/11\/Diseno-sin-titulo-2.png","contentUrl":"https:\/\/conexion23.com\/wp-content\/uploads\/2021\/11\/Diseno-sin-titulo-2.png","width":541,"height":90,"caption":"Conexion 23"},"image":{"@id":"https:\/\/conexion23.com\/#\/schema\/logo\/image\/"},"sameAs":["https:\/\/www.facebook.com\/conexion23com","https:\/\/www.instagram.com\/conexion23com\/","https:\/\/www.youtube.com\/channel\/UCYc7vxxFZMYLIHNsHHxPZ3Q"]},{"@type":"Person","@id":"https:\/\/conexion23.com\/#\/schema\/person\/03e36043331117e97a373299bbcd30a6","name":"Raffy Ben\u00edtez","image":{"@type":"ImageObject","inLanguage":"es","@id":"https:\/\/conexion23.com\/#\/schema\/person\/image\/","url":"https:\/\/secure.gravatar.com\/avatar\/3190a6a6c5e1b0327500f7d6c56b6242472ee6cb974cf09b401ee6b3b0798f23?s=96&d=mm&r=g","contentUrl":"https:\/\/secure.gravatar.com\/avatar\/3190a6a6c5e1b0327500f7d6c56b6242472ee6cb974cf09b401ee6b3b0798f23?s=96&d=mm&r=g","caption":"Raffy Ben\u00edtez"},"url":"https:\/\/conexion23.com\/?author=15"}]}},"_links":{"self":[{"href":"https:\/\/conexion23.com\/index.php?rest_route=\/wp\/v2\/posts\/30573","targetHints":{"allow":["GET"]}}],"collection":[{"href":"https:\/\/conexion23.com\/index.php?rest_route=\/wp\/v2\/posts"}],"about":[{"href":"https:\/\/conexion23.com\/index.php?rest_route=\/wp\/v2\/types\/post"}],"author":[{"embeddable":true,"href":"https:\/\/conexion23.com\/index.php?rest_route=\/wp\/v2\/users\/15"}],"replies":[{"embeddable":true,"href":"https:\/\/conexion23.com\/index.php?rest_route=%2Fwp%2Fv2%2Fcomments&post=30573"}],"version-history":[{"count":1,"href":"https:\/\/conexion23.com\/index.php?rest_route=\/wp\/v2\/posts\/30573\/revisions"}],"predecessor-version":[{"id":30575,"href":"https:\/\/conexion23.com\/index.php?rest_route=\/wp\/v2\/posts\/30573\/revisions\/30575"}],"wp:featuredmedia":[{"embeddable":true,"href":"https:\/\/conexion23.com\/index.php?rest_route=\/wp\/v2\/media\/30574"}],"wp:attachment":[{"href":"https:\/\/conexion23.com\/index.php?rest_route=%2Fwp%2Fv2%2Fmedia&parent=30573"}],"wp:term":[{"taxonomy":"category","embeddable":true,"href":"https:\/\/conexion23.com\/index.php?rest_route=%2Fwp%2Fv2%2Fcategories&post=30573"},{"taxonomy":"post_tag","embeddable":true,"href":"https:\/\/conexion23.com\/index.php?rest_route=%2Fwp%2Fv2%2Ftags&post=30573"}],"curies":[{"name":"wp","href":"https:\/\/api.w.org\/{rel}","templated":true}]}}