{"id":30579,"date":"2024-07-17T07:15:13","date_gmt":"2024-07-17T11:15:13","guid":{"rendered":"https:\/\/conexion23.com\/?p=30579"},"modified":"2024-07-17T07:19:03","modified_gmt":"2024-07-17T11:19:03","slug":"muere-un-piloto-tras-estrellarse-un-avion-de-la-fuerza-aerea-argentina","status":"publish","type":"post","link":"https:\/\/conexion23.com\/?p=30579","title":{"rendered":"Muere un piloto tras estrellarse un avi\u00f3n de la fuerza a\u00e9rea argentina."},"content":{"rendered":"\n<p>Un piloto ha muerto tras estrellarse la aeronave que pilotaba, un caza-bombardero Lockheed Martin A-4AR Fightinghawk, en la ciudad de Villa Reynolds, en la provincia argentina de San Luis, seg\u00fan un comunicado compartido por la Fuerza A\u00e9rea Argentina. <\/p>\n\n\n\n<p>El texto indica que el siniestro ocurri\u00f3 durante la fase de adiestramiento a\u00e9reo nocturno desarrollada con el sistema de armas del avi\u00f3n, detallando que ya se ha abierto una investigaci\u00f3n sobre los hechos.<\/p>\n","protected":false},"excerpt":{"rendered":"<p>Un piloto ha muerto tras estrellarse la aeronave que pilotaba, un caza-bombardero Lockheed Martin A-4AR Fightinghawk, en la ciudad de Villa Reynolds, en la provincia argentina de San Luis, seg\u00fan un comunicado compartido por la Fuerza A\u00e9rea Argentina. El texto indica que el siniestro ocurri\u00f3 durante la fase de adiestramiento a\u00e9reo nocturno desarrollada con el [&hellip;]<\/p>\n","protected":false},"author":15,"featured_media":30584,"comment_status":"open","ping_status":"open","sticky":false,"template":"","format":"standard","meta":{"footnotes":""},"categories":[1],"tags":[],"class_list":{"0":"post-30579","1":"post","2":"type-post","3":"status-publish","4":"format-standard","5":"has-post-thumbnail","7":"category-uncategorized"},"yoast_head":"<!-- This site is optimized with the Yoast SEO plugin v27.1.1 - https:\/\/yoast.com\/product\/yoast-seo-wordpress\/ -->\n<title>Muere un piloto tras estrellarse un avi\u00f3n de la fuerza a\u00e9rea argentina. - Conexi\u00f3n 23<\/title>\n<meta name=\"robots\" content=\"index, follow, max-snippet:-1, max-image-preview:large, max-video-preview:-1\" \/>\n<link rel=\"canonical\" href=\"http:\/\/conexion23.com\/?p=30579\" \/>\n<meta property=\"og:locale\" content=\"es_ES\" \/>\n<meta property=\"og:type\" content=\"article\" \/>\n<meta property=\"og:title\" content=\"Muere un piloto tras estrellarse un avi\u00f3n de la fuerza a\u00e9rea argentina. - Conexi\u00f3n 23\" \/>\n<meta property=\"og:description\" content=\"Un piloto ha muerto tras estrellarse la aeronave que pilotaba, un caza-bombardero Lockheed Martin A-4AR Fightinghawk, en la ciudad de Villa Reynolds, en la provincia argentina de San Luis, seg\u00fan un comunicado compartido por la Fuerza A\u00e9rea Argentina. El texto indica que el siniestro ocurri\u00f3 durante la fase de adiestramiento a\u00e9reo nocturno desarrollada con el [&hellip;]\" \/>\n<meta property=\"og:url\" content=\"http:\/\/conexion23.com\/?p=30579\" \/>\n<meta property=\"og:site_name\" content=\"Conexi\u00f3n 23\" \/>\n<meta property=\"article:publisher\" content=\"https:\/\/www.facebook.com\/conexion23com\" \/>\n<meta property=\"article:published_time\" content=\"2024-07-17T11:15:13+00:00\" \/>\n<meta property=\"article:modified_time\" content=\"2024-07-17T11:19:03+00:00\" \/>\n<meta property=\"og:image\" content=\"http:\/\/conexion23.com\/wp-content\/uploads\/2024\/07\/gh-2.jpg\" \/>\n\t<meta property=\"og:image:width\" content=\"295\" \/>\n\t<meta property=\"og:image:height\" content=\"168\" \/>\n\t<meta property=\"og:image:type\" content=\"image\/jpeg\" \/>\n<meta name=\"author\" content=\"Raffy Ben\u00edtez\" \/>\n<meta name=\"twitter:card\" content=\"summary_large_image\" \/>\n<meta name=\"twitter:label1\" content=\"Escrito por\" \/>\n\t<meta name=\"twitter:data1\" content=\"Raffy Ben\u00edtez\" \/>\n\t<meta name=\"twitter:label2\" content=\"Tiempo de lectura\" \/>\n\t<meta name=\"twitter:data2\" content=\"1 minuto\" \/>\n<script type=\"application\/ld+json\" class=\"yoast-schema-graph\">{\"@context\":\"https:\/\/schema.org\",\"@graph\":[{\"@type\":\"Article\",\"@id\":\"http:\/\/conexion23.com\/?p=30579#article\",\"isPartOf\":{\"@id\":\"http:\/\/conexion23.com\/?p=30579\"},\"author\":{\"name\":\"Raffy Ben\u00edtez\",\"@id\":\"https:\/\/conexion23.com\/#\/schema\/person\/03e36043331117e97a373299bbcd30a6\"},\"headline\":\"Muere un piloto tras estrellarse un avi\u00f3n de la fuerza a\u00e9rea argentina.\",\"datePublished\":\"2024-07-17T11:15:13+00:00\",\"dateModified\":\"2024-07-17T11:19:03+00:00\",\"mainEntityOfPage\":{\"@id\":\"http:\/\/conexion23.com\/?p=30579\"},\"wordCount\":91,\"commentCount\":0,\"publisher\":{\"@id\":\"https:\/\/conexion23.com\/#organization\"},\"image\":{\"@id\":\"http:\/\/conexion23.com\/?p=30579#primaryimage\"},\"thumbnailUrl\":\"https:\/\/conexion23.com\/wp-content\/uploads\/2024\/07\/gh-2.jpg\",\"articleSection\":[\"Uncategorized\"],\"inLanguage\":\"es\",\"potentialAction\":[{\"@type\":\"CommentAction\",\"name\":\"Comment\",\"target\":[\"http:\/\/conexion23.com\/?p=30579#respond\"]}]},{\"@type\":\"WebPage\",\"@id\":\"http:\/\/conexion23.com\/?p=30579\",\"url\":\"http:\/\/conexion23.com\/?p=30579\",\"name\":\"Muere un piloto tras estrellarse un avi\u00f3n de la fuerza a\u00e9rea argentina. - Conexi\u00f3n 23\",\"isPartOf\":{\"@id\":\"https:\/\/conexion23.com\/#website\"},\"primaryImageOfPage\":{\"@id\":\"http:\/\/conexion23.com\/?p=30579#primaryimage\"},\"image\":{\"@id\":\"http:\/\/conexion23.com\/?p=30579#primaryimage\"},\"thumbnailUrl\":\"https:\/\/conexion23.com\/wp-content\/uploads\/2024\/07\/gh-2.jpg\",\"datePublished\":\"2024-07-17T11:15:13+00:00\",\"dateModified\":\"2024-07-17T11:19:03+00:00\",\"breadcrumb\":{\"@id\":\"http:\/\/conexion23.com\/?p=30579#breadcrumb\"},\"inLanguage\":\"es\",\"potentialAction\":[{\"@type\":\"ReadAction\",\"target\":[\"http:\/\/conexion23.com\/?p=30579\"]}]},{\"@type\":\"ImageObject\",\"inLanguage\":\"es\",\"@id\":\"http:\/\/conexion23.com\/?p=30579#primaryimage\",\"url\":\"https:\/\/conexion23.com\/wp-content\/uploads\/2024\/07\/gh-2.jpg\",\"contentUrl\":\"https:\/\/conexion23.com\/wp-content\/uploads\/2024\/07\/gh-2.jpg\",\"width\":295,\"height\":168},{\"@type\":\"BreadcrumbList\",\"@id\":\"http:\/\/conexion23.com\/?p=30579#breadcrumb\",\"itemListElement\":[{\"@type\":\"ListItem\",\"position\":1,\"name\":\"Portada\",\"item\":\"https:\/\/conexion23.com\/\"},{\"@type\":\"ListItem\",\"position\":2,\"name\":\"Muere un piloto tras estrellarse un avi\u00f3n de la fuerza a\u00e9rea argentina.\"}]},{\"@type\":\"WebSite\",\"@id\":\"https:\/\/conexion23.com\/#website\",\"url\":\"https:\/\/conexion23.com\/\",\"name\":\"Conexi\u00f3n 23\",\"description\":\"Peri\u00f3dico 100% Petromacorisano\",\"publisher\":{\"@id\":\"https:\/\/conexion23.com\/#organization\"},\"potentialAction\":[{\"@type\":\"SearchAction\",\"target\":{\"@type\":\"EntryPoint\",\"urlTemplate\":\"https:\/\/conexion23.com\/?s={search_term_string}\"},\"query-input\":{\"@type\":\"PropertyValueSpecification\",\"valueRequired\":true,\"valueName\":\"search_term_string\"}}],\"inLanguage\":\"es\"},{\"@type\":\"Organization\",\"@id\":\"https:\/\/conexion23.com\/#organization\",\"name\":\"Conexion 23\",\"url\":\"https:\/\/conexion23.com\/\",\"logo\":{\"@type\":\"ImageObject\",\"inLanguage\":\"es\",\"@id\":\"https:\/\/conexion23.com\/#\/schema\/logo\/image\/\",\"url\":\"https:\/\/conexion23.com\/wp-content\/uploads\/2021\/11\/Diseno-sin-titulo-2.png\",\"contentUrl\":\"https:\/\/conexion23.com\/wp-content\/uploads\/2021\/11\/Diseno-sin-titulo-2.png\",\"width\":541,\"height\":90,\"caption\":\"Conexion 23\"},\"image\":{\"@id\":\"https:\/\/conexion23.com\/#\/schema\/logo\/image\/\"},\"sameAs\":[\"https:\/\/www.facebook.com\/conexion23com\",\"https:\/\/www.instagram.com\/conexion23com\/\",\"https:\/\/www.youtube.com\/channel\/UCYc7vxxFZMYLIHNsHHxPZ3Q\"]},{\"@type\":\"Person\",\"@id\":\"https:\/\/conexion23.com\/#\/schema\/person\/03e36043331117e97a373299bbcd30a6\",\"name\":\"Raffy Ben\u00edtez\",\"image\":{\"@type\":\"ImageObject\",\"inLanguage\":\"es\",\"@id\":\"https:\/\/conexion23.com\/#\/schema\/person\/image\/\",\"url\":\"https:\/\/secure.gravatar.com\/avatar\/3190a6a6c5e1b0327500f7d6c56b6242472ee6cb974cf09b401ee6b3b0798f23?s=96&d=mm&r=g\",\"contentUrl\":\"https:\/\/secure.gravatar.com\/avatar\/3190a6a6c5e1b0327500f7d6c56b6242472ee6cb974cf09b401ee6b3b0798f23?s=96&d=mm&r=g\",\"caption\":\"Raffy Ben\u00edtez\"},\"url\":\"https:\/\/conexion23.com\/?author=15\"}]}<\/script>\n<!-- \/ Yoast SEO plugin. -->","yoast_head_json":{"title":"Muere un piloto tras estrellarse un avi\u00f3n de la fuerza a\u00e9rea argentina. - Conexi\u00f3n 23","robots":{"index":"index","follow":"follow","max-snippet":"max-snippet:-1","max-image-preview":"max-image-preview:large","max-video-preview":"max-video-preview:-1"},"canonical":"http:\/\/conexion23.com\/?p=30579","og_locale":"es_ES","og_type":"article","og_title":"Muere un piloto tras estrellarse un avi\u00f3n de la fuerza a\u00e9rea argentina. - Conexi\u00f3n 23","og_description":"Un piloto ha muerto tras estrellarse la aeronave que pilotaba, un caza-bombardero Lockheed Martin A-4AR Fightinghawk, en la ciudad de Villa Reynolds, en la provincia argentina de San Luis, seg\u00fan un comunicado compartido por la Fuerza A\u00e9rea Argentina. El texto indica que el siniestro ocurri\u00f3 durante la fase de adiestramiento a\u00e9reo nocturno desarrollada con el [&hellip;]","og_url":"http:\/\/conexion23.com\/?p=30579","og_site_name":"Conexi\u00f3n 23","article_publisher":"https:\/\/www.facebook.com\/conexion23com","article_published_time":"2024-07-17T11:15:13+00:00","article_modified_time":"2024-07-17T11:19:03+00:00","og_image":[{"width":295,"height":168,"url":"http:\/\/conexion23.com\/wp-content\/uploads\/2024\/07\/gh-2.jpg","type":"image\/jpeg"}],"author":"Raffy Ben\u00edtez","twitter_card":"summary_large_image","twitter_misc":{"Escrito por":"Raffy Ben\u00edtez","Tiempo de lectura":"1 minuto"},"schema":{"@context":"https:\/\/schema.org","@graph":[{"@type":"Article","@id":"http:\/\/conexion23.com\/?p=30579#article","isPartOf":{"@id":"http:\/\/conexion23.com\/?p=30579"},"author":{"name":"Raffy Ben\u00edtez","@id":"https:\/\/conexion23.com\/#\/schema\/person\/03e36043331117e97a373299bbcd30a6"},"headline":"Muere un piloto tras estrellarse un avi\u00f3n de la fuerza a\u00e9rea argentina.","datePublished":"2024-07-17T11:15:13+00:00","dateModified":"2024-07-17T11:19:03+00:00","mainEntityOfPage":{"@id":"http:\/\/conexion23.com\/?p=30579"},"wordCount":91,"commentCount":0,"publisher":{"@id":"https:\/\/conexion23.com\/#organization"},"image":{"@id":"http:\/\/conexion23.com\/?p=30579#primaryimage"},"thumbnailUrl":"https:\/\/conexion23.com\/wp-content\/uploads\/2024\/07\/gh-2.jpg","articleSection":["Uncategorized"],"inLanguage":"es","potentialAction":[{"@type":"CommentAction","name":"Comment","target":["http:\/\/conexion23.com\/?p=30579#respond"]}]},{"@type":"WebPage","@id":"http:\/\/conexion23.com\/?p=30579","url":"http:\/\/conexion23.com\/?p=30579","name":"Muere un piloto tras estrellarse un avi\u00f3n de la fuerza a\u00e9rea argentina. - Conexi\u00f3n 23","isPartOf":{"@id":"https:\/\/conexion23.com\/#website"},"primaryImageOfPage":{"@id":"http:\/\/conexion23.com\/?p=30579#primaryimage"},"image":{"@id":"http:\/\/conexion23.com\/?p=30579#primaryimage"},"thumbnailUrl":"https:\/\/conexion23.com\/wp-content\/uploads\/2024\/07\/gh-2.jpg","datePublished":"2024-07-17T11:15:13+00:00","dateModified":"2024-07-17T11:19:03+00:00","breadcrumb":{"@id":"http:\/\/conexion23.com\/?p=30579#breadcrumb"},"inLanguage":"es","potentialAction":[{"@type":"ReadAction","target":["http:\/\/conexion23.com\/?p=30579"]}]},{"@type":"ImageObject","inLanguage":"es","@id":"http:\/\/conexion23.com\/?p=30579#primaryimage","url":"https:\/\/conexion23.com\/wp-content\/uploads\/2024\/07\/gh-2.jpg","contentUrl":"https:\/\/conexion23.com\/wp-content\/uploads\/2024\/07\/gh-2.jpg","width":295,"height":168},{"@type":"BreadcrumbList","@id":"http:\/\/conexion23.com\/?p=30579#breadcrumb","itemListElement":[{"@type":"ListItem","position":1,"name":"Portada","item":"https:\/\/conexion23.com\/"},{"@type":"ListItem","position":2,"name":"Muere un piloto tras estrellarse un avi\u00f3n de la fuerza a\u00e9rea argentina."}]},{"@type":"WebSite","@id":"https:\/\/conexion23.com\/#website","url":"https:\/\/conexion23.com\/","name":"Conexi\u00f3n 23","description":"Peri\u00f3dico 100% Petromacorisano","publisher":{"@id":"https:\/\/conexion23.com\/#organization"},"potentialAction":[{"@type":"SearchAction","target":{"@type":"EntryPoint","urlTemplate":"https:\/\/conexion23.com\/?s={search_term_string}"},"query-input":{"@type":"PropertyValueSpecification","valueRequired":true,"valueName":"search_term_string"}}],"inLanguage":"es"},{"@type":"Organization","@id":"https:\/\/conexion23.com\/#organization","name":"Conexion 23","url":"https:\/\/conexion23.com\/","logo":{"@type":"ImageObject","inLanguage":"es","@id":"https:\/\/conexion23.com\/#\/schema\/logo\/image\/","url":"https:\/\/conexion23.com\/wp-content\/uploads\/2021\/11\/Diseno-sin-titulo-2.png","contentUrl":"https:\/\/conexion23.com\/wp-content\/uploads\/2021\/11\/Diseno-sin-titulo-2.png","width":541,"height":90,"caption":"Conexion 23"},"image":{"@id":"https:\/\/conexion23.com\/#\/schema\/logo\/image\/"},"sameAs":["https:\/\/www.facebook.com\/conexion23com","https:\/\/www.instagram.com\/conexion23com\/","https:\/\/www.youtube.com\/channel\/UCYc7vxxFZMYLIHNsHHxPZ3Q"]},{"@type":"Person","@id":"https:\/\/conexion23.com\/#\/schema\/person\/03e36043331117e97a373299bbcd30a6","name":"Raffy Ben\u00edtez","image":{"@type":"ImageObject","inLanguage":"es","@id":"https:\/\/conexion23.com\/#\/schema\/person\/image\/","url":"https:\/\/secure.gravatar.com\/avatar\/3190a6a6c5e1b0327500f7d6c56b6242472ee6cb974cf09b401ee6b3b0798f23?s=96&d=mm&r=g","contentUrl":"https:\/\/secure.gravatar.com\/avatar\/3190a6a6c5e1b0327500f7d6c56b6242472ee6cb974cf09b401ee6b3b0798f23?s=96&d=mm&r=g","caption":"Raffy Ben\u00edtez"},"url":"https:\/\/conexion23.com\/?author=15"}]}},"_links":{"self":[{"href":"https:\/\/conexion23.com\/index.php?rest_route=\/wp\/v2\/posts\/30579","targetHints":{"allow":["GET"]}}],"collection":[{"href":"https:\/\/conexion23.com\/index.php?rest_route=\/wp\/v2\/posts"}],"about":[{"href":"https:\/\/conexion23.com\/index.php?rest_route=\/wp\/v2\/types\/post"}],"author":[{"embeddable":true,"href":"https:\/\/conexion23.com\/index.php?rest_route=\/wp\/v2\/users\/15"}],"replies":[{"embeddable":true,"href":"https:\/\/conexion23.com\/index.php?rest_route=%2Fwp%2Fv2%2Fcomments&post=30579"}],"version-history":[{"count":2,"href":"https:\/\/conexion23.com\/index.php?rest_route=\/wp\/v2\/posts\/30579\/revisions"}],"predecessor-version":[{"id":30582,"href":"https:\/\/conexion23.com\/index.php?rest_route=\/wp\/v2\/posts\/30579\/revisions\/30582"}],"wp:featuredmedia":[{"embeddable":true,"href":"https:\/\/conexion23.com\/index.php?rest_route=\/wp\/v2\/media\/30584"}],"wp:attachment":[{"href":"https:\/\/conexion23.com\/index.php?rest_route=%2Fwp%2Fv2%2Fmedia&parent=30579"}],"wp:term":[{"taxonomy":"category","embeddable":true,"href":"https:\/\/conexion23.com\/index.php?rest_route=%2Fwp%2Fv2%2Fcategories&post=30579"},{"taxonomy":"post_tag","embeddable":true,"href":"https:\/\/conexion23.com\/index.php?rest_route=%2Fwp%2Fv2%2Ftags&post=30579"}],"curies":[{"name":"wp","href":"https:\/\/api.w.org\/{rel}","templated":true}]}}