{"id":30586,"date":"2024-07-17T07:23:36","date_gmt":"2024-07-17T11:23:36","guid":{"rendered":"https:\/\/conexion23.com\/?p=30586"},"modified":"2024-07-17T07:23:40","modified_gmt":"2024-07-17T11:23:40","slug":"un-hombre-muere-cuando-su-moto-fue-chocada-por-un-carro-en-spm","status":"publish","type":"post","link":"https:\/\/conexion23.com\/?p=30586","title":{"rendered":"Un hombre muere cuando su moto fue chocada por un carro en SPM."},"content":{"rendered":"\n<p>Murio en el Hospital Antonio Musa de esta ciudad un hombre quien hab\u00eda resultado con golpes luego de que la motocicleta en que transitaba fuera chocada por un carro.<\/p>\n\n\n\n<p>El muerto es&nbsp;<strong>Felipe Santana<\/strong>, de 69 anos, quien resid\u00eda en el Barrio Miramar y se desempe\u00f1aba como motoconcho.<\/p>\n\n\n\n<p>El accidente ocurri\u00f3 en la calle Laureano Canto, a su paso por el Parque de los Restauradores.<\/p>\n\n\n\n<p>Las versiones indican que fue chocado por un carro blanco, cuyo conductor no fue encontrado en el lugar del hecho.<\/p>\n\n\n\n<p>Santana fue llevado a la sala de emergencias del Hospital Antonio Musa donde murio cuando era asistido en el \u00e1rea de reanimaci\u00f3n.<\/p>\n","protected":false},"excerpt":{"rendered":"<p>Murio en el Hospital Antonio Musa de esta ciudad un hombre quien hab\u00eda resultado con golpes luego de que la motocicleta en que transitaba fuera chocada por un carro. El muerto es&nbsp;Felipe Santana, de 69 anos, quien resid\u00eda en el Barrio Miramar y se desempe\u00f1aba como motoconcho. El accidente ocurri\u00f3 en la calle Laureano Canto, [&hellip;]<\/p>\n","protected":false},"author":15,"featured_media":30587,"comment_status":"open","ping_status":"open","sticky":false,"template":"","format":"standard","meta":{"footnotes":""},"categories":[35],"tags":[],"class_list":{"0":"post-30586","1":"post","2":"type-post","3":"status-publish","4":"format-standard","5":"has-post-thumbnail","7":"category-spm"},"yoast_head":"<!-- This site is optimized with the Yoast SEO plugin v27.1.1 - https:\/\/yoast.com\/product\/yoast-seo-wordpress\/ -->\n<title>Un hombre muere cuando su moto fue chocada por un carro en SPM. - Conexi\u00f3n 23<\/title>\n<meta name=\"robots\" content=\"index, follow, max-snippet:-1, max-image-preview:large, max-video-preview:-1\" \/>\n<link rel=\"canonical\" href=\"http:\/\/conexion23.com\/?p=30586\" \/>\n<meta property=\"og:locale\" content=\"es_ES\" \/>\n<meta property=\"og:type\" content=\"article\" \/>\n<meta property=\"og:title\" content=\"Un hombre muere cuando su moto fue chocada por un carro en SPM. - Conexi\u00f3n 23\" \/>\n<meta property=\"og:description\" content=\"Murio en el Hospital Antonio Musa de esta ciudad un hombre quien hab\u00eda resultado con golpes luego de que la motocicleta en que transitaba fuera chocada por un carro. El muerto es&nbsp;Felipe Santana, de 69 anos, quien resid\u00eda en el Barrio Miramar y se desempe\u00f1aba como motoconcho. El accidente ocurri\u00f3 en la calle Laureano Canto, [&hellip;]\" \/>\n<meta property=\"og:url\" content=\"http:\/\/conexion23.com\/?p=30586\" \/>\n<meta property=\"og:site_name\" content=\"Conexi\u00f3n 23\" \/>\n<meta property=\"article:publisher\" content=\"https:\/\/www.facebook.com\/conexion23com\" \/>\n<meta property=\"article:published_time\" content=\"2024-07-17T11:23:36+00:00\" \/>\n<meta property=\"article:modified_time\" content=\"2024-07-17T11:23:40+00:00\" \/>\n<meta property=\"og:image\" content=\"http:\/\/conexion23.com\/wp-content\/uploads\/2024\/07\/Felipe_Santana.jpg\" \/>\n\t<meta property=\"og:image:width\" content=\"512\" \/>\n\t<meta property=\"og:image:height\" content=\"512\" \/>\n\t<meta property=\"og:image:type\" content=\"image\/jpeg\" \/>\n<meta name=\"author\" content=\"Raffy Ben\u00edtez\" \/>\n<meta name=\"twitter:card\" content=\"summary_large_image\" \/>\n<meta name=\"twitter:label1\" content=\"Escrito por\" \/>\n\t<meta name=\"twitter:data1\" content=\"Raffy Ben\u00edtez\" \/>\n\t<meta name=\"twitter:label2\" content=\"Tiempo de lectura\" \/>\n\t<meta name=\"twitter:data2\" content=\"1 minuto\" \/>\n<script type=\"application\/ld+json\" class=\"yoast-schema-graph\">{\"@context\":\"https:\/\/schema.org\",\"@graph\":[{\"@type\":\"Article\",\"@id\":\"http:\/\/conexion23.com\/?p=30586#article\",\"isPartOf\":{\"@id\":\"http:\/\/conexion23.com\/?p=30586\"},\"author\":{\"name\":\"Raffy Ben\u00edtez\",\"@id\":\"https:\/\/conexion23.com\/#\/schema\/person\/03e36043331117e97a373299bbcd30a6\"},\"headline\":\"Un hombre muere cuando su moto fue chocada por un carro en SPM.\",\"datePublished\":\"2024-07-17T11:23:36+00:00\",\"dateModified\":\"2024-07-17T11:23:40+00:00\",\"mainEntityOfPage\":{\"@id\":\"http:\/\/conexion23.com\/?p=30586\"},\"wordCount\":124,\"commentCount\":0,\"publisher\":{\"@id\":\"https:\/\/conexion23.com\/#organization\"},\"image\":{\"@id\":\"http:\/\/conexion23.com\/?p=30586#primaryimage\"},\"thumbnailUrl\":\"https:\/\/conexion23.com\/wp-content\/uploads\/2024\/07\/Felipe_Santana.jpg\",\"articleSection\":[\"SPM\"],\"inLanguage\":\"es\",\"potentialAction\":[{\"@type\":\"CommentAction\",\"name\":\"Comment\",\"target\":[\"http:\/\/conexion23.com\/?p=30586#respond\"]}]},{\"@type\":\"WebPage\",\"@id\":\"http:\/\/conexion23.com\/?p=30586\",\"url\":\"http:\/\/conexion23.com\/?p=30586\",\"name\":\"Un hombre muere cuando su moto fue chocada por un carro en SPM. - Conexi\u00f3n 23\",\"isPartOf\":{\"@id\":\"https:\/\/conexion23.com\/#website\"},\"primaryImageOfPage\":{\"@id\":\"http:\/\/conexion23.com\/?p=30586#primaryimage\"},\"image\":{\"@id\":\"http:\/\/conexion23.com\/?p=30586#primaryimage\"},\"thumbnailUrl\":\"https:\/\/conexion23.com\/wp-content\/uploads\/2024\/07\/Felipe_Santana.jpg\",\"datePublished\":\"2024-07-17T11:23:36+00:00\",\"dateModified\":\"2024-07-17T11:23:40+00:00\",\"breadcrumb\":{\"@id\":\"http:\/\/conexion23.com\/?p=30586#breadcrumb\"},\"inLanguage\":\"es\",\"potentialAction\":[{\"@type\":\"ReadAction\",\"target\":[\"http:\/\/conexion23.com\/?p=30586\"]}]},{\"@type\":\"ImageObject\",\"inLanguage\":\"es\",\"@id\":\"http:\/\/conexion23.com\/?p=30586#primaryimage\",\"url\":\"https:\/\/conexion23.com\/wp-content\/uploads\/2024\/07\/Felipe_Santana.jpg\",\"contentUrl\":\"https:\/\/conexion23.com\/wp-content\/uploads\/2024\/07\/Felipe_Santana.jpg\",\"width\":512,\"height\":512},{\"@type\":\"BreadcrumbList\",\"@id\":\"http:\/\/conexion23.com\/?p=30586#breadcrumb\",\"itemListElement\":[{\"@type\":\"ListItem\",\"position\":1,\"name\":\"Portada\",\"item\":\"https:\/\/conexion23.com\/\"},{\"@type\":\"ListItem\",\"position\":2,\"name\":\"Un hombre muere cuando su moto fue chocada por un carro en SPM.\"}]},{\"@type\":\"WebSite\",\"@id\":\"https:\/\/conexion23.com\/#website\",\"url\":\"https:\/\/conexion23.com\/\",\"name\":\"Conexi\u00f3n 23\",\"description\":\"Peri\u00f3dico 100% Petromacorisano\",\"publisher\":{\"@id\":\"https:\/\/conexion23.com\/#organization\"},\"potentialAction\":[{\"@type\":\"SearchAction\",\"target\":{\"@type\":\"EntryPoint\",\"urlTemplate\":\"https:\/\/conexion23.com\/?s={search_term_string}\"},\"query-input\":{\"@type\":\"PropertyValueSpecification\",\"valueRequired\":true,\"valueName\":\"search_term_string\"}}],\"inLanguage\":\"es\"},{\"@type\":\"Organization\",\"@id\":\"https:\/\/conexion23.com\/#organization\",\"name\":\"Conexion 23\",\"url\":\"https:\/\/conexion23.com\/\",\"logo\":{\"@type\":\"ImageObject\",\"inLanguage\":\"es\",\"@id\":\"https:\/\/conexion23.com\/#\/schema\/logo\/image\/\",\"url\":\"https:\/\/conexion23.com\/wp-content\/uploads\/2021\/11\/Diseno-sin-titulo-2.png\",\"contentUrl\":\"https:\/\/conexion23.com\/wp-content\/uploads\/2021\/11\/Diseno-sin-titulo-2.png\",\"width\":541,\"height\":90,\"caption\":\"Conexion 23\"},\"image\":{\"@id\":\"https:\/\/conexion23.com\/#\/schema\/logo\/image\/\"},\"sameAs\":[\"https:\/\/www.facebook.com\/conexion23com\",\"https:\/\/www.instagram.com\/conexion23com\/\",\"https:\/\/www.youtube.com\/channel\/UCYc7vxxFZMYLIHNsHHxPZ3Q\"]},{\"@type\":\"Person\",\"@id\":\"https:\/\/conexion23.com\/#\/schema\/person\/03e36043331117e97a373299bbcd30a6\",\"name\":\"Raffy Ben\u00edtez\",\"image\":{\"@type\":\"ImageObject\",\"inLanguage\":\"es\",\"@id\":\"https:\/\/conexion23.com\/#\/schema\/person\/image\/\",\"url\":\"https:\/\/secure.gravatar.com\/avatar\/3190a6a6c5e1b0327500f7d6c56b6242472ee6cb974cf09b401ee6b3b0798f23?s=96&d=mm&r=g\",\"contentUrl\":\"https:\/\/secure.gravatar.com\/avatar\/3190a6a6c5e1b0327500f7d6c56b6242472ee6cb974cf09b401ee6b3b0798f23?s=96&d=mm&r=g\",\"caption\":\"Raffy Ben\u00edtez\"},\"url\":\"https:\/\/conexion23.com\/?author=15\"}]}<\/script>\n<!-- \/ Yoast SEO plugin. -->","yoast_head_json":{"title":"Un hombre muere cuando su moto fue chocada por un carro en SPM. - Conexi\u00f3n 23","robots":{"index":"index","follow":"follow","max-snippet":"max-snippet:-1","max-image-preview":"max-image-preview:large","max-video-preview":"max-video-preview:-1"},"canonical":"http:\/\/conexion23.com\/?p=30586","og_locale":"es_ES","og_type":"article","og_title":"Un hombre muere cuando su moto fue chocada por un carro en SPM. - Conexi\u00f3n 23","og_description":"Murio en el Hospital Antonio Musa de esta ciudad un hombre quien hab\u00eda resultado con golpes luego de que la motocicleta en que transitaba fuera chocada por un carro. El muerto es&nbsp;Felipe Santana, de 69 anos, quien resid\u00eda en el Barrio Miramar y se desempe\u00f1aba como motoconcho. El accidente ocurri\u00f3 en la calle Laureano Canto, [&hellip;]","og_url":"http:\/\/conexion23.com\/?p=30586","og_site_name":"Conexi\u00f3n 23","article_publisher":"https:\/\/www.facebook.com\/conexion23com","article_published_time":"2024-07-17T11:23:36+00:00","article_modified_time":"2024-07-17T11:23:40+00:00","og_image":[{"width":512,"height":512,"url":"http:\/\/conexion23.com\/wp-content\/uploads\/2024\/07\/Felipe_Santana.jpg","type":"image\/jpeg"}],"author":"Raffy Ben\u00edtez","twitter_card":"summary_large_image","twitter_misc":{"Escrito por":"Raffy Ben\u00edtez","Tiempo de lectura":"1 minuto"},"schema":{"@context":"https:\/\/schema.org","@graph":[{"@type":"Article","@id":"http:\/\/conexion23.com\/?p=30586#article","isPartOf":{"@id":"http:\/\/conexion23.com\/?p=30586"},"author":{"name":"Raffy Ben\u00edtez","@id":"https:\/\/conexion23.com\/#\/schema\/person\/03e36043331117e97a373299bbcd30a6"},"headline":"Un hombre muere cuando su moto fue chocada por un carro en SPM.","datePublished":"2024-07-17T11:23:36+00:00","dateModified":"2024-07-17T11:23:40+00:00","mainEntityOfPage":{"@id":"http:\/\/conexion23.com\/?p=30586"},"wordCount":124,"commentCount":0,"publisher":{"@id":"https:\/\/conexion23.com\/#organization"},"image":{"@id":"http:\/\/conexion23.com\/?p=30586#primaryimage"},"thumbnailUrl":"https:\/\/conexion23.com\/wp-content\/uploads\/2024\/07\/Felipe_Santana.jpg","articleSection":["SPM"],"inLanguage":"es","potentialAction":[{"@type":"CommentAction","name":"Comment","target":["http:\/\/conexion23.com\/?p=30586#respond"]}]},{"@type":"WebPage","@id":"http:\/\/conexion23.com\/?p=30586","url":"http:\/\/conexion23.com\/?p=30586","name":"Un hombre muere cuando su moto fue chocada por un carro en SPM. - Conexi\u00f3n 23","isPartOf":{"@id":"https:\/\/conexion23.com\/#website"},"primaryImageOfPage":{"@id":"http:\/\/conexion23.com\/?p=30586#primaryimage"},"image":{"@id":"http:\/\/conexion23.com\/?p=30586#primaryimage"},"thumbnailUrl":"https:\/\/conexion23.com\/wp-content\/uploads\/2024\/07\/Felipe_Santana.jpg","datePublished":"2024-07-17T11:23:36+00:00","dateModified":"2024-07-17T11:23:40+00:00","breadcrumb":{"@id":"http:\/\/conexion23.com\/?p=30586#breadcrumb"},"inLanguage":"es","potentialAction":[{"@type":"ReadAction","target":["http:\/\/conexion23.com\/?p=30586"]}]},{"@type":"ImageObject","inLanguage":"es","@id":"http:\/\/conexion23.com\/?p=30586#primaryimage","url":"https:\/\/conexion23.com\/wp-content\/uploads\/2024\/07\/Felipe_Santana.jpg","contentUrl":"https:\/\/conexion23.com\/wp-content\/uploads\/2024\/07\/Felipe_Santana.jpg","width":512,"height":512},{"@type":"BreadcrumbList","@id":"http:\/\/conexion23.com\/?p=30586#breadcrumb","itemListElement":[{"@type":"ListItem","position":1,"name":"Portada","item":"https:\/\/conexion23.com\/"},{"@type":"ListItem","position":2,"name":"Un hombre muere cuando su moto fue chocada por un carro en SPM."}]},{"@type":"WebSite","@id":"https:\/\/conexion23.com\/#website","url":"https:\/\/conexion23.com\/","name":"Conexi\u00f3n 23","description":"Peri\u00f3dico 100% Petromacorisano","publisher":{"@id":"https:\/\/conexion23.com\/#organization"},"potentialAction":[{"@type":"SearchAction","target":{"@type":"EntryPoint","urlTemplate":"https:\/\/conexion23.com\/?s={search_term_string}"},"query-input":{"@type":"PropertyValueSpecification","valueRequired":true,"valueName":"search_term_string"}}],"inLanguage":"es"},{"@type":"Organization","@id":"https:\/\/conexion23.com\/#organization","name":"Conexion 23","url":"https:\/\/conexion23.com\/","logo":{"@type":"ImageObject","inLanguage":"es","@id":"https:\/\/conexion23.com\/#\/schema\/logo\/image\/","url":"https:\/\/conexion23.com\/wp-content\/uploads\/2021\/11\/Diseno-sin-titulo-2.png","contentUrl":"https:\/\/conexion23.com\/wp-content\/uploads\/2021\/11\/Diseno-sin-titulo-2.png","width":541,"height":90,"caption":"Conexion 23"},"image":{"@id":"https:\/\/conexion23.com\/#\/schema\/logo\/image\/"},"sameAs":["https:\/\/www.facebook.com\/conexion23com","https:\/\/www.instagram.com\/conexion23com\/","https:\/\/www.youtube.com\/channel\/UCYc7vxxFZMYLIHNsHHxPZ3Q"]},{"@type":"Person","@id":"https:\/\/conexion23.com\/#\/schema\/person\/03e36043331117e97a373299bbcd30a6","name":"Raffy Ben\u00edtez","image":{"@type":"ImageObject","inLanguage":"es","@id":"https:\/\/conexion23.com\/#\/schema\/person\/image\/","url":"https:\/\/secure.gravatar.com\/avatar\/3190a6a6c5e1b0327500f7d6c56b6242472ee6cb974cf09b401ee6b3b0798f23?s=96&d=mm&r=g","contentUrl":"https:\/\/secure.gravatar.com\/avatar\/3190a6a6c5e1b0327500f7d6c56b6242472ee6cb974cf09b401ee6b3b0798f23?s=96&d=mm&r=g","caption":"Raffy Ben\u00edtez"},"url":"https:\/\/conexion23.com\/?author=15"}]}},"_links":{"self":[{"href":"https:\/\/conexion23.com\/index.php?rest_route=\/wp\/v2\/posts\/30586","targetHints":{"allow":["GET"]}}],"collection":[{"href":"https:\/\/conexion23.com\/index.php?rest_route=\/wp\/v2\/posts"}],"about":[{"href":"https:\/\/conexion23.com\/index.php?rest_route=\/wp\/v2\/types\/post"}],"author":[{"embeddable":true,"href":"https:\/\/conexion23.com\/index.php?rest_route=\/wp\/v2\/users\/15"}],"replies":[{"embeddable":true,"href":"https:\/\/conexion23.com\/index.php?rest_route=%2Fwp%2Fv2%2Fcomments&post=30586"}],"version-history":[{"count":1,"href":"https:\/\/conexion23.com\/index.php?rest_route=\/wp\/v2\/posts\/30586\/revisions"}],"predecessor-version":[{"id":30588,"href":"https:\/\/conexion23.com\/index.php?rest_route=\/wp\/v2\/posts\/30586\/revisions\/30588"}],"wp:featuredmedia":[{"embeddable":true,"href":"https:\/\/conexion23.com\/index.php?rest_route=\/wp\/v2\/media\/30587"}],"wp:attachment":[{"href":"https:\/\/conexion23.com\/index.php?rest_route=%2Fwp%2Fv2%2Fmedia&parent=30586"}],"wp:term":[{"taxonomy":"category","embeddable":true,"href":"https:\/\/conexion23.com\/index.php?rest_route=%2Fwp%2Fv2%2Fcategories&post=30586"},{"taxonomy":"post_tag","embeddable":true,"href":"https:\/\/conexion23.com\/index.php?rest_route=%2Fwp%2Fv2%2Ftags&post=30586"}],"curies":[{"name":"wp","href":"https:\/\/api.w.org\/{rel}","templated":true}]}}