{"id":30589,"date":"2024-07-17T07:25:48","date_gmt":"2024-07-17T11:25:48","guid":{"rendered":"https:\/\/conexion23.com\/?p=30589"},"modified":"2024-07-17T07:25:51","modified_gmt":"2024-07-17T11:25:51","slug":"llega-transporte-escolar-a-san-pedro-de-macoris","status":"publish","type":"post","link":"https:\/\/conexion23.com\/?p=30589","title":{"rendered":"Llega transporte escolar a San Pedro de Macoris."},"content":{"rendered":"\n<p>El programa de Transporte Escolar se inici\u00f3 en esta ciudad con la puesta en funcionamiento de 10 autobuses.<\/p>\n\n\n\n<p>La informaci\u00f3n fue ofrecida por el director regional de Educaci\u00f3n 05, licenciado Isidro Santana Ram\u00edrez.<\/p>\n\n\n\n<p>Santana Ram\u00edrez dijo que de esa manera se cumple con la promesa del presidente Luis Abinader y el ministro de Educaci\u00f3n, \u00c1ngel Hern\u00e1ndez, de que se continuar\u00eda este a\u00f1o fortaleciendo el sistema educativo dominicano.<\/p>\n\n\n\n<p>El funcionario entreg\u00f3 las llaves de los 10 autobuses para ser usados en diferentes rutas en el transporte de los estudiantes de San Pedro de Macor\u00eds.<\/p>\n\n\n\n<p>El programa de Transporte Escolar ya es una realidad en varias ciudades del pa\u00eds y ahora llega a San Pedro de Macor\u00eds.<\/p>\n","protected":false},"excerpt":{"rendered":"<p>El programa de Transporte Escolar se inici\u00f3 en esta ciudad con la puesta en funcionamiento de 10 autobuses. La informaci\u00f3n fue ofrecida por el director regional de Educaci\u00f3n 05, licenciado Isidro Santana Ram\u00edrez. Santana Ram\u00edrez dijo que de esa manera se cumple con la promesa del presidente Luis Abinader y el ministro de Educaci\u00f3n, \u00c1ngel [&hellip;]<\/p>\n","protected":false},"author":15,"featured_media":30590,"comment_status":"open","ping_status":"open","sticky":false,"template":"","format":"standard","meta":{"footnotes":""},"categories":[35],"tags":[],"class_list":{"0":"post-30589","1":"post","2":"type-post","3":"status-publish","4":"format-standard","5":"has-post-thumbnail","7":"category-spm"},"yoast_head":"<!-- This site is optimized with the Yoast SEO plugin v27.1.1 - https:\/\/yoast.com\/product\/yoast-seo-wordpress\/ -->\n<title>Llega transporte escolar a San Pedro de Macoris. - Conexi\u00f3n 23<\/title>\n<meta name=\"robots\" content=\"index, follow, max-snippet:-1, max-image-preview:large, max-video-preview:-1\" \/>\n<link rel=\"canonical\" href=\"http:\/\/conexion23.com\/?p=30589\" \/>\n<meta property=\"og:locale\" content=\"es_ES\" \/>\n<meta property=\"og:type\" content=\"article\" \/>\n<meta property=\"og:title\" content=\"Llega transporte escolar a San Pedro de Macoris. - Conexi\u00f3n 23\" \/>\n<meta property=\"og:description\" content=\"El programa de Transporte Escolar se inici\u00f3 en esta ciudad con la puesta en funcionamiento de 10 autobuses. La informaci\u00f3n fue ofrecida por el director regional de Educaci\u00f3n 05, licenciado Isidro Santana Ram\u00edrez. Santana Ram\u00edrez dijo que de esa manera se cumple con la promesa del presidente Luis Abinader y el ministro de Educaci\u00f3n, \u00c1ngel [&hellip;]\" \/>\n<meta property=\"og:url\" content=\"http:\/\/conexion23.com\/?p=30589\" \/>\n<meta property=\"og:site_name\" content=\"Conexi\u00f3n 23\" \/>\n<meta property=\"article:publisher\" content=\"https:\/\/www.facebook.com\/conexion23com\" \/>\n<meta property=\"article:published_time\" content=\"2024-07-17T11:25:48+00:00\" \/>\n<meta property=\"article:modified_time\" content=\"2024-07-17T11:25:51+00:00\" \/>\n<meta property=\"og:image\" content=\"http:\/\/conexion23.com\/wp-content\/uploads\/2024\/07\/Isidro_con_llaves.jpg\" \/>\n\t<meta property=\"og:image:width\" content=\"576\" \/>\n\t<meta property=\"og:image:height\" content=\"620\" \/>\n\t<meta property=\"og:image:type\" content=\"image\/jpeg\" \/>\n<meta name=\"author\" content=\"Raffy Ben\u00edtez\" \/>\n<meta name=\"twitter:card\" content=\"summary_large_image\" \/>\n<meta name=\"twitter:label1\" content=\"Escrito por\" \/>\n\t<meta name=\"twitter:data1\" content=\"Raffy Ben\u00edtez\" \/>\n\t<meta name=\"twitter:label2\" content=\"Tiempo de lectura\" \/>\n\t<meta name=\"twitter:data2\" content=\"1 minuto\" \/>\n<script type=\"application\/ld+json\" class=\"yoast-schema-graph\">{\"@context\":\"https:\/\/schema.org\",\"@graph\":[{\"@type\":\"Article\",\"@id\":\"http:\/\/conexion23.com\/?p=30589#article\",\"isPartOf\":{\"@id\":\"http:\/\/conexion23.com\/?p=30589\"},\"author\":{\"name\":\"Raffy Ben\u00edtez\",\"@id\":\"https:\/\/conexion23.com\/#\/schema\/person\/03e36043331117e97a373299bbcd30a6\"},\"headline\":\"Llega transporte escolar a San Pedro de Macoris.\",\"datePublished\":\"2024-07-17T11:25:48+00:00\",\"dateModified\":\"2024-07-17T11:25:51+00:00\",\"mainEntityOfPage\":{\"@id\":\"http:\/\/conexion23.com\/?p=30589\"},\"wordCount\":131,\"commentCount\":0,\"publisher\":{\"@id\":\"https:\/\/conexion23.com\/#organization\"},\"image\":{\"@id\":\"http:\/\/conexion23.com\/?p=30589#primaryimage\"},\"thumbnailUrl\":\"https:\/\/conexion23.com\/wp-content\/uploads\/2024\/07\/Isidro_con_llaves.jpg\",\"articleSection\":[\"SPM\"],\"inLanguage\":\"es\",\"potentialAction\":[{\"@type\":\"CommentAction\",\"name\":\"Comment\",\"target\":[\"http:\/\/conexion23.com\/?p=30589#respond\"]}]},{\"@type\":\"WebPage\",\"@id\":\"http:\/\/conexion23.com\/?p=30589\",\"url\":\"http:\/\/conexion23.com\/?p=30589\",\"name\":\"Llega transporte escolar a San Pedro de Macoris. - Conexi\u00f3n 23\",\"isPartOf\":{\"@id\":\"https:\/\/conexion23.com\/#website\"},\"primaryImageOfPage\":{\"@id\":\"http:\/\/conexion23.com\/?p=30589#primaryimage\"},\"image\":{\"@id\":\"http:\/\/conexion23.com\/?p=30589#primaryimage\"},\"thumbnailUrl\":\"https:\/\/conexion23.com\/wp-content\/uploads\/2024\/07\/Isidro_con_llaves.jpg\",\"datePublished\":\"2024-07-17T11:25:48+00:00\",\"dateModified\":\"2024-07-17T11:25:51+00:00\",\"breadcrumb\":{\"@id\":\"http:\/\/conexion23.com\/?p=30589#breadcrumb\"},\"inLanguage\":\"es\",\"potentialAction\":[{\"@type\":\"ReadAction\",\"target\":[\"http:\/\/conexion23.com\/?p=30589\"]}]},{\"@type\":\"ImageObject\",\"inLanguage\":\"es\",\"@id\":\"http:\/\/conexion23.com\/?p=30589#primaryimage\",\"url\":\"https:\/\/conexion23.com\/wp-content\/uploads\/2024\/07\/Isidro_con_llaves.jpg\",\"contentUrl\":\"https:\/\/conexion23.com\/wp-content\/uploads\/2024\/07\/Isidro_con_llaves.jpg\",\"width\":576,\"height\":620},{\"@type\":\"BreadcrumbList\",\"@id\":\"http:\/\/conexion23.com\/?p=30589#breadcrumb\",\"itemListElement\":[{\"@type\":\"ListItem\",\"position\":1,\"name\":\"Portada\",\"item\":\"https:\/\/conexion23.com\/\"},{\"@type\":\"ListItem\",\"position\":2,\"name\":\"Llega transporte escolar a San Pedro de Macoris.\"}]},{\"@type\":\"WebSite\",\"@id\":\"https:\/\/conexion23.com\/#website\",\"url\":\"https:\/\/conexion23.com\/\",\"name\":\"Conexi\u00f3n 23\",\"description\":\"Peri\u00f3dico 100% Petromacorisano\",\"publisher\":{\"@id\":\"https:\/\/conexion23.com\/#organization\"},\"potentialAction\":[{\"@type\":\"SearchAction\",\"target\":{\"@type\":\"EntryPoint\",\"urlTemplate\":\"https:\/\/conexion23.com\/?s={search_term_string}\"},\"query-input\":{\"@type\":\"PropertyValueSpecification\",\"valueRequired\":true,\"valueName\":\"search_term_string\"}}],\"inLanguage\":\"es\"},{\"@type\":\"Organization\",\"@id\":\"https:\/\/conexion23.com\/#organization\",\"name\":\"Conexion 23\",\"url\":\"https:\/\/conexion23.com\/\",\"logo\":{\"@type\":\"ImageObject\",\"inLanguage\":\"es\",\"@id\":\"https:\/\/conexion23.com\/#\/schema\/logo\/image\/\",\"url\":\"https:\/\/conexion23.com\/wp-content\/uploads\/2021\/11\/Diseno-sin-titulo-2.png\",\"contentUrl\":\"https:\/\/conexion23.com\/wp-content\/uploads\/2021\/11\/Diseno-sin-titulo-2.png\",\"width\":541,\"height\":90,\"caption\":\"Conexion 23\"},\"image\":{\"@id\":\"https:\/\/conexion23.com\/#\/schema\/logo\/image\/\"},\"sameAs\":[\"https:\/\/www.facebook.com\/conexion23com\",\"https:\/\/www.instagram.com\/conexion23com\/\",\"https:\/\/www.youtube.com\/channel\/UCYc7vxxFZMYLIHNsHHxPZ3Q\"]},{\"@type\":\"Person\",\"@id\":\"https:\/\/conexion23.com\/#\/schema\/person\/03e36043331117e97a373299bbcd30a6\",\"name\":\"Raffy Ben\u00edtez\",\"image\":{\"@type\":\"ImageObject\",\"inLanguage\":\"es\",\"@id\":\"https:\/\/conexion23.com\/#\/schema\/person\/image\/\",\"url\":\"https:\/\/secure.gravatar.com\/avatar\/3190a6a6c5e1b0327500f7d6c56b6242472ee6cb974cf09b401ee6b3b0798f23?s=96&d=mm&r=g\",\"contentUrl\":\"https:\/\/secure.gravatar.com\/avatar\/3190a6a6c5e1b0327500f7d6c56b6242472ee6cb974cf09b401ee6b3b0798f23?s=96&d=mm&r=g\",\"caption\":\"Raffy Ben\u00edtez\"},\"url\":\"https:\/\/conexion23.com\/?author=15\"}]}<\/script>\n<!-- \/ Yoast SEO plugin. -->","yoast_head_json":{"title":"Llega transporte escolar a San Pedro de Macoris. - Conexi\u00f3n 23","robots":{"index":"index","follow":"follow","max-snippet":"max-snippet:-1","max-image-preview":"max-image-preview:large","max-video-preview":"max-video-preview:-1"},"canonical":"http:\/\/conexion23.com\/?p=30589","og_locale":"es_ES","og_type":"article","og_title":"Llega transporte escolar a San Pedro de Macoris. - Conexi\u00f3n 23","og_description":"El programa de Transporte Escolar se inici\u00f3 en esta ciudad con la puesta en funcionamiento de 10 autobuses. La informaci\u00f3n fue ofrecida por el director regional de Educaci\u00f3n 05, licenciado Isidro Santana Ram\u00edrez. Santana Ram\u00edrez dijo que de esa manera se cumple con la promesa del presidente Luis Abinader y el ministro de Educaci\u00f3n, \u00c1ngel [&hellip;]","og_url":"http:\/\/conexion23.com\/?p=30589","og_site_name":"Conexi\u00f3n 23","article_publisher":"https:\/\/www.facebook.com\/conexion23com","article_published_time":"2024-07-17T11:25:48+00:00","article_modified_time":"2024-07-17T11:25:51+00:00","og_image":[{"width":576,"height":620,"url":"http:\/\/conexion23.com\/wp-content\/uploads\/2024\/07\/Isidro_con_llaves.jpg","type":"image\/jpeg"}],"author":"Raffy Ben\u00edtez","twitter_card":"summary_large_image","twitter_misc":{"Escrito por":"Raffy Ben\u00edtez","Tiempo de lectura":"1 minuto"},"schema":{"@context":"https:\/\/schema.org","@graph":[{"@type":"Article","@id":"http:\/\/conexion23.com\/?p=30589#article","isPartOf":{"@id":"http:\/\/conexion23.com\/?p=30589"},"author":{"name":"Raffy Ben\u00edtez","@id":"https:\/\/conexion23.com\/#\/schema\/person\/03e36043331117e97a373299bbcd30a6"},"headline":"Llega transporte escolar a San Pedro de Macoris.","datePublished":"2024-07-17T11:25:48+00:00","dateModified":"2024-07-17T11:25:51+00:00","mainEntityOfPage":{"@id":"http:\/\/conexion23.com\/?p=30589"},"wordCount":131,"commentCount":0,"publisher":{"@id":"https:\/\/conexion23.com\/#organization"},"image":{"@id":"http:\/\/conexion23.com\/?p=30589#primaryimage"},"thumbnailUrl":"https:\/\/conexion23.com\/wp-content\/uploads\/2024\/07\/Isidro_con_llaves.jpg","articleSection":["SPM"],"inLanguage":"es","potentialAction":[{"@type":"CommentAction","name":"Comment","target":["http:\/\/conexion23.com\/?p=30589#respond"]}]},{"@type":"WebPage","@id":"http:\/\/conexion23.com\/?p=30589","url":"http:\/\/conexion23.com\/?p=30589","name":"Llega transporte escolar a San Pedro de Macoris. - Conexi\u00f3n 23","isPartOf":{"@id":"https:\/\/conexion23.com\/#website"},"primaryImageOfPage":{"@id":"http:\/\/conexion23.com\/?p=30589#primaryimage"},"image":{"@id":"http:\/\/conexion23.com\/?p=30589#primaryimage"},"thumbnailUrl":"https:\/\/conexion23.com\/wp-content\/uploads\/2024\/07\/Isidro_con_llaves.jpg","datePublished":"2024-07-17T11:25:48+00:00","dateModified":"2024-07-17T11:25:51+00:00","breadcrumb":{"@id":"http:\/\/conexion23.com\/?p=30589#breadcrumb"},"inLanguage":"es","potentialAction":[{"@type":"ReadAction","target":["http:\/\/conexion23.com\/?p=30589"]}]},{"@type":"ImageObject","inLanguage":"es","@id":"http:\/\/conexion23.com\/?p=30589#primaryimage","url":"https:\/\/conexion23.com\/wp-content\/uploads\/2024\/07\/Isidro_con_llaves.jpg","contentUrl":"https:\/\/conexion23.com\/wp-content\/uploads\/2024\/07\/Isidro_con_llaves.jpg","width":576,"height":620},{"@type":"BreadcrumbList","@id":"http:\/\/conexion23.com\/?p=30589#breadcrumb","itemListElement":[{"@type":"ListItem","position":1,"name":"Portada","item":"https:\/\/conexion23.com\/"},{"@type":"ListItem","position":2,"name":"Llega transporte escolar a San Pedro de Macoris."}]},{"@type":"WebSite","@id":"https:\/\/conexion23.com\/#website","url":"https:\/\/conexion23.com\/","name":"Conexi\u00f3n 23","description":"Peri\u00f3dico 100% Petromacorisano","publisher":{"@id":"https:\/\/conexion23.com\/#organization"},"potentialAction":[{"@type":"SearchAction","target":{"@type":"EntryPoint","urlTemplate":"https:\/\/conexion23.com\/?s={search_term_string}"},"query-input":{"@type":"PropertyValueSpecification","valueRequired":true,"valueName":"search_term_string"}}],"inLanguage":"es"},{"@type":"Organization","@id":"https:\/\/conexion23.com\/#organization","name":"Conexion 23","url":"https:\/\/conexion23.com\/","logo":{"@type":"ImageObject","inLanguage":"es","@id":"https:\/\/conexion23.com\/#\/schema\/logo\/image\/","url":"https:\/\/conexion23.com\/wp-content\/uploads\/2021\/11\/Diseno-sin-titulo-2.png","contentUrl":"https:\/\/conexion23.com\/wp-content\/uploads\/2021\/11\/Diseno-sin-titulo-2.png","width":541,"height":90,"caption":"Conexion 23"},"image":{"@id":"https:\/\/conexion23.com\/#\/schema\/logo\/image\/"},"sameAs":["https:\/\/www.facebook.com\/conexion23com","https:\/\/www.instagram.com\/conexion23com\/","https:\/\/www.youtube.com\/channel\/UCYc7vxxFZMYLIHNsHHxPZ3Q"]},{"@type":"Person","@id":"https:\/\/conexion23.com\/#\/schema\/person\/03e36043331117e97a373299bbcd30a6","name":"Raffy Ben\u00edtez","image":{"@type":"ImageObject","inLanguage":"es","@id":"https:\/\/conexion23.com\/#\/schema\/person\/image\/","url":"https:\/\/secure.gravatar.com\/avatar\/3190a6a6c5e1b0327500f7d6c56b6242472ee6cb974cf09b401ee6b3b0798f23?s=96&d=mm&r=g","contentUrl":"https:\/\/secure.gravatar.com\/avatar\/3190a6a6c5e1b0327500f7d6c56b6242472ee6cb974cf09b401ee6b3b0798f23?s=96&d=mm&r=g","caption":"Raffy Ben\u00edtez"},"url":"https:\/\/conexion23.com\/?author=15"}]}},"_links":{"self":[{"href":"https:\/\/conexion23.com\/index.php?rest_route=\/wp\/v2\/posts\/30589","targetHints":{"allow":["GET"]}}],"collection":[{"href":"https:\/\/conexion23.com\/index.php?rest_route=\/wp\/v2\/posts"}],"about":[{"href":"https:\/\/conexion23.com\/index.php?rest_route=\/wp\/v2\/types\/post"}],"author":[{"embeddable":true,"href":"https:\/\/conexion23.com\/index.php?rest_route=\/wp\/v2\/users\/15"}],"replies":[{"embeddable":true,"href":"https:\/\/conexion23.com\/index.php?rest_route=%2Fwp%2Fv2%2Fcomments&post=30589"}],"version-history":[{"count":1,"href":"https:\/\/conexion23.com\/index.php?rest_route=\/wp\/v2\/posts\/30589\/revisions"}],"predecessor-version":[{"id":30591,"href":"https:\/\/conexion23.com\/index.php?rest_route=\/wp\/v2\/posts\/30589\/revisions\/30591"}],"wp:featuredmedia":[{"embeddable":true,"href":"https:\/\/conexion23.com\/index.php?rest_route=\/wp\/v2\/media\/30590"}],"wp:attachment":[{"href":"https:\/\/conexion23.com\/index.php?rest_route=%2Fwp%2Fv2%2Fmedia&parent=30589"}],"wp:term":[{"taxonomy":"category","embeddable":true,"href":"https:\/\/conexion23.com\/index.php?rest_route=%2Fwp%2Fv2%2Fcategories&post=30589"},{"taxonomy":"post_tag","embeddable":true,"href":"https:\/\/conexion23.com\/index.php?rest_route=%2Fwp%2Fv2%2Ftags&post=30589"}],"curies":[{"name":"wp","href":"https:\/\/api.w.org\/{rel}","templated":true}]}}