{"id":30745,"date":"2024-07-20T08:43:34","date_gmt":"2024-07-20T12:43:34","guid":{"rendered":"https:\/\/conexion23.com\/?p=30745"},"modified":"2024-07-20T08:43:38","modified_gmt":"2024-07-20T12:43:38","slug":"zelenski-aplaude-nominacion-de-trump-como-candidato-presidencial-y-este-promete-el-fin-de-la-guerra","status":"publish","type":"post","link":"https:\/\/conexion23.com\/?p=30745","title":{"rendered":"Zelenski aplaude nominaci\u00f3n de Trump como candidato presidencial y este promete el fin de la guerra."},"content":{"rendered":"\n<p>El presidente ucraniano,&nbsp;<strong>Volodimir Zelenski,&nbsp;<\/strong>ha felicitado este viernes al ex presidente estadounidense Donald Trump por su elecci\u00f3n como candidato del Partido Republicano a las elecciones presidenciales del pr\u00f3ximo noviembre y Trump le ha asegurado que, cuando regrese a la Casa Blanca, pondr\u00e1 \u00abfin a la guerra que tantas vidas ha costado\u00bb.<\/p>\n\n\n\n<p>\u00abHe hablado con&nbsp;<strong>Donald Trump&nbsp;<\/strong>para felicitarlo por la nominaci\u00f3n republicana y condenar el impactante intento de asesinato en<strong>&nbsp;Pensilvania\u00bb,<\/strong>&nbsp;ha anunciado Zelenski en una publicaci\u00f3n en la red social X.<\/p>\n\n\n\n<p>El mandatario ucraniano ha destacado en el mismo mensaje \u00abel vital apoyo&nbsp;<strong>estadounidense bipartidista<\/strong>&nbsp;y bicameral para proteger la libertad y la independencia\u00bb de Ucrania y ha deseado a Trump \u00abfuerza y absoluta seguridad en el futuro\u00bb.<\/p>\n\n\n\n<p>\u00abUcrania siempre estar\u00e1 agradecida a Estados Unidos por su ayuda para fortalecer nuestra capacidad de resistir el terrorismo ruso\u00bb, ha agregado Zelenski, que ha barajado con el pol\u00edtico estadounidense \u00abdiscutir en una reuni\u00f3n personal qu\u00e9 medidas pueden hacer que la paz sea justa y verdaderamente duradera\u00bb en el pa\u00eds europeo.<\/p>\n\n\n\n<p>Por su parte, el expresidente estadounidense ha calificado como \u00abmuy buena\u00bb la conversaci\u00f3n telef\u00f3nica mantenida con Zelenski, a quien ha agradecido \u00absu ayuda\u00bb.<\/p>\n\n\n\n<p>\u00abYo, como pr\u00f3ximo presidente de Estados Unidos, traer\u00e9 la paz al mundo y pondr\u00e9 fin a la guerra que ha costado tantas vidas y ha devastado a innumerables familias inocentes\u00bb, ha prometido Trump en una publicaci\u00f3n en su red social, Truth Social. \u00abAmbas partes podr\u00e1n unirse y negociar un acuerdo que ponga fin a la violencia y allane el camino hacia la prosperidad\u00bb, ha apostillado.<\/p>\n\n\n\n<p>Este cruce de agasajos llega despu\u00e9s de que Zelenski reconociera en una entrevista para la<strong>&nbsp;cadena brit\u00e1nica BBC&nbsp;<\/strong>que, en caso de que Donald Trump se hiciera con la victoria en las pr\u00f3ximas elecciones de Estados Unidos, colaborar con el magnate ser\u00eda \u00abun trabajo duro\u00bb, a pesar de que los ucranianos son \u00abmuy trabajadores\u00bb.<\/p>\n\n\n\n<p>No obstante, el presidente de Ucrania ha subrayado su predisposici\u00f3n a colaborar con quien sea que ocupe la&nbsp;<strong>Casa Blanca<\/strong>&nbsp;a partir de los comicios, si bien ha valorado que el candidato a vicepresidente de Trump, el senador&nbsp;<strong><a href=\"https:\/\/listindiario.com\/las-mundiales\/20240718\/vance-enaltece-trump-asegura-prensa-mintio_817608.html\">J.D. Vance<\/a><\/strong>, que en alguna ocasi\u00f3n ha afirmado ser indiferente a lo que pasa en Ucrania, quiz\u00e1s \u00abno entiende\u00bb lo que ocurre en Kiev.<\/p>\n\n\n\n<ul class=\"wp-block-list\">\n<li><\/li>\n<\/ul>\n","protected":false},"excerpt":{"rendered":"<p>El presidente ucraniano,&nbsp;Volodimir Zelenski,&nbsp;ha felicitado este viernes al ex presidente estadounidense Donald Trump por su elecci\u00f3n como candidato del Partido Republicano a las elecciones presidenciales del pr\u00f3ximo noviembre y Trump le ha asegurado que, cuando regrese a la Casa Blanca, pondr\u00e1 \u00abfin a la guerra que tantas vidas ha costado\u00bb. \u00abHe hablado con&nbsp;Donald Trump&nbsp;para felicitarlo [&hellip;]<\/p>\n","protected":false},"author":15,"featured_media":30746,"comment_status":"open","ping_status":"open","sticky":false,"template":"","format":"standard","meta":{"footnotes":""},"categories":[1],"tags":[],"class_list":{"0":"post-30745","1":"post","2":"type-post","3":"status-publish","4":"format-standard","5":"has-post-thumbnail","7":"category-uncategorized"},"yoast_head":"<!-- This site is optimized with the Yoast SEO plugin v27.1.1 - https:\/\/yoast.com\/product\/yoast-seo-wordpress\/ -->\n<title>Zelenski aplaude nominaci\u00f3n de Trump como candidato presidencial y este promete el fin de la guerra. - Conexi\u00f3n 23<\/title>\n<meta name=\"robots\" content=\"index, follow, max-snippet:-1, max-image-preview:large, max-video-preview:-1\" \/>\n<link rel=\"canonical\" href=\"http:\/\/conexion23.com\/?p=30745\" \/>\n<meta property=\"og:locale\" content=\"es_ES\" \/>\n<meta property=\"og:type\" content=\"article\" \/>\n<meta property=\"og:title\" content=\"Zelenski aplaude nominaci\u00f3n de Trump como candidato presidencial y este promete el fin de la guerra. - Conexi\u00f3n 23\" \/>\n<meta property=\"og:description\" content=\"El presidente ucraniano,&nbsp;Volodimir Zelenski,&nbsp;ha felicitado este viernes al ex presidente estadounidense Donald Trump por su elecci\u00f3n como candidato del Partido Republicano a las elecciones presidenciales del pr\u00f3ximo noviembre y Trump le ha asegurado que, cuando regrese a la Casa Blanca, pondr\u00e1 \u00abfin a la guerra que tantas vidas ha costado\u00bb. \u00abHe hablado con&nbsp;Donald Trump&nbsp;para felicitarlo [&hellip;]\" \/>\n<meta property=\"og:url\" content=\"http:\/\/conexion23.com\/?p=30745\" \/>\n<meta property=\"og:site_name\" content=\"Conexi\u00f3n 23\" \/>\n<meta property=\"article:publisher\" content=\"https:\/\/www.facebook.com\/conexion23com\" \/>\n<meta property=\"article:published_time\" content=\"2024-07-20T12:43:34+00:00\" \/>\n<meta property=\"article:modified_time\" content=\"2024-07-20T12:43:38+00:00\" \/>\n<meta property=\"og:image\" content=\"http:\/\/conexion23.com\/wp-content\/uploads\/2024\/07\/u-1.jpg\" \/>\n\t<meta property=\"og:image:width\" content=\"295\" \/>\n\t<meta property=\"og:image:height\" content=\"168\" \/>\n\t<meta property=\"og:image:type\" content=\"image\/jpeg\" \/>\n<meta name=\"author\" content=\"Raffy Ben\u00edtez\" \/>\n<meta name=\"twitter:card\" content=\"summary_large_image\" \/>\n<meta name=\"twitter:label1\" content=\"Escrito por\" \/>\n\t<meta name=\"twitter:data1\" content=\"Raffy Ben\u00edtez\" \/>\n\t<meta name=\"twitter:label2\" content=\"Tiempo de lectura\" \/>\n\t<meta name=\"twitter:data2\" content=\"2 minutos\" \/>\n<script type=\"application\/ld+json\" class=\"yoast-schema-graph\">{\"@context\":\"https:\/\/schema.org\",\"@graph\":[{\"@type\":\"Article\",\"@id\":\"http:\/\/conexion23.com\/?p=30745#article\",\"isPartOf\":{\"@id\":\"http:\/\/conexion23.com\/?p=30745\"},\"author\":{\"name\":\"Raffy Ben\u00edtez\",\"@id\":\"https:\/\/conexion23.com\/#\/schema\/person\/03e36043331117e97a373299bbcd30a6\"},\"headline\":\"Zelenski aplaude nominaci\u00f3n de Trump como candidato presidencial y este promete el fin de la guerra.\",\"datePublished\":\"2024-07-20T12:43:34+00:00\",\"dateModified\":\"2024-07-20T12:43:38+00:00\",\"mainEntityOfPage\":{\"@id\":\"http:\/\/conexion23.com\/?p=30745\"},\"wordCount\":424,\"commentCount\":0,\"publisher\":{\"@id\":\"https:\/\/conexion23.com\/#organization\"},\"image\":{\"@id\":\"http:\/\/conexion23.com\/?p=30745#primaryimage\"},\"thumbnailUrl\":\"https:\/\/conexion23.com\/wp-content\/uploads\/2024\/07\/u-1.jpg\",\"articleSection\":[\"Uncategorized\"],\"inLanguage\":\"es\",\"potentialAction\":[{\"@type\":\"CommentAction\",\"name\":\"Comment\",\"target\":[\"http:\/\/conexion23.com\/?p=30745#respond\"]}]},{\"@type\":\"WebPage\",\"@id\":\"http:\/\/conexion23.com\/?p=30745\",\"url\":\"http:\/\/conexion23.com\/?p=30745\",\"name\":\"Zelenski aplaude nominaci\u00f3n de Trump como candidato presidencial y este promete el fin de la guerra. - Conexi\u00f3n 23\",\"isPartOf\":{\"@id\":\"https:\/\/conexion23.com\/#website\"},\"primaryImageOfPage\":{\"@id\":\"http:\/\/conexion23.com\/?p=30745#primaryimage\"},\"image\":{\"@id\":\"http:\/\/conexion23.com\/?p=30745#primaryimage\"},\"thumbnailUrl\":\"https:\/\/conexion23.com\/wp-content\/uploads\/2024\/07\/u-1.jpg\",\"datePublished\":\"2024-07-20T12:43:34+00:00\",\"dateModified\":\"2024-07-20T12:43:38+00:00\",\"breadcrumb\":{\"@id\":\"http:\/\/conexion23.com\/?p=30745#breadcrumb\"},\"inLanguage\":\"es\",\"potentialAction\":[{\"@type\":\"ReadAction\",\"target\":[\"http:\/\/conexion23.com\/?p=30745\"]}]},{\"@type\":\"ImageObject\",\"inLanguage\":\"es\",\"@id\":\"http:\/\/conexion23.com\/?p=30745#primaryimage\",\"url\":\"https:\/\/conexion23.com\/wp-content\/uploads\/2024\/07\/u-1.jpg\",\"contentUrl\":\"https:\/\/conexion23.com\/wp-content\/uploads\/2024\/07\/u-1.jpg\",\"width\":295,\"height\":168},{\"@type\":\"BreadcrumbList\",\"@id\":\"http:\/\/conexion23.com\/?p=30745#breadcrumb\",\"itemListElement\":[{\"@type\":\"ListItem\",\"position\":1,\"name\":\"Portada\",\"item\":\"https:\/\/conexion23.com\/\"},{\"@type\":\"ListItem\",\"position\":2,\"name\":\"Zelenski aplaude nominaci\u00f3n de Trump como candidato presidencial y este promete el fin de la guerra.\"}]},{\"@type\":\"WebSite\",\"@id\":\"https:\/\/conexion23.com\/#website\",\"url\":\"https:\/\/conexion23.com\/\",\"name\":\"Conexi\u00f3n 23\",\"description\":\"Peri\u00f3dico 100% Petromacorisano\",\"publisher\":{\"@id\":\"https:\/\/conexion23.com\/#organization\"},\"potentialAction\":[{\"@type\":\"SearchAction\",\"target\":{\"@type\":\"EntryPoint\",\"urlTemplate\":\"https:\/\/conexion23.com\/?s={search_term_string}\"},\"query-input\":{\"@type\":\"PropertyValueSpecification\",\"valueRequired\":true,\"valueName\":\"search_term_string\"}}],\"inLanguage\":\"es\"},{\"@type\":\"Organization\",\"@id\":\"https:\/\/conexion23.com\/#organization\",\"name\":\"Conexion 23\",\"url\":\"https:\/\/conexion23.com\/\",\"logo\":{\"@type\":\"ImageObject\",\"inLanguage\":\"es\",\"@id\":\"https:\/\/conexion23.com\/#\/schema\/logo\/image\/\",\"url\":\"https:\/\/conexion23.com\/wp-content\/uploads\/2021\/11\/Diseno-sin-titulo-2.png\",\"contentUrl\":\"https:\/\/conexion23.com\/wp-content\/uploads\/2021\/11\/Diseno-sin-titulo-2.png\",\"width\":541,\"height\":90,\"caption\":\"Conexion 23\"},\"image\":{\"@id\":\"https:\/\/conexion23.com\/#\/schema\/logo\/image\/\"},\"sameAs\":[\"https:\/\/www.facebook.com\/conexion23com\",\"https:\/\/www.instagram.com\/conexion23com\/\",\"https:\/\/www.youtube.com\/channel\/UCYc7vxxFZMYLIHNsHHxPZ3Q\"]},{\"@type\":\"Person\",\"@id\":\"https:\/\/conexion23.com\/#\/schema\/person\/03e36043331117e97a373299bbcd30a6\",\"name\":\"Raffy Ben\u00edtez\",\"image\":{\"@type\":\"ImageObject\",\"inLanguage\":\"es\",\"@id\":\"https:\/\/conexion23.com\/#\/schema\/person\/image\/\",\"url\":\"https:\/\/secure.gravatar.com\/avatar\/3190a6a6c5e1b0327500f7d6c56b6242472ee6cb974cf09b401ee6b3b0798f23?s=96&d=mm&r=g\",\"contentUrl\":\"https:\/\/secure.gravatar.com\/avatar\/3190a6a6c5e1b0327500f7d6c56b6242472ee6cb974cf09b401ee6b3b0798f23?s=96&d=mm&r=g\",\"caption\":\"Raffy Ben\u00edtez\"},\"url\":\"https:\/\/conexion23.com\/?author=15\"}]}<\/script>\n<!-- \/ Yoast SEO plugin. -->","yoast_head_json":{"title":"Zelenski aplaude nominaci\u00f3n de Trump como candidato presidencial y este promete el fin de la guerra. - Conexi\u00f3n 23","robots":{"index":"index","follow":"follow","max-snippet":"max-snippet:-1","max-image-preview":"max-image-preview:large","max-video-preview":"max-video-preview:-1"},"canonical":"http:\/\/conexion23.com\/?p=30745","og_locale":"es_ES","og_type":"article","og_title":"Zelenski aplaude nominaci\u00f3n de Trump como candidato presidencial y este promete el fin de la guerra. - Conexi\u00f3n 23","og_description":"El presidente ucraniano,&nbsp;Volodimir Zelenski,&nbsp;ha felicitado este viernes al ex presidente estadounidense Donald Trump por su elecci\u00f3n como candidato del Partido Republicano a las elecciones presidenciales del pr\u00f3ximo noviembre y Trump le ha asegurado que, cuando regrese a la Casa Blanca, pondr\u00e1 \u00abfin a la guerra que tantas vidas ha costado\u00bb. \u00abHe hablado con&nbsp;Donald Trump&nbsp;para felicitarlo [&hellip;]","og_url":"http:\/\/conexion23.com\/?p=30745","og_site_name":"Conexi\u00f3n 23","article_publisher":"https:\/\/www.facebook.com\/conexion23com","article_published_time":"2024-07-20T12:43:34+00:00","article_modified_time":"2024-07-20T12:43:38+00:00","og_image":[{"width":295,"height":168,"url":"http:\/\/conexion23.com\/wp-content\/uploads\/2024\/07\/u-1.jpg","type":"image\/jpeg"}],"author":"Raffy Ben\u00edtez","twitter_card":"summary_large_image","twitter_misc":{"Escrito por":"Raffy Ben\u00edtez","Tiempo de lectura":"2 minutos"},"schema":{"@context":"https:\/\/schema.org","@graph":[{"@type":"Article","@id":"http:\/\/conexion23.com\/?p=30745#article","isPartOf":{"@id":"http:\/\/conexion23.com\/?p=30745"},"author":{"name":"Raffy Ben\u00edtez","@id":"https:\/\/conexion23.com\/#\/schema\/person\/03e36043331117e97a373299bbcd30a6"},"headline":"Zelenski aplaude nominaci\u00f3n de Trump como candidato presidencial y este promete el fin de la guerra.","datePublished":"2024-07-20T12:43:34+00:00","dateModified":"2024-07-20T12:43:38+00:00","mainEntityOfPage":{"@id":"http:\/\/conexion23.com\/?p=30745"},"wordCount":424,"commentCount":0,"publisher":{"@id":"https:\/\/conexion23.com\/#organization"},"image":{"@id":"http:\/\/conexion23.com\/?p=30745#primaryimage"},"thumbnailUrl":"https:\/\/conexion23.com\/wp-content\/uploads\/2024\/07\/u-1.jpg","articleSection":["Uncategorized"],"inLanguage":"es","potentialAction":[{"@type":"CommentAction","name":"Comment","target":["http:\/\/conexion23.com\/?p=30745#respond"]}]},{"@type":"WebPage","@id":"http:\/\/conexion23.com\/?p=30745","url":"http:\/\/conexion23.com\/?p=30745","name":"Zelenski aplaude nominaci\u00f3n de Trump como candidato presidencial y este promete el fin de la guerra. - Conexi\u00f3n 23","isPartOf":{"@id":"https:\/\/conexion23.com\/#website"},"primaryImageOfPage":{"@id":"http:\/\/conexion23.com\/?p=30745#primaryimage"},"image":{"@id":"http:\/\/conexion23.com\/?p=30745#primaryimage"},"thumbnailUrl":"https:\/\/conexion23.com\/wp-content\/uploads\/2024\/07\/u-1.jpg","datePublished":"2024-07-20T12:43:34+00:00","dateModified":"2024-07-20T12:43:38+00:00","breadcrumb":{"@id":"http:\/\/conexion23.com\/?p=30745#breadcrumb"},"inLanguage":"es","potentialAction":[{"@type":"ReadAction","target":["http:\/\/conexion23.com\/?p=30745"]}]},{"@type":"ImageObject","inLanguage":"es","@id":"http:\/\/conexion23.com\/?p=30745#primaryimage","url":"https:\/\/conexion23.com\/wp-content\/uploads\/2024\/07\/u-1.jpg","contentUrl":"https:\/\/conexion23.com\/wp-content\/uploads\/2024\/07\/u-1.jpg","width":295,"height":168},{"@type":"BreadcrumbList","@id":"http:\/\/conexion23.com\/?p=30745#breadcrumb","itemListElement":[{"@type":"ListItem","position":1,"name":"Portada","item":"https:\/\/conexion23.com\/"},{"@type":"ListItem","position":2,"name":"Zelenski aplaude nominaci\u00f3n de Trump como candidato presidencial y este promete el fin de la guerra."}]},{"@type":"WebSite","@id":"https:\/\/conexion23.com\/#website","url":"https:\/\/conexion23.com\/","name":"Conexi\u00f3n 23","description":"Peri\u00f3dico 100% Petromacorisano","publisher":{"@id":"https:\/\/conexion23.com\/#organization"},"potentialAction":[{"@type":"SearchAction","target":{"@type":"EntryPoint","urlTemplate":"https:\/\/conexion23.com\/?s={search_term_string}"},"query-input":{"@type":"PropertyValueSpecification","valueRequired":true,"valueName":"search_term_string"}}],"inLanguage":"es"},{"@type":"Organization","@id":"https:\/\/conexion23.com\/#organization","name":"Conexion 23","url":"https:\/\/conexion23.com\/","logo":{"@type":"ImageObject","inLanguage":"es","@id":"https:\/\/conexion23.com\/#\/schema\/logo\/image\/","url":"https:\/\/conexion23.com\/wp-content\/uploads\/2021\/11\/Diseno-sin-titulo-2.png","contentUrl":"https:\/\/conexion23.com\/wp-content\/uploads\/2021\/11\/Diseno-sin-titulo-2.png","width":541,"height":90,"caption":"Conexion 23"},"image":{"@id":"https:\/\/conexion23.com\/#\/schema\/logo\/image\/"},"sameAs":["https:\/\/www.facebook.com\/conexion23com","https:\/\/www.instagram.com\/conexion23com\/","https:\/\/www.youtube.com\/channel\/UCYc7vxxFZMYLIHNsHHxPZ3Q"]},{"@type":"Person","@id":"https:\/\/conexion23.com\/#\/schema\/person\/03e36043331117e97a373299bbcd30a6","name":"Raffy Ben\u00edtez","image":{"@type":"ImageObject","inLanguage":"es","@id":"https:\/\/conexion23.com\/#\/schema\/person\/image\/","url":"https:\/\/secure.gravatar.com\/avatar\/3190a6a6c5e1b0327500f7d6c56b6242472ee6cb974cf09b401ee6b3b0798f23?s=96&d=mm&r=g","contentUrl":"https:\/\/secure.gravatar.com\/avatar\/3190a6a6c5e1b0327500f7d6c56b6242472ee6cb974cf09b401ee6b3b0798f23?s=96&d=mm&r=g","caption":"Raffy Ben\u00edtez"},"url":"https:\/\/conexion23.com\/?author=15"}]}},"_links":{"self":[{"href":"https:\/\/conexion23.com\/index.php?rest_route=\/wp\/v2\/posts\/30745","targetHints":{"allow":["GET"]}}],"collection":[{"href":"https:\/\/conexion23.com\/index.php?rest_route=\/wp\/v2\/posts"}],"about":[{"href":"https:\/\/conexion23.com\/index.php?rest_route=\/wp\/v2\/types\/post"}],"author":[{"embeddable":true,"href":"https:\/\/conexion23.com\/index.php?rest_route=\/wp\/v2\/users\/15"}],"replies":[{"embeddable":true,"href":"https:\/\/conexion23.com\/index.php?rest_route=%2Fwp%2Fv2%2Fcomments&post=30745"}],"version-history":[{"count":1,"href":"https:\/\/conexion23.com\/index.php?rest_route=\/wp\/v2\/posts\/30745\/revisions"}],"predecessor-version":[{"id":30747,"href":"https:\/\/conexion23.com\/index.php?rest_route=\/wp\/v2\/posts\/30745\/revisions\/30747"}],"wp:featuredmedia":[{"embeddable":true,"href":"https:\/\/conexion23.com\/index.php?rest_route=\/wp\/v2\/media\/30746"}],"wp:attachment":[{"href":"https:\/\/conexion23.com\/index.php?rest_route=%2Fwp%2Fv2%2Fmedia&parent=30745"}],"wp:term":[{"taxonomy":"category","embeddable":true,"href":"https:\/\/conexion23.com\/index.php?rest_route=%2Fwp%2Fv2%2Fcategories&post=30745"},{"taxonomy":"post_tag","embeddable":true,"href":"https:\/\/conexion23.com\/index.php?rest_route=%2Fwp%2Fv2%2Ftags&post=30745"}],"curies":[{"name":"wp","href":"https:\/\/api.w.org\/{rel}","templated":true}]}}