{"id":30758,"date":"2024-07-22T07:37:46","date_gmt":"2024-07-22T11:37:46","guid":{"rendered":"https:\/\/conexion23.com\/?p=30758"},"modified":"2024-07-22T07:37:51","modified_gmt":"2024-07-22T11:37:51","slug":"joven-muere-tras-colision-entre-motora-y-automovil-en-san-juan","status":"publish","type":"post","link":"https:\/\/conexion23.com\/?p=30758","title":{"rendered":"Joven muere tras colisi\u00f3n entre motora y autom\u00f3vil en San Juan."},"content":{"rendered":"\n<p>En un tr\u00e1gico incidente que conmocion\u00f3 a la comunidad de San Juan, un joven perdi\u00f3 la vida la tarde-noche de este domingo luego de un aparatoso accidente de tr\u00e1nsito.&nbsp;<\/p>\n\n\n\n<p>La colisi\u00f3n se produjo en la estaci\u00f3n de combustible ubicada en la zona de Juan Herrera, cuando la motora que conduc\u00eda el joven choc\u00f3 violentamente contra un autom\u00f3vil.<\/p>\n\n\n\n<p>La v\u00edctima, identificada como Juan Viola, conocido popularmente como Wanner, sufri\u00f3 un severo traumatismo en la cabeza a ra\u00edz del impacto.<\/p>\n\n\n\n<p>&nbsp;Desafortunadamente, a pesar de los esfuerzos de los servicios de emergencia, Wanner no pudo sobrevivir y falleci\u00f3 antes de que pudiera recibir atenci\u00f3n m\u00e9dica en el hospital.<\/p>\n\n\n\n<p>Las autoridades a\u00fan investigan las circunstancias exactas que rodearon el accidente.&nbsp;<\/p>\n\n\n\n<p>Aunque se est\u00e1n recolectando testimonios y se est\u00e1n analizando las evidencias en el lugar del accidente, a\u00fan no se ha determinado con claridad c\u00f3mo se produjo la colisi\u00f3n entre la motora y el autom\u00f3vil.<\/p>\n\n\n\n<p>El tr\u00e1gico evento ha dejado un profundo dolor en la familia y amigos de Wanner, quienes se han reunido para lamentar la p\u00e9rdida de un ser querido y recordar su memoria.&nbsp;<\/p>\n\n\n\n<p>Mientras tanto, las autoridades contin\u00faan con la investigaci\u00f3n para esclarecer los detalles del accidente y prevenir futuros incidentes similares en la comunidad.<\/p>\n\n\n\n<p>Se hace un llamado a los conductores a ejercer precauci\u00f3n y responsabilidad en las v\u00edas para evitar tragedias como la ocurrida. La comunidad se mantiene en espera de m\u00e1s informaci\u00f3n mientras se llevan a cabo las investigaciones pertinentes.<\/p>\n","protected":false},"excerpt":{"rendered":"<p>En un tr\u00e1gico incidente que conmocion\u00f3 a la comunidad de San Juan, un joven perdi\u00f3 la vida la tarde-noche de este domingo luego de un aparatoso accidente de tr\u00e1nsito.&nbsp; La colisi\u00f3n se produjo en la estaci\u00f3n de combustible ubicada en la zona de Juan Herrera, cuando la motora que conduc\u00eda el joven choc\u00f3 violentamente contra [&hellip;]<\/p>\n","protected":false},"author":15,"featured_media":30759,"comment_status":"open","ping_status":"open","sticky":false,"template":"","format":"standard","meta":{"footnotes":""},"categories":[1],"tags":[],"class_list":{"0":"post-30758","1":"post","2":"type-post","3":"status-publish","4":"format-standard","5":"has-post-thumbnail","7":"category-uncategorized"},"yoast_head":"<!-- This site is optimized with the Yoast SEO plugin v27.1.1 - https:\/\/yoast.com\/product\/yoast-seo-wordpress\/ -->\n<title>Joven muere tras colisi\u00f3n entre motora y autom\u00f3vil en San Juan. - Conexi\u00f3n 23<\/title>\n<meta name=\"robots\" content=\"index, follow, max-snippet:-1, max-image-preview:large, max-video-preview:-1\" \/>\n<link rel=\"canonical\" href=\"http:\/\/conexion23.com\/?p=30758\" \/>\n<meta property=\"og:locale\" content=\"es_ES\" \/>\n<meta property=\"og:type\" content=\"article\" \/>\n<meta property=\"og:title\" content=\"Joven muere tras colisi\u00f3n entre motora y autom\u00f3vil en San Juan. - Conexi\u00f3n 23\" \/>\n<meta property=\"og:description\" content=\"En un tr\u00e1gico incidente que conmocion\u00f3 a la comunidad de San Juan, un joven perdi\u00f3 la vida la tarde-noche de este domingo luego de un aparatoso accidente de tr\u00e1nsito.&nbsp; La colisi\u00f3n se produjo en la estaci\u00f3n de combustible ubicada en la zona de Juan Herrera, cuando la motora que conduc\u00eda el joven choc\u00f3 violentamente contra [&hellip;]\" \/>\n<meta property=\"og:url\" content=\"http:\/\/conexion23.com\/?p=30758\" \/>\n<meta property=\"og:site_name\" content=\"Conexi\u00f3n 23\" \/>\n<meta property=\"article:publisher\" content=\"https:\/\/www.facebook.com\/conexion23com\" \/>\n<meta property=\"article:published_time\" content=\"2024-07-22T11:37:46+00:00\" \/>\n<meta property=\"article:modified_time\" content=\"2024-07-22T11:37:51+00:00\" \/>\n<meta property=\"og:image\" content=\"http:\/\/conexion23.com\/wp-content\/uploads\/2024\/07\/WhatsApp-Image-2024-07-21-at-10.29.56-PM.jpeg\" \/>\n\t<meta property=\"og:image:width\" content=\"593\" \/>\n\t<meta property=\"og:image:height\" content=\"593\" \/>\n\t<meta property=\"og:image:type\" content=\"image\/jpeg\" \/>\n<meta name=\"author\" content=\"Raffy Ben\u00edtez\" \/>\n<meta name=\"twitter:card\" content=\"summary_large_image\" \/>\n<meta name=\"twitter:label1\" content=\"Escrito por\" \/>\n\t<meta name=\"twitter:data1\" content=\"Raffy Ben\u00edtez\" \/>\n\t<meta name=\"twitter:label2\" content=\"Tiempo de lectura\" \/>\n\t<meta name=\"twitter:data2\" content=\"2 minutos\" \/>\n<script type=\"application\/ld+json\" class=\"yoast-schema-graph\">{\"@context\":\"https:\/\/schema.org\",\"@graph\":[{\"@type\":\"Article\",\"@id\":\"http:\/\/conexion23.com\/?p=30758#article\",\"isPartOf\":{\"@id\":\"http:\/\/conexion23.com\/?p=30758\"},\"author\":{\"name\":\"Raffy Ben\u00edtez\",\"@id\":\"https:\/\/conexion23.com\/#\/schema\/person\/03e36043331117e97a373299bbcd30a6\"},\"headline\":\"Joven muere tras colisi\u00f3n entre motora y autom\u00f3vil en San Juan.\",\"datePublished\":\"2024-07-22T11:37:46+00:00\",\"dateModified\":\"2024-07-22T11:37:51+00:00\",\"mainEntityOfPage\":{\"@id\":\"http:\/\/conexion23.com\/?p=30758\"},\"wordCount\":283,\"commentCount\":0,\"publisher\":{\"@id\":\"https:\/\/conexion23.com\/#organization\"},\"image\":{\"@id\":\"http:\/\/conexion23.com\/?p=30758#primaryimage\"},\"thumbnailUrl\":\"https:\/\/conexion23.com\/wp-content\/uploads\/2024\/07\/WhatsApp-Image-2024-07-21-at-10.29.56-PM.jpeg\",\"articleSection\":[\"Uncategorized\"],\"inLanguage\":\"es\",\"potentialAction\":[{\"@type\":\"CommentAction\",\"name\":\"Comment\",\"target\":[\"http:\/\/conexion23.com\/?p=30758#respond\"]}]},{\"@type\":\"WebPage\",\"@id\":\"http:\/\/conexion23.com\/?p=30758\",\"url\":\"http:\/\/conexion23.com\/?p=30758\",\"name\":\"Joven muere tras colisi\u00f3n entre motora y autom\u00f3vil en San Juan. - Conexi\u00f3n 23\",\"isPartOf\":{\"@id\":\"https:\/\/conexion23.com\/#website\"},\"primaryImageOfPage\":{\"@id\":\"http:\/\/conexion23.com\/?p=30758#primaryimage\"},\"image\":{\"@id\":\"http:\/\/conexion23.com\/?p=30758#primaryimage\"},\"thumbnailUrl\":\"https:\/\/conexion23.com\/wp-content\/uploads\/2024\/07\/WhatsApp-Image-2024-07-21-at-10.29.56-PM.jpeg\",\"datePublished\":\"2024-07-22T11:37:46+00:00\",\"dateModified\":\"2024-07-22T11:37:51+00:00\",\"breadcrumb\":{\"@id\":\"http:\/\/conexion23.com\/?p=30758#breadcrumb\"},\"inLanguage\":\"es\",\"potentialAction\":[{\"@type\":\"ReadAction\",\"target\":[\"http:\/\/conexion23.com\/?p=30758\"]}]},{\"@type\":\"ImageObject\",\"inLanguage\":\"es\",\"@id\":\"http:\/\/conexion23.com\/?p=30758#primaryimage\",\"url\":\"https:\/\/conexion23.com\/wp-content\/uploads\/2024\/07\/WhatsApp-Image-2024-07-21-at-10.29.56-PM.jpeg\",\"contentUrl\":\"https:\/\/conexion23.com\/wp-content\/uploads\/2024\/07\/WhatsApp-Image-2024-07-21-at-10.29.56-PM.jpeg\",\"width\":593,\"height\":593},{\"@type\":\"BreadcrumbList\",\"@id\":\"http:\/\/conexion23.com\/?p=30758#breadcrumb\",\"itemListElement\":[{\"@type\":\"ListItem\",\"position\":1,\"name\":\"Portada\",\"item\":\"https:\/\/conexion23.com\/\"},{\"@type\":\"ListItem\",\"position\":2,\"name\":\"Joven muere tras colisi\u00f3n entre motora y autom\u00f3vil en San Juan.\"}]},{\"@type\":\"WebSite\",\"@id\":\"https:\/\/conexion23.com\/#website\",\"url\":\"https:\/\/conexion23.com\/\",\"name\":\"Conexi\u00f3n 23\",\"description\":\"Peri\u00f3dico 100% Petromacorisano\",\"publisher\":{\"@id\":\"https:\/\/conexion23.com\/#organization\"},\"potentialAction\":[{\"@type\":\"SearchAction\",\"target\":{\"@type\":\"EntryPoint\",\"urlTemplate\":\"https:\/\/conexion23.com\/?s={search_term_string}\"},\"query-input\":{\"@type\":\"PropertyValueSpecification\",\"valueRequired\":true,\"valueName\":\"search_term_string\"}}],\"inLanguage\":\"es\"},{\"@type\":\"Organization\",\"@id\":\"https:\/\/conexion23.com\/#organization\",\"name\":\"Conexion 23\",\"url\":\"https:\/\/conexion23.com\/\",\"logo\":{\"@type\":\"ImageObject\",\"inLanguage\":\"es\",\"@id\":\"https:\/\/conexion23.com\/#\/schema\/logo\/image\/\",\"url\":\"https:\/\/conexion23.com\/wp-content\/uploads\/2021\/11\/Diseno-sin-titulo-2.png\",\"contentUrl\":\"https:\/\/conexion23.com\/wp-content\/uploads\/2021\/11\/Diseno-sin-titulo-2.png\",\"width\":541,\"height\":90,\"caption\":\"Conexion 23\"},\"image\":{\"@id\":\"https:\/\/conexion23.com\/#\/schema\/logo\/image\/\"},\"sameAs\":[\"https:\/\/www.facebook.com\/conexion23com\",\"https:\/\/www.instagram.com\/conexion23com\/\",\"https:\/\/www.youtube.com\/channel\/UCYc7vxxFZMYLIHNsHHxPZ3Q\"]},{\"@type\":\"Person\",\"@id\":\"https:\/\/conexion23.com\/#\/schema\/person\/03e36043331117e97a373299bbcd30a6\",\"name\":\"Raffy Ben\u00edtez\",\"image\":{\"@type\":\"ImageObject\",\"inLanguage\":\"es\",\"@id\":\"https:\/\/conexion23.com\/#\/schema\/person\/image\/\",\"url\":\"https:\/\/secure.gravatar.com\/avatar\/3190a6a6c5e1b0327500f7d6c56b6242472ee6cb974cf09b401ee6b3b0798f23?s=96&d=mm&r=g\",\"contentUrl\":\"https:\/\/secure.gravatar.com\/avatar\/3190a6a6c5e1b0327500f7d6c56b6242472ee6cb974cf09b401ee6b3b0798f23?s=96&d=mm&r=g\",\"caption\":\"Raffy Ben\u00edtez\"},\"url\":\"https:\/\/conexion23.com\/?author=15\"}]}<\/script>\n<!-- \/ Yoast SEO plugin. -->","yoast_head_json":{"title":"Joven muere tras colisi\u00f3n entre motora y autom\u00f3vil en San Juan. - Conexi\u00f3n 23","robots":{"index":"index","follow":"follow","max-snippet":"max-snippet:-1","max-image-preview":"max-image-preview:large","max-video-preview":"max-video-preview:-1"},"canonical":"http:\/\/conexion23.com\/?p=30758","og_locale":"es_ES","og_type":"article","og_title":"Joven muere tras colisi\u00f3n entre motora y autom\u00f3vil en San Juan. - Conexi\u00f3n 23","og_description":"En un tr\u00e1gico incidente que conmocion\u00f3 a la comunidad de San Juan, un joven perdi\u00f3 la vida la tarde-noche de este domingo luego de un aparatoso accidente de tr\u00e1nsito.&nbsp; La colisi\u00f3n se produjo en la estaci\u00f3n de combustible ubicada en la zona de Juan Herrera, cuando la motora que conduc\u00eda el joven choc\u00f3 violentamente contra [&hellip;]","og_url":"http:\/\/conexion23.com\/?p=30758","og_site_name":"Conexi\u00f3n 23","article_publisher":"https:\/\/www.facebook.com\/conexion23com","article_published_time":"2024-07-22T11:37:46+00:00","article_modified_time":"2024-07-22T11:37:51+00:00","og_image":[{"width":593,"height":593,"url":"http:\/\/conexion23.com\/wp-content\/uploads\/2024\/07\/WhatsApp-Image-2024-07-21-at-10.29.56-PM.jpeg","type":"image\/jpeg"}],"author":"Raffy Ben\u00edtez","twitter_card":"summary_large_image","twitter_misc":{"Escrito por":"Raffy Ben\u00edtez","Tiempo de lectura":"2 minutos"},"schema":{"@context":"https:\/\/schema.org","@graph":[{"@type":"Article","@id":"http:\/\/conexion23.com\/?p=30758#article","isPartOf":{"@id":"http:\/\/conexion23.com\/?p=30758"},"author":{"name":"Raffy Ben\u00edtez","@id":"https:\/\/conexion23.com\/#\/schema\/person\/03e36043331117e97a373299bbcd30a6"},"headline":"Joven muere tras colisi\u00f3n entre motora y autom\u00f3vil en San Juan.","datePublished":"2024-07-22T11:37:46+00:00","dateModified":"2024-07-22T11:37:51+00:00","mainEntityOfPage":{"@id":"http:\/\/conexion23.com\/?p=30758"},"wordCount":283,"commentCount":0,"publisher":{"@id":"https:\/\/conexion23.com\/#organization"},"image":{"@id":"http:\/\/conexion23.com\/?p=30758#primaryimage"},"thumbnailUrl":"https:\/\/conexion23.com\/wp-content\/uploads\/2024\/07\/WhatsApp-Image-2024-07-21-at-10.29.56-PM.jpeg","articleSection":["Uncategorized"],"inLanguage":"es","potentialAction":[{"@type":"CommentAction","name":"Comment","target":["http:\/\/conexion23.com\/?p=30758#respond"]}]},{"@type":"WebPage","@id":"http:\/\/conexion23.com\/?p=30758","url":"http:\/\/conexion23.com\/?p=30758","name":"Joven muere tras colisi\u00f3n entre motora y autom\u00f3vil en San Juan. - Conexi\u00f3n 23","isPartOf":{"@id":"https:\/\/conexion23.com\/#website"},"primaryImageOfPage":{"@id":"http:\/\/conexion23.com\/?p=30758#primaryimage"},"image":{"@id":"http:\/\/conexion23.com\/?p=30758#primaryimage"},"thumbnailUrl":"https:\/\/conexion23.com\/wp-content\/uploads\/2024\/07\/WhatsApp-Image-2024-07-21-at-10.29.56-PM.jpeg","datePublished":"2024-07-22T11:37:46+00:00","dateModified":"2024-07-22T11:37:51+00:00","breadcrumb":{"@id":"http:\/\/conexion23.com\/?p=30758#breadcrumb"},"inLanguage":"es","potentialAction":[{"@type":"ReadAction","target":["http:\/\/conexion23.com\/?p=30758"]}]},{"@type":"ImageObject","inLanguage":"es","@id":"http:\/\/conexion23.com\/?p=30758#primaryimage","url":"https:\/\/conexion23.com\/wp-content\/uploads\/2024\/07\/WhatsApp-Image-2024-07-21-at-10.29.56-PM.jpeg","contentUrl":"https:\/\/conexion23.com\/wp-content\/uploads\/2024\/07\/WhatsApp-Image-2024-07-21-at-10.29.56-PM.jpeg","width":593,"height":593},{"@type":"BreadcrumbList","@id":"http:\/\/conexion23.com\/?p=30758#breadcrumb","itemListElement":[{"@type":"ListItem","position":1,"name":"Portada","item":"https:\/\/conexion23.com\/"},{"@type":"ListItem","position":2,"name":"Joven muere tras colisi\u00f3n entre motora y autom\u00f3vil en San Juan."}]},{"@type":"WebSite","@id":"https:\/\/conexion23.com\/#website","url":"https:\/\/conexion23.com\/","name":"Conexi\u00f3n 23","description":"Peri\u00f3dico 100% Petromacorisano","publisher":{"@id":"https:\/\/conexion23.com\/#organization"},"potentialAction":[{"@type":"SearchAction","target":{"@type":"EntryPoint","urlTemplate":"https:\/\/conexion23.com\/?s={search_term_string}"},"query-input":{"@type":"PropertyValueSpecification","valueRequired":true,"valueName":"search_term_string"}}],"inLanguage":"es"},{"@type":"Organization","@id":"https:\/\/conexion23.com\/#organization","name":"Conexion 23","url":"https:\/\/conexion23.com\/","logo":{"@type":"ImageObject","inLanguage":"es","@id":"https:\/\/conexion23.com\/#\/schema\/logo\/image\/","url":"https:\/\/conexion23.com\/wp-content\/uploads\/2021\/11\/Diseno-sin-titulo-2.png","contentUrl":"https:\/\/conexion23.com\/wp-content\/uploads\/2021\/11\/Diseno-sin-titulo-2.png","width":541,"height":90,"caption":"Conexion 23"},"image":{"@id":"https:\/\/conexion23.com\/#\/schema\/logo\/image\/"},"sameAs":["https:\/\/www.facebook.com\/conexion23com","https:\/\/www.instagram.com\/conexion23com\/","https:\/\/www.youtube.com\/channel\/UCYc7vxxFZMYLIHNsHHxPZ3Q"]},{"@type":"Person","@id":"https:\/\/conexion23.com\/#\/schema\/person\/03e36043331117e97a373299bbcd30a6","name":"Raffy Ben\u00edtez","image":{"@type":"ImageObject","inLanguage":"es","@id":"https:\/\/conexion23.com\/#\/schema\/person\/image\/","url":"https:\/\/secure.gravatar.com\/avatar\/3190a6a6c5e1b0327500f7d6c56b6242472ee6cb974cf09b401ee6b3b0798f23?s=96&d=mm&r=g","contentUrl":"https:\/\/secure.gravatar.com\/avatar\/3190a6a6c5e1b0327500f7d6c56b6242472ee6cb974cf09b401ee6b3b0798f23?s=96&d=mm&r=g","caption":"Raffy Ben\u00edtez"},"url":"https:\/\/conexion23.com\/?author=15"}]}},"_links":{"self":[{"href":"https:\/\/conexion23.com\/index.php?rest_route=\/wp\/v2\/posts\/30758","targetHints":{"allow":["GET"]}}],"collection":[{"href":"https:\/\/conexion23.com\/index.php?rest_route=\/wp\/v2\/posts"}],"about":[{"href":"https:\/\/conexion23.com\/index.php?rest_route=\/wp\/v2\/types\/post"}],"author":[{"embeddable":true,"href":"https:\/\/conexion23.com\/index.php?rest_route=\/wp\/v2\/users\/15"}],"replies":[{"embeddable":true,"href":"https:\/\/conexion23.com\/index.php?rest_route=%2Fwp%2Fv2%2Fcomments&post=30758"}],"version-history":[{"count":1,"href":"https:\/\/conexion23.com\/index.php?rest_route=\/wp\/v2\/posts\/30758\/revisions"}],"predecessor-version":[{"id":30760,"href":"https:\/\/conexion23.com\/index.php?rest_route=\/wp\/v2\/posts\/30758\/revisions\/30760"}],"wp:featuredmedia":[{"embeddable":true,"href":"https:\/\/conexion23.com\/index.php?rest_route=\/wp\/v2\/media\/30759"}],"wp:attachment":[{"href":"https:\/\/conexion23.com\/index.php?rest_route=%2Fwp%2Fv2%2Fmedia&parent=30758"}],"wp:term":[{"taxonomy":"category","embeddable":true,"href":"https:\/\/conexion23.com\/index.php?rest_route=%2Fwp%2Fv2%2Fcategories&post=30758"},{"taxonomy":"post_tag","embeddable":true,"href":"https:\/\/conexion23.com\/index.php?rest_route=%2Fwp%2Fv2%2Ftags&post=30758"}],"curies":[{"name":"wp","href":"https:\/\/api.w.org\/{rel}","templated":true}]}}