{"id":30774,"date":"2024-07-22T08:19:53","date_gmt":"2024-07-22T12:19:53","guid":{"rendered":"https:\/\/conexion23.com\/?p=30774"},"modified":"2024-07-22T08:19:57","modified_gmt":"2024-07-22T12:19:57","slug":"expolicia-muere-tras-confrontacion-con-agentes","status":"publish","type":"post","link":"https:\/\/conexion23.com\/?p=30774","title":{"rendered":"Expolic\u00eda muere tras confrontaci\u00f3n con agentes."},"content":{"rendered":"\n<p>En la comunidad de La Lomita, ubicada en el distrito municipal de Las Lagunas, perteneciente al municipio cabecera de la provincia Espaillat, se produjo un violento enfrentamiento entre agentes de la Direcci\u00f3n Regional Espaillat de la Polic\u00eda Nacional y un presunto delincuente, resultando en la muerte del individuo involucrado.<\/p>\n\n\n\n<p>La persona fallecida ha sido identificada como Edison Joel Castillo Avelino, de 30 a\u00f1os. Castillo Avelino hab\u00eda sido miembro de la Polic\u00eda Nacional, pero hab\u00eda sido separado de la instituci\u00f3n debido a razones no especificadas.<\/p>\n\n\n\n<p>Seg\u00fan los informes preliminares y testimonios de testigos presentes en el lugar, Castillo Avelino se encontraba en medio de una operaci\u00f3n policial cuando, de manera inesperada, se produjo un enfrentamiento.<\/p>\n\n\n\n<p>&nbsp;Los agentes de la Polic\u00eda Nacional estaban realizando una operaci\u00f3n de rutina para desmantelar una red delictiva cuando Castillo Avelino, armado, comenz\u00f3 a disparar contra ellos.<\/p>\n\n\n\n<p>En respuesta a la agresi\u00f3n, los polic\u00edas repelieron el ataque en una serie de intercambios de disparos que resultaron en varias heridas para Castillo Avelino.&nbsp;<\/p>\n\n\n\n<p>Tras el tiroteo, fue trasladado de urgencia al Hospital Doctor Toribio Bencosme, donde los m\u00e9dicos intentaron estabilizarlo, pero lamentablemente, falleci\u00f3 debido a la gravedad de sus heridas.<\/p>\n\n\n\n<p>Las autoridades han iniciado una investigaci\u00f3n para esclarecer los detalles del enfrentamiento y determinar las circunstancias exactas que llevaron a este tr\u00e1gico desenlace.<\/p>\n\n\n\n<p>&nbsp;Por su parte, la Polic\u00eda Nacional ha emitido un comunicado expresando su pesar por los eventos y reiterando su compromiso con la seguridad y el orden en la comunidad.<\/p>\n\n\n\n<p>La noticia ha generado una serie de reacciones en la comunidad local y en las redes sociales, donde vecinos y ciudadanos est\u00e1n debatiendo sobre las implicaciones de este incidente y su impacto en la seguridad p\u00fablica en la regi\u00f3n.<\/p>\n","protected":false},"excerpt":{"rendered":"<p>En la comunidad de La Lomita, ubicada en el distrito municipal de Las Lagunas, perteneciente al municipio cabecera de la provincia Espaillat, se produjo un violento enfrentamiento entre agentes de la Direcci\u00f3n Regional Espaillat de la Polic\u00eda Nacional y un presunto delincuente, resultando en la muerte del individuo involucrado. La persona fallecida ha sido identificada [&hellip;]<\/p>\n","protected":false},"author":15,"featured_media":30775,"comment_status":"open","ping_status":"open","sticky":false,"template":"","format":"standard","meta":{"footnotes":""},"categories":[1],"tags":[],"class_list":{"0":"post-30774","1":"post","2":"type-post","3":"status-publish","4":"format-standard","5":"has-post-thumbnail","7":"category-uncategorized"},"yoast_head":"<!-- This site is optimized with the Yoast SEO plugin v27.1.1 - https:\/\/yoast.com\/product\/yoast-seo-wordpress\/ -->\n<title>Expolic\u00eda muere tras confrontaci\u00f3n con agentes. - Conexi\u00f3n 23<\/title>\n<meta name=\"robots\" content=\"index, follow, max-snippet:-1, max-image-preview:large, max-video-preview:-1\" \/>\n<link rel=\"canonical\" href=\"http:\/\/conexion23.com\/?p=30774\" \/>\n<meta property=\"og:locale\" content=\"es_ES\" \/>\n<meta property=\"og:type\" content=\"article\" \/>\n<meta property=\"og:title\" content=\"Expolic\u00eda muere tras confrontaci\u00f3n con agentes. - Conexi\u00f3n 23\" \/>\n<meta property=\"og:description\" content=\"En la comunidad de La Lomita, ubicada en el distrito municipal de Las Lagunas, perteneciente al municipio cabecera de la provincia Espaillat, se produjo un violento enfrentamiento entre agentes de la Direcci\u00f3n Regional Espaillat de la Polic\u00eda Nacional y un presunto delincuente, resultando en la muerte del individuo involucrado. La persona fallecida ha sido identificada [&hellip;]\" \/>\n<meta property=\"og:url\" content=\"http:\/\/conexion23.com\/?p=30774\" \/>\n<meta property=\"og:site_name\" content=\"Conexi\u00f3n 23\" \/>\n<meta property=\"article:publisher\" content=\"https:\/\/www.facebook.com\/conexion23com\" \/>\n<meta property=\"article:published_time\" content=\"2024-07-22T12:19:53+00:00\" \/>\n<meta property=\"article:modified_time\" content=\"2024-07-22T12:19:57+00:00\" \/>\n<meta property=\"og:image\" content=\"http:\/\/conexion23.com\/wp-content\/uploads\/2024\/07\/photo_2024-07-21_15-08-02.webp\" \/>\n\t<meta property=\"og:image:width\" content=\"1024\" \/>\n\t<meta property=\"og:image:height\" content=\"576\" \/>\n\t<meta property=\"og:image:type\" content=\"image\/webp\" \/>\n<meta name=\"author\" content=\"Raffy Ben\u00edtez\" \/>\n<meta name=\"twitter:card\" content=\"summary_large_image\" \/>\n<meta name=\"twitter:label1\" content=\"Escrito por\" \/>\n\t<meta name=\"twitter:data1\" content=\"Raffy Ben\u00edtez\" \/>\n\t<meta name=\"twitter:label2\" content=\"Tiempo de lectura\" \/>\n\t<meta name=\"twitter:data2\" content=\"2 minutos\" \/>\n<script type=\"application\/ld+json\" class=\"yoast-schema-graph\">{\"@context\":\"https:\/\/schema.org\",\"@graph\":[{\"@type\":\"Article\",\"@id\":\"http:\/\/conexion23.com\/?p=30774#article\",\"isPartOf\":{\"@id\":\"http:\/\/conexion23.com\/?p=30774\"},\"author\":{\"name\":\"Raffy Ben\u00edtez\",\"@id\":\"https:\/\/conexion23.com\/#\/schema\/person\/03e36043331117e97a373299bbcd30a6\"},\"headline\":\"Expolic\u00eda muere tras confrontaci\u00f3n con agentes.\",\"datePublished\":\"2024-07-22T12:19:53+00:00\",\"dateModified\":\"2024-07-22T12:19:57+00:00\",\"mainEntityOfPage\":{\"@id\":\"http:\/\/conexion23.com\/?p=30774\"},\"wordCount\":313,\"commentCount\":0,\"publisher\":{\"@id\":\"https:\/\/conexion23.com\/#organization\"},\"image\":{\"@id\":\"http:\/\/conexion23.com\/?p=30774#primaryimage\"},\"thumbnailUrl\":\"https:\/\/conexion23.com\/wp-content\/uploads\/2024\/07\/photo_2024-07-21_15-08-02.webp\",\"articleSection\":[\"Uncategorized\"],\"inLanguage\":\"es\",\"potentialAction\":[{\"@type\":\"CommentAction\",\"name\":\"Comment\",\"target\":[\"http:\/\/conexion23.com\/?p=30774#respond\"]}]},{\"@type\":\"WebPage\",\"@id\":\"http:\/\/conexion23.com\/?p=30774\",\"url\":\"http:\/\/conexion23.com\/?p=30774\",\"name\":\"Expolic\u00eda muere tras confrontaci\u00f3n con agentes. - Conexi\u00f3n 23\",\"isPartOf\":{\"@id\":\"https:\/\/conexion23.com\/#website\"},\"primaryImageOfPage\":{\"@id\":\"http:\/\/conexion23.com\/?p=30774#primaryimage\"},\"image\":{\"@id\":\"http:\/\/conexion23.com\/?p=30774#primaryimage\"},\"thumbnailUrl\":\"https:\/\/conexion23.com\/wp-content\/uploads\/2024\/07\/photo_2024-07-21_15-08-02.webp\",\"datePublished\":\"2024-07-22T12:19:53+00:00\",\"dateModified\":\"2024-07-22T12:19:57+00:00\",\"breadcrumb\":{\"@id\":\"http:\/\/conexion23.com\/?p=30774#breadcrumb\"},\"inLanguage\":\"es\",\"potentialAction\":[{\"@type\":\"ReadAction\",\"target\":[\"http:\/\/conexion23.com\/?p=30774\"]}]},{\"@type\":\"ImageObject\",\"inLanguage\":\"es\",\"@id\":\"http:\/\/conexion23.com\/?p=30774#primaryimage\",\"url\":\"https:\/\/conexion23.com\/wp-content\/uploads\/2024\/07\/photo_2024-07-21_15-08-02.webp\",\"contentUrl\":\"https:\/\/conexion23.com\/wp-content\/uploads\/2024\/07\/photo_2024-07-21_15-08-02.webp\",\"width\":1024,\"height\":576},{\"@type\":\"BreadcrumbList\",\"@id\":\"http:\/\/conexion23.com\/?p=30774#breadcrumb\",\"itemListElement\":[{\"@type\":\"ListItem\",\"position\":1,\"name\":\"Portada\",\"item\":\"https:\/\/conexion23.com\/\"},{\"@type\":\"ListItem\",\"position\":2,\"name\":\"Expolic\u00eda muere tras confrontaci\u00f3n con agentes.\"}]},{\"@type\":\"WebSite\",\"@id\":\"https:\/\/conexion23.com\/#website\",\"url\":\"https:\/\/conexion23.com\/\",\"name\":\"Conexi\u00f3n 23\",\"description\":\"Peri\u00f3dico 100% Petromacorisano\",\"publisher\":{\"@id\":\"https:\/\/conexion23.com\/#organization\"},\"potentialAction\":[{\"@type\":\"SearchAction\",\"target\":{\"@type\":\"EntryPoint\",\"urlTemplate\":\"https:\/\/conexion23.com\/?s={search_term_string}\"},\"query-input\":{\"@type\":\"PropertyValueSpecification\",\"valueRequired\":true,\"valueName\":\"search_term_string\"}}],\"inLanguage\":\"es\"},{\"@type\":\"Organization\",\"@id\":\"https:\/\/conexion23.com\/#organization\",\"name\":\"Conexion 23\",\"url\":\"https:\/\/conexion23.com\/\",\"logo\":{\"@type\":\"ImageObject\",\"inLanguage\":\"es\",\"@id\":\"https:\/\/conexion23.com\/#\/schema\/logo\/image\/\",\"url\":\"https:\/\/conexion23.com\/wp-content\/uploads\/2021\/11\/Diseno-sin-titulo-2.png\",\"contentUrl\":\"https:\/\/conexion23.com\/wp-content\/uploads\/2021\/11\/Diseno-sin-titulo-2.png\",\"width\":541,\"height\":90,\"caption\":\"Conexion 23\"},\"image\":{\"@id\":\"https:\/\/conexion23.com\/#\/schema\/logo\/image\/\"},\"sameAs\":[\"https:\/\/www.facebook.com\/conexion23com\",\"https:\/\/www.instagram.com\/conexion23com\/\",\"https:\/\/www.youtube.com\/channel\/UCYc7vxxFZMYLIHNsHHxPZ3Q\"]},{\"@type\":\"Person\",\"@id\":\"https:\/\/conexion23.com\/#\/schema\/person\/03e36043331117e97a373299bbcd30a6\",\"name\":\"Raffy Ben\u00edtez\",\"image\":{\"@type\":\"ImageObject\",\"inLanguage\":\"es\",\"@id\":\"https:\/\/conexion23.com\/#\/schema\/person\/image\/\",\"url\":\"https:\/\/secure.gravatar.com\/avatar\/3190a6a6c5e1b0327500f7d6c56b6242472ee6cb974cf09b401ee6b3b0798f23?s=96&d=mm&r=g\",\"contentUrl\":\"https:\/\/secure.gravatar.com\/avatar\/3190a6a6c5e1b0327500f7d6c56b6242472ee6cb974cf09b401ee6b3b0798f23?s=96&d=mm&r=g\",\"caption\":\"Raffy Ben\u00edtez\"},\"url\":\"https:\/\/conexion23.com\/?author=15\"}]}<\/script>\n<!-- \/ Yoast SEO plugin. -->","yoast_head_json":{"title":"Expolic\u00eda muere tras confrontaci\u00f3n con agentes. - Conexi\u00f3n 23","robots":{"index":"index","follow":"follow","max-snippet":"max-snippet:-1","max-image-preview":"max-image-preview:large","max-video-preview":"max-video-preview:-1"},"canonical":"http:\/\/conexion23.com\/?p=30774","og_locale":"es_ES","og_type":"article","og_title":"Expolic\u00eda muere tras confrontaci\u00f3n con agentes. - Conexi\u00f3n 23","og_description":"En la comunidad de La Lomita, ubicada en el distrito municipal de Las Lagunas, perteneciente al municipio cabecera de la provincia Espaillat, se produjo un violento enfrentamiento entre agentes de la Direcci\u00f3n Regional Espaillat de la Polic\u00eda Nacional y un presunto delincuente, resultando en la muerte del individuo involucrado. La persona fallecida ha sido identificada [&hellip;]","og_url":"http:\/\/conexion23.com\/?p=30774","og_site_name":"Conexi\u00f3n 23","article_publisher":"https:\/\/www.facebook.com\/conexion23com","article_published_time":"2024-07-22T12:19:53+00:00","article_modified_time":"2024-07-22T12:19:57+00:00","og_image":[{"width":1024,"height":576,"url":"http:\/\/conexion23.com\/wp-content\/uploads\/2024\/07\/photo_2024-07-21_15-08-02.webp","type":"image\/webp"}],"author":"Raffy Ben\u00edtez","twitter_card":"summary_large_image","twitter_misc":{"Escrito por":"Raffy Ben\u00edtez","Tiempo de lectura":"2 minutos"},"schema":{"@context":"https:\/\/schema.org","@graph":[{"@type":"Article","@id":"http:\/\/conexion23.com\/?p=30774#article","isPartOf":{"@id":"http:\/\/conexion23.com\/?p=30774"},"author":{"name":"Raffy Ben\u00edtez","@id":"https:\/\/conexion23.com\/#\/schema\/person\/03e36043331117e97a373299bbcd30a6"},"headline":"Expolic\u00eda muere tras confrontaci\u00f3n con agentes.","datePublished":"2024-07-22T12:19:53+00:00","dateModified":"2024-07-22T12:19:57+00:00","mainEntityOfPage":{"@id":"http:\/\/conexion23.com\/?p=30774"},"wordCount":313,"commentCount":0,"publisher":{"@id":"https:\/\/conexion23.com\/#organization"},"image":{"@id":"http:\/\/conexion23.com\/?p=30774#primaryimage"},"thumbnailUrl":"https:\/\/conexion23.com\/wp-content\/uploads\/2024\/07\/photo_2024-07-21_15-08-02.webp","articleSection":["Uncategorized"],"inLanguage":"es","potentialAction":[{"@type":"CommentAction","name":"Comment","target":["http:\/\/conexion23.com\/?p=30774#respond"]}]},{"@type":"WebPage","@id":"http:\/\/conexion23.com\/?p=30774","url":"http:\/\/conexion23.com\/?p=30774","name":"Expolic\u00eda muere tras confrontaci\u00f3n con agentes. - Conexi\u00f3n 23","isPartOf":{"@id":"https:\/\/conexion23.com\/#website"},"primaryImageOfPage":{"@id":"http:\/\/conexion23.com\/?p=30774#primaryimage"},"image":{"@id":"http:\/\/conexion23.com\/?p=30774#primaryimage"},"thumbnailUrl":"https:\/\/conexion23.com\/wp-content\/uploads\/2024\/07\/photo_2024-07-21_15-08-02.webp","datePublished":"2024-07-22T12:19:53+00:00","dateModified":"2024-07-22T12:19:57+00:00","breadcrumb":{"@id":"http:\/\/conexion23.com\/?p=30774#breadcrumb"},"inLanguage":"es","potentialAction":[{"@type":"ReadAction","target":["http:\/\/conexion23.com\/?p=30774"]}]},{"@type":"ImageObject","inLanguage":"es","@id":"http:\/\/conexion23.com\/?p=30774#primaryimage","url":"https:\/\/conexion23.com\/wp-content\/uploads\/2024\/07\/photo_2024-07-21_15-08-02.webp","contentUrl":"https:\/\/conexion23.com\/wp-content\/uploads\/2024\/07\/photo_2024-07-21_15-08-02.webp","width":1024,"height":576},{"@type":"BreadcrumbList","@id":"http:\/\/conexion23.com\/?p=30774#breadcrumb","itemListElement":[{"@type":"ListItem","position":1,"name":"Portada","item":"https:\/\/conexion23.com\/"},{"@type":"ListItem","position":2,"name":"Expolic\u00eda muere tras confrontaci\u00f3n con agentes."}]},{"@type":"WebSite","@id":"https:\/\/conexion23.com\/#website","url":"https:\/\/conexion23.com\/","name":"Conexi\u00f3n 23","description":"Peri\u00f3dico 100% Petromacorisano","publisher":{"@id":"https:\/\/conexion23.com\/#organization"},"potentialAction":[{"@type":"SearchAction","target":{"@type":"EntryPoint","urlTemplate":"https:\/\/conexion23.com\/?s={search_term_string}"},"query-input":{"@type":"PropertyValueSpecification","valueRequired":true,"valueName":"search_term_string"}}],"inLanguage":"es"},{"@type":"Organization","@id":"https:\/\/conexion23.com\/#organization","name":"Conexion 23","url":"https:\/\/conexion23.com\/","logo":{"@type":"ImageObject","inLanguage":"es","@id":"https:\/\/conexion23.com\/#\/schema\/logo\/image\/","url":"https:\/\/conexion23.com\/wp-content\/uploads\/2021\/11\/Diseno-sin-titulo-2.png","contentUrl":"https:\/\/conexion23.com\/wp-content\/uploads\/2021\/11\/Diseno-sin-titulo-2.png","width":541,"height":90,"caption":"Conexion 23"},"image":{"@id":"https:\/\/conexion23.com\/#\/schema\/logo\/image\/"},"sameAs":["https:\/\/www.facebook.com\/conexion23com","https:\/\/www.instagram.com\/conexion23com\/","https:\/\/www.youtube.com\/channel\/UCYc7vxxFZMYLIHNsHHxPZ3Q"]},{"@type":"Person","@id":"https:\/\/conexion23.com\/#\/schema\/person\/03e36043331117e97a373299bbcd30a6","name":"Raffy Ben\u00edtez","image":{"@type":"ImageObject","inLanguage":"es","@id":"https:\/\/conexion23.com\/#\/schema\/person\/image\/","url":"https:\/\/secure.gravatar.com\/avatar\/3190a6a6c5e1b0327500f7d6c56b6242472ee6cb974cf09b401ee6b3b0798f23?s=96&d=mm&r=g","contentUrl":"https:\/\/secure.gravatar.com\/avatar\/3190a6a6c5e1b0327500f7d6c56b6242472ee6cb974cf09b401ee6b3b0798f23?s=96&d=mm&r=g","caption":"Raffy Ben\u00edtez"},"url":"https:\/\/conexion23.com\/?author=15"}]}},"_links":{"self":[{"href":"https:\/\/conexion23.com\/index.php?rest_route=\/wp\/v2\/posts\/30774","targetHints":{"allow":["GET"]}}],"collection":[{"href":"https:\/\/conexion23.com\/index.php?rest_route=\/wp\/v2\/posts"}],"about":[{"href":"https:\/\/conexion23.com\/index.php?rest_route=\/wp\/v2\/types\/post"}],"author":[{"embeddable":true,"href":"https:\/\/conexion23.com\/index.php?rest_route=\/wp\/v2\/users\/15"}],"replies":[{"embeddable":true,"href":"https:\/\/conexion23.com\/index.php?rest_route=%2Fwp%2Fv2%2Fcomments&post=30774"}],"version-history":[{"count":1,"href":"https:\/\/conexion23.com\/index.php?rest_route=\/wp\/v2\/posts\/30774\/revisions"}],"predecessor-version":[{"id":30776,"href":"https:\/\/conexion23.com\/index.php?rest_route=\/wp\/v2\/posts\/30774\/revisions\/30776"}],"wp:featuredmedia":[{"embeddable":true,"href":"https:\/\/conexion23.com\/index.php?rest_route=\/wp\/v2\/media\/30775"}],"wp:attachment":[{"href":"https:\/\/conexion23.com\/index.php?rest_route=%2Fwp%2Fv2%2Fmedia&parent=30774"}],"wp:term":[{"taxonomy":"category","embeddable":true,"href":"https:\/\/conexion23.com\/index.php?rest_route=%2Fwp%2Fv2%2Fcategories&post=30774"},{"taxonomy":"post_tag","embeddable":true,"href":"https:\/\/conexion23.com\/index.php?rest_route=%2Fwp%2Fv2%2Ftags&post=30774"}],"curies":[{"name":"wp","href":"https:\/\/api.w.org\/{rel}","templated":true}]}}