{"id":30777,"date":"2024-07-22T08:22:01","date_gmt":"2024-07-22T12:22:01","guid":{"rendered":"https:\/\/conexion23.com\/?p=30777"},"modified":"2024-07-22T08:22:05","modified_gmt":"2024-07-22T12:22:05","slug":"policia-apresa-40-personas-y-retiene-23-vehiculos-que-realizaban-carrera-en-autopista-duarte","status":"publish","type":"post","link":"https:\/\/conexion23.com\/?p=30777","title":{"rendered":"Polic\u00eda apresa 40 personas y retiene 23 veh\u00edculos que realizaban carrera en autopista Duarte."},"content":{"rendered":"\n<p>La Polic\u00eda Nacional apres\u00f3 a 40 personas y retuvo 23 veh\u00edculos en una operaci\u00f3n para enfrentar una carrera clandestina que se organizaba en la en el kil\u00f3metro 12 \u00bd de la autopista Duarte.<\/p>\n\n\n\n<p>La instituci\u00f3n del orden asegur\u00f3, en un post en su perfil de la red social X, que el operativo lo realiz\u00f3 en cumplimiento de la Ley 63-17, sobre manejo temerario (carrera clandestina), con el fin de proteger la vida de cada ciudadano y garantizar el orden p\u00fablico.<\/p>\n\n\n\n<p>El general Juan Bautista Jim\u00e9nez Reinoso, director Regional Cibao Central, inform\u00f3 que los detenidos, junto a los veh\u00edculos retenidos, est\u00e1n bajo el control del Ministerio P\u00fablico, para que proceda a someterlos a la justicia.<\/p>\n\n\n\n<p>Aprovech\u00f3 para instar \u201ca la ciudadan\u00eda a descontinuar esta pr\u00e1ctica, ya que ponen en peligro sus vidas y las de otras personas que transitan por la referida v\u00eda\u201d.<\/p>\n\n\n\n<p>Asimismo, advirti\u00f3 que \u201clos operativos focalizados continuar\u00e1n en esta demarcaci\u00f3n, para prevenir cualquier acci\u00f3n que afecte la paz y tranquilidad de la ciudadan\u00eda\u201d.<\/p>\n","protected":false},"excerpt":{"rendered":"<p>La Polic\u00eda Nacional apres\u00f3 a 40 personas y retuvo 23 veh\u00edculos en una operaci\u00f3n para enfrentar una carrera clandestina que se organizaba en la en el kil\u00f3metro 12 \u00bd de la autopista Duarte. La instituci\u00f3n del orden asegur\u00f3, en un post en su perfil de la red social X, que el operativo lo realiz\u00f3 en [&hellip;]<\/p>\n","protected":false},"author":15,"featured_media":30778,"comment_status":"open","ping_status":"open","sticky":false,"template":"","format":"standard","meta":{"footnotes":""},"categories":[1],"tags":[],"class_list":{"0":"post-30777","1":"post","2":"type-post","3":"status-publish","4":"format-standard","5":"has-post-thumbnail","7":"category-uncategorized"},"yoast_head":"<!-- This site is optimized with the Yoast SEO plugin v27.1.1 - https:\/\/yoast.com\/product\/yoast-seo-wordpress\/ -->\n<title>Polic\u00eda apresa 40 personas y retiene 23 veh\u00edculos que realizaban carrera en autopista Duarte. - Conexi\u00f3n 23<\/title>\n<meta name=\"robots\" content=\"index, follow, max-snippet:-1, max-image-preview:large, max-video-preview:-1\" \/>\n<link rel=\"canonical\" href=\"http:\/\/conexion23.com\/?p=30777\" \/>\n<meta property=\"og:locale\" content=\"es_ES\" \/>\n<meta property=\"og:type\" content=\"article\" \/>\n<meta property=\"og:title\" content=\"Polic\u00eda apresa 40 personas y retiene 23 veh\u00edculos que realizaban carrera en autopista Duarte. - Conexi\u00f3n 23\" \/>\n<meta property=\"og:description\" content=\"La Polic\u00eda Nacional apres\u00f3 a 40 personas y retuvo 23 veh\u00edculos en una operaci\u00f3n para enfrentar una carrera clandestina que se organizaba en la en el kil\u00f3metro 12 \u00bd de la autopista Duarte. La instituci\u00f3n del orden asegur\u00f3, en un post en su perfil de la red social X, que el operativo lo realiz\u00f3 en [&hellip;]\" \/>\n<meta property=\"og:url\" content=\"http:\/\/conexion23.com\/?p=30777\" \/>\n<meta property=\"og:site_name\" content=\"Conexi\u00f3n 23\" \/>\n<meta property=\"article:publisher\" content=\"https:\/\/www.facebook.com\/conexion23com\" \/>\n<meta property=\"article:published_time\" content=\"2024-07-22T12:22:01+00:00\" \/>\n<meta property=\"article:modified_time\" content=\"2024-07-22T12:22:05+00:00\" \/>\n<meta property=\"og:image\" content=\"http:\/\/conexion23.com\/wp-content\/uploads\/2024\/07\/carros-retenidos-santiago-650x400-1.jpeg\" \/>\n\t<meta property=\"og:image:width\" content=\"650\" \/>\n\t<meta property=\"og:image:height\" content=\"400\" \/>\n\t<meta property=\"og:image:type\" content=\"image\/jpeg\" \/>\n<meta name=\"author\" content=\"Raffy Ben\u00edtez\" \/>\n<meta name=\"twitter:card\" content=\"summary_large_image\" \/>\n<meta name=\"twitter:label1\" content=\"Escrito por\" \/>\n\t<meta name=\"twitter:data1\" content=\"Raffy Ben\u00edtez\" \/>\n\t<meta name=\"twitter:label2\" content=\"Tiempo de lectura\" \/>\n\t<meta name=\"twitter:data2\" content=\"1 minuto\" \/>\n<script type=\"application\/ld+json\" class=\"yoast-schema-graph\">{\"@context\":\"https:\/\/schema.org\",\"@graph\":[{\"@type\":\"Article\",\"@id\":\"http:\/\/conexion23.com\/?p=30777#article\",\"isPartOf\":{\"@id\":\"http:\/\/conexion23.com\/?p=30777\"},\"author\":{\"name\":\"Raffy Ben\u00edtez\",\"@id\":\"https:\/\/conexion23.com\/#\/schema\/person\/03e36043331117e97a373299bbcd30a6\"},\"headline\":\"Polic\u00eda apresa 40 personas y retiene 23 veh\u00edculos que realizaban carrera en autopista Duarte.\",\"datePublished\":\"2024-07-22T12:22:01+00:00\",\"dateModified\":\"2024-07-22T12:22:05+00:00\",\"mainEntityOfPage\":{\"@id\":\"http:\/\/conexion23.com\/?p=30777\"},\"wordCount\":192,\"commentCount\":0,\"publisher\":{\"@id\":\"https:\/\/conexion23.com\/#organization\"},\"image\":{\"@id\":\"http:\/\/conexion23.com\/?p=30777#primaryimage\"},\"thumbnailUrl\":\"https:\/\/conexion23.com\/wp-content\/uploads\/2024\/07\/carros-retenidos-santiago-650x400-1.jpeg\",\"articleSection\":[\"Uncategorized\"],\"inLanguage\":\"es\",\"potentialAction\":[{\"@type\":\"CommentAction\",\"name\":\"Comment\",\"target\":[\"http:\/\/conexion23.com\/?p=30777#respond\"]}]},{\"@type\":\"WebPage\",\"@id\":\"http:\/\/conexion23.com\/?p=30777\",\"url\":\"http:\/\/conexion23.com\/?p=30777\",\"name\":\"Polic\u00eda apresa 40 personas y retiene 23 veh\u00edculos que realizaban carrera en autopista Duarte. - Conexi\u00f3n 23\",\"isPartOf\":{\"@id\":\"https:\/\/conexion23.com\/#website\"},\"primaryImageOfPage\":{\"@id\":\"http:\/\/conexion23.com\/?p=30777#primaryimage\"},\"image\":{\"@id\":\"http:\/\/conexion23.com\/?p=30777#primaryimage\"},\"thumbnailUrl\":\"https:\/\/conexion23.com\/wp-content\/uploads\/2024\/07\/carros-retenidos-santiago-650x400-1.jpeg\",\"datePublished\":\"2024-07-22T12:22:01+00:00\",\"dateModified\":\"2024-07-22T12:22:05+00:00\",\"breadcrumb\":{\"@id\":\"http:\/\/conexion23.com\/?p=30777#breadcrumb\"},\"inLanguage\":\"es\",\"potentialAction\":[{\"@type\":\"ReadAction\",\"target\":[\"http:\/\/conexion23.com\/?p=30777\"]}]},{\"@type\":\"ImageObject\",\"inLanguage\":\"es\",\"@id\":\"http:\/\/conexion23.com\/?p=30777#primaryimage\",\"url\":\"https:\/\/conexion23.com\/wp-content\/uploads\/2024\/07\/carros-retenidos-santiago-650x400-1.jpeg\",\"contentUrl\":\"https:\/\/conexion23.com\/wp-content\/uploads\/2024\/07\/carros-retenidos-santiago-650x400-1.jpeg\",\"width\":650,\"height\":400},{\"@type\":\"BreadcrumbList\",\"@id\":\"http:\/\/conexion23.com\/?p=30777#breadcrumb\",\"itemListElement\":[{\"@type\":\"ListItem\",\"position\":1,\"name\":\"Portada\",\"item\":\"https:\/\/conexion23.com\/\"},{\"@type\":\"ListItem\",\"position\":2,\"name\":\"Polic\u00eda apresa 40 personas y retiene 23 veh\u00edculos que realizaban carrera en autopista Duarte.\"}]},{\"@type\":\"WebSite\",\"@id\":\"https:\/\/conexion23.com\/#website\",\"url\":\"https:\/\/conexion23.com\/\",\"name\":\"Conexi\u00f3n 23\",\"description\":\"Peri\u00f3dico 100% Petromacorisano\",\"publisher\":{\"@id\":\"https:\/\/conexion23.com\/#organization\"},\"potentialAction\":[{\"@type\":\"SearchAction\",\"target\":{\"@type\":\"EntryPoint\",\"urlTemplate\":\"https:\/\/conexion23.com\/?s={search_term_string}\"},\"query-input\":{\"@type\":\"PropertyValueSpecification\",\"valueRequired\":true,\"valueName\":\"search_term_string\"}}],\"inLanguage\":\"es\"},{\"@type\":\"Organization\",\"@id\":\"https:\/\/conexion23.com\/#organization\",\"name\":\"Conexion 23\",\"url\":\"https:\/\/conexion23.com\/\",\"logo\":{\"@type\":\"ImageObject\",\"inLanguage\":\"es\",\"@id\":\"https:\/\/conexion23.com\/#\/schema\/logo\/image\/\",\"url\":\"https:\/\/conexion23.com\/wp-content\/uploads\/2021\/11\/Diseno-sin-titulo-2.png\",\"contentUrl\":\"https:\/\/conexion23.com\/wp-content\/uploads\/2021\/11\/Diseno-sin-titulo-2.png\",\"width\":541,\"height\":90,\"caption\":\"Conexion 23\"},\"image\":{\"@id\":\"https:\/\/conexion23.com\/#\/schema\/logo\/image\/\"},\"sameAs\":[\"https:\/\/www.facebook.com\/conexion23com\",\"https:\/\/www.instagram.com\/conexion23com\/\",\"https:\/\/www.youtube.com\/channel\/UCYc7vxxFZMYLIHNsHHxPZ3Q\"]},{\"@type\":\"Person\",\"@id\":\"https:\/\/conexion23.com\/#\/schema\/person\/03e36043331117e97a373299bbcd30a6\",\"name\":\"Raffy Ben\u00edtez\",\"image\":{\"@type\":\"ImageObject\",\"inLanguage\":\"es\",\"@id\":\"https:\/\/conexion23.com\/#\/schema\/person\/image\/\",\"url\":\"https:\/\/secure.gravatar.com\/avatar\/3190a6a6c5e1b0327500f7d6c56b6242472ee6cb974cf09b401ee6b3b0798f23?s=96&d=mm&r=g\",\"contentUrl\":\"https:\/\/secure.gravatar.com\/avatar\/3190a6a6c5e1b0327500f7d6c56b6242472ee6cb974cf09b401ee6b3b0798f23?s=96&d=mm&r=g\",\"caption\":\"Raffy Ben\u00edtez\"},\"url\":\"https:\/\/conexion23.com\/?author=15\"}]}<\/script>\n<!-- \/ Yoast SEO plugin. -->","yoast_head_json":{"title":"Polic\u00eda apresa 40 personas y retiene 23 veh\u00edculos que realizaban carrera en autopista Duarte. - Conexi\u00f3n 23","robots":{"index":"index","follow":"follow","max-snippet":"max-snippet:-1","max-image-preview":"max-image-preview:large","max-video-preview":"max-video-preview:-1"},"canonical":"http:\/\/conexion23.com\/?p=30777","og_locale":"es_ES","og_type":"article","og_title":"Polic\u00eda apresa 40 personas y retiene 23 veh\u00edculos que realizaban carrera en autopista Duarte. - Conexi\u00f3n 23","og_description":"La Polic\u00eda Nacional apres\u00f3 a 40 personas y retuvo 23 veh\u00edculos en una operaci\u00f3n para enfrentar una carrera clandestina que se organizaba en la en el kil\u00f3metro 12 \u00bd de la autopista Duarte. La instituci\u00f3n del orden asegur\u00f3, en un post en su perfil de la red social X, que el operativo lo realiz\u00f3 en [&hellip;]","og_url":"http:\/\/conexion23.com\/?p=30777","og_site_name":"Conexi\u00f3n 23","article_publisher":"https:\/\/www.facebook.com\/conexion23com","article_published_time":"2024-07-22T12:22:01+00:00","article_modified_time":"2024-07-22T12:22:05+00:00","og_image":[{"width":650,"height":400,"url":"http:\/\/conexion23.com\/wp-content\/uploads\/2024\/07\/carros-retenidos-santiago-650x400-1.jpeg","type":"image\/jpeg"}],"author":"Raffy Ben\u00edtez","twitter_card":"summary_large_image","twitter_misc":{"Escrito por":"Raffy Ben\u00edtez","Tiempo de lectura":"1 minuto"},"schema":{"@context":"https:\/\/schema.org","@graph":[{"@type":"Article","@id":"http:\/\/conexion23.com\/?p=30777#article","isPartOf":{"@id":"http:\/\/conexion23.com\/?p=30777"},"author":{"name":"Raffy Ben\u00edtez","@id":"https:\/\/conexion23.com\/#\/schema\/person\/03e36043331117e97a373299bbcd30a6"},"headline":"Polic\u00eda apresa 40 personas y retiene 23 veh\u00edculos que realizaban carrera en autopista Duarte.","datePublished":"2024-07-22T12:22:01+00:00","dateModified":"2024-07-22T12:22:05+00:00","mainEntityOfPage":{"@id":"http:\/\/conexion23.com\/?p=30777"},"wordCount":192,"commentCount":0,"publisher":{"@id":"https:\/\/conexion23.com\/#organization"},"image":{"@id":"http:\/\/conexion23.com\/?p=30777#primaryimage"},"thumbnailUrl":"https:\/\/conexion23.com\/wp-content\/uploads\/2024\/07\/carros-retenidos-santiago-650x400-1.jpeg","articleSection":["Uncategorized"],"inLanguage":"es","potentialAction":[{"@type":"CommentAction","name":"Comment","target":["http:\/\/conexion23.com\/?p=30777#respond"]}]},{"@type":"WebPage","@id":"http:\/\/conexion23.com\/?p=30777","url":"http:\/\/conexion23.com\/?p=30777","name":"Polic\u00eda apresa 40 personas y retiene 23 veh\u00edculos que realizaban carrera en autopista Duarte. - Conexi\u00f3n 23","isPartOf":{"@id":"https:\/\/conexion23.com\/#website"},"primaryImageOfPage":{"@id":"http:\/\/conexion23.com\/?p=30777#primaryimage"},"image":{"@id":"http:\/\/conexion23.com\/?p=30777#primaryimage"},"thumbnailUrl":"https:\/\/conexion23.com\/wp-content\/uploads\/2024\/07\/carros-retenidos-santiago-650x400-1.jpeg","datePublished":"2024-07-22T12:22:01+00:00","dateModified":"2024-07-22T12:22:05+00:00","breadcrumb":{"@id":"http:\/\/conexion23.com\/?p=30777#breadcrumb"},"inLanguage":"es","potentialAction":[{"@type":"ReadAction","target":["http:\/\/conexion23.com\/?p=30777"]}]},{"@type":"ImageObject","inLanguage":"es","@id":"http:\/\/conexion23.com\/?p=30777#primaryimage","url":"https:\/\/conexion23.com\/wp-content\/uploads\/2024\/07\/carros-retenidos-santiago-650x400-1.jpeg","contentUrl":"https:\/\/conexion23.com\/wp-content\/uploads\/2024\/07\/carros-retenidos-santiago-650x400-1.jpeg","width":650,"height":400},{"@type":"BreadcrumbList","@id":"http:\/\/conexion23.com\/?p=30777#breadcrumb","itemListElement":[{"@type":"ListItem","position":1,"name":"Portada","item":"https:\/\/conexion23.com\/"},{"@type":"ListItem","position":2,"name":"Polic\u00eda apresa 40 personas y retiene 23 veh\u00edculos que realizaban carrera en autopista Duarte."}]},{"@type":"WebSite","@id":"https:\/\/conexion23.com\/#website","url":"https:\/\/conexion23.com\/","name":"Conexi\u00f3n 23","description":"Peri\u00f3dico 100% Petromacorisano","publisher":{"@id":"https:\/\/conexion23.com\/#organization"},"potentialAction":[{"@type":"SearchAction","target":{"@type":"EntryPoint","urlTemplate":"https:\/\/conexion23.com\/?s={search_term_string}"},"query-input":{"@type":"PropertyValueSpecification","valueRequired":true,"valueName":"search_term_string"}}],"inLanguage":"es"},{"@type":"Organization","@id":"https:\/\/conexion23.com\/#organization","name":"Conexion 23","url":"https:\/\/conexion23.com\/","logo":{"@type":"ImageObject","inLanguage":"es","@id":"https:\/\/conexion23.com\/#\/schema\/logo\/image\/","url":"https:\/\/conexion23.com\/wp-content\/uploads\/2021\/11\/Diseno-sin-titulo-2.png","contentUrl":"https:\/\/conexion23.com\/wp-content\/uploads\/2021\/11\/Diseno-sin-titulo-2.png","width":541,"height":90,"caption":"Conexion 23"},"image":{"@id":"https:\/\/conexion23.com\/#\/schema\/logo\/image\/"},"sameAs":["https:\/\/www.facebook.com\/conexion23com","https:\/\/www.instagram.com\/conexion23com\/","https:\/\/www.youtube.com\/channel\/UCYc7vxxFZMYLIHNsHHxPZ3Q"]},{"@type":"Person","@id":"https:\/\/conexion23.com\/#\/schema\/person\/03e36043331117e97a373299bbcd30a6","name":"Raffy Ben\u00edtez","image":{"@type":"ImageObject","inLanguage":"es","@id":"https:\/\/conexion23.com\/#\/schema\/person\/image\/","url":"https:\/\/secure.gravatar.com\/avatar\/3190a6a6c5e1b0327500f7d6c56b6242472ee6cb974cf09b401ee6b3b0798f23?s=96&d=mm&r=g","contentUrl":"https:\/\/secure.gravatar.com\/avatar\/3190a6a6c5e1b0327500f7d6c56b6242472ee6cb974cf09b401ee6b3b0798f23?s=96&d=mm&r=g","caption":"Raffy Ben\u00edtez"},"url":"https:\/\/conexion23.com\/?author=15"}]}},"_links":{"self":[{"href":"https:\/\/conexion23.com\/index.php?rest_route=\/wp\/v2\/posts\/30777","targetHints":{"allow":["GET"]}}],"collection":[{"href":"https:\/\/conexion23.com\/index.php?rest_route=\/wp\/v2\/posts"}],"about":[{"href":"https:\/\/conexion23.com\/index.php?rest_route=\/wp\/v2\/types\/post"}],"author":[{"embeddable":true,"href":"https:\/\/conexion23.com\/index.php?rest_route=\/wp\/v2\/users\/15"}],"replies":[{"embeddable":true,"href":"https:\/\/conexion23.com\/index.php?rest_route=%2Fwp%2Fv2%2Fcomments&post=30777"}],"version-history":[{"count":1,"href":"https:\/\/conexion23.com\/index.php?rest_route=\/wp\/v2\/posts\/30777\/revisions"}],"predecessor-version":[{"id":30779,"href":"https:\/\/conexion23.com\/index.php?rest_route=\/wp\/v2\/posts\/30777\/revisions\/30779"}],"wp:featuredmedia":[{"embeddable":true,"href":"https:\/\/conexion23.com\/index.php?rest_route=\/wp\/v2\/media\/30778"}],"wp:attachment":[{"href":"https:\/\/conexion23.com\/index.php?rest_route=%2Fwp%2Fv2%2Fmedia&parent=30777"}],"wp:term":[{"taxonomy":"category","embeddable":true,"href":"https:\/\/conexion23.com\/index.php?rest_route=%2Fwp%2Fv2%2Fcategories&post=30777"},{"taxonomy":"post_tag","embeddable":true,"href":"https:\/\/conexion23.com\/index.php?rest_route=%2Fwp%2Fv2%2Ftags&post=30777"}],"curies":[{"name":"wp","href":"https:\/\/api.w.org\/{rel}","templated":true}]}}