{"id":30877,"date":"2024-07-25T07:11:51","date_gmt":"2024-07-25T11:11:51","guid":{"rendered":"https:\/\/conexion23.com\/?p=30877"},"modified":"2024-07-25T07:11:56","modified_gmt":"2024-07-25T11:11:56","slug":"ultiman-a-un-hombre-en-la-calle-natalia-de-barrio-lindo-tambien-hieren-a-un-pastor","status":"publish","type":"post","link":"https:\/\/conexion23.com\/?p=30877","title":{"rendered":"Ultiman a un hombre en la calle Natalia de Barrio Lindo, tambi\u00e9n hieren a un pastor."},"content":{"rendered":"\n<p>Un hombre muri\u00f3 al recibir varios impactos de bala en la calle Natalia del Barrio Lindo de esta ciudad.<\/p>\n\n\n\n<p>El muerto es&nbsp;<strong>Oscar Ramon Peguero Calderon,<\/strong>&nbsp;a quien apodaban&nbsp;<strong>Legui<\/strong>, de 45 anos, quien residia en esa misma barriada.<\/p>\n\n\n\n<p>En&nbsp; el hecho resulto herido el pastor&nbsp;<strong>Ramon Francisco Rosa Alvarez<\/strong>, de 64 anos, residente en el Barrio Las Caobas. Este pastorea la Iglesia Bautista del Barrio El Brisal de esta ciudad.<\/p>\n\n\n\n<p>Fue llevado de inmediato a la sala de emergencias del Hospital Antonio Musa presentando herida de arma de fuego en la regi\u00f3n inguinal, con entrada y sin salida.<\/p>\n\n\n\n<p>Se dijo que el pastor visitaba a sus familiares en el lugar, al momento de originarse los disparos.<\/p>\n\n\n\n<p>El cad\u00e1ver de Peguero Calderon fue llevado al Instituto Regional de Ciencias Forenses que opera en el Hospital Antonio Musa, para fines de autopsia.<\/p>\n\n\n\n<p>Al lugar del hecho se presentaron agentes de la Policia Nacional, como parte de las investigaciones que se realizan.<\/p>\n\n\n\n<p>El hecho ocurre a pocos d\u00edas de que uno similar haya ocurrido en el Barrio Placer Bonito de esta ciudad, donde desconocidos dispararon contra un joven, alcanzando a una menor de 16 anos a quien le cegaron la vida en la calle Enrique Mejia de ese sector.<\/p>\n\n\n\n<figure class=\"wp-block-image is-resized\"><img decoding=\"async\" src=\"https:\/\/www.macorisdelmar.com\/images\/headers\/Fotos_Julio_2024\/Pastor_herido.jpg\" alt=\"Pastor herido\" style=\"width:507px;height:auto\"\/><\/figure>\n","protected":false},"excerpt":{"rendered":"<p>Un hombre muri\u00f3 al recibir varios impactos de bala en la calle Natalia del Barrio Lindo de esta ciudad. El muerto es&nbsp;Oscar Ramon Peguero Calderon,&nbsp;a quien apodaban&nbsp;Legui, de 45 anos, quien residia en esa misma barriada. En&nbsp; el hecho resulto herido el pastor&nbsp;Ramon Francisco Rosa Alvarez, de 64 anos, residente en el Barrio Las Caobas. [&hellip;]<\/p>\n","protected":false},"author":15,"featured_media":30878,"comment_status":"open","ping_status":"open","sticky":false,"template":"","format":"standard","meta":{"footnotes":""},"categories":[35],"tags":[],"class_list":{"0":"post-30877","1":"post","2":"type-post","3":"status-publish","4":"format-standard","5":"has-post-thumbnail","7":"category-spm"},"yoast_head":"<!-- This site is optimized with the Yoast SEO plugin v27.1.1 - https:\/\/yoast.com\/product\/yoast-seo-wordpress\/ -->\n<title>Ultiman a un hombre en la calle Natalia de Barrio Lindo, tambi\u00e9n hieren a un pastor. - Conexi\u00f3n 23<\/title>\n<meta name=\"robots\" content=\"index, follow, max-snippet:-1, max-image-preview:large, max-video-preview:-1\" \/>\n<link rel=\"canonical\" href=\"https:\/\/conexion23.com\/?p=30877\" \/>\n<meta property=\"og:locale\" content=\"es_ES\" \/>\n<meta property=\"og:type\" content=\"article\" \/>\n<meta property=\"og:title\" content=\"Ultiman a un hombre en la calle Natalia de Barrio Lindo, tambi\u00e9n hieren a un pastor. - Conexi\u00f3n 23\" \/>\n<meta property=\"og:description\" content=\"Un hombre muri\u00f3 al recibir varios impactos de bala en la calle Natalia del Barrio Lindo de esta ciudad. El muerto es&nbsp;Oscar Ramon Peguero Calderon,&nbsp;a quien apodaban&nbsp;Legui, de 45 anos, quien residia en esa misma barriada. En&nbsp; el hecho resulto herido el pastor&nbsp;Ramon Francisco Rosa Alvarez, de 64 anos, residente en el Barrio Las Caobas. [&hellip;]\" \/>\n<meta property=\"og:url\" content=\"https:\/\/conexion23.com\/?p=30877\" \/>\n<meta property=\"og:site_name\" content=\"Conexi\u00f3n 23\" \/>\n<meta property=\"article:publisher\" content=\"https:\/\/www.facebook.com\/conexion23com\" \/>\n<meta property=\"article:published_time\" content=\"2024-07-25T11:11:51+00:00\" \/>\n<meta property=\"article:modified_time\" content=\"2024-07-25T11:11:56+00:00\" \/>\n<meta property=\"og:image\" content=\"https:\/\/conexion23.com\/wp-content\/uploads\/2024\/07\/Muerto_y_herido.jpg\" \/>\n\t<meta property=\"og:image:width\" content=\"512\" \/>\n\t<meta property=\"og:image:height\" content=\"512\" \/>\n\t<meta property=\"og:image:type\" content=\"image\/jpeg\" \/>\n<meta name=\"author\" content=\"Raffy Ben\u00edtez\" \/>\n<meta name=\"twitter:card\" content=\"summary_large_image\" \/>\n<meta name=\"twitter:label1\" content=\"Escrito por\" \/>\n\t<meta name=\"twitter:data1\" content=\"Raffy Ben\u00edtez\" \/>\n\t<meta name=\"twitter:label2\" content=\"Tiempo de lectura\" \/>\n\t<meta name=\"twitter:data2\" content=\"2 minutos\" \/>\n<script type=\"application\/ld+json\" class=\"yoast-schema-graph\">{\"@context\":\"https:\/\/schema.org\",\"@graph\":[{\"@type\":\"Article\",\"@id\":\"https:\/\/conexion23.com\/?p=30877#article\",\"isPartOf\":{\"@id\":\"https:\/\/conexion23.com\/?p=30877\"},\"author\":{\"name\":\"Raffy Ben\u00edtez\",\"@id\":\"https:\/\/conexion23.com\/#\/schema\/person\/03e36043331117e97a373299bbcd30a6\"},\"headline\":\"Ultiman a un hombre en la calle Natalia de Barrio Lindo, tambi\u00e9n hieren a un pastor.\",\"datePublished\":\"2024-07-25T11:11:51+00:00\",\"dateModified\":\"2024-07-25T11:11:56+00:00\",\"mainEntityOfPage\":{\"@id\":\"https:\/\/conexion23.com\/?p=30877\"},\"wordCount\":229,\"commentCount\":0,\"publisher\":{\"@id\":\"https:\/\/conexion23.com\/#organization\"},\"image\":{\"@id\":\"https:\/\/conexion23.com\/?p=30877#primaryimage\"},\"thumbnailUrl\":\"https:\/\/conexion23.com\/wp-content\/uploads\/2024\/07\/Muerto_y_herido.jpg\",\"articleSection\":[\"SPM\"],\"inLanguage\":\"es\",\"potentialAction\":[{\"@type\":\"CommentAction\",\"name\":\"Comment\",\"target\":[\"https:\/\/conexion23.com\/?p=30877#respond\"]}]},{\"@type\":\"WebPage\",\"@id\":\"https:\/\/conexion23.com\/?p=30877\",\"url\":\"https:\/\/conexion23.com\/?p=30877\",\"name\":\"Ultiman a un hombre en la calle Natalia de Barrio Lindo, tambi\u00e9n hieren a un pastor. - Conexi\u00f3n 23\",\"isPartOf\":{\"@id\":\"https:\/\/conexion23.com\/#website\"},\"primaryImageOfPage\":{\"@id\":\"https:\/\/conexion23.com\/?p=30877#primaryimage\"},\"image\":{\"@id\":\"https:\/\/conexion23.com\/?p=30877#primaryimage\"},\"thumbnailUrl\":\"https:\/\/conexion23.com\/wp-content\/uploads\/2024\/07\/Muerto_y_herido.jpg\",\"datePublished\":\"2024-07-25T11:11:51+00:00\",\"dateModified\":\"2024-07-25T11:11:56+00:00\",\"breadcrumb\":{\"@id\":\"https:\/\/conexion23.com\/?p=30877#breadcrumb\"},\"inLanguage\":\"es\",\"potentialAction\":[{\"@type\":\"ReadAction\",\"target\":[\"https:\/\/conexion23.com\/?p=30877\"]}]},{\"@type\":\"ImageObject\",\"inLanguage\":\"es\",\"@id\":\"https:\/\/conexion23.com\/?p=30877#primaryimage\",\"url\":\"https:\/\/conexion23.com\/wp-content\/uploads\/2024\/07\/Muerto_y_herido.jpg\",\"contentUrl\":\"https:\/\/conexion23.com\/wp-content\/uploads\/2024\/07\/Muerto_y_herido.jpg\",\"width\":512,\"height\":512},{\"@type\":\"BreadcrumbList\",\"@id\":\"https:\/\/conexion23.com\/?p=30877#breadcrumb\",\"itemListElement\":[{\"@type\":\"ListItem\",\"position\":1,\"name\":\"Portada\",\"item\":\"https:\/\/conexion23.com\/\"},{\"@type\":\"ListItem\",\"position\":2,\"name\":\"Ultiman a un hombre en la calle Natalia de Barrio Lindo, tambi\u00e9n hieren a un pastor.\"}]},{\"@type\":\"WebSite\",\"@id\":\"https:\/\/conexion23.com\/#website\",\"url\":\"https:\/\/conexion23.com\/\",\"name\":\"Conexi\u00f3n 23\",\"description\":\"Peri\u00f3dico 100% Petromacorisano\",\"publisher\":{\"@id\":\"https:\/\/conexion23.com\/#organization\"},\"potentialAction\":[{\"@type\":\"SearchAction\",\"target\":{\"@type\":\"EntryPoint\",\"urlTemplate\":\"https:\/\/conexion23.com\/?s={search_term_string}\"},\"query-input\":{\"@type\":\"PropertyValueSpecification\",\"valueRequired\":true,\"valueName\":\"search_term_string\"}}],\"inLanguage\":\"es\"},{\"@type\":\"Organization\",\"@id\":\"https:\/\/conexion23.com\/#organization\",\"name\":\"Conexion 23\",\"url\":\"https:\/\/conexion23.com\/\",\"logo\":{\"@type\":\"ImageObject\",\"inLanguage\":\"es\",\"@id\":\"https:\/\/conexion23.com\/#\/schema\/logo\/image\/\",\"url\":\"https:\/\/conexion23.com\/wp-content\/uploads\/2021\/11\/Diseno-sin-titulo-2.png\",\"contentUrl\":\"https:\/\/conexion23.com\/wp-content\/uploads\/2021\/11\/Diseno-sin-titulo-2.png\",\"width\":541,\"height\":90,\"caption\":\"Conexion 23\"},\"image\":{\"@id\":\"https:\/\/conexion23.com\/#\/schema\/logo\/image\/\"},\"sameAs\":[\"https:\/\/www.facebook.com\/conexion23com\",\"https:\/\/www.instagram.com\/conexion23com\/\",\"https:\/\/www.youtube.com\/channel\/UCYc7vxxFZMYLIHNsHHxPZ3Q\"]},{\"@type\":\"Person\",\"@id\":\"https:\/\/conexion23.com\/#\/schema\/person\/03e36043331117e97a373299bbcd30a6\",\"name\":\"Raffy Ben\u00edtez\",\"image\":{\"@type\":\"ImageObject\",\"inLanguage\":\"es\",\"@id\":\"https:\/\/conexion23.com\/#\/schema\/person\/image\/\",\"url\":\"https:\/\/secure.gravatar.com\/avatar\/3190a6a6c5e1b0327500f7d6c56b6242472ee6cb974cf09b401ee6b3b0798f23?s=96&d=mm&r=g\",\"contentUrl\":\"https:\/\/secure.gravatar.com\/avatar\/3190a6a6c5e1b0327500f7d6c56b6242472ee6cb974cf09b401ee6b3b0798f23?s=96&d=mm&r=g\",\"caption\":\"Raffy Ben\u00edtez\"},\"url\":\"https:\/\/conexion23.com\/?author=15\"}]}<\/script>\n<!-- \/ Yoast SEO plugin. -->","yoast_head_json":{"title":"Ultiman a un hombre en la calle Natalia de Barrio Lindo, tambi\u00e9n hieren a un pastor. - Conexi\u00f3n 23","robots":{"index":"index","follow":"follow","max-snippet":"max-snippet:-1","max-image-preview":"max-image-preview:large","max-video-preview":"max-video-preview:-1"},"canonical":"https:\/\/conexion23.com\/?p=30877","og_locale":"es_ES","og_type":"article","og_title":"Ultiman a un hombre en la calle Natalia de Barrio Lindo, tambi\u00e9n hieren a un pastor. - Conexi\u00f3n 23","og_description":"Un hombre muri\u00f3 al recibir varios impactos de bala en la calle Natalia del Barrio Lindo de esta ciudad. El muerto es&nbsp;Oscar Ramon Peguero Calderon,&nbsp;a quien apodaban&nbsp;Legui, de 45 anos, quien residia en esa misma barriada. En&nbsp; el hecho resulto herido el pastor&nbsp;Ramon Francisco Rosa Alvarez, de 64 anos, residente en el Barrio Las Caobas. [&hellip;]","og_url":"https:\/\/conexion23.com\/?p=30877","og_site_name":"Conexi\u00f3n 23","article_publisher":"https:\/\/www.facebook.com\/conexion23com","article_published_time":"2024-07-25T11:11:51+00:00","article_modified_time":"2024-07-25T11:11:56+00:00","og_image":[{"width":512,"height":512,"url":"https:\/\/conexion23.com\/wp-content\/uploads\/2024\/07\/Muerto_y_herido.jpg","type":"image\/jpeg"}],"author":"Raffy Ben\u00edtez","twitter_card":"summary_large_image","twitter_misc":{"Escrito por":"Raffy Ben\u00edtez","Tiempo de lectura":"2 minutos"},"schema":{"@context":"https:\/\/schema.org","@graph":[{"@type":"Article","@id":"https:\/\/conexion23.com\/?p=30877#article","isPartOf":{"@id":"https:\/\/conexion23.com\/?p=30877"},"author":{"name":"Raffy Ben\u00edtez","@id":"https:\/\/conexion23.com\/#\/schema\/person\/03e36043331117e97a373299bbcd30a6"},"headline":"Ultiman a un hombre en la calle Natalia de Barrio Lindo, tambi\u00e9n hieren a un pastor.","datePublished":"2024-07-25T11:11:51+00:00","dateModified":"2024-07-25T11:11:56+00:00","mainEntityOfPage":{"@id":"https:\/\/conexion23.com\/?p=30877"},"wordCount":229,"commentCount":0,"publisher":{"@id":"https:\/\/conexion23.com\/#organization"},"image":{"@id":"https:\/\/conexion23.com\/?p=30877#primaryimage"},"thumbnailUrl":"https:\/\/conexion23.com\/wp-content\/uploads\/2024\/07\/Muerto_y_herido.jpg","articleSection":["SPM"],"inLanguage":"es","potentialAction":[{"@type":"CommentAction","name":"Comment","target":["https:\/\/conexion23.com\/?p=30877#respond"]}]},{"@type":"WebPage","@id":"https:\/\/conexion23.com\/?p=30877","url":"https:\/\/conexion23.com\/?p=30877","name":"Ultiman a un hombre en la calle Natalia de Barrio Lindo, tambi\u00e9n hieren a un pastor. - Conexi\u00f3n 23","isPartOf":{"@id":"https:\/\/conexion23.com\/#website"},"primaryImageOfPage":{"@id":"https:\/\/conexion23.com\/?p=30877#primaryimage"},"image":{"@id":"https:\/\/conexion23.com\/?p=30877#primaryimage"},"thumbnailUrl":"https:\/\/conexion23.com\/wp-content\/uploads\/2024\/07\/Muerto_y_herido.jpg","datePublished":"2024-07-25T11:11:51+00:00","dateModified":"2024-07-25T11:11:56+00:00","breadcrumb":{"@id":"https:\/\/conexion23.com\/?p=30877#breadcrumb"},"inLanguage":"es","potentialAction":[{"@type":"ReadAction","target":["https:\/\/conexion23.com\/?p=30877"]}]},{"@type":"ImageObject","inLanguage":"es","@id":"https:\/\/conexion23.com\/?p=30877#primaryimage","url":"https:\/\/conexion23.com\/wp-content\/uploads\/2024\/07\/Muerto_y_herido.jpg","contentUrl":"https:\/\/conexion23.com\/wp-content\/uploads\/2024\/07\/Muerto_y_herido.jpg","width":512,"height":512},{"@type":"BreadcrumbList","@id":"https:\/\/conexion23.com\/?p=30877#breadcrumb","itemListElement":[{"@type":"ListItem","position":1,"name":"Portada","item":"https:\/\/conexion23.com\/"},{"@type":"ListItem","position":2,"name":"Ultiman a un hombre en la calle Natalia de Barrio Lindo, tambi\u00e9n hieren a un pastor."}]},{"@type":"WebSite","@id":"https:\/\/conexion23.com\/#website","url":"https:\/\/conexion23.com\/","name":"Conexi\u00f3n 23","description":"Peri\u00f3dico 100% Petromacorisano","publisher":{"@id":"https:\/\/conexion23.com\/#organization"},"potentialAction":[{"@type":"SearchAction","target":{"@type":"EntryPoint","urlTemplate":"https:\/\/conexion23.com\/?s={search_term_string}"},"query-input":{"@type":"PropertyValueSpecification","valueRequired":true,"valueName":"search_term_string"}}],"inLanguage":"es"},{"@type":"Organization","@id":"https:\/\/conexion23.com\/#organization","name":"Conexion 23","url":"https:\/\/conexion23.com\/","logo":{"@type":"ImageObject","inLanguage":"es","@id":"https:\/\/conexion23.com\/#\/schema\/logo\/image\/","url":"https:\/\/conexion23.com\/wp-content\/uploads\/2021\/11\/Diseno-sin-titulo-2.png","contentUrl":"https:\/\/conexion23.com\/wp-content\/uploads\/2021\/11\/Diseno-sin-titulo-2.png","width":541,"height":90,"caption":"Conexion 23"},"image":{"@id":"https:\/\/conexion23.com\/#\/schema\/logo\/image\/"},"sameAs":["https:\/\/www.facebook.com\/conexion23com","https:\/\/www.instagram.com\/conexion23com\/","https:\/\/www.youtube.com\/channel\/UCYc7vxxFZMYLIHNsHHxPZ3Q"]},{"@type":"Person","@id":"https:\/\/conexion23.com\/#\/schema\/person\/03e36043331117e97a373299bbcd30a6","name":"Raffy Ben\u00edtez","image":{"@type":"ImageObject","inLanguage":"es","@id":"https:\/\/conexion23.com\/#\/schema\/person\/image\/","url":"https:\/\/secure.gravatar.com\/avatar\/3190a6a6c5e1b0327500f7d6c56b6242472ee6cb974cf09b401ee6b3b0798f23?s=96&d=mm&r=g","contentUrl":"https:\/\/secure.gravatar.com\/avatar\/3190a6a6c5e1b0327500f7d6c56b6242472ee6cb974cf09b401ee6b3b0798f23?s=96&d=mm&r=g","caption":"Raffy Ben\u00edtez"},"url":"https:\/\/conexion23.com\/?author=15"}]}},"_links":{"self":[{"href":"https:\/\/conexion23.com\/index.php?rest_route=\/wp\/v2\/posts\/30877","targetHints":{"allow":["GET"]}}],"collection":[{"href":"https:\/\/conexion23.com\/index.php?rest_route=\/wp\/v2\/posts"}],"about":[{"href":"https:\/\/conexion23.com\/index.php?rest_route=\/wp\/v2\/types\/post"}],"author":[{"embeddable":true,"href":"https:\/\/conexion23.com\/index.php?rest_route=\/wp\/v2\/users\/15"}],"replies":[{"embeddable":true,"href":"https:\/\/conexion23.com\/index.php?rest_route=%2Fwp%2Fv2%2Fcomments&post=30877"}],"version-history":[{"count":1,"href":"https:\/\/conexion23.com\/index.php?rest_route=\/wp\/v2\/posts\/30877\/revisions"}],"predecessor-version":[{"id":30879,"href":"https:\/\/conexion23.com\/index.php?rest_route=\/wp\/v2\/posts\/30877\/revisions\/30879"}],"wp:featuredmedia":[{"embeddable":true,"href":"https:\/\/conexion23.com\/index.php?rest_route=\/wp\/v2\/media\/30878"}],"wp:attachment":[{"href":"https:\/\/conexion23.com\/index.php?rest_route=%2Fwp%2Fv2%2Fmedia&parent=30877"}],"wp:term":[{"taxonomy":"category","embeddable":true,"href":"https:\/\/conexion23.com\/index.php?rest_route=%2Fwp%2Fv2%2Fcategories&post=30877"},{"taxonomy":"post_tag","embeddable":true,"href":"https:\/\/conexion23.com\/index.php?rest_route=%2Fwp%2Fv2%2Ftags&post=30877"}],"curies":[{"name":"wp","href":"https:\/\/api.w.org\/{rel}","templated":true}]}}