{"id":30900,"date":"2024-07-25T08:34:30","date_gmt":"2024-07-25T12:34:30","guid":{"rendered":"https:\/\/conexion23.com\/?p=30900"},"modified":"2024-07-25T08:34:45","modified_gmt":"2024-07-25T12:34:45","slug":"encuentra-en-estado-de-descomposicion-el-cuerpo-de-joven-peluquero-en-las-galeras-samana","status":"publish","type":"post","link":"https:\/\/conexion23.com\/?p=30900","title":{"rendered":"Encuentra en estado de descomposici\u00f3n el cuerpo  de joven peluquero en Las Galeras, Saman\u00e1"},"content":{"rendered":"\n<p>Fue encontrado en el interior de un segundo nivel el cuerpo en estado de descomposici\u00f3n de un joven identificado como Angel Yermi Sosa Rojas de 33 a\u00f1os de edad quien era peluquero.<\/p>\n\n\n\n<p>Los lugare\u00f1os se percataron de esta situacion debido al hedor que mandaba de este lugar y por la gran cantidad de moscas que se encontraban en el mismo, por lo que inmediatamente alertaron a las autoridades quienes llegaron al lugar y encontraron el cad\u00e1ver en estado de descomposici\u00f3n.<\/p>\n\n\n\n<p>Seg\u00fan informaci\u00f3n de las autoridades el cuerpo no presentaba se\u00f1ales de violencias y se estima que ten\u00eda un aproximado de 3 d\u00edas de su deceso, familiares y hallegafos del difunto informaron que ten\u00edan d\u00edas sin saber y sin comunicarse con Angel situaci\u00f3n que los ten\u00eda preocupados.<\/p>\n\n\n\n<p>Seg\u00fan informaci\u00f3n suministrada por parte de las autoridades el cuerpo fue trasladado de manera inmediata al cementerio m\u00e1s cercano por su avanzado deterioro para luego realizar las pruebas correspondientes para determinar la muerte del mismo.<\/p>\n","protected":false},"excerpt":{"rendered":"<p>Fue encontrado en el interior de un segundo nivel el cuerpo en estado de descomposici\u00f3n de un joven identificado como Angel Yermi Sosa Rojas de 33 a\u00f1os de edad quien era peluquero. Los lugare\u00f1os se percataron de esta situacion debido al hedor que mandaba de este lugar y por la gran cantidad de moscas que [&hellip;]<\/p>\n","protected":false},"author":15,"featured_media":30901,"comment_status":"open","ping_status":"open","sticky":false,"template":"","format":"standard","meta":{"footnotes":""},"categories":[1],"tags":[],"class_list":{"0":"post-30900","1":"post","2":"type-post","3":"status-publish","4":"format-standard","5":"has-post-thumbnail","7":"category-uncategorized"},"yoast_head":"<!-- This site is optimized with the Yoast SEO plugin v27.1.1 - https:\/\/yoast.com\/product\/yoast-seo-wordpress\/ -->\n<title>Encuentra en estado de descomposici\u00f3n el cuerpo de joven peluquero en Las Galeras, Saman\u00e1 - Conexi\u00f3n 23<\/title>\n<meta name=\"robots\" content=\"index, follow, max-snippet:-1, max-image-preview:large, max-video-preview:-1\" \/>\n<link rel=\"canonical\" href=\"https:\/\/conexion23.com\/?p=30900\" \/>\n<meta property=\"og:locale\" content=\"es_ES\" \/>\n<meta property=\"og:type\" content=\"article\" \/>\n<meta property=\"og:title\" content=\"Encuentra en estado de descomposici\u00f3n el cuerpo de joven peluquero en Las Galeras, Saman\u00e1 - Conexi\u00f3n 23\" \/>\n<meta property=\"og:description\" content=\"Fue encontrado en el interior de un segundo nivel el cuerpo en estado de descomposici\u00f3n de un joven identificado como Angel Yermi Sosa Rojas de 33 a\u00f1os de edad quien era peluquero. Los lugare\u00f1os se percataron de esta situacion debido al hedor que mandaba de este lugar y por la gran cantidad de moscas que [&hellip;]\" \/>\n<meta property=\"og:url\" content=\"https:\/\/conexion23.com\/?p=30900\" \/>\n<meta property=\"og:site_name\" content=\"Conexi\u00f3n 23\" \/>\n<meta property=\"article:publisher\" content=\"https:\/\/www.facebook.com\/conexion23com\" \/>\n<meta property=\"article:published_time\" content=\"2024-07-25T12:34:30+00:00\" \/>\n<meta property=\"article:modified_time\" content=\"2024-07-25T12:34:45+00:00\" \/>\n<meta property=\"og:image\" content=\"https:\/\/conexion23.com\/wp-content\/uploads\/2024\/07\/FB_IMG_1721828573293.jpg\" \/>\n\t<meta property=\"og:image:width\" content=\"279\" \/>\n\t<meta property=\"og:image:height\" content=\"280\" \/>\n\t<meta property=\"og:image:type\" content=\"image\/jpeg\" \/>\n<meta name=\"author\" content=\"Raffy Ben\u00edtez\" \/>\n<meta name=\"twitter:card\" content=\"summary_large_image\" \/>\n<meta name=\"twitter:label1\" content=\"Escrito por\" \/>\n\t<meta name=\"twitter:data1\" content=\"Raffy Ben\u00edtez\" \/>\n\t<meta name=\"twitter:label2\" content=\"Tiempo de lectura\" \/>\n\t<meta name=\"twitter:data2\" content=\"1 minuto\" \/>\n<script type=\"application\/ld+json\" class=\"yoast-schema-graph\">{\"@context\":\"https:\/\/schema.org\",\"@graph\":[{\"@type\":\"Article\",\"@id\":\"https:\/\/conexion23.com\/?p=30900#article\",\"isPartOf\":{\"@id\":\"https:\/\/conexion23.com\/?p=30900\"},\"author\":{\"name\":\"Raffy Ben\u00edtez\",\"@id\":\"https:\/\/conexion23.com\/#\/schema\/person\/03e36043331117e97a373299bbcd30a6\"},\"headline\":\"Encuentra en estado de descomposici\u00f3n el cuerpo de joven peluquero en Las Galeras, Saman\u00e1\",\"datePublished\":\"2024-07-25T12:34:30+00:00\",\"dateModified\":\"2024-07-25T12:34:45+00:00\",\"mainEntityOfPage\":{\"@id\":\"https:\/\/conexion23.com\/?p=30900\"},\"wordCount\":191,\"commentCount\":0,\"publisher\":{\"@id\":\"https:\/\/conexion23.com\/#organization\"},\"image\":{\"@id\":\"https:\/\/conexion23.com\/?p=30900#primaryimage\"},\"thumbnailUrl\":\"https:\/\/conexion23.com\/wp-content\/uploads\/2024\/07\/FB_IMG_1721828573293.jpg\",\"articleSection\":[\"Uncategorized\"],\"inLanguage\":\"es\",\"potentialAction\":[{\"@type\":\"CommentAction\",\"name\":\"Comment\",\"target\":[\"https:\/\/conexion23.com\/?p=30900#respond\"]}]},{\"@type\":\"WebPage\",\"@id\":\"https:\/\/conexion23.com\/?p=30900\",\"url\":\"https:\/\/conexion23.com\/?p=30900\",\"name\":\"Encuentra en estado de descomposici\u00f3n el cuerpo de joven peluquero en Las Galeras, Saman\u00e1 - Conexi\u00f3n 23\",\"isPartOf\":{\"@id\":\"https:\/\/conexion23.com\/#website\"},\"primaryImageOfPage\":{\"@id\":\"https:\/\/conexion23.com\/?p=30900#primaryimage\"},\"image\":{\"@id\":\"https:\/\/conexion23.com\/?p=30900#primaryimage\"},\"thumbnailUrl\":\"https:\/\/conexion23.com\/wp-content\/uploads\/2024\/07\/FB_IMG_1721828573293.jpg\",\"datePublished\":\"2024-07-25T12:34:30+00:00\",\"dateModified\":\"2024-07-25T12:34:45+00:00\",\"breadcrumb\":{\"@id\":\"https:\/\/conexion23.com\/?p=30900#breadcrumb\"},\"inLanguage\":\"es\",\"potentialAction\":[{\"@type\":\"ReadAction\",\"target\":[\"https:\/\/conexion23.com\/?p=30900\"]}]},{\"@type\":\"ImageObject\",\"inLanguage\":\"es\",\"@id\":\"https:\/\/conexion23.com\/?p=30900#primaryimage\",\"url\":\"https:\/\/conexion23.com\/wp-content\/uploads\/2024\/07\/FB_IMG_1721828573293.jpg\",\"contentUrl\":\"https:\/\/conexion23.com\/wp-content\/uploads\/2024\/07\/FB_IMG_1721828573293.jpg\",\"width\":279,\"height\":280},{\"@type\":\"BreadcrumbList\",\"@id\":\"https:\/\/conexion23.com\/?p=30900#breadcrumb\",\"itemListElement\":[{\"@type\":\"ListItem\",\"position\":1,\"name\":\"Portada\",\"item\":\"https:\/\/conexion23.com\/\"},{\"@type\":\"ListItem\",\"position\":2,\"name\":\"Encuentra en estado de descomposici\u00f3n el cuerpo de joven peluquero en Las Galeras, Saman\u00e1\"}]},{\"@type\":\"WebSite\",\"@id\":\"https:\/\/conexion23.com\/#website\",\"url\":\"https:\/\/conexion23.com\/\",\"name\":\"Conexi\u00f3n 23\",\"description\":\"Peri\u00f3dico 100% Petromacorisano\",\"publisher\":{\"@id\":\"https:\/\/conexion23.com\/#organization\"},\"potentialAction\":[{\"@type\":\"SearchAction\",\"target\":{\"@type\":\"EntryPoint\",\"urlTemplate\":\"https:\/\/conexion23.com\/?s={search_term_string}\"},\"query-input\":{\"@type\":\"PropertyValueSpecification\",\"valueRequired\":true,\"valueName\":\"search_term_string\"}}],\"inLanguage\":\"es\"},{\"@type\":\"Organization\",\"@id\":\"https:\/\/conexion23.com\/#organization\",\"name\":\"Conexion 23\",\"url\":\"https:\/\/conexion23.com\/\",\"logo\":{\"@type\":\"ImageObject\",\"inLanguage\":\"es\",\"@id\":\"https:\/\/conexion23.com\/#\/schema\/logo\/image\/\",\"url\":\"https:\/\/conexion23.com\/wp-content\/uploads\/2021\/11\/Diseno-sin-titulo-2.png\",\"contentUrl\":\"https:\/\/conexion23.com\/wp-content\/uploads\/2021\/11\/Diseno-sin-titulo-2.png\",\"width\":541,\"height\":90,\"caption\":\"Conexion 23\"},\"image\":{\"@id\":\"https:\/\/conexion23.com\/#\/schema\/logo\/image\/\"},\"sameAs\":[\"https:\/\/www.facebook.com\/conexion23com\",\"https:\/\/www.instagram.com\/conexion23com\/\",\"https:\/\/www.youtube.com\/channel\/UCYc7vxxFZMYLIHNsHHxPZ3Q\"]},{\"@type\":\"Person\",\"@id\":\"https:\/\/conexion23.com\/#\/schema\/person\/03e36043331117e97a373299bbcd30a6\",\"name\":\"Raffy Ben\u00edtez\",\"image\":{\"@type\":\"ImageObject\",\"inLanguage\":\"es\",\"@id\":\"https:\/\/conexion23.com\/#\/schema\/person\/image\/\",\"url\":\"https:\/\/secure.gravatar.com\/avatar\/3190a6a6c5e1b0327500f7d6c56b6242472ee6cb974cf09b401ee6b3b0798f23?s=96&d=mm&r=g\",\"contentUrl\":\"https:\/\/secure.gravatar.com\/avatar\/3190a6a6c5e1b0327500f7d6c56b6242472ee6cb974cf09b401ee6b3b0798f23?s=96&d=mm&r=g\",\"caption\":\"Raffy Ben\u00edtez\"},\"url\":\"https:\/\/conexion23.com\/?author=15\"}]}<\/script>\n<!-- \/ Yoast SEO plugin. -->","yoast_head_json":{"title":"Encuentra en estado de descomposici\u00f3n el cuerpo de joven peluquero en Las Galeras, Saman\u00e1 - Conexi\u00f3n 23","robots":{"index":"index","follow":"follow","max-snippet":"max-snippet:-1","max-image-preview":"max-image-preview:large","max-video-preview":"max-video-preview:-1"},"canonical":"https:\/\/conexion23.com\/?p=30900","og_locale":"es_ES","og_type":"article","og_title":"Encuentra en estado de descomposici\u00f3n el cuerpo de joven peluquero en Las Galeras, Saman\u00e1 - Conexi\u00f3n 23","og_description":"Fue encontrado en el interior de un segundo nivel el cuerpo en estado de descomposici\u00f3n de un joven identificado como Angel Yermi Sosa Rojas de 33 a\u00f1os de edad quien era peluquero. Los lugare\u00f1os se percataron de esta situacion debido al hedor que mandaba de este lugar y por la gran cantidad de moscas que [&hellip;]","og_url":"https:\/\/conexion23.com\/?p=30900","og_site_name":"Conexi\u00f3n 23","article_publisher":"https:\/\/www.facebook.com\/conexion23com","article_published_time":"2024-07-25T12:34:30+00:00","article_modified_time":"2024-07-25T12:34:45+00:00","og_image":[{"width":279,"height":280,"url":"https:\/\/conexion23.com\/wp-content\/uploads\/2024\/07\/FB_IMG_1721828573293.jpg","type":"image\/jpeg"}],"author":"Raffy Ben\u00edtez","twitter_card":"summary_large_image","twitter_misc":{"Escrito por":"Raffy Ben\u00edtez","Tiempo de lectura":"1 minuto"},"schema":{"@context":"https:\/\/schema.org","@graph":[{"@type":"Article","@id":"https:\/\/conexion23.com\/?p=30900#article","isPartOf":{"@id":"https:\/\/conexion23.com\/?p=30900"},"author":{"name":"Raffy Ben\u00edtez","@id":"https:\/\/conexion23.com\/#\/schema\/person\/03e36043331117e97a373299bbcd30a6"},"headline":"Encuentra en estado de descomposici\u00f3n el cuerpo de joven peluquero en Las Galeras, Saman\u00e1","datePublished":"2024-07-25T12:34:30+00:00","dateModified":"2024-07-25T12:34:45+00:00","mainEntityOfPage":{"@id":"https:\/\/conexion23.com\/?p=30900"},"wordCount":191,"commentCount":0,"publisher":{"@id":"https:\/\/conexion23.com\/#organization"},"image":{"@id":"https:\/\/conexion23.com\/?p=30900#primaryimage"},"thumbnailUrl":"https:\/\/conexion23.com\/wp-content\/uploads\/2024\/07\/FB_IMG_1721828573293.jpg","articleSection":["Uncategorized"],"inLanguage":"es","potentialAction":[{"@type":"CommentAction","name":"Comment","target":["https:\/\/conexion23.com\/?p=30900#respond"]}]},{"@type":"WebPage","@id":"https:\/\/conexion23.com\/?p=30900","url":"https:\/\/conexion23.com\/?p=30900","name":"Encuentra en estado de descomposici\u00f3n el cuerpo de joven peluquero en Las Galeras, Saman\u00e1 - Conexi\u00f3n 23","isPartOf":{"@id":"https:\/\/conexion23.com\/#website"},"primaryImageOfPage":{"@id":"https:\/\/conexion23.com\/?p=30900#primaryimage"},"image":{"@id":"https:\/\/conexion23.com\/?p=30900#primaryimage"},"thumbnailUrl":"https:\/\/conexion23.com\/wp-content\/uploads\/2024\/07\/FB_IMG_1721828573293.jpg","datePublished":"2024-07-25T12:34:30+00:00","dateModified":"2024-07-25T12:34:45+00:00","breadcrumb":{"@id":"https:\/\/conexion23.com\/?p=30900#breadcrumb"},"inLanguage":"es","potentialAction":[{"@type":"ReadAction","target":["https:\/\/conexion23.com\/?p=30900"]}]},{"@type":"ImageObject","inLanguage":"es","@id":"https:\/\/conexion23.com\/?p=30900#primaryimage","url":"https:\/\/conexion23.com\/wp-content\/uploads\/2024\/07\/FB_IMG_1721828573293.jpg","contentUrl":"https:\/\/conexion23.com\/wp-content\/uploads\/2024\/07\/FB_IMG_1721828573293.jpg","width":279,"height":280},{"@type":"BreadcrumbList","@id":"https:\/\/conexion23.com\/?p=30900#breadcrumb","itemListElement":[{"@type":"ListItem","position":1,"name":"Portada","item":"https:\/\/conexion23.com\/"},{"@type":"ListItem","position":2,"name":"Encuentra en estado de descomposici\u00f3n el cuerpo de joven peluquero en Las Galeras, Saman\u00e1"}]},{"@type":"WebSite","@id":"https:\/\/conexion23.com\/#website","url":"https:\/\/conexion23.com\/","name":"Conexi\u00f3n 23","description":"Peri\u00f3dico 100% Petromacorisano","publisher":{"@id":"https:\/\/conexion23.com\/#organization"},"potentialAction":[{"@type":"SearchAction","target":{"@type":"EntryPoint","urlTemplate":"https:\/\/conexion23.com\/?s={search_term_string}"},"query-input":{"@type":"PropertyValueSpecification","valueRequired":true,"valueName":"search_term_string"}}],"inLanguage":"es"},{"@type":"Organization","@id":"https:\/\/conexion23.com\/#organization","name":"Conexion 23","url":"https:\/\/conexion23.com\/","logo":{"@type":"ImageObject","inLanguage":"es","@id":"https:\/\/conexion23.com\/#\/schema\/logo\/image\/","url":"https:\/\/conexion23.com\/wp-content\/uploads\/2021\/11\/Diseno-sin-titulo-2.png","contentUrl":"https:\/\/conexion23.com\/wp-content\/uploads\/2021\/11\/Diseno-sin-titulo-2.png","width":541,"height":90,"caption":"Conexion 23"},"image":{"@id":"https:\/\/conexion23.com\/#\/schema\/logo\/image\/"},"sameAs":["https:\/\/www.facebook.com\/conexion23com","https:\/\/www.instagram.com\/conexion23com\/","https:\/\/www.youtube.com\/channel\/UCYc7vxxFZMYLIHNsHHxPZ3Q"]},{"@type":"Person","@id":"https:\/\/conexion23.com\/#\/schema\/person\/03e36043331117e97a373299bbcd30a6","name":"Raffy Ben\u00edtez","image":{"@type":"ImageObject","inLanguage":"es","@id":"https:\/\/conexion23.com\/#\/schema\/person\/image\/","url":"https:\/\/secure.gravatar.com\/avatar\/3190a6a6c5e1b0327500f7d6c56b6242472ee6cb974cf09b401ee6b3b0798f23?s=96&d=mm&r=g","contentUrl":"https:\/\/secure.gravatar.com\/avatar\/3190a6a6c5e1b0327500f7d6c56b6242472ee6cb974cf09b401ee6b3b0798f23?s=96&d=mm&r=g","caption":"Raffy Ben\u00edtez"},"url":"https:\/\/conexion23.com\/?author=15"}]}},"_links":{"self":[{"href":"https:\/\/conexion23.com\/index.php?rest_route=\/wp\/v2\/posts\/30900","targetHints":{"allow":["GET"]}}],"collection":[{"href":"https:\/\/conexion23.com\/index.php?rest_route=\/wp\/v2\/posts"}],"about":[{"href":"https:\/\/conexion23.com\/index.php?rest_route=\/wp\/v2\/types\/post"}],"author":[{"embeddable":true,"href":"https:\/\/conexion23.com\/index.php?rest_route=\/wp\/v2\/users\/15"}],"replies":[{"embeddable":true,"href":"https:\/\/conexion23.com\/index.php?rest_route=%2Fwp%2Fv2%2Fcomments&post=30900"}],"version-history":[{"count":1,"href":"https:\/\/conexion23.com\/index.php?rest_route=\/wp\/v2\/posts\/30900\/revisions"}],"predecessor-version":[{"id":30902,"href":"https:\/\/conexion23.com\/index.php?rest_route=\/wp\/v2\/posts\/30900\/revisions\/30902"}],"wp:featuredmedia":[{"embeddable":true,"href":"https:\/\/conexion23.com\/index.php?rest_route=\/wp\/v2\/media\/30901"}],"wp:attachment":[{"href":"https:\/\/conexion23.com\/index.php?rest_route=%2Fwp%2Fv2%2Fmedia&parent=30900"}],"wp:term":[{"taxonomy":"category","embeddable":true,"href":"https:\/\/conexion23.com\/index.php?rest_route=%2Fwp%2Fv2%2Fcategories&post=30900"},{"taxonomy":"post_tag","embeddable":true,"href":"https:\/\/conexion23.com\/index.php?rest_route=%2Fwp%2Fv2%2Ftags&post=30900"}],"curies":[{"name":"wp","href":"https:\/\/api.w.org\/{rel}","templated":true}]}}