{"id":30903,"date":"2024-07-25T08:41:17","date_gmt":"2024-07-25T12:41:17","guid":{"rendered":"https:\/\/conexion23.com\/?p=30903"},"modified":"2024-07-25T08:41:21","modified_gmt":"2024-07-25T12:41:21","slug":"encuentran-en-cauce-de-rio-panzo-cuerpo-de-joven-que-habria-desaparecido-en-comunidad-cafetalera-de-neiba","status":"publish","type":"post","link":"https:\/\/conexion23.com\/?p=30903","title":{"rendered":"Encuentran en cauce de Rio Panzo cuerpo de joven que habr\u00eda desaparecido en comunidad cafetalera de Neiba"},"content":{"rendered":"\n<p>&nbsp;Fue encontrado el cuerpo sin vida de un joven, cuyos familiares habr\u00edan anunciado su desaparici\u00f3n el pasado fin de semana en el paraje de la Ceiba, secci\u00f3n Apolinar Perdomo del municipio de Neiba.<\/p>\n\n\n\n<p>El cad\u00e1ver del joven Angelito Morillo P\u00e9rez (Manilo), quien era de condiciones especiales (Sordo Mudo), fue encontrado en estado de descomposici\u00f3n bajo un Puente en el cauce del Rio Panzo la ma\u00f1ana de este martes, a la altura de la comunidad de 2do Paso.<\/p>\n\n\n\n<p>Cabe recordar que el joven fallecido fue declarado desaparecido por sus familiares el pasado fin de semana, cuando echaron de menos y no acudi\u00f3 a la vivienda como era habitual.<\/p>\n\n\n\n<p>En el levantamiento del cad\u00e1ver del occiso, participaron el m\u00e9dico legista, quien acudi\u00f3 acompa\u00f1ada de agentes del cuerpo de investigaci\u00f3n criminal, (DICRIM, as\u00ed como representantes del ministerio p\u00fablico y defensa civil.<\/p>\n\n\n\n<p>Se presume que el joven fue joven fue arrastrado por los fuertes aguaceros que cayeron el pasado s\u00e1bado y durante todo el fin de semana, arrastrando las aguas dicho cuerpo hasta el lugar donde fue encontrado por personas que transita por la zona.<\/p>\n","protected":false},"excerpt":{"rendered":"<p>&nbsp;Fue encontrado el cuerpo sin vida de un joven, cuyos familiares habr\u00edan anunciado su desaparici\u00f3n el pasado fin de semana en el paraje de la Ceiba, secci\u00f3n Apolinar Perdomo del municipio de Neiba. El cad\u00e1ver del joven Angelito Morillo P\u00e9rez (Manilo), quien era de condiciones especiales (Sordo Mudo), fue encontrado en estado de descomposici\u00f3n bajo [&hellip;]<\/p>\n","protected":false},"author":15,"featured_media":30904,"comment_status":"open","ping_status":"open","sticky":false,"template":"","format":"standard","meta":{"footnotes":""},"categories":[1],"tags":[],"class_list":{"0":"post-30903","1":"post","2":"type-post","3":"status-publish","4":"format-standard","5":"has-post-thumbnail","7":"category-uncategorized"},"yoast_head":"<!-- This site is optimized with the Yoast SEO plugin v27.1.1 - https:\/\/yoast.com\/product\/yoast-seo-wordpress\/ -->\n<title>Encuentran en cauce de Rio Panzo cuerpo de joven que habr\u00eda desaparecido en comunidad cafetalera de Neiba - Conexi\u00f3n 23<\/title>\n<meta name=\"robots\" content=\"index, follow, max-snippet:-1, max-image-preview:large, max-video-preview:-1\" \/>\n<link rel=\"canonical\" href=\"https:\/\/conexion23.com\/?p=30903\" \/>\n<meta property=\"og:locale\" content=\"es_ES\" \/>\n<meta property=\"og:type\" content=\"article\" \/>\n<meta property=\"og:title\" content=\"Encuentran en cauce de Rio Panzo cuerpo de joven que habr\u00eda desaparecido en comunidad cafetalera de Neiba - Conexi\u00f3n 23\" \/>\n<meta property=\"og:description\" content=\"&nbsp;Fue encontrado el cuerpo sin vida de un joven, cuyos familiares habr\u00edan anunciado su desaparici\u00f3n el pasado fin de semana en el paraje de la Ceiba, secci\u00f3n Apolinar Perdomo del municipio de Neiba. El cad\u00e1ver del joven Angelito Morillo P\u00e9rez (Manilo), quien era de condiciones especiales (Sordo Mudo), fue encontrado en estado de descomposici\u00f3n bajo [&hellip;]\" \/>\n<meta property=\"og:url\" content=\"https:\/\/conexion23.com\/?p=30903\" \/>\n<meta property=\"og:site_name\" content=\"Conexi\u00f3n 23\" \/>\n<meta property=\"article:publisher\" content=\"https:\/\/www.facebook.com\/conexion23com\" \/>\n<meta property=\"article:published_time\" content=\"2024-07-25T12:41:17+00:00\" \/>\n<meta property=\"article:modified_time\" content=\"2024-07-25T12:41:21+00:00\" \/>\n<meta property=\"og:image\" content=\"https:\/\/conexion23.com\/wp-content\/uploads\/2024\/07\/FB_IMG_1721778452898.jpg\" \/>\n\t<meta property=\"og:image:width\" content=\"280\" \/>\n\t<meta property=\"og:image:height\" content=\"211\" \/>\n\t<meta property=\"og:image:type\" content=\"image\/jpeg\" \/>\n<meta name=\"author\" content=\"Raffy Ben\u00edtez\" \/>\n<meta name=\"twitter:card\" content=\"summary_large_image\" \/>\n<meta name=\"twitter:label1\" content=\"Escrito por\" \/>\n\t<meta name=\"twitter:data1\" content=\"Raffy Ben\u00edtez\" \/>\n\t<meta name=\"twitter:label2\" content=\"Tiempo de lectura\" \/>\n\t<meta name=\"twitter:data2\" content=\"2 minutos\" \/>\n<script type=\"application\/ld+json\" class=\"yoast-schema-graph\">{\"@context\":\"https:\/\/schema.org\",\"@graph\":[{\"@type\":\"Article\",\"@id\":\"https:\/\/conexion23.com\/?p=30903#article\",\"isPartOf\":{\"@id\":\"https:\/\/conexion23.com\/?p=30903\"},\"author\":{\"name\":\"Raffy Ben\u00edtez\",\"@id\":\"https:\/\/conexion23.com\/#\/schema\/person\/03e36043331117e97a373299bbcd30a6\"},\"headline\":\"Encuentran en cauce de Rio Panzo cuerpo de joven que habr\u00eda desaparecido en comunidad cafetalera de Neiba\",\"datePublished\":\"2024-07-25T12:41:17+00:00\",\"dateModified\":\"2024-07-25T12:41:21+00:00\",\"mainEntityOfPage\":{\"@id\":\"https:\/\/conexion23.com\/?p=30903\"},\"wordCount\":213,\"commentCount\":0,\"publisher\":{\"@id\":\"https:\/\/conexion23.com\/#organization\"},\"image\":{\"@id\":\"https:\/\/conexion23.com\/?p=30903#primaryimage\"},\"thumbnailUrl\":\"https:\/\/conexion23.com\/wp-content\/uploads\/2024\/07\/FB_IMG_1721778452898.jpg\",\"articleSection\":[\"Uncategorized\"],\"inLanguage\":\"es\",\"potentialAction\":[{\"@type\":\"CommentAction\",\"name\":\"Comment\",\"target\":[\"https:\/\/conexion23.com\/?p=30903#respond\"]}]},{\"@type\":\"WebPage\",\"@id\":\"https:\/\/conexion23.com\/?p=30903\",\"url\":\"https:\/\/conexion23.com\/?p=30903\",\"name\":\"Encuentran en cauce de Rio Panzo cuerpo de joven que habr\u00eda desaparecido en comunidad cafetalera de Neiba - Conexi\u00f3n 23\",\"isPartOf\":{\"@id\":\"https:\/\/conexion23.com\/#website\"},\"primaryImageOfPage\":{\"@id\":\"https:\/\/conexion23.com\/?p=30903#primaryimage\"},\"image\":{\"@id\":\"https:\/\/conexion23.com\/?p=30903#primaryimage\"},\"thumbnailUrl\":\"https:\/\/conexion23.com\/wp-content\/uploads\/2024\/07\/FB_IMG_1721778452898.jpg\",\"datePublished\":\"2024-07-25T12:41:17+00:00\",\"dateModified\":\"2024-07-25T12:41:21+00:00\",\"breadcrumb\":{\"@id\":\"https:\/\/conexion23.com\/?p=30903#breadcrumb\"},\"inLanguage\":\"es\",\"potentialAction\":[{\"@type\":\"ReadAction\",\"target\":[\"https:\/\/conexion23.com\/?p=30903\"]}]},{\"@type\":\"ImageObject\",\"inLanguage\":\"es\",\"@id\":\"https:\/\/conexion23.com\/?p=30903#primaryimage\",\"url\":\"https:\/\/conexion23.com\/wp-content\/uploads\/2024\/07\/FB_IMG_1721778452898.jpg\",\"contentUrl\":\"https:\/\/conexion23.com\/wp-content\/uploads\/2024\/07\/FB_IMG_1721778452898.jpg\",\"width\":280,\"height\":211},{\"@type\":\"BreadcrumbList\",\"@id\":\"https:\/\/conexion23.com\/?p=30903#breadcrumb\",\"itemListElement\":[{\"@type\":\"ListItem\",\"position\":1,\"name\":\"Portada\",\"item\":\"https:\/\/conexion23.com\/\"},{\"@type\":\"ListItem\",\"position\":2,\"name\":\"Encuentran en cauce de Rio Panzo cuerpo de joven que habr\u00eda desaparecido en comunidad cafetalera de Neiba\"}]},{\"@type\":\"WebSite\",\"@id\":\"https:\/\/conexion23.com\/#website\",\"url\":\"https:\/\/conexion23.com\/\",\"name\":\"Conexi\u00f3n 23\",\"description\":\"Peri\u00f3dico 100% Petromacorisano\",\"publisher\":{\"@id\":\"https:\/\/conexion23.com\/#organization\"},\"potentialAction\":[{\"@type\":\"SearchAction\",\"target\":{\"@type\":\"EntryPoint\",\"urlTemplate\":\"https:\/\/conexion23.com\/?s={search_term_string}\"},\"query-input\":{\"@type\":\"PropertyValueSpecification\",\"valueRequired\":true,\"valueName\":\"search_term_string\"}}],\"inLanguage\":\"es\"},{\"@type\":\"Organization\",\"@id\":\"https:\/\/conexion23.com\/#organization\",\"name\":\"Conexion 23\",\"url\":\"https:\/\/conexion23.com\/\",\"logo\":{\"@type\":\"ImageObject\",\"inLanguage\":\"es\",\"@id\":\"https:\/\/conexion23.com\/#\/schema\/logo\/image\/\",\"url\":\"https:\/\/conexion23.com\/wp-content\/uploads\/2021\/11\/Diseno-sin-titulo-2.png\",\"contentUrl\":\"https:\/\/conexion23.com\/wp-content\/uploads\/2021\/11\/Diseno-sin-titulo-2.png\",\"width\":541,\"height\":90,\"caption\":\"Conexion 23\"},\"image\":{\"@id\":\"https:\/\/conexion23.com\/#\/schema\/logo\/image\/\"},\"sameAs\":[\"https:\/\/www.facebook.com\/conexion23com\",\"https:\/\/www.instagram.com\/conexion23com\/\",\"https:\/\/www.youtube.com\/channel\/UCYc7vxxFZMYLIHNsHHxPZ3Q\"]},{\"@type\":\"Person\",\"@id\":\"https:\/\/conexion23.com\/#\/schema\/person\/03e36043331117e97a373299bbcd30a6\",\"name\":\"Raffy Ben\u00edtez\",\"image\":{\"@type\":\"ImageObject\",\"inLanguage\":\"es\",\"@id\":\"https:\/\/conexion23.com\/#\/schema\/person\/image\/\",\"url\":\"https:\/\/secure.gravatar.com\/avatar\/3190a6a6c5e1b0327500f7d6c56b6242472ee6cb974cf09b401ee6b3b0798f23?s=96&d=mm&r=g\",\"contentUrl\":\"https:\/\/secure.gravatar.com\/avatar\/3190a6a6c5e1b0327500f7d6c56b6242472ee6cb974cf09b401ee6b3b0798f23?s=96&d=mm&r=g\",\"caption\":\"Raffy Ben\u00edtez\"},\"url\":\"https:\/\/conexion23.com\/?author=15\"}]}<\/script>\n<!-- \/ Yoast SEO plugin. -->","yoast_head_json":{"title":"Encuentran en cauce de Rio Panzo cuerpo de joven que habr\u00eda desaparecido en comunidad cafetalera de Neiba - Conexi\u00f3n 23","robots":{"index":"index","follow":"follow","max-snippet":"max-snippet:-1","max-image-preview":"max-image-preview:large","max-video-preview":"max-video-preview:-1"},"canonical":"https:\/\/conexion23.com\/?p=30903","og_locale":"es_ES","og_type":"article","og_title":"Encuentran en cauce de Rio Panzo cuerpo de joven que habr\u00eda desaparecido en comunidad cafetalera de Neiba - Conexi\u00f3n 23","og_description":"&nbsp;Fue encontrado el cuerpo sin vida de un joven, cuyos familiares habr\u00edan anunciado su desaparici\u00f3n el pasado fin de semana en el paraje de la Ceiba, secci\u00f3n Apolinar Perdomo del municipio de Neiba. El cad\u00e1ver del joven Angelito Morillo P\u00e9rez (Manilo), quien era de condiciones especiales (Sordo Mudo), fue encontrado en estado de descomposici\u00f3n bajo [&hellip;]","og_url":"https:\/\/conexion23.com\/?p=30903","og_site_name":"Conexi\u00f3n 23","article_publisher":"https:\/\/www.facebook.com\/conexion23com","article_published_time":"2024-07-25T12:41:17+00:00","article_modified_time":"2024-07-25T12:41:21+00:00","og_image":[{"width":280,"height":211,"url":"https:\/\/conexion23.com\/wp-content\/uploads\/2024\/07\/FB_IMG_1721778452898.jpg","type":"image\/jpeg"}],"author":"Raffy Ben\u00edtez","twitter_card":"summary_large_image","twitter_misc":{"Escrito por":"Raffy Ben\u00edtez","Tiempo de lectura":"2 minutos"},"schema":{"@context":"https:\/\/schema.org","@graph":[{"@type":"Article","@id":"https:\/\/conexion23.com\/?p=30903#article","isPartOf":{"@id":"https:\/\/conexion23.com\/?p=30903"},"author":{"name":"Raffy Ben\u00edtez","@id":"https:\/\/conexion23.com\/#\/schema\/person\/03e36043331117e97a373299bbcd30a6"},"headline":"Encuentran en cauce de Rio Panzo cuerpo de joven que habr\u00eda desaparecido en comunidad cafetalera de Neiba","datePublished":"2024-07-25T12:41:17+00:00","dateModified":"2024-07-25T12:41:21+00:00","mainEntityOfPage":{"@id":"https:\/\/conexion23.com\/?p=30903"},"wordCount":213,"commentCount":0,"publisher":{"@id":"https:\/\/conexion23.com\/#organization"},"image":{"@id":"https:\/\/conexion23.com\/?p=30903#primaryimage"},"thumbnailUrl":"https:\/\/conexion23.com\/wp-content\/uploads\/2024\/07\/FB_IMG_1721778452898.jpg","articleSection":["Uncategorized"],"inLanguage":"es","potentialAction":[{"@type":"CommentAction","name":"Comment","target":["https:\/\/conexion23.com\/?p=30903#respond"]}]},{"@type":"WebPage","@id":"https:\/\/conexion23.com\/?p=30903","url":"https:\/\/conexion23.com\/?p=30903","name":"Encuentran en cauce de Rio Panzo cuerpo de joven que habr\u00eda desaparecido en comunidad cafetalera de Neiba - Conexi\u00f3n 23","isPartOf":{"@id":"https:\/\/conexion23.com\/#website"},"primaryImageOfPage":{"@id":"https:\/\/conexion23.com\/?p=30903#primaryimage"},"image":{"@id":"https:\/\/conexion23.com\/?p=30903#primaryimage"},"thumbnailUrl":"https:\/\/conexion23.com\/wp-content\/uploads\/2024\/07\/FB_IMG_1721778452898.jpg","datePublished":"2024-07-25T12:41:17+00:00","dateModified":"2024-07-25T12:41:21+00:00","breadcrumb":{"@id":"https:\/\/conexion23.com\/?p=30903#breadcrumb"},"inLanguage":"es","potentialAction":[{"@type":"ReadAction","target":["https:\/\/conexion23.com\/?p=30903"]}]},{"@type":"ImageObject","inLanguage":"es","@id":"https:\/\/conexion23.com\/?p=30903#primaryimage","url":"https:\/\/conexion23.com\/wp-content\/uploads\/2024\/07\/FB_IMG_1721778452898.jpg","contentUrl":"https:\/\/conexion23.com\/wp-content\/uploads\/2024\/07\/FB_IMG_1721778452898.jpg","width":280,"height":211},{"@type":"BreadcrumbList","@id":"https:\/\/conexion23.com\/?p=30903#breadcrumb","itemListElement":[{"@type":"ListItem","position":1,"name":"Portada","item":"https:\/\/conexion23.com\/"},{"@type":"ListItem","position":2,"name":"Encuentran en cauce de Rio Panzo cuerpo de joven que habr\u00eda desaparecido en comunidad cafetalera de Neiba"}]},{"@type":"WebSite","@id":"https:\/\/conexion23.com\/#website","url":"https:\/\/conexion23.com\/","name":"Conexi\u00f3n 23","description":"Peri\u00f3dico 100% Petromacorisano","publisher":{"@id":"https:\/\/conexion23.com\/#organization"},"potentialAction":[{"@type":"SearchAction","target":{"@type":"EntryPoint","urlTemplate":"https:\/\/conexion23.com\/?s={search_term_string}"},"query-input":{"@type":"PropertyValueSpecification","valueRequired":true,"valueName":"search_term_string"}}],"inLanguage":"es"},{"@type":"Organization","@id":"https:\/\/conexion23.com\/#organization","name":"Conexion 23","url":"https:\/\/conexion23.com\/","logo":{"@type":"ImageObject","inLanguage":"es","@id":"https:\/\/conexion23.com\/#\/schema\/logo\/image\/","url":"https:\/\/conexion23.com\/wp-content\/uploads\/2021\/11\/Diseno-sin-titulo-2.png","contentUrl":"https:\/\/conexion23.com\/wp-content\/uploads\/2021\/11\/Diseno-sin-titulo-2.png","width":541,"height":90,"caption":"Conexion 23"},"image":{"@id":"https:\/\/conexion23.com\/#\/schema\/logo\/image\/"},"sameAs":["https:\/\/www.facebook.com\/conexion23com","https:\/\/www.instagram.com\/conexion23com\/","https:\/\/www.youtube.com\/channel\/UCYc7vxxFZMYLIHNsHHxPZ3Q"]},{"@type":"Person","@id":"https:\/\/conexion23.com\/#\/schema\/person\/03e36043331117e97a373299bbcd30a6","name":"Raffy Ben\u00edtez","image":{"@type":"ImageObject","inLanguage":"es","@id":"https:\/\/conexion23.com\/#\/schema\/person\/image\/","url":"https:\/\/secure.gravatar.com\/avatar\/3190a6a6c5e1b0327500f7d6c56b6242472ee6cb974cf09b401ee6b3b0798f23?s=96&d=mm&r=g","contentUrl":"https:\/\/secure.gravatar.com\/avatar\/3190a6a6c5e1b0327500f7d6c56b6242472ee6cb974cf09b401ee6b3b0798f23?s=96&d=mm&r=g","caption":"Raffy Ben\u00edtez"},"url":"https:\/\/conexion23.com\/?author=15"}]}},"_links":{"self":[{"href":"https:\/\/conexion23.com\/index.php?rest_route=\/wp\/v2\/posts\/30903","targetHints":{"allow":["GET"]}}],"collection":[{"href":"https:\/\/conexion23.com\/index.php?rest_route=\/wp\/v2\/posts"}],"about":[{"href":"https:\/\/conexion23.com\/index.php?rest_route=\/wp\/v2\/types\/post"}],"author":[{"embeddable":true,"href":"https:\/\/conexion23.com\/index.php?rest_route=\/wp\/v2\/users\/15"}],"replies":[{"embeddable":true,"href":"https:\/\/conexion23.com\/index.php?rest_route=%2Fwp%2Fv2%2Fcomments&post=30903"}],"version-history":[{"count":1,"href":"https:\/\/conexion23.com\/index.php?rest_route=\/wp\/v2\/posts\/30903\/revisions"}],"predecessor-version":[{"id":30905,"href":"https:\/\/conexion23.com\/index.php?rest_route=\/wp\/v2\/posts\/30903\/revisions\/30905"}],"wp:featuredmedia":[{"embeddable":true,"href":"https:\/\/conexion23.com\/index.php?rest_route=\/wp\/v2\/media\/30904"}],"wp:attachment":[{"href":"https:\/\/conexion23.com\/index.php?rest_route=%2Fwp%2Fv2%2Fmedia&parent=30903"}],"wp:term":[{"taxonomy":"category","embeddable":true,"href":"https:\/\/conexion23.com\/index.php?rest_route=%2Fwp%2Fv2%2Fcategories&post=30903"},{"taxonomy":"post_tag","embeddable":true,"href":"https:\/\/conexion23.com\/index.php?rest_route=%2Fwp%2Fv2%2Ftags&post=30903"}],"curies":[{"name":"wp","href":"https:\/\/api.w.org\/{rel}","templated":true}]}}