{"id":30912,"date":"2024-07-25T08:52:12","date_gmt":"2024-07-25T12:52:12","guid":{"rendered":"https:\/\/conexion23.com\/?p=30912"},"modified":"2024-07-25T08:52:17","modified_gmt":"2024-07-25T12:52:17","slug":"trump-llama-lunatica-a-harris-en-primer-mitin-tras-retirada-de-biden","status":"publish","type":"post","link":"https:\/\/conexion23.com\/?p=30912","title":{"rendered":"Trump llama \u00ablun\u00e1tica\u00bb a Harris en primer mitin tras retirada de Biden."},"content":{"rendered":"\n<p>Donald Trump lanz\u00f3 este mi\u00e9rcoles una andanada de ataques contra la vicepresidenta estadounidense, Kamala Harris, a quien calific\u00f3 de \u00ablun\u00e1tica radical\u00bb en su primer mitin desde que la dem\u00f3crata lanzara su candidatura tras la retirada del mandatario Joe Biden de la carrera por la Casa Blanca.<\/p>\n\n\n\n<p>En un discurso en el que tambi\u00e9n afirm\u00f3 que Harris estaba a favor de la \u00abejecuci\u00f3n\u00bb de beb\u00e9s debido a su posici\u00f3n favorable al aborto: \u00abEs una lun\u00e1tica radical de izquierda que destruir\u00e1 nuestro pa\u00eds\u00bb, dijo el expresidente y candidato republicano.<\/p>\n\n\n\n<p>\u00abNo dejaremos que eso ocurra\u00bb, zanj\u00f3 ante una multitud en Carolina del Norte, pronunciando repetidamente mal el nombre de pila de Harris.<\/p>\n\n\n\n<p>La dem\u00f3crata, de 59 a\u00f1os, se ha sumergido en la campa\u00f1a por la Casa Blanca con el respaldo de Biden, tras su hist\u00f3rica decisi\u00f3n del fin de semana de abandonar su aspiraci\u00f3n a la reelecci\u00f3n.<\/p>\n\n\n\n<p>Ataviado con su tradicional corbata roja, Trump llam\u00f3 a Harris \u00abla fuerza impulsora ultraliberal detr\u00e1s de cada una de las cat\u00e1strofes de Biden\u00bb.<\/p>\n\n\n\n<p>Tambi\u00e9n afirm\u00f3 que, de forma \u00abantidemocr\u00e1tica\u00bb, los jefes del Partido Dem\u00f3crata estaban detr\u00e1s de la decisi\u00f3n de Biden de renunciar a su candidatura y acus\u00f3 a Harris, a quien apod\u00f3 \u00abKamala la mentirosa\u00bb, de encubrir la \u00abincapacidad mental\u00bb del presidente.<\/p>\n\n\n\n<p>La Casa Blanca neg\u00f3 m\u00e1s temprano cualquier tipo de encubrimiento de un posible deterioro de la salud de Biden antes de su decisi\u00f3n de abandonar la carrera electoral.<\/p>\n\n\n\n<p>\u00abAhora tenemos una nueva v\u00edctima a derrotar\u00bb, exclam\u00f3 Trump, antes de criticar la trayectoria de la vicepresidenta, especialmente en pol\u00edtica exterior e inmigraci\u00f3n.<\/p>\n\n\n\n<p>\u00abSi empezamos a ganarle por 10 o 15 puntos en las encuestas, \u00bfcreen que nos van a mandar un tercer candidato?\u00bb, lanz\u00f3.<\/p>\n\n\n\n<p>Tambi\u00e9n toc\u00f3 el candente tema del aborto, despu\u00e9s de que Harris prometiera poner el derecho a la interrupci\u00f3n del embarazo en el centro de su campa\u00f1a y luchar por la libertad de las mujeres de decidir sobre su cuerpo.<\/p>\n\n\n\n<p>\u00abElla quiere abortos en el octavo y noveno mes de embarazo, hasta el nacimiento e incluso despu\u00e9s del nacimiento, la ejecuci\u00f3n de un beb\u00e9\u00bb, aleg\u00f3 el magnate.<\/p>\n\n\n\n<p>Harris ha acusado reiteradamente a Trump de querer prohibir el procedimiento.<\/p>\n","protected":false},"excerpt":{"rendered":"<p>Donald Trump lanz\u00f3 este mi\u00e9rcoles una andanada de ataques contra la vicepresidenta estadounidense, Kamala Harris, a quien calific\u00f3 de \u00ablun\u00e1tica radical\u00bb en su primer mitin desde que la dem\u00f3crata lanzara su candidatura tras la retirada del mandatario Joe Biden de la carrera por la Casa Blanca. En un discurso en el que tambi\u00e9n afirm\u00f3 que [&hellip;]<\/p>\n","protected":false},"author":15,"featured_media":30913,"comment_status":"open","ping_status":"open","sticky":false,"template":"","format":"standard","meta":{"footnotes":""},"categories":[1],"tags":[],"class_list":{"0":"post-30912","1":"post","2":"type-post","3":"status-publish","4":"format-standard","5":"has-post-thumbnail","7":"category-uncategorized"},"yoast_head":"<!-- This site is optimized with the Yoast SEO plugin v27.1.1 - https:\/\/yoast.com\/product\/yoast-seo-wordpress\/ -->\n<title>Trump llama &quot;lun\u00e1tica&quot; a Harris en primer mitin tras retirada de Biden. - Conexi\u00f3n 23<\/title>\n<meta name=\"robots\" content=\"index, follow, max-snippet:-1, max-image-preview:large, max-video-preview:-1\" \/>\n<link rel=\"canonical\" href=\"https:\/\/conexion23.com\/?p=30912\" \/>\n<meta property=\"og:locale\" content=\"es_ES\" \/>\n<meta property=\"og:type\" content=\"article\" \/>\n<meta property=\"og:title\" content=\"Trump llama &quot;lun\u00e1tica&quot; a Harris en primer mitin tras retirada de Biden. - Conexi\u00f3n 23\" \/>\n<meta property=\"og:description\" content=\"Donald Trump lanz\u00f3 este mi\u00e9rcoles una andanada de ataques contra la vicepresidenta estadounidense, Kamala Harris, a quien calific\u00f3 de \u00ablun\u00e1tica radical\u00bb en su primer mitin desde que la dem\u00f3crata lanzara su candidatura tras la retirada del mandatario Joe Biden de la carrera por la Casa Blanca. En un discurso en el que tambi\u00e9n afirm\u00f3 que [&hellip;]\" \/>\n<meta property=\"og:url\" content=\"https:\/\/conexion23.com\/?p=30912\" \/>\n<meta property=\"og:site_name\" content=\"Conexi\u00f3n 23\" \/>\n<meta property=\"article:publisher\" content=\"https:\/\/www.facebook.com\/conexion23com\" \/>\n<meta property=\"article:published_time\" content=\"2024-07-25T12:52:12+00:00\" \/>\n<meta property=\"article:modified_time\" content=\"2024-07-25T12:52:17+00:00\" \/>\n<meta property=\"og:image\" content=\"https:\/\/conexion23.com\/wp-content\/uploads\/2024\/07\/66a0528d40b36.jpeg\" \/>\n\t<meta property=\"og:image:width\" content=\"950\" \/>\n\t<meta property=\"og:image:height\" content=\"465\" \/>\n\t<meta property=\"og:image:type\" content=\"image\/jpeg\" \/>\n<meta name=\"author\" content=\"Raffy Ben\u00edtez\" \/>\n<meta name=\"twitter:card\" content=\"summary_large_image\" \/>\n<meta name=\"twitter:label1\" content=\"Escrito por\" \/>\n\t<meta name=\"twitter:data1\" content=\"Raffy Ben\u00edtez\" \/>\n\t<meta name=\"twitter:label2\" content=\"Tiempo de lectura\" \/>\n\t<meta name=\"twitter:data2\" content=\"2 minutos\" \/>\n<script type=\"application\/ld+json\" class=\"yoast-schema-graph\">{\"@context\":\"https:\/\/schema.org\",\"@graph\":[{\"@type\":\"Article\",\"@id\":\"https:\/\/conexion23.com\/?p=30912#article\",\"isPartOf\":{\"@id\":\"https:\/\/conexion23.com\/?p=30912\"},\"author\":{\"name\":\"Raffy Ben\u00edtez\",\"@id\":\"https:\/\/conexion23.com\/#\/schema\/person\/03e36043331117e97a373299bbcd30a6\"},\"headline\":\"Trump llama \u00ablun\u00e1tica\u00bb a Harris en primer mitin tras retirada de Biden.\",\"datePublished\":\"2024-07-25T12:52:12+00:00\",\"dateModified\":\"2024-07-25T12:52:17+00:00\",\"mainEntityOfPage\":{\"@id\":\"https:\/\/conexion23.com\/?p=30912\"},\"wordCount\":401,\"commentCount\":0,\"publisher\":{\"@id\":\"https:\/\/conexion23.com\/#organization\"},\"image\":{\"@id\":\"https:\/\/conexion23.com\/?p=30912#primaryimage\"},\"thumbnailUrl\":\"https:\/\/conexion23.com\/wp-content\/uploads\/2024\/07\/66a0528d40b36.jpeg\",\"articleSection\":[\"Uncategorized\"],\"inLanguage\":\"es\",\"potentialAction\":[{\"@type\":\"CommentAction\",\"name\":\"Comment\",\"target\":[\"https:\/\/conexion23.com\/?p=30912#respond\"]}]},{\"@type\":\"WebPage\",\"@id\":\"https:\/\/conexion23.com\/?p=30912\",\"url\":\"https:\/\/conexion23.com\/?p=30912\",\"name\":\"Trump llama \\\"lun\u00e1tica\\\" a Harris en primer mitin tras retirada de Biden. - Conexi\u00f3n 23\",\"isPartOf\":{\"@id\":\"https:\/\/conexion23.com\/#website\"},\"primaryImageOfPage\":{\"@id\":\"https:\/\/conexion23.com\/?p=30912#primaryimage\"},\"image\":{\"@id\":\"https:\/\/conexion23.com\/?p=30912#primaryimage\"},\"thumbnailUrl\":\"https:\/\/conexion23.com\/wp-content\/uploads\/2024\/07\/66a0528d40b36.jpeg\",\"datePublished\":\"2024-07-25T12:52:12+00:00\",\"dateModified\":\"2024-07-25T12:52:17+00:00\",\"breadcrumb\":{\"@id\":\"https:\/\/conexion23.com\/?p=30912#breadcrumb\"},\"inLanguage\":\"es\",\"potentialAction\":[{\"@type\":\"ReadAction\",\"target\":[\"https:\/\/conexion23.com\/?p=30912\"]}]},{\"@type\":\"ImageObject\",\"inLanguage\":\"es\",\"@id\":\"https:\/\/conexion23.com\/?p=30912#primaryimage\",\"url\":\"https:\/\/conexion23.com\/wp-content\/uploads\/2024\/07\/66a0528d40b36.jpeg\",\"contentUrl\":\"https:\/\/conexion23.com\/wp-content\/uploads\/2024\/07\/66a0528d40b36.jpeg\",\"width\":950,\"height\":465},{\"@type\":\"BreadcrumbList\",\"@id\":\"https:\/\/conexion23.com\/?p=30912#breadcrumb\",\"itemListElement\":[{\"@type\":\"ListItem\",\"position\":1,\"name\":\"Portada\",\"item\":\"https:\/\/conexion23.com\/\"},{\"@type\":\"ListItem\",\"position\":2,\"name\":\"Trump llama \u00ablun\u00e1tica\u00bb a Harris en primer mitin tras retirada de Biden.\"}]},{\"@type\":\"WebSite\",\"@id\":\"https:\/\/conexion23.com\/#website\",\"url\":\"https:\/\/conexion23.com\/\",\"name\":\"Conexi\u00f3n 23\",\"description\":\"Peri\u00f3dico 100% Petromacorisano\",\"publisher\":{\"@id\":\"https:\/\/conexion23.com\/#organization\"},\"potentialAction\":[{\"@type\":\"SearchAction\",\"target\":{\"@type\":\"EntryPoint\",\"urlTemplate\":\"https:\/\/conexion23.com\/?s={search_term_string}\"},\"query-input\":{\"@type\":\"PropertyValueSpecification\",\"valueRequired\":true,\"valueName\":\"search_term_string\"}}],\"inLanguage\":\"es\"},{\"@type\":\"Organization\",\"@id\":\"https:\/\/conexion23.com\/#organization\",\"name\":\"Conexion 23\",\"url\":\"https:\/\/conexion23.com\/\",\"logo\":{\"@type\":\"ImageObject\",\"inLanguage\":\"es\",\"@id\":\"https:\/\/conexion23.com\/#\/schema\/logo\/image\/\",\"url\":\"https:\/\/conexion23.com\/wp-content\/uploads\/2021\/11\/Diseno-sin-titulo-2.png\",\"contentUrl\":\"https:\/\/conexion23.com\/wp-content\/uploads\/2021\/11\/Diseno-sin-titulo-2.png\",\"width\":541,\"height\":90,\"caption\":\"Conexion 23\"},\"image\":{\"@id\":\"https:\/\/conexion23.com\/#\/schema\/logo\/image\/\"},\"sameAs\":[\"https:\/\/www.facebook.com\/conexion23com\",\"https:\/\/www.instagram.com\/conexion23com\/\",\"https:\/\/www.youtube.com\/channel\/UCYc7vxxFZMYLIHNsHHxPZ3Q\"]},{\"@type\":\"Person\",\"@id\":\"https:\/\/conexion23.com\/#\/schema\/person\/03e36043331117e97a373299bbcd30a6\",\"name\":\"Raffy Ben\u00edtez\",\"image\":{\"@type\":\"ImageObject\",\"inLanguage\":\"es\",\"@id\":\"https:\/\/conexion23.com\/#\/schema\/person\/image\/\",\"url\":\"https:\/\/secure.gravatar.com\/avatar\/3190a6a6c5e1b0327500f7d6c56b6242472ee6cb974cf09b401ee6b3b0798f23?s=96&d=mm&r=g\",\"contentUrl\":\"https:\/\/secure.gravatar.com\/avatar\/3190a6a6c5e1b0327500f7d6c56b6242472ee6cb974cf09b401ee6b3b0798f23?s=96&d=mm&r=g\",\"caption\":\"Raffy Ben\u00edtez\"},\"url\":\"https:\/\/conexion23.com\/?author=15\"}]}<\/script>\n<!-- \/ Yoast SEO plugin. -->","yoast_head_json":{"title":"Trump llama \"lun\u00e1tica\" a Harris en primer mitin tras retirada de Biden. - Conexi\u00f3n 23","robots":{"index":"index","follow":"follow","max-snippet":"max-snippet:-1","max-image-preview":"max-image-preview:large","max-video-preview":"max-video-preview:-1"},"canonical":"https:\/\/conexion23.com\/?p=30912","og_locale":"es_ES","og_type":"article","og_title":"Trump llama \"lun\u00e1tica\" a Harris en primer mitin tras retirada de Biden. - Conexi\u00f3n 23","og_description":"Donald Trump lanz\u00f3 este mi\u00e9rcoles una andanada de ataques contra la vicepresidenta estadounidense, Kamala Harris, a quien calific\u00f3 de \u00ablun\u00e1tica radical\u00bb en su primer mitin desde que la dem\u00f3crata lanzara su candidatura tras la retirada del mandatario Joe Biden de la carrera por la Casa Blanca. En un discurso en el que tambi\u00e9n afirm\u00f3 que [&hellip;]","og_url":"https:\/\/conexion23.com\/?p=30912","og_site_name":"Conexi\u00f3n 23","article_publisher":"https:\/\/www.facebook.com\/conexion23com","article_published_time":"2024-07-25T12:52:12+00:00","article_modified_time":"2024-07-25T12:52:17+00:00","og_image":[{"width":950,"height":465,"url":"https:\/\/conexion23.com\/wp-content\/uploads\/2024\/07\/66a0528d40b36.jpeg","type":"image\/jpeg"}],"author":"Raffy Ben\u00edtez","twitter_card":"summary_large_image","twitter_misc":{"Escrito por":"Raffy Ben\u00edtez","Tiempo de lectura":"2 minutos"},"schema":{"@context":"https:\/\/schema.org","@graph":[{"@type":"Article","@id":"https:\/\/conexion23.com\/?p=30912#article","isPartOf":{"@id":"https:\/\/conexion23.com\/?p=30912"},"author":{"name":"Raffy Ben\u00edtez","@id":"https:\/\/conexion23.com\/#\/schema\/person\/03e36043331117e97a373299bbcd30a6"},"headline":"Trump llama \u00ablun\u00e1tica\u00bb a Harris en primer mitin tras retirada de Biden.","datePublished":"2024-07-25T12:52:12+00:00","dateModified":"2024-07-25T12:52:17+00:00","mainEntityOfPage":{"@id":"https:\/\/conexion23.com\/?p=30912"},"wordCount":401,"commentCount":0,"publisher":{"@id":"https:\/\/conexion23.com\/#organization"},"image":{"@id":"https:\/\/conexion23.com\/?p=30912#primaryimage"},"thumbnailUrl":"https:\/\/conexion23.com\/wp-content\/uploads\/2024\/07\/66a0528d40b36.jpeg","articleSection":["Uncategorized"],"inLanguage":"es","potentialAction":[{"@type":"CommentAction","name":"Comment","target":["https:\/\/conexion23.com\/?p=30912#respond"]}]},{"@type":"WebPage","@id":"https:\/\/conexion23.com\/?p=30912","url":"https:\/\/conexion23.com\/?p=30912","name":"Trump llama \"lun\u00e1tica\" a Harris en primer mitin tras retirada de Biden. - Conexi\u00f3n 23","isPartOf":{"@id":"https:\/\/conexion23.com\/#website"},"primaryImageOfPage":{"@id":"https:\/\/conexion23.com\/?p=30912#primaryimage"},"image":{"@id":"https:\/\/conexion23.com\/?p=30912#primaryimage"},"thumbnailUrl":"https:\/\/conexion23.com\/wp-content\/uploads\/2024\/07\/66a0528d40b36.jpeg","datePublished":"2024-07-25T12:52:12+00:00","dateModified":"2024-07-25T12:52:17+00:00","breadcrumb":{"@id":"https:\/\/conexion23.com\/?p=30912#breadcrumb"},"inLanguage":"es","potentialAction":[{"@type":"ReadAction","target":["https:\/\/conexion23.com\/?p=30912"]}]},{"@type":"ImageObject","inLanguage":"es","@id":"https:\/\/conexion23.com\/?p=30912#primaryimage","url":"https:\/\/conexion23.com\/wp-content\/uploads\/2024\/07\/66a0528d40b36.jpeg","contentUrl":"https:\/\/conexion23.com\/wp-content\/uploads\/2024\/07\/66a0528d40b36.jpeg","width":950,"height":465},{"@type":"BreadcrumbList","@id":"https:\/\/conexion23.com\/?p=30912#breadcrumb","itemListElement":[{"@type":"ListItem","position":1,"name":"Portada","item":"https:\/\/conexion23.com\/"},{"@type":"ListItem","position":2,"name":"Trump llama \u00ablun\u00e1tica\u00bb a Harris en primer mitin tras retirada de Biden."}]},{"@type":"WebSite","@id":"https:\/\/conexion23.com\/#website","url":"https:\/\/conexion23.com\/","name":"Conexi\u00f3n 23","description":"Peri\u00f3dico 100% Petromacorisano","publisher":{"@id":"https:\/\/conexion23.com\/#organization"},"potentialAction":[{"@type":"SearchAction","target":{"@type":"EntryPoint","urlTemplate":"https:\/\/conexion23.com\/?s={search_term_string}"},"query-input":{"@type":"PropertyValueSpecification","valueRequired":true,"valueName":"search_term_string"}}],"inLanguage":"es"},{"@type":"Organization","@id":"https:\/\/conexion23.com\/#organization","name":"Conexion 23","url":"https:\/\/conexion23.com\/","logo":{"@type":"ImageObject","inLanguage":"es","@id":"https:\/\/conexion23.com\/#\/schema\/logo\/image\/","url":"https:\/\/conexion23.com\/wp-content\/uploads\/2021\/11\/Diseno-sin-titulo-2.png","contentUrl":"https:\/\/conexion23.com\/wp-content\/uploads\/2021\/11\/Diseno-sin-titulo-2.png","width":541,"height":90,"caption":"Conexion 23"},"image":{"@id":"https:\/\/conexion23.com\/#\/schema\/logo\/image\/"},"sameAs":["https:\/\/www.facebook.com\/conexion23com","https:\/\/www.instagram.com\/conexion23com\/","https:\/\/www.youtube.com\/channel\/UCYc7vxxFZMYLIHNsHHxPZ3Q"]},{"@type":"Person","@id":"https:\/\/conexion23.com\/#\/schema\/person\/03e36043331117e97a373299bbcd30a6","name":"Raffy Ben\u00edtez","image":{"@type":"ImageObject","inLanguage":"es","@id":"https:\/\/conexion23.com\/#\/schema\/person\/image\/","url":"https:\/\/secure.gravatar.com\/avatar\/3190a6a6c5e1b0327500f7d6c56b6242472ee6cb974cf09b401ee6b3b0798f23?s=96&d=mm&r=g","contentUrl":"https:\/\/secure.gravatar.com\/avatar\/3190a6a6c5e1b0327500f7d6c56b6242472ee6cb974cf09b401ee6b3b0798f23?s=96&d=mm&r=g","caption":"Raffy Ben\u00edtez"},"url":"https:\/\/conexion23.com\/?author=15"}]}},"_links":{"self":[{"href":"https:\/\/conexion23.com\/index.php?rest_route=\/wp\/v2\/posts\/30912","targetHints":{"allow":["GET"]}}],"collection":[{"href":"https:\/\/conexion23.com\/index.php?rest_route=\/wp\/v2\/posts"}],"about":[{"href":"https:\/\/conexion23.com\/index.php?rest_route=\/wp\/v2\/types\/post"}],"author":[{"embeddable":true,"href":"https:\/\/conexion23.com\/index.php?rest_route=\/wp\/v2\/users\/15"}],"replies":[{"embeddable":true,"href":"https:\/\/conexion23.com\/index.php?rest_route=%2Fwp%2Fv2%2Fcomments&post=30912"}],"version-history":[{"count":1,"href":"https:\/\/conexion23.com\/index.php?rest_route=\/wp\/v2\/posts\/30912\/revisions"}],"predecessor-version":[{"id":30914,"href":"https:\/\/conexion23.com\/index.php?rest_route=\/wp\/v2\/posts\/30912\/revisions\/30914"}],"wp:featuredmedia":[{"embeddable":true,"href":"https:\/\/conexion23.com\/index.php?rest_route=\/wp\/v2\/media\/30913"}],"wp:attachment":[{"href":"https:\/\/conexion23.com\/index.php?rest_route=%2Fwp%2Fv2%2Fmedia&parent=30912"}],"wp:term":[{"taxonomy":"category","embeddable":true,"href":"https:\/\/conexion23.com\/index.php?rest_route=%2Fwp%2Fv2%2Fcategories&post=30912"},{"taxonomy":"post_tag","embeddable":true,"href":"https:\/\/conexion23.com\/index.php?rest_route=%2Fwp%2Fv2%2Ftags&post=30912"}],"curies":[{"name":"wp","href":"https:\/\/api.w.org\/{rel}","templated":true}]}}