{"id":31203,"date":"2024-08-03T16:16:05","date_gmt":"2024-08-03T20:16:05","guid":{"rendered":"https:\/\/conexion23.com\/?p=31203"},"modified":"2024-08-03T16:16:10","modified_gmt":"2024-08-03T20:16:10","slug":"los-cambios-en-el-gobierno-vendran-segun-las-necesidades-dice-abinader","status":"publish","type":"post","link":"https:\/\/conexion23.com\/?p=31203","title":{"rendered":"\u00abLos cambios en el gobierno vendr\u00e1n seg\u00fan las necesidades\u00bb, dice Abinader"},"content":{"rendered":"\n<p>El presidente de la Rep\u00fablica, Luis Abinader, indic\u00f3&nbsp;este s\u00e1bado que los cambios en el tren gubernamental ir\u00e1n fluyendo seg\u00fan las necesidades.<\/p>\n\n\n\n<p>Durante su recorrido por la provincia de La Vega, el primer mandatario record\u00f3 que en este pr\u00f3ximo gobierno, seguir\u00e1 impulsando todos los proyectos que se han venido realizando, por los cuales, el pueblo dominicano le dio su apoyo.<\/p>\n\n\n\n<p>\u201c<strong>Estamos identificando aquellos retos y problemas que tenemos<\/strong>, para enfrentarlos en los pr\u00f3ximos cuatro a\u00f1os, siempre junto a la sociedad y conversando con todos los sectores\u201d, explic\u00f3 Abinader.<\/p>\n\n\n\n<p>Abinader habl\u00f3 de estos temas, momento que participaba en el inicio de la Feria Multisectorial&nbsp;<strong>Expo-Vega Real 2024,<\/strong>&nbsp;realizada en el Country Club de La Vega.<\/p>\n","protected":false},"excerpt":{"rendered":"<p>El presidente de la Rep\u00fablica, Luis Abinader, indic\u00f3&nbsp;este s\u00e1bado que los cambios en el tren gubernamental ir\u00e1n fluyendo seg\u00fan las necesidades. Durante su recorrido por la provincia de La Vega, el primer mandatario record\u00f3 que en este pr\u00f3ximo gobierno, seguir\u00e1 impulsando todos los proyectos que se han venido realizando, por los cuales, el pueblo dominicano [&hellip;]<\/p>\n","protected":false},"author":7,"featured_media":31204,"comment_status":"open","ping_status":"open","sticky":false,"template":"","format":"standard","meta":{"footnotes":""},"categories":[1],"tags":[],"class_list":{"0":"post-31203","1":"post","2":"type-post","3":"status-publish","4":"format-standard","5":"has-post-thumbnail","7":"category-uncategorized"},"yoast_head":"<!-- This site is optimized with the Yoast SEO plugin v27.1.1 - https:\/\/yoast.com\/product\/yoast-seo-wordpress\/ -->\n<title>&quot;Los cambios en el gobierno vendr\u00e1n seg\u00fan las necesidades&quot;, dice Abinader - Conexi\u00f3n 23<\/title>\n<meta name=\"description\" content=\"El presidente de la Rep\u00fablica, Luis Abinader, indic\u00f3\u00a0este s\u00e1bado que los cambios en el tren gubernamental ir\u00e1n fluyendo seg\u00fan las necesidades.\" \/>\n<meta name=\"robots\" content=\"index, follow, max-snippet:-1, max-image-preview:large, max-video-preview:-1\" \/>\n<link rel=\"canonical\" href=\"http:\/\/conexion23.com\/?p=31203\" \/>\n<meta property=\"og:locale\" content=\"es_ES\" \/>\n<meta property=\"og:type\" content=\"article\" \/>\n<meta property=\"og:title\" content=\"&quot;Los cambios en el gobierno vendr\u00e1n seg\u00fan las necesidades&quot;, dice Abinader - Conexi\u00f3n 23\" \/>\n<meta property=\"og:description\" content=\"El presidente de la Rep\u00fablica, Luis Abinader, indic\u00f3\u00a0este s\u00e1bado que los cambios en el tren gubernamental ir\u00e1n fluyendo seg\u00fan las necesidades.\" \/>\n<meta property=\"og:url\" content=\"http:\/\/conexion23.com\/?p=31203\" \/>\n<meta property=\"og:site_name\" content=\"Conexi\u00f3n 23\" \/>\n<meta property=\"article:publisher\" content=\"https:\/\/www.facebook.com\/conexion23com\" \/>\n<meta property=\"article:published_time\" content=\"2024-08-03T20:16:05+00:00\" \/>\n<meta property=\"article:modified_time\" content=\"2024-08-03T20:16:10+00:00\" \/>\n<meta property=\"og:image\" content=\"http:\/\/conexion23.com\/wp-content\/uploads\/2024\/08\/66ae6a673aa72.jpeg\" \/>\n\t<meta property=\"og:image:width\" content=\"950\" \/>\n\t<meta property=\"og:image:height\" content=\"465\" \/>\n\t<meta property=\"og:image:type\" content=\"image\/jpeg\" \/>\n<meta name=\"author\" content=\"Benjam\u00edn Rosario\" \/>\n<meta name=\"twitter:card\" content=\"summary_large_image\" \/>\n<meta name=\"twitter:label1\" content=\"Escrito por\" \/>\n\t<meta name=\"twitter:data1\" content=\"Benjam\u00edn Rosario\" \/>\n\t<meta name=\"twitter:label2\" content=\"Tiempo de lectura\" \/>\n\t<meta name=\"twitter:data2\" content=\"1 minuto\" \/>\n<script type=\"application\/ld+json\" class=\"yoast-schema-graph\">{\"@context\":\"https:\/\/schema.org\",\"@graph\":[{\"@type\":\"Article\",\"@id\":\"http:\/\/conexion23.com\/?p=31203#article\",\"isPartOf\":{\"@id\":\"http:\/\/conexion23.com\/?p=31203\"},\"author\":{\"name\":\"Benjam\u00edn Rosario\",\"@id\":\"https:\/\/conexion23.com\/#\/schema\/person\/c0b7ce1f0e7a915d08fa289072b8353a\"},\"headline\":\"\u00abLos cambios en el gobierno vendr\u00e1n seg\u00fan las necesidades\u00bb, dice Abinader\",\"datePublished\":\"2024-08-03T20:16:05+00:00\",\"dateModified\":\"2024-08-03T20:16:10+00:00\",\"mainEntityOfPage\":{\"@id\":\"http:\/\/conexion23.com\/?p=31203\"},\"wordCount\":136,\"commentCount\":0,\"publisher\":{\"@id\":\"https:\/\/conexion23.com\/#organization\"},\"image\":{\"@id\":\"http:\/\/conexion23.com\/?p=31203#primaryimage\"},\"thumbnailUrl\":\"https:\/\/conexion23.com\/wp-content\/uploads\/2024\/08\/66ae6a673aa72.jpeg\",\"articleSection\":[\"Uncategorized\"],\"inLanguage\":\"es\",\"potentialAction\":[{\"@type\":\"CommentAction\",\"name\":\"Comment\",\"target\":[\"http:\/\/conexion23.com\/?p=31203#respond\"]}]},{\"@type\":\"WebPage\",\"@id\":\"http:\/\/conexion23.com\/?p=31203\",\"url\":\"http:\/\/conexion23.com\/?p=31203\",\"name\":\"\\\"Los cambios en el gobierno vendr\u00e1n seg\u00fan las necesidades\\\", dice Abinader - Conexi\u00f3n 23\",\"isPartOf\":{\"@id\":\"https:\/\/conexion23.com\/#website\"},\"primaryImageOfPage\":{\"@id\":\"http:\/\/conexion23.com\/?p=31203#primaryimage\"},\"image\":{\"@id\":\"http:\/\/conexion23.com\/?p=31203#primaryimage\"},\"thumbnailUrl\":\"https:\/\/conexion23.com\/wp-content\/uploads\/2024\/08\/66ae6a673aa72.jpeg\",\"datePublished\":\"2024-08-03T20:16:05+00:00\",\"dateModified\":\"2024-08-03T20:16:10+00:00\",\"description\":\"El presidente de la Rep\u00fablica, Luis Abinader, indic\u00f3\u00a0este s\u00e1bado que los cambios en el tren gubernamental ir\u00e1n fluyendo seg\u00fan las necesidades.\",\"breadcrumb\":{\"@id\":\"http:\/\/conexion23.com\/?p=31203#breadcrumb\"},\"inLanguage\":\"es\",\"potentialAction\":[{\"@type\":\"ReadAction\",\"target\":[\"http:\/\/conexion23.com\/?p=31203\"]}]},{\"@type\":\"ImageObject\",\"inLanguage\":\"es\",\"@id\":\"http:\/\/conexion23.com\/?p=31203#primaryimage\",\"url\":\"https:\/\/conexion23.com\/wp-content\/uploads\/2024\/08\/66ae6a673aa72.jpeg\",\"contentUrl\":\"https:\/\/conexion23.com\/wp-content\/uploads\/2024\/08\/66ae6a673aa72.jpeg\",\"width\":950,\"height\":465},{\"@type\":\"BreadcrumbList\",\"@id\":\"http:\/\/conexion23.com\/?p=31203#breadcrumb\",\"itemListElement\":[{\"@type\":\"ListItem\",\"position\":1,\"name\":\"Portada\",\"item\":\"https:\/\/conexion23.com\/\"},{\"@type\":\"ListItem\",\"position\":2,\"name\":\"\u00abLos cambios en el gobierno vendr\u00e1n seg\u00fan las necesidades\u00bb, dice Abinader\"}]},{\"@type\":\"WebSite\",\"@id\":\"https:\/\/conexion23.com\/#website\",\"url\":\"https:\/\/conexion23.com\/\",\"name\":\"Conexi\u00f3n 23\",\"description\":\"Peri\u00f3dico 100% Petromacorisano\",\"publisher\":{\"@id\":\"https:\/\/conexion23.com\/#organization\"},\"potentialAction\":[{\"@type\":\"SearchAction\",\"target\":{\"@type\":\"EntryPoint\",\"urlTemplate\":\"https:\/\/conexion23.com\/?s={search_term_string}\"},\"query-input\":{\"@type\":\"PropertyValueSpecification\",\"valueRequired\":true,\"valueName\":\"search_term_string\"}}],\"inLanguage\":\"es\"},{\"@type\":\"Organization\",\"@id\":\"https:\/\/conexion23.com\/#organization\",\"name\":\"Conexion 23\",\"url\":\"https:\/\/conexion23.com\/\",\"logo\":{\"@type\":\"ImageObject\",\"inLanguage\":\"es\",\"@id\":\"https:\/\/conexion23.com\/#\/schema\/logo\/image\/\",\"url\":\"https:\/\/conexion23.com\/wp-content\/uploads\/2021\/11\/Diseno-sin-titulo-2.png\",\"contentUrl\":\"https:\/\/conexion23.com\/wp-content\/uploads\/2021\/11\/Diseno-sin-titulo-2.png\",\"width\":541,\"height\":90,\"caption\":\"Conexion 23\"},\"image\":{\"@id\":\"https:\/\/conexion23.com\/#\/schema\/logo\/image\/\"},\"sameAs\":[\"https:\/\/www.facebook.com\/conexion23com\",\"https:\/\/www.instagram.com\/conexion23com\/\",\"https:\/\/www.youtube.com\/channel\/UCYc7vxxFZMYLIHNsHHxPZ3Q\"]},{\"@type\":\"Person\",\"@id\":\"https:\/\/conexion23.com\/#\/schema\/person\/c0b7ce1f0e7a915d08fa289072b8353a\",\"name\":\"Benjam\u00edn Rosario\",\"image\":{\"@type\":\"ImageObject\",\"inLanguage\":\"es\",\"@id\":\"https:\/\/conexion23.com\/#\/schema\/person\/image\/\",\"url\":\"https:\/\/secure.gravatar.com\/avatar\/62e1b2539b49cdeb50ee302e2a5f2bd31dc7fdba412bbac67e2a2a6e0c89bb2a?s=96&d=mm&r=g\",\"contentUrl\":\"https:\/\/secure.gravatar.com\/avatar\/62e1b2539b49cdeb50ee302e2a5f2bd31dc7fdba412bbac67e2a2a6e0c89bb2a?s=96&d=mm&r=g\",\"caption\":\"Benjam\u00edn Rosario\"},\"url\":\"https:\/\/conexion23.com\/?author=7\"}]}<\/script>\n<!-- \/ Yoast SEO plugin. -->","yoast_head_json":{"title":"\"Los cambios en el gobierno vendr\u00e1n seg\u00fan las necesidades\", dice Abinader - Conexi\u00f3n 23","description":"El presidente de la Rep\u00fablica, Luis Abinader, indic\u00f3\u00a0este s\u00e1bado que los cambios en el tren gubernamental ir\u00e1n fluyendo seg\u00fan las necesidades.","robots":{"index":"index","follow":"follow","max-snippet":"max-snippet:-1","max-image-preview":"max-image-preview:large","max-video-preview":"max-video-preview:-1"},"canonical":"http:\/\/conexion23.com\/?p=31203","og_locale":"es_ES","og_type":"article","og_title":"\"Los cambios en el gobierno vendr\u00e1n seg\u00fan las necesidades\", dice Abinader - Conexi\u00f3n 23","og_description":"El presidente de la Rep\u00fablica, Luis Abinader, indic\u00f3\u00a0este s\u00e1bado que los cambios en el tren gubernamental ir\u00e1n fluyendo seg\u00fan las necesidades.","og_url":"http:\/\/conexion23.com\/?p=31203","og_site_name":"Conexi\u00f3n 23","article_publisher":"https:\/\/www.facebook.com\/conexion23com","article_published_time":"2024-08-03T20:16:05+00:00","article_modified_time":"2024-08-03T20:16:10+00:00","og_image":[{"width":950,"height":465,"url":"http:\/\/conexion23.com\/wp-content\/uploads\/2024\/08\/66ae6a673aa72.jpeg","type":"image\/jpeg"}],"author":"Benjam\u00edn Rosario","twitter_card":"summary_large_image","twitter_misc":{"Escrito por":"Benjam\u00edn Rosario","Tiempo de lectura":"1 minuto"},"schema":{"@context":"https:\/\/schema.org","@graph":[{"@type":"Article","@id":"http:\/\/conexion23.com\/?p=31203#article","isPartOf":{"@id":"http:\/\/conexion23.com\/?p=31203"},"author":{"name":"Benjam\u00edn Rosario","@id":"https:\/\/conexion23.com\/#\/schema\/person\/c0b7ce1f0e7a915d08fa289072b8353a"},"headline":"\u00abLos cambios en el gobierno vendr\u00e1n seg\u00fan las necesidades\u00bb, dice Abinader","datePublished":"2024-08-03T20:16:05+00:00","dateModified":"2024-08-03T20:16:10+00:00","mainEntityOfPage":{"@id":"http:\/\/conexion23.com\/?p=31203"},"wordCount":136,"commentCount":0,"publisher":{"@id":"https:\/\/conexion23.com\/#organization"},"image":{"@id":"http:\/\/conexion23.com\/?p=31203#primaryimage"},"thumbnailUrl":"https:\/\/conexion23.com\/wp-content\/uploads\/2024\/08\/66ae6a673aa72.jpeg","articleSection":["Uncategorized"],"inLanguage":"es","potentialAction":[{"@type":"CommentAction","name":"Comment","target":["http:\/\/conexion23.com\/?p=31203#respond"]}]},{"@type":"WebPage","@id":"http:\/\/conexion23.com\/?p=31203","url":"http:\/\/conexion23.com\/?p=31203","name":"\"Los cambios en el gobierno vendr\u00e1n seg\u00fan las necesidades\", dice Abinader - Conexi\u00f3n 23","isPartOf":{"@id":"https:\/\/conexion23.com\/#website"},"primaryImageOfPage":{"@id":"http:\/\/conexion23.com\/?p=31203#primaryimage"},"image":{"@id":"http:\/\/conexion23.com\/?p=31203#primaryimage"},"thumbnailUrl":"https:\/\/conexion23.com\/wp-content\/uploads\/2024\/08\/66ae6a673aa72.jpeg","datePublished":"2024-08-03T20:16:05+00:00","dateModified":"2024-08-03T20:16:10+00:00","description":"El presidente de la Rep\u00fablica, Luis Abinader, indic\u00f3\u00a0este s\u00e1bado que los cambios en el tren gubernamental ir\u00e1n fluyendo seg\u00fan las necesidades.","breadcrumb":{"@id":"http:\/\/conexion23.com\/?p=31203#breadcrumb"},"inLanguage":"es","potentialAction":[{"@type":"ReadAction","target":["http:\/\/conexion23.com\/?p=31203"]}]},{"@type":"ImageObject","inLanguage":"es","@id":"http:\/\/conexion23.com\/?p=31203#primaryimage","url":"https:\/\/conexion23.com\/wp-content\/uploads\/2024\/08\/66ae6a673aa72.jpeg","contentUrl":"https:\/\/conexion23.com\/wp-content\/uploads\/2024\/08\/66ae6a673aa72.jpeg","width":950,"height":465},{"@type":"BreadcrumbList","@id":"http:\/\/conexion23.com\/?p=31203#breadcrumb","itemListElement":[{"@type":"ListItem","position":1,"name":"Portada","item":"https:\/\/conexion23.com\/"},{"@type":"ListItem","position":2,"name":"\u00abLos cambios en el gobierno vendr\u00e1n seg\u00fan las necesidades\u00bb, dice Abinader"}]},{"@type":"WebSite","@id":"https:\/\/conexion23.com\/#website","url":"https:\/\/conexion23.com\/","name":"Conexi\u00f3n 23","description":"Peri\u00f3dico 100% Petromacorisano","publisher":{"@id":"https:\/\/conexion23.com\/#organization"},"potentialAction":[{"@type":"SearchAction","target":{"@type":"EntryPoint","urlTemplate":"https:\/\/conexion23.com\/?s={search_term_string}"},"query-input":{"@type":"PropertyValueSpecification","valueRequired":true,"valueName":"search_term_string"}}],"inLanguage":"es"},{"@type":"Organization","@id":"https:\/\/conexion23.com\/#organization","name":"Conexion 23","url":"https:\/\/conexion23.com\/","logo":{"@type":"ImageObject","inLanguage":"es","@id":"https:\/\/conexion23.com\/#\/schema\/logo\/image\/","url":"https:\/\/conexion23.com\/wp-content\/uploads\/2021\/11\/Diseno-sin-titulo-2.png","contentUrl":"https:\/\/conexion23.com\/wp-content\/uploads\/2021\/11\/Diseno-sin-titulo-2.png","width":541,"height":90,"caption":"Conexion 23"},"image":{"@id":"https:\/\/conexion23.com\/#\/schema\/logo\/image\/"},"sameAs":["https:\/\/www.facebook.com\/conexion23com","https:\/\/www.instagram.com\/conexion23com\/","https:\/\/www.youtube.com\/channel\/UCYc7vxxFZMYLIHNsHHxPZ3Q"]},{"@type":"Person","@id":"https:\/\/conexion23.com\/#\/schema\/person\/c0b7ce1f0e7a915d08fa289072b8353a","name":"Benjam\u00edn Rosario","image":{"@type":"ImageObject","inLanguage":"es","@id":"https:\/\/conexion23.com\/#\/schema\/person\/image\/","url":"https:\/\/secure.gravatar.com\/avatar\/62e1b2539b49cdeb50ee302e2a5f2bd31dc7fdba412bbac67e2a2a6e0c89bb2a?s=96&d=mm&r=g","contentUrl":"https:\/\/secure.gravatar.com\/avatar\/62e1b2539b49cdeb50ee302e2a5f2bd31dc7fdba412bbac67e2a2a6e0c89bb2a?s=96&d=mm&r=g","caption":"Benjam\u00edn Rosario"},"url":"https:\/\/conexion23.com\/?author=7"}]}},"_links":{"self":[{"href":"https:\/\/conexion23.com\/index.php?rest_route=\/wp\/v2\/posts\/31203","targetHints":{"allow":["GET"]}}],"collection":[{"href":"https:\/\/conexion23.com\/index.php?rest_route=\/wp\/v2\/posts"}],"about":[{"href":"https:\/\/conexion23.com\/index.php?rest_route=\/wp\/v2\/types\/post"}],"author":[{"embeddable":true,"href":"https:\/\/conexion23.com\/index.php?rest_route=\/wp\/v2\/users\/7"}],"replies":[{"embeddable":true,"href":"https:\/\/conexion23.com\/index.php?rest_route=%2Fwp%2Fv2%2Fcomments&post=31203"}],"version-history":[{"count":1,"href":"https:\/\/conexion23.com\/index.php?rest_route=\/wp\/v2\/posts\/31203\/revisions"}],"predecessor-version":[{"id":31205,"href":"https:\/\/conexion23.com\/index.php?rest_route=\/wp\/v2\/posts\/31203\/revisions\/31205"}],"wp:featuredmedia":[{"embeddable":true,"href":"https:\/\/conexion23.com\/index.php?rest_route=\/wp\/v2\/media\/31204"}],"wp:attachment":[{"href":"https:\/\/conexion23.com\/index.php?rest_route=%2Fwp%2Fv2%2Fmedia&parent=31203"}],"wp:term":[{"taxonomy":"category","embeddable":true,"href":"https:\/\/conexion23.com\/index.php?rest_route=%2Fwp%2Fv2%2Fcategories&post=31203"},{"taxonomy":"post_tag","embeddable":true,"href":"https:\/\/conexion23.com\/index.php?rest_route=%2Fwp%2Fv2%2Ftags&post=31203"}],"curies":[{"name":"wp","href":"https:\/\/api.w.org\/{rel}","templated":true}]}}