{"id":31341,"date":"2024-08-08T08:02:17","date_gmt":"2024-08-08T12:02:17","guid":{"rendered":"https:\/\/conexion23.com\/?p=31341"},"modified":"2024-08-08T08:02:20","modified_gmt":"2024-08-08T12:02:20","slug":"guy-philippe-asume-el-liderazgo-de-un-nuevo-partido-politico-en-haiti","status":"publish","type":"post","link":"https:\/\/conexion23.com\/?p=31341","title":{"rendered":"Guy Philippe asume el liderazgo de un nuevo partido pol\u00edtico en Hait\u00ed"},"content":{"rendered":"\n<p>El paramilitar haitiano Guy Philippe ha vuelto a ser protagonista en la pol\u00edtica de su pa\u00eds tras ser anunciado como l\u00edder de un nuevo partido pol\u00edtico. La Fuerza Revolucionaria del Acuerdo Nacional (FREN) se present\u00f3 al p\u00fablico este martes, prometiendo luchar por Hait\u00ed y hacer la \u00abverdadera revoluci\u00f3n\u00bb.<\/p>\n\n\n\n<p><strong>Guy Philippe insta al gobierno haitiano a rechazar el Consejo Presidencial de Transici\u00f3n<\/strong><\/p>\n\n\n\n<p>El ex ministro de Obras P\u00fablicas, Transportes y Comunicaciones, Nader Jois\u00e9us, acompa\u00f1a a Philippe como coordinador adjunto del nuevo partido. Jois\u00e9us, conocido por su gesti\u00f3n en el gobierno, es una figura clave en la estructura organizativa del FREN.<\/p>\n\n\n\n<p>Guy Philippe, conocido por su participaci\u00f3n en el levantamiento rebelde de 2004, fue detenido en P\u00e9tion-Ville tras ser elegido senador del departamento de Grand-Anse y extraditado a los Estados Unidos en 2017. Despu\u00e9s de regresar a Hait\u00ed a finales de 2023, Philippe se reposicion\u00f3 en la pol\u00edtica, tomando durante el primer mes de su regreso la presidencia pol\u00edtica. Adem\u00e1s, se perfila como un posible l\u00edder revolucionario.<\/p>\n\n\n\n<p>Desde este 6 de agosto de 2024, Philippe fue reconocido oficialmente como coordinador general del FREN. Este movimiento busca consolidar su influencia y transmitir su mensaje revolucionario a las masas haitianas en un contexto de creciente tensi\u00f3n y desaf\u00edo pol\u00edtico.<\/p>\n","protected":false},"excerpt":{"rendered":"<p>El paramilitar haitiano Guy Philippe ha vuelto a ser protagonista en la pol\u00edtica de su pa\u00eds tras ser anunciado como l\u00edder de un nuevo partido pol\u00edtico. La Fuerza Revolucionaria del Acuerdo Nacional (FREN) se present\u00f3 al p\u00fablico este martes, prometiendo luchar por Hait\u00ed y hacer la \u00abverdadera revoluci\u00f3n\u00bb. Guy Philippe insta al gobierno haitiano a [&hellip;]<\/p>\n","protected":false},"author":15,"featured_media":31342,"comment_status":"open","ping_status":"open","sticky":false,"template":"","format":"standard","meta":{"footnotes":""},"categories":[1],"tags":[],"class_list":{"0":"post-31341","1":"post","2":"type-post","3":"status-publish","4":"format-standard","5":"has-post-thumbnail","7":"category-uncategorized"},"yoast_head":"<!-- This site is optimized with the Yoast SEO plugin v27.1.1 - https:\/\/yoast.com\/product\/yoast-seo-wordpress\/ -->\n<title>Guy Philippe asume el liderazgo de un nuevo partido pol\u00edtico en Hait\u00ed - Conexi\u00f3n 23<\/title>\n<meta name=\"robots\" content=\"index, follow, max-snippet:-1, max-image-preview:large, max-video-preview:-1\" \/>\n<link rel=\"canonical\" href=\"http:\/\/conexion23.com\/?p=31341\" \/>\n<meta property=\"og:locale\" content=\"es_ES\" \/>\n<meta property=\"og:type\" content=\"article\" \/>\n<meta property=\"og:title\" content=\"Guy Philippe asume el liderazgo de un nuevo partido pol\u00edtico en Hait\u00ed - Conexi\u00f3n 23\" \/>\n<meta property=\"og:description\" content=\"El paramilitar haitiano Guy Philippe ha vuelto a ser protagonista en la pol\u00edtica de su pa\u00eds tras ser anunciado como l\u00edder de un nuevo partido pol\u00edtico. La Fuerza Revolucionaria del Acuerdo Nacional (FREN) se present\u00f3 al p\u00fablico este martes, prometiendo luchar por Hait\u00ed y hacer la \u00abverdadera revoluci\u00f3n\u00bb. Guy Philippe insta al gobierno haitiano a [&hellip;]\" \/>\n<meta property=\"og:url\" content=\"http:\/\/conexion23.com\/?p=31341\" \/>\n<meta property=\"og:site_name\" content=\"Conexi\u00f3n 23\" \/>\n<meta property=\"article:publisher\" content=\"https:\/\/www.facebook.com\/conexion23com\" \/>\n<meta property=\"article:published_time\" content=\"2024-08-08T12:02:17+00:00\" \/>\n<meta property=\"article:modified_time\" content=\"2024-08-08T12:02:20+00:00\" \/>\n<meta property=\"og:image\" content=\"http:\/\/conexion23.com\/wp-content\/uploads\/2024\/08\/ll.jpg\" \/>\n\t<meta property=\"og:image:width\" content=\"281\" \/>\n\t<meta property=\"og:image:height\" content=\"175\" \/>\n\t<meta property=\"og:image:type\" content=\"image\/jpeg\" \/>\n<meta name=\"author\" content=\"Raffy Ben\u00edtez\" \/>\n<meta name=\"twitter:card\" content=\"summary_large_image\" \/>\n<meta name=\"twitter:label1\" content=\"Escrito por\" \/>\n\t<meta name=\"twitter:data1\" content=\"Raffy Ben\u00edtez\" \/>\n\t<meta name=\"twitter:label2\" content=\"Tiempo de lectura\" \/>\n\t<meta name=\"twitter:data2\" content=\"2 minutos\" \/>\n<script type=\"application\/ld+json\" class=\"yoast-schema-graph\">{\"@context\":\"https:\/\/schema.org\",\"@graph\":[{\"@type\":\"Article\",\"@id\":\"http:\/\/conexion23.com\/?p=31341#article\",\"isPartOf\":{\"@id\":\"http:\/\/conexion23.com\/?p=31341\"},\"author\":{\"name\":\"Raffy Ben\u00edtez\",\"@id\":\"https:\/\/conexion23.com\/#\/schema\/person\/03e36043331117e97a373299bbcd30a6\"},\"headline\":\"Guy Philippe asume el liderazgo de un nuevo partido pol\u00edtico en Hait\u00ed\",\"datePublished\":\"2024-08-08T12:02:17+00:00\",\"dateModified\":\"2024-08-08T12:02:20+00:00\",\"mainEntityOfPage\":{\"@id\":\"http:\/\/conexion23.com\/?p=31341\"},\"wordCount\":235,\"commentCount\":0,\"publisher\":{\"@id\":\"https:\/\/conexion23.com\/#organization\"},\"image\":{\"@id\":\"http:\/\/conexion23.com\/?p=31341#primaryimage\"},\"thumbnailUrl\":\"https:\/\/conexion23.com\/wp-content\/uploads\/2024\/08\/ll.jpg\",\"articleSection\":[\"Uncategorized\"],\"inLanguage\":\"es\",\"potentialAction\":[{\"@type\":\"CommentAction\",\"name\":\"Comment\",\"target\":[\"http:\/\/conexion23.com\/?p=31341#respond\"]}]},{\"@type\":\"WebPage\",\"@id\":\"http:\/\/conexion23.com\/?p=31341\",\"url\":\"http:\/\/conexion23.com\/?p=31341\",\"name\":\"Guy Philippe asume el liderazgo de un nuevo partido pol\u00edtico en Hait\u00ed - Conexi\u00f3n 23\",\"isPartOf\":{\"@id\":\"https:\/\/conexion23.com\/#website\"},\"primaryImageOfPage\":{\"@id\":\"http:\/\/conexion23.com\/?p=31341#primaryimage\"},\"image\":{\"@id\":\"http:\/\/conexion23.com\/?p=31341#primaryimage\"},\"thumbnailUrl\":\"https:\/\/conexion23.com\/wp-content\/uploads\/2024\/08\/ll.jpg\",\"datePublished\":\"2024-08-08T12:02:17+00:00\",\"dateModified\":\"2024-08-08T12:02:20+00:00\",\"breadcrumb\":{\"@id\":\"http:\/\/conexion23.com\/?p=31341#breadcrumb\"},\"inLanguage\":\"es\",\"potentialAction\":[{\"@type\":\"ReadAction\",\"target\":[\"http:\/\/conexion23.com\/?p=31341\"]}]},{\"@type\":\"ImageObject\",\"inLanguage\":\"es\",\"@id\":\"http:\/\/conexion23.com\/?p=31341#primaryimage\",\"url\":\"https:\/\/conexion23.com\/wp-content\/uploads\/2024\/08\/ll.jpg\",\"contentUrl\":\"https:\/\/conexion23.com\/wp-content\/uploads\/2024\/08\/ll.jpg\",\"width\":281,\"height\":175},{\"@type\":\"BreadcrumbList\",\"@id\":\"http:\/\/conexion23.com\/?p=31341#breadcrumb\",\"itemListElement\":[{\"@type\":\"ListItem\",\"position\":1,\"name\":\"Portada\",\"item\":\"https:\/\/conexion23.com\/\"},{\"@type\":\"ListItem\",\"position\":2,\"name\":\"Guy Philippe asume el liderazgo de un nuevo partido pol\u00edtico en Hait\u00ed\"}]},{\"@type\":\"WebSite\",\"@id\":\"https:\/\/conexion23.com\/#website\",\"url\":\"https:\/\/conexion23.com\/\",\"name\":\"Conexi\u00f3n 23\",\"description\":\"Peri\u00f3dico 100% Petromacorisano\",\"publisher\":{\"@id\":\"https:\/\/conexion23.com\/#organization\"},\"potentialAction\":[{\"@type\":\"SearchAction\",\"target\":{\"@type\":\"EntryPoint\",\"urlTemplate\":\"https:\/\/conexion23.com\/?s={search_term_string}\"},\"query-input\":{\"@type\":\"PropertyValueSpecification\",\"valueRequired\":true,\"valueName\":\"search_term_string\"}}],\"inLanguage\":\"es\"},{\"@type\":\"Organization\",\"@id\":\"https:\/\/conexion23.com\/#organization\",\"name\":\"Conexion 23\",\"url\":\"https:\/\/conexion23.com\/\",\"logo\":{\"@type\":\"ImageObject\",\"inLanguage\":\"es\",\"@id\":\"https:\/\/conexion23.com\/#\/schema\/logo\/image\/\",\"url\":\"https:\/\/conexion23.com\/wp-content\/uploads\/2021\/11\/Diseno-sin-titulo-2.png\",\"contentUrl\":\"https:\/\/conexion23.com\/wp-content\/uploads\/2021\/11\/Diseno-sin-titulo-2.png\",\"width\":541,\"height\":90,\"caption\":\"Conexion 23\"},\"image\":{\"@id\":\"https:\/\/conexion23.com\/#\/schema\/logo\/image\/\"},\"sameAs\":[\"https:\/\/www.facebook.com\/conexion23com\",\"https:\/\/www.instagram.com\/conexion23com\/\",\"https:\/\/www.youtube.com\/channel\/UCYc7vxxFZMYLIHNsHHxPZ3Q\"]},{\"@type\":\"Person\",\"@id\":\"https:\/\/conexion23.com\/#\/schema\/person\/03e36043331117e97a373299bbcd30a6\",\"name\":\"Raffy Ben\u00edtez\",\"image\":{\"@type\":\"ImageObject\",\"inLanguage\":\"es\",\"@id\":\"https:\/\/conexion23.com\/#\/schema\/person\/image\/\",\"url\":\"https:\/\/secure.gravatar.com\/avatar\/3190a6a6c5e1b0327500f7d6c56b6242472ee6cb974cf09b401ee6b3b0798f23?s=96&d=mm&r=g\",\"contentUrl\":\"https:\/\/secure.gravatar.com\/avatar\/3190a6a6c5e1b0327500f7d6c56b6242472ee6cb974cf09b401ee6b3b0798f23?s=96&d=mm&r=g\",\"caption\":\"Raffy Ben\u00edtez\"},\"url\":\"https:\/\/conexion23.com\/?author=15\"}]}<\/script>\n<!-- \/ Yoast SEO plugin. -->","yoast_head_json":{"title":"Guy Philippe asume el liderazgo de un nuevo partido pol\u00edtico en Hait\u00ed - Conexi\u00f3n 23","robots":{"index":"index","follow":"follow","max-snippet":"max-snippet:-1","max-image-preview":"max-image-preview:large","max-video-preview":"max-video-preview:-1"},"canonical":"http:\/\/conexion23.com\/?p=31341","og_locale":"es_ES","og_type":"article","og_title":"Guy Philippe asume el liderazgo de un nuevo partido pol\u00edtico en Hait\u00ed - Conexi\u00f3n 23","og_description":"El paramilitar haitiano Guy Philippe ha vuelto a ser protagonista en la pol\u00edtica de su pa\u00eds tras ser anunciado como l\u00edder de un nuevo partido pol\u00edtico. La Fuerza Revolucionaria del Acuerdo Nacional (FREN) se present\u00f3 al p\u00fablico este martes, prometiendo luchar por Hait\u00ed y hacer la \u00abverdadera revoluci\u00f3n\u00bb. Guy Philippe insta al gobierno haitiano a [&hellip;]","og_url":"http:\/\/conexion23.com\/?p=31341","og_site_name":"Conexi\u00f3n 23","article_publisher":"https:\/\/www.facebook.com\/conexion23com","article_published_time":"2024-08-08T12:02:17+00:00","article_modified_time":"2024-08-08T12:02:20+00:00","og_image":[{"width":281,"height":175,"url":"http:\/\/conexion23.com\/wp-content\/uploads\/2024\/08\/ll.jpg","type":"image\/jpeg"}],"author":"Raffy Ben\u00edtez","twitter_card":"summary_large_image","twitter_misc":{"Escrito por":"Raffy Ben\u00edtez","Tiempo de lectura":"2 minutos"},"schema":{"@context":"https:\/\/schema.org","@graph":[{"@type":"Article","@id":"http:\/\/conexion23.com\/?p=31341#article","isPartOf":{"@id":"http:\/\/conexion23.com\/?p=31341"},"author":{"name":"Raffy Ben\u00edtez","@id":"https:\/\/conexion23.com\/#\/schema\/person\/03e36043331117e97a373299bbcd30a6"},"headline":"Guy Philippe asume el liderazgo de un nuevo partido pol\u00edtico en Hait\u00ed","datePublished":"2024-08-08T12:02:17+00:00","dateModified":"2024-08-08T12:02:20+00:00","mainEntityOfPage":{"@id":"http:\/\/conexion23.com\/?p=31341"},"wordCount":235,"commentCount":0,"publisher":{"@id":"https:\/\/conexion23.com\/#organization"},"image":{"@id":"http:\/\/conexion23.com\/?p=31341#primaryimage"},"thumbnailUrl":"https:\/\/conexion23.com\/wp-content\/uploads\/2024\/08\/ll.jpg","articleSection":["Uncategorized"],"inLanguage":"es","potentialAction":[{"@type":"CommentAction","name":"Comment","target":["http:\/\/conexion23.com\/?p=31341#respond"]}]},{"@type":"WebPage","@id":"http:\/\/conexion23.com\/?p=31341","url":"http:\/\/conexion23.com\/?p=31341","name":"Guy Philippe asume el liderazgo de un nuevo partido pol\u00edtico en Hait\u00ed - Conexi\u00f3n 23","isPartOf":{"@id":"https:\/\/conexion23.com\/#website"},"primaryImageOfPage":{"@id":"http:\/\/conexion23.com\/?p=31341#primaryimage"},"image":{"@id":"http:\/\/conexion23.com\/?p=31341#primaryimage"},"thumbnailUrl":"https:\/\/conexion23.com\/wp-content\/uploads\/2024\/08\/ll.jpg","datePublished":"2024-08-08T12:02:17+00:00","dateModified":"2024-08-08T12:02:20+00:00","breadcrumb":{"@id":"http:\/\/conexion23.com\/?p=31341#breadcrumb"},"inLanguage":"es","potentialAction":[{"@type":"ReadAction","target":["http:\/\/conexion23.com\/?p=31341"]}]},{"@type":"ImageObject","inLanguage":"es","@id":"http:\/\/conexion23.com\/?p=31341#primaryimage","url":"https:\/\/conexion23.com\/wp-content\/uploads\/2024\/08\/ll.jpg","contentUrl":"https:\/\/conexion23.com\/wp-content\/uploads\/2024\/08\/ll.jpg","width":281,"height":175},{"@type":"BreadcrumbList","@id":"http:\/\/conexion23.com\/?p=31341#breadcrumb","itemListElement":[{"@type":"ListItem","position":1,"name":"Portada","item":"https:\/\/conexion23.com\/"},{"@type":"ListItem","position":2,"name":"Guy Philippe asume el liderazgo de un nuevo partido pol\u00edtico en Hait\u00ed"}]},{"@type":"WebSite","@id":"https:\/\/conexion23.com\/#website","url":"https:\/\/conexion23.com\/","name":"Conexi\u00f3n 23","description":"Peri\u00f3dico 100% Petromacorisano","publisher":{"@id":"https:\/\/conexion23.com\/#organization"},"potentialAction":[{"@type":"SearchAction","target":{"@type":"EntryPoint","urlTemplate":"https:\/\/conexion23.com\/?s={search_term_string}"},"query-input":{"@type":"PropertyValueSpecification","valueRequired":true,"valueName":"search_term_string"}}],"inLanguage":"es"},{"@type":"Organization","@id":"https:\/\/conexion23.com\/#organization","name":"Conexion 23","url":"https:\/\/conexion23.com\/","logo":{"@type":"ImageObject","inLanguage":"es","@id":"https:\/\/conexion23.com\/#\/schema\/logo\/image\/","url":"https:\/\/conexion23.com\/wp-content\/uploads\/2021\/11\/Diseno-sin-titulo-2.png","contentUrl":"https:\/\/conexion23.com\/wp-content\/uploads\/2021\/11\/Diseno-sin-titulo-2.png","width":541,"height":90,"caption":"Conexion 23"},"image":{"@id":"https:\/\/conexion23.com\/#\/schema\/logo\/image\/"},"sameAs":["https:\/\/www.facebook.com\/conexion23com","https:\/\/www.instagram.com\/conexion23com\/","https:\/\/www.youtube.com\/channel\/UCYc7vxxFZMYLIHNsHHxPZ3Q"]},{"@type":"Person","@id":"https:\/\/conexion23.com\/#\/schema\/person\/03e36043331117e97a373299bbcd30a6","name":"Raffy Ben\u00edtez","image":{"@type":"ImageObject","inLanguage":"es","@id":"https:\/\/conexion23.com\/#\/schema\/person\/image\/","url":"https:\/\/secure.gravatar.com\/avatar\/3190a6a6c5e1b0327500f7d6c56b6242472ee6cb974cf09b401ee6b3b0798f23?s=96&d=mm&r=g","contentUrl":"https:\/\/secure.gravatar.com\/avatar\/3190a6a6c5e1b0327500f7d6c56b6242472ee6cb974cf09b401ee6b3b0798f23?s=96&d=mm&r=g","caption":"Raffy Ben\u00edtez"},"url":"https:\/\/conexion23.com\/?author=15"}]}},"_links":{"self":[{"href":"https:\/\/conexion23.com\/index.php?rest_route=\/wp\/v2\/posts\/31341","targetHints":{"allow":["GET"]}}],"collection":[{"href":"https:\/\/conexion23.com\/index.php?rest_route=\/wp\/v2\/posts"}],"about":[{"href":"https:\/\/conexion23.com\/index.php?rest_route=\/wp\/v2\/types\/post"}],"author":[{"embeddable":true,"href":"https:\/\/conexion23.com\/index.php?rest_route=\/wp\/v2\/users\/15"}],"replies":[{"embeddable":true,"href":"https:\/\/conexion23.com\/index.php?rest_route=%2Fwp%2Fv2%2Fcomments&post=31341"}],"version-history":[{"count":1,"href":"https:\/\/conexion23.com\/index.php?rest_route=\/wp\/v2\/posts\/31341\/revisions"}],"predecessor-version":[{"id":31343,"href":"https:\/\/conexion23.com\/index.php?rest_route=\/wp\/v2\/posts\/31341\/revisions\/31343"}],"wp:featuredmedia":[{"embeddable":true,"href":"https:\/\/conexion23.com\/index.php?rest_route=\/wp\/v2\/media\/31342"}],"wp:attachment":[{"href":"https:\/\/conexion23.com\/index.php?rest_route=%2Fwp%2Fv2%2Fmedia&parent=31341"}],"wp:term":[{"taxonomy":"category","embeddable":true,"href":"https:\/\/conexion23.com\/index.php?rest_route=%2Fwp%2Fv2%2Fcategories&post=31341"},{"taxonomy":"post_tag","embeddable":true,"href":"https:\/\/conexion23.com\/index.php?rest_route=%2Fwp%2Fv2%2Ftags&post=31341"}],"curies":[{"name":"wp","href":"https:\/\/api.w.org\/{rel}","templated":true}]}}