{"id":31626,"date":"2024-08-16T07:10:26","date_gmt":"2024-08-16T11:10:26","guid":{"rendered":"https:\/\/conexion23.com\/?p=31626"},"modified":"2024-08-16T07:10:28","modified_gmt":"2024-08-16T11:10:28","slug":"joven-desaparece-mientras-se-banaba-en-la-playita-de-villa-faro-en-spm","status":"publish","type":"post","link":"https:\/\/conexion23.com\/?p=31626","title":{"rendered":"JOVEN DESAPARECE MIENTRAS SE BA\u00d1ABA EN LA PLAYITA DE VILLA FARO EN\u00a0 SPM.\u00a0"},"content":{"rendered":"\n<p>Un joven desapareci\u00f3 cuando se encontraba ba\u00f1\u00e1ndose en la Playita de Villa Faro.&nbsp;<\/p>\n\n\n\n<p>Fue identificado como Jos\u00e9 Francisco Jim\u00e9nez de 20 a\u00f1os, residente en San Ant\u00f3n. Hab\u00eda tenido un accidente y tiene una pierna operada.\u00a0<\/p>\n\n\n\n<p>Jim\u00e9nez se ba\u00f1aba junto a otros j\u00f3venes que pudieron salvar sus vidas entre ellos hab\u00eda tres menores de edad de 13,16 y 17 a\u00f1os aproximadamente.&nbsp;<\/p>\n\n\n\n<p>Otro joven pudo rescatarlos pero cuando volvi\u00f3 por Jos\u00e9 Francisco no pudo encontrarlo. \u00a0<\/p>\n\n\n\n<p>Al lugar se presentaron unidades del sistema nacional de emergencias 9-1-1, La armada dominicana, cuerpos de bomberos y la defensa civil.<\/p>\n\n\n\n<p>Por seguridad la b\u00fasqueda continuar\u00e1 hoy viernes a tempranas horas.<\/p>\n","protected":false},"excerpt":{"rendered":"<p>Un joven desapareci\u00f3 cuando se encontraba ba\u00f1\u00e1ndose en la Playita de Villa Faro.&nbsp; Fue identificado como Jos\u00e9 Francisco Jim\u00e9nez de 20 a\u00f1os, residente en San Ant\u00f3n. Hab\u00eda tenido un accidente y tiene una pierna operada.\u00a0 Jim\u00e9nez se ba\u00f1aba junto a otros j\u00f3venes que pudieron salvar sus vidas entre ellos hab\u00eda tres menores de edad de [&hellip;]<\/p>\n","protected":false},"author":15,"featured_media":31627,"comment_status":"open","ping_status":"open","sticky":false,"template":"","format":"standard","meta":{"footnotes":""},"categories":[35],"tags":[],"class_list":{"0":"post-31626","1":"post","2":"type-post","3":"status-publish","4":"format-standard","5":"has-post-thumbnail","7":"category-spm"},"yoast_head":"<!-- This site is optimized with the Yoast SEO plugin v27.1.1 - https:\/\/yoast.com\/product\/yoast-seo-wordpress\/ -->\n<title>JOVEN DESAPARECE MIENTRAS SE BA\u00d1ABA EN LA PLAYITA DE VILLA FARO EN\u00a0 SPM.\u00a0 - Conexi\u00f3n 23<\/title>\n<meta name=\"robots\" content=\"index, follow, max-snippet:-1, max-image-preview:large, max-video-preview:-1\" \/>\n<link rel=\"canonical\" href=\"http:\/\/conexion23.com\/?p=31626\" \/>\n<meta property=\"og:locale\" content=\"es_ES\" \/>\n<meta property=\"og:type\" content=\"article\" \/>\n<meta property=\"og:title\" content=\"JOVEN DESAPARECE MIENTRAS SE BA\u00d1ABA EN LA PLAYITA DE VILLA FARO EN\u00a0 SPM.\u00a0 - Conexi\u00f3n 23\" \/>\n<meta property=\"og:description\" content=\"Un joven desapareci\u00f3 cuando se encontraba ba\u00f1\u00e1ndose en la Playita de Villa Faro.&nbsp; Fue identificado como Jos\u00e9 Francisco Jim\u00e9nez de 20 a\u00f1os, residente en San Ant\u00f3n. Hab\u00eda tenido un accidente y tiene una pierna operada.\u00a0 Jim\u00e9nez se ba\u00f1aba junto a otros j\u00f3venes que pudieron salvar sus vidas entre ellos hab\u00eda tres menores de edad de [&hellip;]\" \/>\n<meta property=\"og:url\" content=\"http:\/\/conexion23.com\/?p=31626\" \/>\n<meta property=\"og:site_name\" content=\"Conexi\u00f3n 23\" \/>\n<meta property=\"article:publisher\" content=\"https:\/\/www.facebook.com\/conexion23com\" \/>\n<meta property=\"article:published_time\" content=\"2024-08-16T11:10:26+00:00\" \/>\n<meta property=\"article:modified_time\" content=\"2024-08-16T11:10:28+00:00\" \/>\n<meta property=\"og:image\" content=\"http:\/\/conexion23.com\/wp-content\/uploads\/2024\/08\/img_5658-1.webp\" \/>\n\t<meta property=\"og:image:width\" content=\"460\" \/>\n\t<meta property=\"og:image:height\" content=\"424\" \/>\n\t<meta property=\"og:image:type\" content=\"image\/webp\" \/>\n<meta name=\"author\" content=\"Raffy Ben\u00edtez\" \/>\n<meta name=\"twitter:card\" content=\"summary_large_image\" \/>\n<meta name=\"twitter:label1\" content=\"Escrito por\" \/>\n\t<meta name=\"twitter:data1\" content=\"Raffy Ben\u00edtez\" \/>\n\t<meta name=\"twitter:label2\" content=\"Tiempo de lectura\" \/>\n\t<meta name=\"twitter:data2\" content=\"1 minuto\" \/>\n<script type=\"application\/ld+json\" class=\"yoast-schema-graph\">{\"@context\":\"https:\/\/schema.org\",\"@graph\":[{\"@type\":\"Article\",\"@id\":\"http:\/\/conexion23.com\/?p=31626#article\",\"isPartOf\":{\"@id\":\"http:\/\/conexion23.com\/?p=31626\"},\"author\":{\"name\":\"Raffy Ben\u00edtez\",\"@id\":\"https:\/\/conexion23.com\/#\/schema\/person\/03e36043331117e97a373299bbcd30a6\"},\"headline\":\"JOVEN DESAPARECE MIENTRAS SE BA\u00d1ABA EN LA PLAYITA DE VILLA FARO EN\u00a0 SPM.\u00a0\",\"datePublished\":\"2024-08-16T11:10:26+00:00\",\"dateModified\":\"2024-08-16T11:10:28+00:00\",\"mainEntityOfPage\":{\"@id\":\"http:\/\/conexion23.com\/?p=31626\"},\"wordCount\":129,\"commentCount\":0,\"publisher\":{\"@id\":\"https:\/\/conexion23.com\/#organization\"},\"image\":{\"@id\":\"http:\/\/conexion23.com\/?p=31626#primaryimage\"},\"thumbnailUrl\":\"https:\/\/conexion23.com\/wp-content\/uploads\/2024\/08\/img_5658-1.webp\",\"articleSection\":[\"SPM\"],\"inLanguage\":\"es\",\"potentialAction\":[{\"@type\":\"CommentAction\",\"name\":\"Comment\",\"target\":[\"http:\/\/conexion23.com\/?p=31626#respond\"]}]},{\"@type\":\"WebPage\",\"@id\":\"http:\/\/conexion23.com\/?p=31626\",\"url\":\"http:\/\/conexion23.com\/?p=31626\",\"name\":\"JOVEN DESAPARECE MIENTRAS SE BA\u00d1ABA EN LA PLAYITA DE VILLA FARO EN\u00a0 SPM.\u00a0 - Conexi\u00f3n 23\",\"isPartOf\":{\"@id\":\"https:\/\/conexion23.com\/#website\"},\"primaryImageOfPage\":{\"@id\":\"http:\/\/conexion23.com\/?p=31626#primaryimage\"},\"image\":{\"@id\":\"http:\/\/conexion23.com\/?p=31626#primaryimage\"},\"thumbnailUrl\":\"https:\/\/conexion23.com\/wp-content\/uploads\/2024\/08\/img_5658-1.webp\",\"datePublished\":\"2024-08-16T11:10:26+00:00\",\"dateModified\":\"2024-08-16T11:10:28+00:00\",\"breadcrumb\":{\"@id\":\"http:\/\/conexion23.com\/?p=31626#breadcrumb\"},\"inLanguage\":\"es\",\"potentialAction\":[{\"@type\":\"ReadAction\",\"target\":[\"http:\/\/conexion23.com\/?p=31626\"]}]},{\"@type\":\"ImageObject\",\"inLanguage\":\"es\",\"@id\":\"http:\/\/conexion23.com\/?p=31626#primaryimage\",\"url\":\"https:\/\/conexion23.com\/wp-content\/uploads\/2024\/08\/img_5658-1.webp\",\"contentUrl\":\"https:\/\/conexion23.com\/wp-content\/uploads\/2024\/08\/img_5658-1.webp\",\"width\":460,\"height\":424},{\"@type\":\"BreadcrumbList\",\"@id\":\"http:\/\/conexion23.com\/?p=31626#breadcrumb\",\"itemListElement\":[{\"@type\":\"ListItem\",\"position\":1,\"name\":\"Portada\",\"item\":\"https:\/\/conexion23.com\/\"},{\"@type\":\"ListItem\",\"position\":2,\"name\":\"JOVEN DESAPARECE MIENTRAS SE BA\u00d1ABA EN LA PLAYITA DE VILLA FARO EN\u00a0 SPM.\u00a0\"}]},{\"@type\":\"WebSite\",\"@id\":\"https:\/\/conexion23.com\/#website\",\"url\":\"https:\/\/conexion23.com\/\",\"name\":\"Conexi\u00f3n 23\",\"description\":\"Peri\u00f3dico 100% Petromacorisano\",\"publisher\":{\"@id\":\"https:\/\/conexion23.com\/#organization\"},\"potentialAction\":[{\"@type\":\"SearchAction\",\"target\":{\"@type\":\"EntryPoint\",\"urlTemplate\":\"https:\/\/conexion23.com\/?s={search_term_string}\"},\"query-input\":{\"@type\":\"PropertyValueSpecification\",\"valueRequired\":true,\"valueName\":\"search_term_string\"}}],\"inLanguage\":\"es\"},{\"@type\":\"Organization\",\"@id\":\"https:\/\/conexion23.com\/#organization\",\"name\":\"Conexion 23\",\"url\":\"https:\/\/conexion23.com\/\",\"logo\":{\"@type\":\"ImageObject\",\"inLanguage\":\"es\",\"@id\":\"https:\/\/conexion23.com\/#\/schema\/logo\/image\/\",\"url\":\"https:\/\/conexion23.com\/wp-content\/uploads\/2021\/11\/Diseno-sin-titulo-2.png\",\"contentUrl\":\"https:\/\/conexion23.com\/wp-content\/uploads\/2021\/11\/Diseno-sin-titulo-2.png\",\"width\":541,\"height\":90,\"caption\":\"Conexion 23\"},\"image\":{\"@id\":\"https:\/\/conexion23.com\/#\/schema\/logo\/image\/\"},\"sameAs\":[\"https:\/\/www.facebook.com\/conexion23com\",\"https:\/\/www.instagram.com\/conexion23com\/\",\"https:\/\/www.youtube.com\/channel\/UCYc7vxxFZMYLIHNsHHxPZ3Q\"]},{\"@type\":\"Person\",\"@id\":\"https:\/\/conexion23.com\/#\/schema\/person\/03e36043331117e97a373299bbcd30a6\",\"name\":\"Raffy Ben\u00edtez\",\"image\":{\"@type\":\"ImageObject\",\"inLanguage\":\"es\",\"@id\":\"https:\/\/conexion23.com\/#\/schema\/person\/image\/\",\"url\":\"https:\/\/secure.gravatar.com\/avatar\/3190a6a6c5e1b0327500f7d6c56b6242472ee6cb974cf09b401ee6b3b0798f23?s=96&d=mm&r=g\",\"contentUrl\":\"https:\/\/secure.gravatar.com\/avatar\/3190a6a6c5e1b0327500f7d6c56b6242472ee6cb974cf09b401ee6b3b0798f23?s=96&d=mm&r=g\",\"caption\":\"Raffy Ben\u00edtez\"},\"url\":\"https:\/\/conexion23.com\/?author=15\"}]}<\/script>\n<!-- \/ Yoast SEO plugin. -->","yoast_head_json":{"title":"JOVEN DESAPARECE MIENTRAS SE BA\u00d1ABA EN LA PLAYITA DE VILLA FARO EN\u00a0 SPM.\u00a0 - Conexi\u00f3n 23","robots":{"index":"index","follow":"follow","max-snippet":"max-snippet:-1","max-image-preview":"max-image-preview:large","max-video-preview":"max-video-preview:-1"},"canonical":"http:\/\/conexion23.com\/?p=31626","og_locale":"es_ES","og_type":"article","og_title":"JOVEN DESAPARECE MIENTRAS SE BA\u00d1ABA EN LA PLAYITA DE VILLA FARO EN\u00a0 SPM.\u00a0 - Conexi\u00f3n 23","og_description":"Un joven desapareci\u00f3 cuando se encontraba ba\u00f1\u00e1ndose en la Playita de Villa Faro.&nbsp; Fue identificado como Jos\u00e9 Francisco Jim\u00e9nez de 20 a\u00f1os, residente en San Ant\u00f3n. Hab\u00eda tenido un accidente y tiene una pierna operada.\u00a0 Jim\u00e9nez se ba\u00f1aba junto a otros j\u00f3venes que pudieron salvar sus vidas entre ellos hab\u00eda tres menores de edad de [&hellip;]","og_url":"http:\/\/conexion23.com\/?p=31626","og_site_name":"Conexi\u00f3n 23","article_publisher":"https:\/\/www.facebook.com\/conexion23com","article_published_time":"2024-08-16T11:10:26+00:00","article_modified_time":"2024-08-16T11:10:28+00:00","og_image":[{"width":460,"height":424,"url":"http:\/\/conexion23.com\/wp-content\/uploads\/2024\/08\/img_5658-1.webp","type":"image\/webp"}],"author":"Raffy Ben\u00edtez","twitter_card":"summary_large_image","twitter_misc":{"Escrito por":"Raffy Ben\u00edtez","Tiempo de lectura":"1 minuto"},"schema":{"@context":"https:\/\/schema.org","@graph":[{"@type":"Article","@id":"http:\/\/conexion23.com\/?p=31626#article","isPartOf":{"@id":"http:\/\/conexion23.com\/?p=31626"},"author":{"name":"Raffy Ben\u00edtez","@id":"https:\/\/conexion23.com\/#\/schema\/person\/03e36043331117e97a373299bbcd30a6"},"headline":"JOVEN DESAPARECE MIENTRAS SE BA\u00d1ABA EN LA PLAYITA DE VILLA FARO EN\u00a0 SPM.\u00a0","datePublished":"2024-08-16T11:10:26+00:00","dateModified":"2024-08-16T11:10:28+00:00","mainEntityOfPage":{"@id":"http:\/\/conexion23.com\/?p=31626"},"wordCount":129,"commentCount":0,"publisher":{"@id":"https:\/\/conexion23.com\/#organization"},"image":{"@id":"http:\/\/conexion23.com\/?p=31626#primaryimage"},"thumbnailUrl":"https:\/\/conexion23.com\/wp-content\/uploads\/2024\/08\/img_5658-1.webp","articleSection":["SPM"],"inLanguage":"es","potentialAction":[{"@type":"CommentAction","name":"Comment","target":["http:\/\/conexion23.com\/?p=31626#respond"]}]},{"@type":"WebPage","@id":"http:\/\/conexion23.com\/?p=31626","url":"http:\/\/conexion23.com\/?p=31626","name":"JOVEN DESAPARECE MIENTRAS SE BA\u00d1ABA EN LA PLAYITA DE VILLA FARO EN\u00a0 SPM.\u00a0 - Conexi\u00f3n 23","isPartOf":{"@id":"https:\/\/conexion23.com\/#website"},"primaryImageOfPage":{"@id":"http:\/\/conexion23.com\/?p=31626#primaryimage"},"image":{"@id":"http:\/\/conexion23.com\/?p=31626#primaryimage"},"thumbnailUrl":"https:\/\/conexion23.com\/wp-content\/uploads\/2024\/08\/img_5658-1.webp","datePublished":"2024-08-16T11:10:26+00:00","dateModified":"2024-08-16T11:10:28+00:00","breadcrumb":{"@id":"http:\/\/conexion23.com\/?p=31626#breadcrumb"},"inLanguage":"es","potentialAction":[{"@type":"ReadAction","target":["http:\/\/conexion23.com\/?p=31626"]}]},{"@type":"ImageObject","inLanguage":"es","@id":"http:\/\/conexion23.com\/?p=31626#primaryimage","url":"https:\/\/conexion23.com\/wp-content\/uploads\/2024\/08\/img_5658-1.webp","contentUrl":"https:\/\/conexion23.com\/wp-content\/uploads\/2024\/08\/img_5658-1.webp","width":460,"height":424},{"@type":"BreadcrumbList","@id":"http:\/\/conexion23.com\/?p=31626#breadcrumb","itemListElement":[{"@type":"ListItem","position":1,"name":"Portada","item":"https:\/\/conexion23.com\/"},{"@type":"ListItem","position":2,"name":"JOVEN DESAPARECE MIENTRAS SE BA\u00d1ABA EN LA PLAYITA DE VILLA FARO EN\u00a0 SPM.\u00a0"}]},{"@type":"WebSite","@id":"https:\/\/conexion23.com\/#website","url":"https:\/\/conexion23.com\/","name":"Conexi\u00f3n 23","description":"Peri\u00f3dico 100% Petromacorisano","publisher":{"@id":"https:\/\/conexion23.com\/#organization"},"potentialAction":[{"@type":"SearchAction","target":{"@type":"EntryPoint","urlTemplate":"https:\/\/conexion23.com\/?s={search_term_string}"},"query-input":{"@type":"PropertyValueSpecification","valueRequired":true,"valueName":"search_term_string"}}],"inLanguage":"es"},{"@type":"Organization","@id":"https:\/\/conexion23.com\/#organization","name":"Conexion 23","url":"https:\/\/conexion23.com\/","logo":{"@type":"ImageObject","inLanguage":"es","@id":"https:\/\/conexion23.com\/#\/schema\/logo\/image\/","url":"https:\/\/conexion23.com\/wp-content\/uploads\/2021\/11\/Diseno-sin-titulo-2.png","contentUrl":"https:\/\/conexion23.com\/wp-content\/uploads\/2021\/11\/Diseno-sin-titulo-2.png","width":541,"height":90,"caption":"Conexion 23"},"image":{"@id":"https:\/\/conexion23.com\/#\/schema\/logo\/image\/"},"sameAs":["https:\/\/www.facebook.com\/conexion23com","https:\/\/www.instagram.com\/conexion23com\/","https:\/\/www.youtube.com\/channel\/UCYc7vxxFZMYLIHNsHHxPZ3Q"]},{"@type":"Person","@id":"https:\/\/conexion23.com\/#\/schema\/person\/03e36043331117e97a373299bbcd30a6","name":"Raffy Ben\u00edtez","image":{"@type":"ImageObject","inLanguage":"es","@id":"https:\/\/conexion23.com\/#\/schema\/person\/image\/","url":"https:\/\/secure.gravatar.com\/avatar\/3190a6a6c5e1b0327500f7d6c56b6242472ee6cb974cf09b401ee6b3b0798f23?s=96&d=mm&r=g","contentUrl":"https:\/\/secure.gravatar.com\/avatar\/3190a6a6c5e1b0327500f7d6c56b6242472ee6cb974cf09b401ee6b3b0798f23?s=96&d=mm&r=g","caption":"Raffy Ben\u00edtez"},"url":"https:\/\/conexion23.com\/?author=15"}]}},"_links":{"self":[{"href":"https:\/\/conexion23.com\/index.php?rest_route=\/wp\/v2\/posts\/31626","targetHints":{"allow":["GET"]}}],"collection":[{"href":"https:\/\/conexion23.com\/index.php?rest_route=\/wp\/v2\/posts"}],"about":[{"href":"https:\/\/conexion23.com\/index.php?rest_route=\/wp\/v2\/types\/post"}],"author":[{"embeddable":true,"href":"https:\/\/conexion23.com\/index.php?rest_route=\/wp\/v2\/users\/15"}],"replies":[{"embeddable":true,"href":"https:\/\/conexion23.com\/index.php?rest_route=%2Fwp%2Fv2%2Fcomments&post=31626"}],"version-history":[{"count":1,"href":"https:\/\/conexion23.com\/index.php?rest_route=\/wp\/v2\/posts\/31626\/revisions"}],"predecessor-version":[{"id":31628,"href":"https:\/\/conexion23.com\/index.php?rest_route=\/wp\/v2\/posts\/31626\/revisions\/31628"}],"wp:featuredmedia":[{"embeddable":true,"href":"https:\/\/conexion23.com\/index.php?rest_route=\/wp\/v2\/media\/31627"}],"wp:attachment":[{"href":"https:\/\/conexion23.com\/index.php?rest_route=%2Fwp%2Fv2%2Fmedia&parent=31626"}],"wp:term":[{"taxonomy":"category","embeddable":true,"href":"https:\/\/conexion23.com\/index.php?rest_route=%2Fwp%2Fv2%2Fcategories&post=31626"},{"taxonomy":"post_tag","embeddable":true,"href":"https:\/\/conexion23.com\/index.php?rest_route=%2Fwp%2Fv2%2Ftags&post=31626"}],"curies":[{"name":"wp","href":"https:\/\/api.w.org\/{rel}","templated":true}]}}