{"id":31771,"date":"2024-08-20T08:06:57","date_gmt":"2024-08-20T12:06:57","guid":{"rendered":"https:\/\/conexion23.com\/?p=31771"},"modified":"2024-08-20T08:06:59","modified_gmt":"2024-08-20T12:06:59","slug":"abinader-oculto-desempleo-y-altos-precios-afectan-dominicanos","status":"publish","type":"post","link":"https:\/\/conexion23.com\/?p=31771","title":{"rendered":"Abinader ocult\u00f3 desempleo y altos precios afectan dominicanos."},"content":{"rendered":"\n<p>Mientras los precios de los alimentos aumenten sin control en Rep\u00fablica Dominicana, la poblaci\u00f3n contin\u00faa teniendo dificultad para conseguir empleos en empresas formales, consider\u00f3 este lunes el secretario general del Partido de la Liberaci\u00f3n Dominicana (PLD).<\/p>\n\n\n\n<p>Charles Mariotti explic\u00f3 que contrario a lo expresado por el presidente Luis Abinader el pasado 16 agosto en su discurso en el Teatro Nacional, la realidad es que el empleo informal creci\u00f3 en 248,325 y el formal en 8,746 en cuatro a\u00f1os.<a href=\"https:\/\/www.instagram.com\/norbertorodprm\/\"><\/a><\/p>\n\n\n\n<p>Entrevistado en el programa Ahora La Super 7, el vocero del PLD coment\u00f3 que el empleo en el sector privado decreci\u00f3 en 21,294. \u201cConforme a datos del Banco Central en otros servicios lo hizo en 82,151, en el sector construcci\u00f3n, en el comercio informal 77,888 y construcci\u00f3n en 68,823, entre otros.<a href=\"https:\/\/www.instagram.com\/norbertorodprm\/\"><\/a><\/p>\n\n\n\n<p><strong>NOMINA PUBLICA RONDA EL 60 %<\/strong><\/p>\n\n\n\n<p>\u00abEl Gobierno que se alardea de eficiente y transparente aument\u00f3 la n\u00f3mina p\u00fablica en un 38%, resaltando que hay una n\u00f3mina que debe rondar el 60 por ciento. Este es un gobierno ineficiente, inepto e incompetente, realmente una expresi\u00f3n de la Kakistocracia\u201d, reiter\u00f3.<\/p>\n\n\n\n<p>En cuanto al sector el\u00e9ctrico se\u00f1al\u00f3 que el PLD dej\u00f3 el pa\u00eds encendido con las p\u00e9rdidas oscilando en un 27 por ciento, mientras que ahora han vuelto los tediosos apagones y las p\u00e9rdidas se han disparado cerca de un 40%, con factura por las nubes.<\/p>\n\n\n\n<p><strong>PACTO ELECTRICO Y TEMAS OBVIADOS POR ABINADER<\/strong><a href=\"https:\/\/puntoprints.com\/\"><\/a><\/p>\n\n\n\n<p>Record\u00f3 que el Partido Revolucionario Moderno (PRM) cuando estuvo en la oposici\u00f3n no firm\u00f3 el pacto el\u00e9ctrico, retom\u00e1ndolo tan pronto llegaron al poder, \u00aben estos momentos lo que est\u00e1n es hablando de privatizaci\u00f3n de las Edes\u00bb.<\/p>\n\n\n\n<p>Enrostr\u00f3 al presidente Luis Abinader y al Gobierno que, en el discurso del pasado viernes, no se habl\u00f3 de deportes, ni cultura, juventud y con otras \u00e1reas como medio ambiente no existe una pol\u00edtica clara y definida.<\/p>\n","protected":false},"excerpt":{"rendered":"<p>Mientras los precios de los alimentos aumenten sin control en Rep\u00fablica Dominicana, la poblaci\u00f3n contin\u00faa teniendo dificultad para conseguir empleos en empresas formales, consider\u00f3 este lunes el secretario general del Partido de la Liberaci\u00f3n Dominicana (PLD). Charles Mariotti explic\u00f3 que contrario a lo expresado por el presidente Luis Abinader el pasado 16 agosto en su [&hellip;]<\/p>\n","protected":false},"author":15,"featured_media":31772,"comment_status":"open","ping_status":"open","sticky":false,"template":"","format":"standard","meta":{"footnotes":""},"categories":[1],"tags":[],"class_list":{"0":"post-31771","1":"post","2":"type-post","3":"status-publish","4":"format-standard","5":"has-post-thumbnail","7":"category-uncategorized"},"yoast_head":"<!-- This site is optimized with the Yoast SEO plugin v27.1.1 - https:\/\/yoast.com\/product\/yoast-seo-wordpress\/ -->\n<title>Abinader ocult\u00f3 desempleo y altos precios afectan dominicanos. - Conexi\u00f3n 23<\/title>\n<meta name=\"robots\" content=\"index, follow, max-snippet:-1, max-image-preview:large, max-video-preview:-1\" \/>\n<link rel=\"canonical\" href=\"http:\/\/conexion23.com\/?p=31771\" \/>\n<meta property=\"og:locale\" content=\"es_ES\" \/>\n<meta property=\"og:type\" content=\"article\" \/>\n<meta property=\"og:title\" content=\"Abinader ocult\u00f3 desempleo y altos precios afectan dominicanos. - Conexi\u00f3n 23\" \/>\n<meta property=\"og:description\" content=\"Mientras los precios de los alimentos aumenten sin control en Rep\u00fablica Dominicana, la poblaci\u00f3n contin\u00faa teniendo dificultad para conseguir empleos en empresas formales, consider\u00f3 este lunes el secretario general del Partido de la Liberaci\u00f3n Dominicana (PLD). Charles Mariotti explic\u00f3 que contrario a lo expresado por el presidente Luis Abinader el pasado 16 agosto en su [&hellip;]\" \/>\n<meta property=\"og:url\" content=\"http:\/\/conexion23.com\/?p=31771\" \/>\n<meta property=\"og:site_name\" content=\"Conexi\u00f3n 23\" \/>\n<meta property=\"article:publisher\" content=\"https:\/\/www.facebook.com\/conexion23com\" \/>\n<meta property=\"article:published_time\" content=\"2024-08-20T12:06:57+00:00\" \/>\n<meta property=\"article:modified_time\" content=\"2024-08-20T12:06:59+00:00\" \/>\n<meta property=\"og:image\" content=\"http:\/\/conexion23.com\/wp-content\/uploads\/2024\/08\/IMG_6647.png\" \/>\n\t<meta property=\"og:image:width\" content=\"445\" \/>\n\t<meta property=\"og:image:height\" content=\"312\" \/>\n\t<meta property=\"og:image:type\" content=\"image\/png\" \/>\n<meta name=\"author\" content=\"Raffy Ben\u00edtez\" \/>\n<meta name=\"twitter:card\" content=\"summary_large_image\" \/>\n<meta name=\"twitter:label1\" content=\"Escrito por\" \/>\n\t<meta name=\"twitter:data1\" content=\"Raffy Ben\u00edtez\" \/>\n\t<meta name=\"twitter:label2\" content=\"Tiempo de lectura\" \/>\n\t<meta name=\"twitter:data2\" content=\"2 minutos\" \/>\n<script type=\"application\/ld+json\" class=\"yoast-schema-graph\">{\"@context\":\"https:\/\/schema.org\",\"@graph\":[{\"@type\":\"Article\",\"@id\":\"http:\/\/conexion23.com\/?p=31771#article\",\"isPartOf\":{\"@id\":\"http:\/\/conexion23.com\/?p=31771\"},\"author\":{\"name\":\"Raffy Ben\u00edtez\",\"@id\":\"https:\/\/conexion23.com\/#\/schema\/person\/03e36043331117e97a373299bbcd30a6\"},\"headline\":\"Abinader ocult\u00f3 desempleo y altos precios afectan dominicanos.\",\"datePublished\":\"2024-08-20T12:06:57+00:00\",\"dateModified\":\"2024-08-20T12:06:59+00:00\",\"mainEntityOfPage\":{\"@id\":\"http:\/\/conexion23.com\/?p=31771\"},\"wordCount\":319,\"commentCount\":0,\"publisher\":{\"@id\":\"https:\/\/conexion23.com\/#organization\"},\"image\":{\"@id\":\"http:\/\/conexion23.com\/?p=31771#primaryimage\"},\"thumbnailUrl\":\"https:\/\/conexion23.com\/wp-content\/uploads\/2024\/08\/IMG_6647.png\",\"articleSection\":[\"Uncategorized\"],\"inLanguage\":\"es\",\"potentialAction\":[{\"@type\":\"CommentAction\",\"name\":\"Comment\",\"target\":[\"http:\/\/conexion23.com\/?p=31771#respond\"]}]},{\"@type\":\"WebPage\",\"@id\":\"http:\/\/conexion23.com\/?p=31771\",\"url\":\"http:\/\/conexion23.com\/?p=31771\",\"name\":\"Abinader ocult\u00f3 desempleo y altos precios afectan dominicanos. - Conexi\u00f3n 23\",\"isPartOf\":{\"@id\":\"https:\/\/conexion23.com\/#website\"},\"primaryImageOfPage\":{\"@id\":\"http:\/\/conexion23.com\/?p=31771#primaryimage\"},\"image\":{\"@id\":\"http:\/\/conexion23.com\/?p=31771#primaryimage\"},\"thumbnailUrl\":\"https:\/\/conexion23.com\/wp-content\/uploads\/2024\/08\/IMG_6647.png\",\"datePublished\":\"2024-08-20T12:06:57+00:00\",\"dateModified\":\"2024-08-20T12:06:59+00:00\",\"breadcrumb\":{\"@id\":\"http:\/\/conexion23.com\/?p=31771#breadcrumb\"},\"inLanguage\":\"es\",\"potentialAction\":[{\"@type\":\"ReadAction\",\"target\":[\"http:\/\/conexion23.com\/?p=31771\"]}]},{\"@type\":\"ImageObject\",\"inLanguage\":\"es\",\"@id\":\"http:\/\/conexion23.com\/?p=31771#primaryimage\",\"url\":\"https:\/\/conexion23.com\/wp-content\/uploads\/2024\/08\/IMG_6647.png\",\"contentUrl\":\"https:\/\/conexion23.com\/wp-content\/uploads\/2024\/08\/IMG_6647.png\",\"width\":445,\"height\":312},{\"@type\":\"BreadcrumbList\",\"@id\":\"http:\/\/conexion23.com\/?p=31771#breadcrumb\",\"itemListElement\":[{\"@type\":\"ListItem\",\"position\":1,\"name\":\"Portada\",\"item\":\"https:\/\/conexion23.com\/\"},{\"@type\":\"ListItem\",\"position\":2,\"name\":\"Abinader ocult\u00f3 desempleo y altos precios afectan dominicanos.\"}]},{\"@type\":\"WebSite\",\"@id\":\"https:\/\/conexion23.com\/#website\",\"url\":\"https:\/\/conexion23.com\/\",\"name\":\"Conexi\u00f3n 23\",\"description\":\"Peri\u00f3dico 100% Petromacorisano\",\"publisher\":{\"@id\":\"https:\/\/conexion23.com\/#organization\"},\"potentialAction\":[{\"@type\":\"SearchAction\",\"target\":{\"@type\":\"EntryPoint\",\"urlTemplate\":\"https:\/\/conexion23.com\/?s={search_term_string}\"},\"query-input\":{\"@type\":\"PropertyValueSpecification\",\"valueRequired\":true,\"valueName\":\"search_term_string\"}}],\"inLanguage\":\"es\"},{\"@type\":\"Organization\",\"@id\":\"https:\/\/conexion23.com\/#organization\",\"name\":\"Conexion 23\",\"url\":\"https:\/\/conexion23.com\/\",\"logo\":{\"@type\":\"ImageObject\",\"inLanguage\":\"es\",\"@id\":\"https:\/\/conexion23.com\/#\/schema\/logo\/image\/\",\"url\":\"https:\/\/conexion23.com\/wp-content\/uploads\/2021\/11\/Diseno-sin-titulo-2.png\",\"contentUrl\":\"https:\/\/conexion23.com\/wp-content\/uploads\/2021\/11\/Diseno-sin-titulo-2.png\",\"width\":541,\"height\":90,\"caption\":\"Conexion 23\"},\"image\":{\"@id\":\"https:\/\/conexion23.com\/#\/schema\/logo\/image\/\"},\"sameAs\":[\"https:\/\/www.facebook.com\/conexion23com\",\"https:\/\/www.instagram.com\/conexion23com\/\",\"https:\/\/www.youtube.com\/channel\/UCYc7vxxFZMYLIHNsHHxPZ3Q\"]},{\"@type\":\"Person\",\"@id\":\"https:\/\/conexion23.com\/#\/schema\/person\/03e36043331117e97a373299bbcd30a6\",\"name\":\"Raffy Ben\u00edtez\",\"image\":{\"@type\":\"ImageObject\",\"inLanguage\":\"es\",\"@id\":\"https:\/\/conexion23.com\/#\/schema\/person\/image\/\",\"url\":\"https:\/\/secure.gravatar.com\/avatar\/3190a6a6c5e1b0327500f7d6c56b6242472ee6cb974cf09b401ee6b3b0798f23?s=96&d=mm&r=g\",\"contentUrl\":\"https:\/\/secure.gravatar.com\/avatar\/3190a6a6c5e1b0327500f7d6c56b6242472ee6cb974cf09b401ee6b3b0798f23?s=96&d=mm&r=g\",\"caption\":\"Raffy Ben\u00edtez\"},\"url\":\"https:\/\/conexion23.com\/?author=15\"}]}<\/script>\n<!-- \/ Yoast SEO plugin. -->","yoast_head_json":{"title":"Abinader ocult\u00f3 desempleo y altos precios afectan dominicanos. - Conexi\u00f3n 23","robots":{"index":"index","follow":"follow","max-snippet":"max-snippet:-1","max-image-preview":"max-image-preview:large","max-video-preview":"max-video-preview:-1"},"canonical":"http:\/\/conexion23.com\/?p=31771","og_locale":"es_ES","og_type":"article","og_title":"Abinader ocult\u00f3 desempleo y altos precios afectan dominicanos. - Conexi\u00f3n 23","og_description":"Mientras los precios de los alimentos aumenten sin control en Rep\u00fablica Dominicana, la poblaci\u00f3n contin\u00faa teniendo dificultad para conseguir empleos en empresas formales, consider\u00f3 este lunes el secretario general del Partido de la Liberaci\u00f3n Dominicana (PLD). Charles Mariotti explic\u00f3 que contrario a lo expresado por el presidente Luis Abinader el pasado 16 agosto en su [&hellip;]","og_url":"http:\/\/conexion23.com\/?p=31771","og_site_name":"Conexi\u00f3n 23","article_publisher":"https:\/\/www.facebook.com\/conexion23com","article_published_time":"2024-08-20T12:06:57+00:00","article_modified_time":"2024-08-20T12:06:59+00:00","og_image":[{"width":445,"height":312,"url":"http:\/\/conexion23.com\/wp-content\/uploads\/2024\/08\/IMG_6647.png","type":"image\/png"}],"author":"Raffy Ben\u00edtez","twitter_card":"summary_large_image","twitter_misc":{"Escrito por":"Raffy Ben\u00edtez","Tiempo de lectura":"2 minutos"},"schema":{"@context":"https:\/\/schema.org","@graph":[{"@type":"Article","@id":"http:\/\/conexion23.com\/?p=31771#article","isPartOf":{"@id":"http:\/\/conexion23.com\/?p=31771"},"author":{"name":"Raffy Ben\u00edtez","@id":"https:\/\/conexion23.com\/#\/schema\/person\/03e36043331117e97a373299bbcd30a6"},"headline":"Abinader ocult\u00f3 desempleo y altos precios afectan dominicanos.","datePublished":"2024-08-20T12:06:57+00:00","dateModified":"2024-08-20T12:06:59+00:00","mainEntityOfPage":{"@id":"http:\/\/conexion23.com\/?p=31771"},"wordCount":319,"commentCount":0,"publisher":{"@id":"https:\/\/conexion23.com\/#organization"},"image":{"@id":"http:\/\/conexion23.com\/?p=31771#primaryimage"},"thumbnailUrl":"https:\/\/conexion23.com\/wp-content\/uploads\/2024\/08\/IMG_6647.png","articleSection":["Uncategorized"],"inLanguage":"es","potentialAction":[{"@type":"CommentAction","name":"Comment","target":["http:\/\/conexion23.com\/?p=31771#respond"]}]},{"@type":"WebPage","@id":"http:\/\/conexion23.com\/?p=31771","url":"http:\/\/conexion23.com\/?p=31771","name":"Abinader ocult\u00f3 desempleo y altos precios afectan dominicanos. - Conexi\u00f3n 23","isPartOf":{"@id":"https:\/\/conexion23.com\/#website"},"primaryImageOfPage":{"@id":"http:\/\/conexion23.com\/?p=31771#primaryimage"},"image":{"@id":"http:\/\/conexion23.com\/?p=31771#primaryimage"},"thumbnailUrl":"https:\/\/conexion23.com\/wp-content\/uploads\/2024\/08\/IMG_6647.png","datePublished":"2024-08-20T12:06:57+00:00","dateModified":"2024-08-20T12:06:59+00:00","breadcrumb":{"@id":"http:\/\/conexion23.com\/?p=31771#breadcrumb"},"inLanguage":"es","potentialAction":[{"@type":"ReadAction","target":["http:\/\/conexion23.com\/?p=31771"]}]},{"@type":"ImageObject","inLanguage":"es","@id":"http:\/\/conexion23.com\/?p=31771#primaryimage","url":"https:\/\/conexion23.com\/wp-content\/uploads\/2024\/08\/IMG_6647.png","contentUrl":"https:\/\/conexion23.com\/wp-content\/uploads\/2024\/08\/IMG_6647.png","width":445,"height":312},{"@type":"BreadcrumbList","@id":"http:\/\/conexion23.com\/?p=31771#breadcrumb","itemListElement":[{"@type":"ListItem","position":1,"name":"Portada","item":"https:\/\/conexion23.com\/"},{"@type":"ListItem","position":2,"name":"Abinader ocult\u00f3 desempleo y altos precios afectan dominicanos."}]},{"@type":"WebSite","@id":"https:\/\/conexion23.com\/#website","url":"https:\/\/conexion23.com\/","name":"Conexi\u00f3n 23","description":"Peri\u00f3dico 100% Petromacorisano","publisher":{"@id":"https:\/\/conexion23.com\/#organization"},"potentialAction":[{"@type":"SearchAction","target":{"@type":"EntryPoint","urlTemplate":"https:\/\/conexion23.com\/?s={search_term_string}"},"query-input":{"@type":"PropertyValueSpecification","valueRequired":true,"valueName":"search_term_string"}}],"inLanguage":"es"},{"@type":"Organization","@id":"https:\/\/conexion23.com\/#organization","name":"Conexion 23","url":"https:\/\/conexion23.com\/","logo":{"@type":"ImageObject","inLanguage":"es","@id":"https:\/\/conexion23.com\/#\/schema\/logo\/image\/","url":"https:\/\/conexion23.com\/wp-content\/uploads\/2021\/11\/Diseno-sin-titulo-2.png","contentUrl":"https:\/\/conexion23.com\/wp-content\/uploads\/2021\/11\/Diseno-sin-titulo-2.png","width":541,"height":90,"caption":"Conexion 23"},"image":{"@id":"https:\/\/conexion23.com\/#\/schema\/logo\/image\/"},"sameAs":["https:\/\/www.facebook.com\/conexion23com","https:\/\/www.instagram.com\/conexion23com\/","https:\/\/www.youtube.com\/channel\/UCYc7vxxFZMYLIHNsHHxPZ3Q"]},{"@type":"Person","@id":"https:\/\/conexion23.com\/#\/schema\/person\/03e36043331117e97a373299bbcd30a6","name":"Raffy Ben\u00edtez","image":{"@type":"ImageObject","inLanguage":"es","@id":"https:\/\/conexion23.com\/#\/schema\/person\/image\/","url":"https:\/\/secure.gravatar.com\/avatar\/3190a6a6c5e1b0327500f7d6c56b6242472ee6cb974cf09b401ee6b3b0798f23?s=96&d=mm&r=g","contentUrl":"https:\/\/secure.gravatar.com\/avatar\/3190a6a6c5e1b0327500f7d6c56b6242472ee6cb974cf09b401ee6b3b0798f23?s=96&d=mm&r=g","caption":"Raffy Ben\u00edtez"},"url":"https:\/\/conexion23.com\/?author=15"}]}},"_links":{"self":[{"href":"https:\/\/conexion23.com\/index.php?rest_route=\/wp\/v2\/posts\/31771","targetHints":{"allow":["GET"]}}],"collection":[{"href":"https:\/\/conexion23.com\/index.php?rest_route=\/wp\/v2\/posts"}],"about":[{"href":"https:\/\/conexion23.com\/index.php?rest_route=\/wp\/v2\/types\/post"}],"author":[{"embeddable":true,"href":"https:\/\/conexion23.com\/index.php?rest_route=\/wp\/v2\/users\/15"}],"replies":[{"embeddable":true,"href":"https:\/\/conexion23.com\/index.php?rest_route=%2Fwp%2Fv2%2Fcomments&post=31771"}],"version-history":[{"count":1,"href":"https:\/\/conexion23.com\/index.php?rest_route=\/wp\/v2\/posts\/31771\/revisions"}],"predecessor-version":[{"id":31773,"href":"https:\/\/conexion23.com\/index.php?rest_route=\/wp\/v2\/posts\/31771\/revisions\/31773"}],"wp:featuredmedia":[{"embeddable":true,"href":"https:\/\/conexion23.com\/index.php?rest_route=\/wp\/v2\/media\/31772"}],"wp:attachment":[{"href":"https:\/\/conexion23.com\/index.php?rest_route=%2Fwp%2Fv2%2Fmedia&parent=31771"}],"wp:term":[{"taxonomy":"category","embeddable":true,"href":"https:\/\/conexion23.com\/index.php?rest_route=%2Fwp%2Fv2%2Fcategories&post=31771"},{"taxonomy":"post_tag","embeddable":true,"href":"https:\/\/conexion23.com\/index.php?rest_route=%2Fwp%2Fv2%2Ftags&post=31771"}],"curies":[{"name":"wp","href":"https:\/\/api.w.org\/{rel}","templated":true}]}}