{"id":31858,"date":"2024-08-22T08:17:11","date_gmt":"2024-08-22T12:17:11","guid":{"rendered":"https:\/\/conexion23.com\/?p=31858"},"modified":"2024-08-22T08:17:12","modified_gmt":"2024-08-22T12:17:12","slug":"116-anos-tiene-la-japonesa-a-ser-la-nueva-candidata-de-ser-la-persona-mas-longeva-del-mundo","status":"publish","type":"post","link":"https:\/\/conexion23.com\/?p=31858","title":{"rendered":"116 a\u00f1os tiene la japonesa a ser la nueva candidata de ser la persona m\u00e1s longeva del mundo"},"content":{"rendered":"\n<p><strong>Tomiko Itooka, una anciana japonesa de 116 a\u00f1os procedente de la ciudad de Ashiya<\/strong>, oeste de Jap\u00f3n,&nbsp;<strong>fue declarada como nueva candidata a ser la persona viva m\u00e1s longeva del mundo<\/strong>, seg\u00fan inform\u00f3 este mi\u00e9rcoles la organizaci\u00f3n sin \u00e1nimo de lucro&nbsp;<strong>Grupo de Investigaci\u00f3n Gerontol\u00f3gica.<\/strong><\/p>\n\n\n\n<p>Este grupo de origen estadounidense hace un seguimiento de los \u2018supercentenarios\u2019 alrededor del mundo y, tras el fallecimiento este lunes de Mar\u00eda&nbsp;<strong>Branyas Morera<\/strong>, la mujer catalana que desde hac\u00eda un a\u00f1o era la persona m\u00e1s vieja del mundo seg\u00fan<strong>&nbsp;\u2018Guinness World Records\u2019,<\/strong>&nbsp;Itooka se convirti\u00f3 en la nueva candidata a obtener este reconocimiento con&nbsp;<strong>116 a\u00f1os y 3 meses de edad.<\/strong><\/p>\n\n\n\n<p>La mujer japonesa es la persona m\u00e1s anciana del pa\u00eds desde el 12 de diciembre de 2023, un t\u00edtulo que recibi\u00f3 tras el fallecimiento de&nbsp;<strong>Fusa Tatsumi<\/strong>&nbsp;a los 116 a\u00f1os y que le convirti\u00f3 tambi\u00e9n directamente en la persona m\u00e1s longeva del continente asi\u00e1tico.<\/p>\n\n\n\n<h5 class=\"wp-block-heading\"><strong>Nacida el 23 de mayo de 1908 en la ciudad de Osaka<\/strong><\/h5>\n\n\n\n<p>Nacida el 23 de mayo de 1908 en la ciudad de Osaka, oeste de Jap\u00f3n, Itooka es la mayor de tres hermanos, seg\u00fan inform\u00f3 el gobierno de la ciudad de Ashiya, en la prefectura de Hyogo. A los 20 a\u00f1os, se cas\u00f3 y tuvo dos hijas y dos hijos.<\/p>\n\n\n\n<p>Durante la Segunda Guerra Mundial, Itooka sustituy\u00f3 a su marido en la direcci\u00f3n de una f\u00e1brica textil en Corea del Sur y m\u00e1s tarde, tras la muerte de este en 1979, vivi\u00f3 sola en la prefectura de Nara, al oeste de Jap\u00f3n, donde se dedic\u00f3 al alpinismo.<\/p>\n\n\n\n<figure class=\"wp-block-image\"><img decoding=\"async\" src=\"https:\/\/n.com.do\/wp-content\/uploads\/2024\/08\/japonesa-mas-longeva-293x300.webp\" alt=\"116 a\u00f1os tiene la japonesa a  ser la nueva candidata de ser la persona m\u00e1s longeva del mundo \" class=\"wp-image-625394\"\/><\/figure>\n\n\n\n<h5 class=\"wp-block-heading\"><strong>Con 100 a\u00f1os sub\u00eda los escalones del santuario de Ashiya<\/strong><\/h5>\n\n\n\n<p>Seg\u00fan informa la organizaci\u00f3n sin \u00e1nimo de lucro, a los 100 a\u00f1os segu\u00eda siendo capaz de subir los escalones de piedra del santuario de Ashiya sin usar bast\u00f3n, pero tras ingresar en una residencia de ancianos en 2019, empez\u00f3 a necesitar una silla de ruedas para desplazarse.<\/p>\n\n\n\n<p>Adem\u00e1s de ser la persona m\u00e1s longeva del pa\u00eds y el continente asi\u00e1tico, Itooka posee el r\u00e9cord de longevidad en la prefectura de Hyogo, regi\u00f3n donde reside en la actualidad.<\/p>\n\n\n\n<h5 class=\"wp-block-heading\">T\u00edtulo de \u2018supercentenario\u2019<\/h5>\n\n\n\n<p>El t\u00edtulo de \u2018supercentenario\u2019 lo reciben aquellas personas que superan la barrera de los 110 a\u00f1os, edad que la anciana oriunda de Osaka cumpli\u00f3 de manera oficial en mayo de 2018.<\/p>\n\n\n\n<p>El r\u00e9cord de longevidad lo tiene Jeanne Calment, de Francia, quien falleci\u00f3 en 1997 a la edad de 122 a\u00f1os y 164 d\u00edas. La sigue Kane Tanaka de Jap\u00f3n, que vivi\u00f3 119 a\u00f1os y 107 d\u00edas.<\/p>\n","protected":false},"excerpt":{"rendered":"<p>Tomiko Itooka, una anciana japonesa de 116 a\u00f1os procedente de la ciudad de Ashiya, oeste de Jap\u00f3n,&nbsp;fue declarada como nueva candidata a ser la persona viva m\u00e1s longeva del mundo, seg\u00fan inform\u00f3 este mi\u00e9rcoles la organizaci\u00f3n sin \u00e1nimo de lucro&nbsp;Grupo de Investigaci\u00f3n Gerontol\u00f3gica. Este grupo de origen estadounidense hace un seguimiento de los \u2018supercentenarios\u2019 alrededor [&hellip;]<\/p>\n","protected":false},"author":15,"featured_media":31859,"comment_status":"open","ping_status":"open","sticky":false,"template":"","format":"standard","meta":{"footnotes":""},"categories":[1],"tags":[],"class_list":{"0":"post-31858","1":"post","2":"type-post","3":"status-publish","4":"format-standard","5":"has-post-thumbnail","7":"category-uncategorized"},"yoast_head":"<!-- This site is optimized with the Yoast SEO plugin v27.1.1 - https:\/\/yoast.com\/product\/yoast-seo-wordpress\/ -->\n<title>116 a\u00f1os tiene la japonesa a ser la nueva candidata de ser la persona m\u00e1s longeva del mundo - Conexi\u00f3n 23<\/title>\n<meta name=\"robots\" content=\"index, follow, max-snippet:-1, max-image-preview:large, max-video-preview:-1\" \/>\n<link rel=\"canonical\" href=\"http:\/\/conexion23.com\/?p=31858\" \/>\n<meta property=\"og:locale\" content=\"es_ES\" \/>\n<meta property=\"og:type\" content=\"article\" \/>\n<meta property=\"og:title\" content=\"116 a\u00f1os tiene la japonesa a ser la nueva candidata de ser la persona m\u00e1s longeva del mundo - Conexi\u00f3n 23\" \/>\n<meta property=\"og:description\" content=\"Tomiko Itooka, una anciana japonesa de 116 a\u00f1os procedente de la ciudad de Ashiya, oeste de Jap\u00f3n,&nbsp;fue declarada como nueva candidata a ser la persona viva m\u00e1s longeva del mundo, seg\u00fan inform\u00f3 este mi\u00e9rcoles la organizaci\u00f3n sin \u00e1nimo de lucro&nbsp;Grupo de Investigaci\u00f3n Gerontol\u00f3gica. Este grupo de origen estadounidense hace un seguimiento de los \u2018supercentenarios\u2019 alrededor [&hellip;]\" \/>\n<meta property=\"og:url\" content=\"http:\/\/conexion23.com\/?p=31858\" \/>\n<meta property=\"og:site_name\" content=\"Conexi\u00f3n 23\" \/>\n<meta property=\"article:publisher\" content=\"https:\/\/www.facebook.com\/conexion23com\" \/>\n<meta property=\"article:published_time\" content=\"2024-08-22T12:17:11+00:00\" \/>\n<meta property=\"article:modified_time\" content=\"2024-08-22T12:17:12+00:00\" \/>\n<meta property=\"og:image\" content=\"http:\/\/conexion23.com\/wp-content\/uploads\/2024\/08\/img_2123-1-780x470-1.webp\" \/>\n\t<meta property=\"og:image:width\" content=\"780\" \/>\n\t<meta property=\"og:image:height\" content=\"470\" \/>\n\t<meta property=\"og:image:type\" content=\"image\/webp\" \/>\n<meta name=\"author\" content=\"Raffy Ben\u00edtez\" \/>\n<meta name=\"twitter:card\" content=\"summary_large_image\" \/>\n<meta name=\"twitter:label1\" content=\"Escrito por\" \/>\n\t<meta name=\"twitter:data1\" content=\"Raffy Ben\u00edtez\" \/>\n\t<meta name=\"twitter:label2\" content=\"Tiempo de lectura\" \/>\n\t<meta name=\"twitter:data2\" content=\"3 minutos\" \/>\n<script type=\"application\/ld+json\" class=\"yoast-schema-graph\">{\"@context\":\"https:\/\/schema.org\",\"@graph\":[{\"@type\":\"Article\",\"@id\":\"http:\/\/conexion23.com\/?p=31858#article\",\"isPartOf\":{\"@id\":\"http:\/\/conexion23.com\/?p=31858\"},\"author\":{\"name\":\"Raffy Ben\u00edtez\",\"@id\":\"https:\/\/conexion23.com\/#\/schema\/person\/03e36043331117e97a373299bbcd30a6\"},\"headline\":\"116 a\u00f1os tiene la japonesa a ser la nueva candidata de ser la persona m\u00e1s longeva del mundo\",\"datePublished\":\"2024-08-22T12:17:11+00:00\",\"dateModified\":\"2024-08-22T12:17:12+00:00\",\"mainEntityOfPage\":{\"@id\":\"http:\/\/conexion23.com\/?p=31858\"},\"wordCount\":472,\"commentCount\":0,\"publisher\":{\"@id\":\"https:\/\/conexion23.com\/#organization\"},\"image\":{\"@id\":\"http:\/\/conexion23.com\/?p=31858#primaryimage\"},\"thumbnailUrl\":\"https:\/\/conexion23.com\/wp-content\/uploads\/2024\/08\/img_2123-1-780x470-1.webp\",\"articleSection\":[\"Uncategorized\"],\"inLanguage\":\"es\",\"potentialAction\":[{\"@type\":\"CommentAction\",\"name\":\"Comment\",\"target\":[\"http:\/\/conexion23.com\/?p=31858#respond\"]}]},{\"@type\":\"WebPage\",\"@id\":\"http:\/\/conexion23.com\/?p=31858\",\"url\":\"http:\/\/conexion23.com\/?p=31858\",\"name\":\"116 a\u00f1os tiene la japonesa a ser la nueva candidata de ser la persona m\u00e1s longeva del mundo - Conexi\u00f3n 23\",\"isPartOf\":{\"@id\":\"https:\/\/conexion23.com\/#website\"},\"primaryImageOfPage\":{\"@id\":\"http:\/\/conexion23.com\/?p=31858#primaryimage\"},\"image\":{\"@id\":\"http:\/\/conexion23.com\/?p=31858#primaryimage\"},\"thumbnailUrl\":\"https:\/\/conexion23.com\/wp-content\/uploads\/2024\/08\/img_2123-1-780x470-1.webp\",\"datePublished\":\"2024-08-22T12:17:11+00:00\",\"dateModified\":\"2024-08-22T12:17:12+00:00\",\"breadcrumb\":{\"@id\":\"http:\/\/conexion23.com\/?p=31858#breadcrumb\"},\"inLanguage\":\"es\",\"potentialAction\":[{\"@type\":\"ReadAction\",\"target\":[\"http:\/\/conexion23.com\/?p=31858\"]}]},{\"@type\":\"ImageObject\",\"inLanguage\":\"es\",\"@id\":\"http:\/\/conexion23.com\/?p=31858#primaryimage\",\"url\":\"https:\/\/conexion23.com\/wp-content\/uploads\/2024\/08\/img_2123-1-780x470-1.webp\",\"contentUrl\":\"https:\/\/conexion23.com\/wp-content\/uploads\/2024\/08\/img_2123-1-780x470-1.webp\",\"width\":780,\"height\":470},{\"@type\":\"BreadcrumbList\",\"@id\":\"http:\/\/conexion23.com\/?p=31858#breadcrumb\",\"itemListElement\":[{\"@type\":\"ListItem\",\"position\":1,\"name\":\"Portada\",\"item\":\"https:\/\/conexion23.com\/\"},{\"@type\":\"ListItem\",\"position\":2,\"name\":\"116 a\u00f1os tiene la japonesa a ser la nueva candidata de ser la persona m\u00e1s longeva del mundo\"}]},{\"@type\":\"WebSite\",\"@id\":\"https:\/\/conexion23.com\/#website\",\"url\":\"https:\/\/conexion23.com\/\",\"name\":\"Conexi\u00f3n 23\",\"description\":\"Peri\u00f3dico 100% Petromacorisano\",\"publisher\":{\"@id\":\"https:\/\/conexion23.com\/#organization\"},\"potentialAction\":[{\"@type\":\"SearchAction\",\"target\":{\"@type\":\"EntryPoint\",\"urlTemplate\":\"https:\/\/conexion23.com\/?s={search_term_string}\"},\"query-input\":{\"@type\":\"PropertyValueSpecification\",\"valueRequired\":true,\"valueName\":\"search_term_string\"}}],\"inLanguage\":\"es\"},{\"@type\":\"Organization\",\"@id\":\"https:\/\/conexion23.com\/#organization\",\"name\":\"Conexion 23\",\"url\":\"https:\/\/conexion23.com\/\",\"logo\":{\"@type\":\"ImageObject\",\"inLanguage\":\"es\",\"@id\":\"https:\/\/conexion23.com\/#\/schema\/logo\/image\/\",\"url\":\"https:\/\/conexion23.com\/wp-content\/uploads\/2021\/11\/Diseno-sin-titulo-2.png\",\"contentUrl\":\"https:\/\/conexion23.com\/wp-content\/uploads\/2021\/11\/Diseno-sin-titulo-2.png\",\"width\":541,\"height\":90,\"caption\":\"Conexion 23\"},\"image\":{\"@id\":\"https:\/\/conexion23.com\/#\/schema\/logo\/image\/\"},\"sameAs\":[\"https:\/\/www.facebook.com\/conexion23com\",\"https:\/\/www.instagram.com\/conexion23com\/\",\"https:\/\/www.youtube.com\/channel\/UCYc7vxxFZMYLIHNsHHxPZ3Q\"]},{\"@type\":\"Person\",\"@id\":\"https:\/\/conexion23.com\/#\/schema\/person\/03e36043331117e97a373299bbcd30a6\",\"name\":\"Raffy Ben\u00edtez\",\"image\":{\"@type\":\"ImageObject\",\"inLanguage\":\"es\",\"@id\":\"https:\/\/conexion23.com\/#\/schema\/person\/image\/\",\"url\":\"https:\/\/secure.gravatar.com\/avatar\/3190a6a6c5e1b0327500f7d6c56b6242472ee6cb974cf09b401ee6b3b0798f23?s=96&d=mm&r=g\",\"contentUrl\":\"https:\/\/secure.gravatar.com\/avatar\/3190a6a6c5e1b0327500f7d6c56b6242472ee6cb974cf09b401ee6b3b0798f23?s=96&d=mm&r=g\",\"caption\":\"Raffy Ben\u00edtez\"},\"url\":\"https:\/\/conexion23.com\/?author=15\"}]}<\/script>\n<!-- \/ Yoast SEO plugin. -->","yoast_head_json":{"title":"116 a\u00f1os tiene la japonesa a ser la nueva candidata de ser la persona m\u00e1s longeva del mundo - Conexi\u00f3n 23","robots":{"index":"index","follow":"follow","max-snippet":"max-snippet:-1","max-image-preview":"max-image-preview:large","max-video-preview":"max-video-preview:-1"},"canonical":"http:\/\/conexion23.com\/?p=31858","og_locale":"es_ES","og_type":"article","og_title":"116 a\u00f1os tiene la japonesa a ser la nueva candidata de ser la persona m\u00e1s longeva del mundo - Conexi\u00f3n 23","og_description":"Tomiko Itooka, una anciana japonesa de 116 a\u00f1os procedente de la ciudad de Ashiya, oeste de Jap\u00f3n,&nbsp;fue declarada como nueva candidata a ser la persona viva m\u00e1s longeva del mundo, seg\u00fan inform\u00f3 este mi\u00e9rcoles la organizaci\u00f3n sin \u00e1nimo de lucro&nbsp;Grupo de Investigaci\u00f3n Gerontol\u00f3gica. Este grupo de origen estadounidense hace un seguimiento de los \u2018supercentenarios\u2019 alrededor [&hellip;]","og_url":"http:\/\/conexion23.com\/?p=31858","og_site_name":"Conexi\u00f3n 23","article_publisher":"https:\/\/www.facebook.com\/conexion23com","article_published_time":"2024-08-22T12:17:11+00:00","article_modified_time":"2024-08-22T12:17:12+00:00","og_image":[{"width":780,"height":470,"url":"http:\/\/conexion23.com\/wp-content\/uploads\/2024\/08\/img_2123-1-780x470-1.webp","type":"image\/webp"}],"author":"Raffy Ben\u00edtez","twitter_card":"summary_large_image","twitter_misc":{"Escrito por":"Raffy Ben\u00edtez","Tiempo de lectura":"3 minutos"},"schema":{"@context":"https:\/\/schema.org","@graph":[{"@type":"Article","@id":"http:\/\/conexion23.com\/?p=31858#article","isPartOf":{"@id":"http:\/\/conexion23.com\/?p=31858"},"author":{"name":"Raffy Ben\u00edtez","@id":"https:\/\/conexion23.com\/#\/schema\/person\/03e36043331117e97a373299bbcd30a6"},"headline":"116 a\u00f1os tiene la japonesa a ser la nueva candidata de ser la persona m\u00e1s longeva del mundo","datePublished":"2024-08-22T12:17:11+00:00","dateModified":"2024-08-22T12:17:12+00:00","mainEntityOfPage":{"@id":"http:\/\/conexion23.com\/?p=31858"},"wordCount":472,"commentCount":0,"publisher":{"@id":"https:\/\/conexion23.com\/#organization"},"image":{"@id":"http:\/\/conexion23.com\/?p=31858#primaryimage"},"thumbnailUrl":"https:\/\/conexion23.com\/wp-content\/uploads\/2024\/08\/img_2123-1-780x470-1.webp","articleSection":["Uncategorized"],"inLanguage":"es","potentialAction":[{"@type":"CommentAction","name":"Comment","target":["http:\/\/conexion23.com\/?p=31858#respond"]}]},{"@type":"WebPage","@id":"http:\/\/conexion23.com\/?p=31858","url":"http:\/\/conexion23.com\/?p=31858","name":"116 a\u00f1os tiene la japonesa a ser la nueva candidata de ser la persona m\u00e1s longeva del mundo - Conexi\u00f3n 23","isPartOf":{"@id":"https:\/\/conexion23.com\/#website"},"primaryImageOfPage":{"@id":"http:\/\/conexion23.com\/?p=31858#primaryimage"},"image":{"@id":"http:\/\/conexion23.com\/?p=31858#primaryimage"},"thumbnailUrl":"https:\/\/conexion23.com\/wp-content\/uploads\/2024\/08\/img_2123-1-780x470-1.webp","datePublished":"2024-08-22T12:17:11+00:00","dateModified":"2024-08-22T12:17:12+00:00","breadcrumb":{"@id":"http:\/\/conexion23.com\/?p=31858#breadcrumb"},"inLanguage":"es","potentialAction":[{"@type":"ReadAction","target":["http:\/\/conexion23.com\/?p=31858"]}]},{"@type":"ImageObject","inLanguage":"es","@id":"http:\/\/conexion23.com\/?p=31858#primaryimage","url":"https:\/\/conexion23.com\/wp-content\/uploads\/2024\/08\/img_2123-1-780x470-1.webp","contentUrl":"https:\/\/conexion23.com\/wp-content\/uploads\/2024\/08\/img_2123-1-780x470-1.webp","width":780,"height":470},{"@type":"BreadcrumbList","@id":"http:\/\/conexion23.com\/?p=31858#breadcrumb","itemListElement":[{"@type":"ListItem","position":1,"name":"Portada","item":"https:\/\/conexion23.com\/"},{"@type":"ListItem","position":2,"name":"116 a\u00f1os tiene la japonesa a ser la nueva candidata de ser la persona m\u00e1s longeva del mundo"}]},{"@type":"WebSite","@id":"https:\/\/conexion23.com\/#website","url":"https:\/\/conexion23.com\/","name":"Conexi\u00f3n 23","description":"Peri\u00f3dico 100% Petromacorisano","publisher":{"@id":"https:\/\/conexion23.com\/#organization"},"potentialAction":[{"@type":"SearchAction","target":{"@type":"EntryPoint","urlTemplate":"https:\/\/conexion23.com\/?s={search_term_string}"},"query-input":{"@type":"PropertyValueSpecification","valueRequired":true,"valueName":"search_term_string"}}],"inLanguage":"es"},{"@type":"Organization","@id":"https:\/\/conexion23.com\/#organization","name":"Conexion 23","url":"https:\/\/conexion23.com\/","logo":{"@type":"ImageObject","inLanguage":"es","@id":"https:\/\/conexion23.com\/#\/schema\/logo\/image\/","url":"https:\/\/conexion23.com\/wp-content\/uploads\/2021\/11\/Diseno-sin-titulo-2.png","contentUrl":"https:\/\/conexion23.com\/wp-content\/uploads\/2021\/11\/Diseno-sin-titulo-2.png","width":541,"height":90,"caption":"Conexion 23"},"image":{"@id":"https:\/\/conexion23.com\/#\/schema\/logo\/image\/"},"sameAs":["https:\/\/www.facebook.com\/conexion23com","https:\/\/www.instagram.com\/conexion23com\/","https:\/\/www.youtube.com\/channel\/UCYc7vxxFZMYLIHNsHHxPZ3Q"]},{"@type":"Person","@id":"https:\/\/conexion23.com\/#\/schema\/person\/03e36043331117e97a373299bbcd30a6","name":"Raffy Ben\u00edtez","image":{"@type":"ImageObject","inLanguage":"es","@id":"https:\/\/conexion23.com\/#\/schema\/person\/image\/","url":"https:\/\/secure.gravatar.com\/avatar\/3190a6a6c5e1b0327500f7d6c56b6242472ee6cb974cf09b401ee6b3b0798f23?s=96&d=mm&r=g","contentUrl":"https:\/\/secure.gravatar.com\/avatar\/3190a6a6c5e1b0327500f7d6c56b6242472ee6cb974cf09b401ee6b3b0798f23?s=96&d=mm&r=g","caption":"Raffy Ben\u00edtez"},"url":"https:\/\/conexion23.com\/?author=15"}]}},"_links":{"self":[{"href":"https:\/\/conexion23.com\/index.php?rest_route=\/wp\/v2\/posts\/31858","targetHints":{"allow":["GET"]}}],"collection":[{"href":"https:\/\/conexion23.com\/index.php?rest_route=\/wp\/v2\/posts"}],"about":[{"href":"https:\/\/conexion23.com\/index.php?rest_route=\/wp\/v2\/types\/post"}],"author":[{"embeddable":true,"href":"https:\/\/conexion23.com\/index.php?rest_route=\/wp\/v2\/users\/15"}],"replies":[{"embeddable":true,"href":"https:\/\/conexion23.com\/index.php?rest_route=%2Fwp%2Fv2%2Fcomments&post=31858"}],"version-history":[{"count":1,"href":"https:\/\/conexion23.com\/index.php?rest_route=\/wp\/v2\/posts\/31858\/revisions"}],"predecessor-version":[{"id":31860,"href":"https:\/\/conexion23.com\/index.php?rest_route=\/wp\/v2\/posts\/31858\/revisions\/31860"}],"wp:featuredmedia":[{"embeddable":true,"href":"https:\/\/conexion23.com\/index.php?rest_route=\/wp\/v2\/media\/31859"}],"wp:attachment":[{"href":"https:\/\/conexion23.com\/index.php?rest_route=%2Fwp%2Fv2%2Fmedia&parent=31858"}],"wp:term":[{"taxonomy":"category","embeddable":true,"href":"https:\/\/conexion23.com\/index.php?rest_route=%2Fwp%2Fv2%2Fcategories&post=31858"},{"taxonomy":"post_tag","embeddable":true,"href":"https:\/\/conexion23.com\/index.php?rest_route=%2Fwp%2Fv2%2Ftags&post=31858"}],"curies":[{"name":"wp","href":"https:\/\/api.w.org\/{rel}","templated":true}]}}