{"id":31949,"date":"2024-08-26T07:22:37","date_gmt":"2024-08-26T11:22:37","guid":{"rendered":"https:\/\/conexion23.com\/?p=31949"},"modified":"2024-08-26T07:22:39","modified_gmt":"2024-08-26T11:22:39","slug":"joven-muere-tras-haber-sufrido-accidente-de-transito","status":"publish","type":"post","link":"https:\/\/conexion23.com\/?p=31949","title":{"rendered":"Joven muere tras haber sufrido accidente de transito."},"content":{"rendered":"\n<p>&nbsp;Esperanza est\u00e1 de luto tras la dolorosa p\u00e9rdida de Andreina Molina, una joven muy querida en el barrio Mar\u00eda Auxiliadora.&nbsp;<\/p>\n\n\n\n<p>Andreina falleci\u00f3 el pasado domingo en el hospital, despu\u00e9s de luchar valientemente por su vida tras un grave accidente ocurrido en la comunidad de Maizal.<\/p>\n\n\n\n<p>A pesar de los intensos esfuerzos del personal m\u00e9dico, las heridas sufridas por Andreina resultaron fatales.<\/p>\n\n\n\n<p>Su muerte ha causado una profunda tristeza entre sus familiares, amigos y vecinos, quienes la recuerdan como una persona de gran calidez humana y un esp\u00edritu vibrante que iluminaba la vida de quienes la conoc\u00edan.<\/p>\n\n\n\n<p>La noticia de su fallecimiento ha conmocionado a la comunidad, que se ha unido en duelo para honrar la memoria de Andreina.&nbsp;<\/p>\n\n\n\n<p>Su partida deja un vac\u00edo inmenso, y todos la recordar\u00e1n por su alegr\u00eda contagiosa y su capacidad para alegrar a quienes estaban a su alrededor.<\/p>\n\n\n\n<p>En estos momentos de profunda tristeza, se extienden las m\u00e1s sinceras condolencias a sus seres queridos.&nbsp;<\/p>\n\n\n\n<p>Que encuentren consuelo en los recuerdos compartidos y en el apoyo mutuo mientras enfrentan este doloroso trance.<\/p>\n\n\n\n<p>Que la memoria de Andreina viva en los corazones de todos aquellos que tuvieron el privilegio de conocerla. Paz a su alma.<\/p>\n","protected":false},"excerpt":{"rendered":"<p>&nbsp;Esperanza est\u00e1 de luto tras la dolorosa p\u00e9rdida de Andreina Molina, una joven muy querida en el barrio Mar\u00eda Auxiliadora.&nbsp; Andreina falleci\u00f3 el pasado domingo en el hospital, despu\u00e9s de luchar valientemente por su vida tras un grave accidente ocurrido en la comunidad de Maizal. A pesar de los intensos esfuerzos del personal m\u00e9dico, las [&hellip;]<\/p>\n","protected":false},"author":15,"featured_media":31950,"comment_status":"open","ping_status":"open","sticky":false,"template":"","format":"standard","meta":{"footnotes":""},"categories":[1],"tags":[],"class_list":{"0":"post-31949","1":"post","2":"type-post","3":"status-publish","4":"format-standard","5":"has-post-thumbnail","7":"category-uncategorized"},"yoast_head":"<!-- This site is optimized with the Yoast SEO plugin v27.1.1 - https:\/\/yoast.com\/product\/yoast-seo-wordpress\/ -->\n<title>Joven muere tras haber sufrido accidente de transito. - Conexi\u00f3n 23<\/title>\n<meta name=\"robots\" content=\"index, follow, max-snippet:-1, max-image-preview:large, max-video-preview:-1\" \/>\n<link rel=\"canonical\" href=\"http:\/\/conexion23.com\/?p=31949\" \/>\n<meta property=\"og:locale\" content=\"es_ES\" \/>\n<meta property=\"og:type\" content=\"article\" \/>\n<meta property=\"og:title\" content=\"Joven muere tras haber sufrido accidente de transito. - Conexi\u00f3n 23\" \/>\n<meta property=\"og:description\" content=\"&nbsp;Esperanza est\u00e1 de luto tras la dolorosa p\u00e9rdida de Andreina Molina, una joven muy querida en el barrio Mar\u00eda Auxiliadora.&nbsp; Andreina falleci\u00f3 el pasado domingo en el hospital, despu\u00e9s de luchar valientemente por su vida tras un grave accidente ocurrido en la comunidad de Maizal. A pesar de los intensos esfuerzos del personal m\u00e9dico, las [&hellip;]\" \/>\n<meta property=\"og:url\" content=\"http:\/\/conexion23.com\/?p=31949\" \/>\n<meta property=\"og:site_name\" content=\"Conexi\u00f3n 23\" \/>\n<meta property=\"article:publisher\" content=\"https:\/\/www.facebook.com\/conexion23com\" \/>\n<meta property=\"article:published_time\" content=\"2024-08-26T11:22:37+00:00\" \/>\n<meta property=\"article:modified_time\" content=\"2024-08-26T11:22:39+00:00\" \/>\n<meta property=\"og:image\" content=\"http:\/\/conexion23.com\/wp-content\/uploads\/2024\/08\/457137014_937406415070707_6676913680670424546_n_restored.webp\" \/>\n\t<meta property=\"og:image:width\" content=\"992\" \/>\n\t<meta property=\"og:image:height\" content=\"996\" \/>\n\t<meta property=\"og:image:type\" content=\"image\/webp\" \/>\n<meta name=\"author\" content=\"Raffy Ben\u00edtez\" \/>\n<meta name=\"twitter:card\" content=\"summary_large_image\" \/>\n<meta name=\"twitter:label1\" content=\"Escrito por\" \/>\n\t<meta name=\"twitter:data1\" content=\"Raffy Ben\u00edtez\" \/>\n\t<meta name=\"twitter:label2\" content=\"Tiempo de lectura\" \/>\n\t<meta name=\"twitter:data2\" content=\"2 minutos\" \/>\n<script type=\"application\/ld+json\" class=\"yoast-schema-graph\">{\"@context\":\"https:\/\/schema.org\",\"@graph\":[{\"@type\":\"Article\",\"@id\":\"http:\/\/conexion23.com\/?p=31949#article\",\"isPartOf\":{\"@id\":\"http:\/\/conexion23.com\/?p=31949\"},\"author\":{\"name\":\"Raffy Ben\u00edtez\",\"@id\":\"https:\/\/conexion23.com\/#\/schema\/person\/03e36043331117e97a373299bbcd30a6\"},\"headline\":\"Joven muere tras haber sufrido accidente de transito.\",\"datePublished\":\"2024-08-26T11:22:37+00:00\",\"dateModified\":\"2024-08-26T11:22:39+00:00\",\"mainEntityOfPage\":{\"@id\":\"http:\/\/conexion23.com\/?p=31949\"},\"wordCount\":220,\"commentCount\":0,\"publisher\":{\"@id\":\"https:\/\/conexion23.com\/#organization\"},\"image\":{\"@id\":\"http:\/\/conexion23.com\/?p=31949#primaryimage\"},\"thumbnailUrl\":\"https:\/\/conexion23.com\/wp-content\/uploads\/2024\/08\/457137014_937406415070707_6676913680670424546_n_restored.webp\",\"articleSection\":[\"Uncategorized\"],\"inLanguage\":\"es\",\"potentialAction\":[{\"@type\":\"CommentAction\",\"name\":\"Comment\",\"target\":[\"http:\/\/conexion23.com\/?p=31949#respond\"]}]},{\"@type\":\"WebPage\",\"@id\":\"http:\/\/conexion23.com\/?p=31949\",\"url\":\"http:\/\/conexion23.com\/?p=31949\",\"name\":\"Joven muere tras haber sufrido accidente de transito. - Conexi\u00f3n 23\",\"isPartOf\":{\"@id\":\"https:\/\/conexion23.com\/#website\"},\"primaryImageOfPage\":{\"@id\":\"http:\/\/conexion23.com\/?p=31949#primaryimage\"},\"image\":{\"@id\":\"http:\/\/conexion23.com\/?p=31949#primaryimage\"},\"thumbnailUrl\":\"https:\/\/conexion23.com\/wp-content\/uploads\/2024\/08\/457137014_937406415070707_6676913680670424546_n_restored.webp\",\"datePublished\":\"2024-08-26T11:22:37+00:00\",\"dateModified\":\"2024-08-26T11:22:39+00:00\",\"breadcrumb\":{\"@id\":\"http:\/\/conexion23.com\/?p=31949#breadcrumb\"},\"inLanguage\":\"es\",\"potentialAction\":[{\"@type\":\"ReadAction\",\"target\":[\"http:\/\/conexion23.com\/?p=31949\"]}]},{\"@type\":\"ImageObject\",\"inLanguage\":\"es\",\"@id\":\"http:\/\/conexion23.com\/?p=31949#primaryimage\",\"url\":\"https:\/\/conexion23.com\/wp-content\/uploads\/2024\/08\/457137014_937406415070707_6676913680670424546_n_restored.webp\",\"contentUrl\":\"https:\/\/conexion23.com\/wp-content\/uploads\/2024\/08\/457137014_937406415070707_6676913680670424546_n_restored.webp\",\"width\":992,\"height\":996},{\"@type\":\"BreadcrumbList\",\"@id\":\"http:\/\/conexion23.com\/?p=31949#breadcrumb\",\"itemListElement\":[{\"@type\":\"ListItem\",\"position\":1,\"name\":\"Portada\",\"item\":\"https:\/\/conexion23.com\/\"},{\"@type\":\"ListItem\",\"position\":2,\"name\":\"Joven muere tras haber sufrido accidente de transito.\"}]},{\"@type\":\"WebSite\",\"@id\":\"https:\/\/conexion23.com\/#website\",\"url\":\"https:\/\/conexion23.com\/\",\"name\":\"Conexi\u00f3n 23\",\"description\":\"Peri\u00f3dico 100% Petromacorisano\",\"publisher\":{\"@id\":\"https:\/\/conexion23.com\/#organization\"},\"potentialAction\":[{\"@type\":\"SearchAction\",\"target\":{\"@type\":\"EntryPoint\",\"urlTemplate\":\"https:\/\/conexion23.com\/?s={search_term_string}\"},\"query-input\":{\"@type\":\"PropertyValueSpecification\",\"valueRequired\":true,\"valueName\":\"search_term_string\"}}],\"inLanguage\":\"es\"},{\"@type\":\"Organization\",\"@id\":\"https:\/\/conexion23.com\/#organization\",\"name\":\"Conexion 23\",\"url\":\"https:\/\/conexion23.com\/\",\"logo\":{\"@type\":\"ImageObject\",\"inLanguage\":\"es\",\"@id\":\"https:\/\/conexion23.com\/#\/schema\/logo\/image\/\",\"url\":\"https:\/\/conexion23.com\/wp-content\/uploads\/2021\/11\/Diseno-sin-titulo-2.png\",\"contentUrl\":\"https:\/\/conexion23.com\/wp-content\/uploads\/2021\/11\/Diseno-sin-titulo-2.png\",\"width\":541,\"height\":90,\"caption\":\"Conexion 23\"},\"image\":{\"@id\":\"https:\/\/conexion23.com\/#\/schema\/logo\/image\/\"},\"sameAs\":[\"https:\/\/www.facebook.com\/conexion23com\",\"https:\/\/www.instagram.com\/conexion23com\/\",\"https:\/\/www.youtube.com\/channel\/UCYc7vxxFZMYLIHNsHHxPZ3Q\"]},{\"@type\":\"Person\",\"@id\":\"https:\/\/conexion23.com\/#\/schema\/person\/03e36043331117e97a373299bbcd30a6\",\"name\":\"Raffy Ben\u00edtez\",\"image\":{\"@type\":\"ImageObject\",\"inLanguage\":\"es\",\"@id\":\"https:\/\/conexion23.com\/#\/schema\/person\/image\/\",\"url\":\"https:\/\/secure.gravatar.com\/avatar\/3190a6a6c5e1b0327500f7d6c56b6242472ee6cb974cf09b401ee6b3b0798f23?s=96&d=mm&r=g\",\"contentUrl\":\"https:\/\/secure.gravatar.com\/avatar\/3190a6a6c5e1b0327500f7d6c56b6242472ee6cb974cf09b401ee6b3b0798f23?s=96&d=mm&r=g\",\"caption\":\"Raffy Ben\u00edtez\"},\"url\":\"https:\/\/conexion23.com\/?author=15\"}]}<\/script>\n<!-- \/ Yoast SEO plugin. -->","yoast_head_json":{"title":"Joven muere tras haber sufrido accidente de transito. - Conexi\u00f3n 23","robots":{"index":"index","follow":"follow","max-snippet":"max-snippet:-1","max-image-preview":"max-image-preview:large","max-video-preview":"max-video-preview:-1"},"canonical":"http:\/\/conexion23.com\/?p=31949","og_locale":"es_ES","og_type":"article","og_title":"Joven muere tras haber sufrido accidente de transito. - Conexi\u00f3n 23","og_description":"&nbsp;Esperanza est\u00e1 de luto tras la dolorosa p\u00e9rdida de Andreina Molina, una joven muy querida en el barrio Mar\u00eda Auxiliadora.&nbsp; Andreina falleci\u00f3 el pasado domingo en el hospital, despu\u00e9s de luchar valientemente por su vida tras un grave accidente ocurrido en la comunidad de Maizal. A pesar de los intensos esfuerzos del personal m\u00e9dico, las [&hellip;]","og_url":"http:\/\/conexion23.com\/?p=31949","og_site_name":"Conexi\u00f3n 23","article_publisher":"https:\/\/www.facebook.com\/conexion23com","article_published_time":"2024-08-26T11:22:37+00:00","article_modified_time":"2024-08-26T11:22:39+00:00","og_image":[{"width":992,"height":996,"url":"http:\/\/conexion23.com\/wp-content\/uploads\/2024\/08\/457137014_937406415070707_6676913680670424546_n_restored.webp","type":"image\/webp"}],"author":"Raffy Ben\u00edtez","twitter_card":"summary_large_image","twitter_misc":{"Escrito por":"Raffy Ben\u00edtez","Tiempo de lectura":"2 minutos"},"schema":{"@context":"https:\/\/schema.org","@graph":[{"@type":"Article","@id":"http:\/\/conexion23.com\/?p=31949#article","isPartOf":{"@id":"http:\/\/conexion23.com\/?p=31949"},"author":{"name":"Raffy Ben\u00edtez","@id":"https:\/\/conexion23.com\/#\/schema\/person\/03e36043331117e97a373299bbcd30a6"},"headline":"Joven muere tras haber sufrido accidente de transito.","datePublished":"2024-08-26T11:22:37+00:00","dateModified":"2024-08-26T11:22:39+00:00","mainEntityOfPage":{"@id":"http:\/\/conexion23.com\/?p=31949"},"wordCount":220,"commentCount":0,"publisher":{"@id":"https:\/\/conexion23.com\/#organization"},"image":{"@id":"http:\/\/conexion23.com\/?p=31949#primaryimage"},"thumbnailUrl":"https:\/\/conexion23.com\/wp-content\/uploads\/2024\/08\/457137014_937406415070707_6676913680670424546_n_restored.webp","articleSection":["Uncategorized"],"inLanguage":"es","potentialAction":[{"@type":"CommentAction","name":"Comment","target":["http:\/\/conexion23.com\/?p=31949#respond"]}]},{"@type":"WebPage","@id":"http:\/\/conexion23.com\/?p=31949","url":"http:\/\/conexion23.com\/?p=31949","name":"Joven muere tras haber sufrido accidente de transito. - Conexi\u00f3n 23","isPartOf":{"@id":"https:\/\/conexion23.com\/#website"},"primaryImageOfPage":{"@id":"http:\/\/conexion23.com\/?p=31949#primaryimage"},"image":{"@id":"http:\/\/conexion23.com\/?p=31949#primaryimage"},"thumbnailUrl":"https:\/\/conexion23.com\/wp-content\/uploads\/2024\/08\/457137014_937406415070707_6676913680670424546_n_restored.webp","datePublished":"2024-08-26T11:22:37+00:00","dateModified":"2024-08-26T11:22:39+00:00","breadcrumb":{"@id":"http:\/\/conexion23.com\/?p=31949#breadcrumb"},"inLanguage":"es","potentialAction":[{"@type":"ReadAction","target":["http:\/\/conexion23.com\/?p=31949"]}]},{"@type":"ImageObject","inLanguage":"es","@id":"http:\/\/conexion23.com\/?p=31949#primaryimage","url":"https:\/\/conexion23.com\/wp-content\/uploads\/2024\/08\/457137014_937406415070707_6676913680670424546_n_restored.webp","contentUrl":"https:\/\/conexion23.com\/wp-content\/uploads\/2024\/08\/457137014_937406415070707_6676913680670424546_n_restored.webp","width":992,"height":996},{"@type":"BreadcrumbList","@id":"http:\/\/conexion23.com\/?p=31949#breadcrumb","itemListElement":[{"@type":"ListItem","position":1,"name":"Portada","item":"https:\/\/conexion23.com\/"},{"@type":"ListItem","position":2,"name":"Joven muere tras haber sufrido accidente de transito."}]},{"@type":"WebSite","@id":"https:\/\/conexion23.com\/#website","url":"https:\/\/conexion23.com\/","name":"Conexi\u00f3n 23","description":"Peri\u00f3dico 100% Petromacorisano","publisher":{"@id":"https:\/\/conexion23.com\/#organization"},"potentialAction":[{"@type":"SearchAction","target":{"@type":"EntryPoint","urlTemplate":"https:\/\/conexion23.com\/?s={search_term_string}"},"query-input":{"@type":"PropertyValueSpecification","valueRequired":true,"valueName":"search_term_string"}}],"inLanguage":"es"},{"@type":"Organization","@id":"https:\/\/conexion23.com\/#organization","name":"Conexion 23","url":"https:\/\/conexion23.com\/","logo":{"@type":"ImageObject","inLanguage":"es","@id":"https:\/\/conexion23.com\/#\/schema\/logo\/image\/","url":"https:\/\/conexion23.com\/wp-content\/uploads\/2021\/11\/Diseno-sin-titulo-2.png","contentUrl":"https:\/\/conexion23.com\/wp-content\/uploads\/2021\/11\/Diseno-sin-titulo-2.png","width":541,"height":90,"caption":"Conexion 23"},"image":{"@id":"https:\/\/conexion23.com\/#\/schema\/logo\/image\/"},"sameAs":["https:\/\/www.facebook.com\/conexion23com","https:\/\/www.instagram.com\/conexion23com\/","https:\/\/www.youtube.com\/channel\/UCYc7vxxFZMYLIHNsHHxPZ3Q"]},{"@type":"Person","@id":"https:\/\/conexion23.com\/#\/schema\/person\/03e36043331117e97a373299bbcd30a6","name":"Raffy Ben\u00edtez","image":{"@type":"ImageObject","inLanguage":"es","@id":"https:\/\/conexion23.com\/#\/schema\/person\/image\/","url":"https:\/\/secure.gravatar.com\/avatar\/3190a6a6c5e1b0327500f7d6c56b6242472ee6cb974cf09b401ee6b3b0798f23?s=96&d=mm&r=g","contentUrl":"https:\/\/secure.gravatar.com\/avatar\/3190a6a6c5e1b0327500f7d6c56b6242472ee6cb974cf09b401ee6b3b0798f23?s=96&d=mm&r=g","caption":"Raffy Ben\u00edtez"},"url":"https:\/\/conexion23.com\/?author=15"}]}},"_links":{"self":[{"href":"https:\/\/conexion23.com\/index.php?rest_route=\/wp\/v2\/posts\/31949","targetHints":{"allow":["GET"]}}],"collection":[{"href":"https:\/\/conexion23.com\/index.php?rest_route=\/wp\/v2\/posts"}],"about":[{"href":"https:\/\/conexion23.com\/index.php?rest_route=\/wp\/v2\/types\/post"}],"author":[{"embeddable":true,"href":"https:\/\/conexion23.com\/index.php?rest_route=\/wp\/v2\/users\/15"}],"replies":[{"embeddable":true,"href":"https:\/\/conexion23.com\/index.php?rest_route=%2Fwp%2Fv2%2Fcomments&post=31949"}],"version-history":[{"count":1,"href":"https:\/\/conexion23.com\/index.php?rest_route=\/wp\/v2\/posts\/31949\/revisions"}],"predecessor-version":[{"id":31951,"href":"https:\/\/conexion23.com\/index.php?rest_route=\/wp\/v2\/posts\/31949\/revisions\/31951"}],"wp:featuredmedia":[{"embeddable":true,"href":"https:\/\/conexion23.com\/index.php?rest_route=\/wp\/v2\/media\/31950"}],"wp:attachment":[{"href":"https:\/\/conexion23.com\/index.php?rest_route=%2Fwp%2Fv2%2Fmedia&parent=31949"}],"wp:term":[{"taxonomy":"category","embeddable":true,"href":"https:\/\/conexion23.com\/index.php?rest_route=%2Fwp%2Fv2%2Fcategories&post=31949"},{"taxonomy":"post_tag","embeddable":true,"href":"https:\/\/conexion23.com\/index.php?rest_route=%2Fwp%2Fv2%2Ftags&post=31949"}],"curies":[{"name":"wp","href":"https:\/\/api.w.org\/{rel}","templated":true}]}}