{"id":31959,"date":"2024-08-26T07:37:44","date_gmt":"2024-08-26T11:37:44","guid":{"rendered":"https:\/\/conexion23.com\/?p=31959"},"modified":"2024-08-26T07:37:45","modified_gmt":"2024-08-26T11:37:45","slug":"carreras-clandestinas-siguen-llevando-luto-a-familias-monteplatenses","status":"publish","type":"post","link":"https:\/\/conexion23.com\/?p=31959","title":{"rendered":"Carreras clandestinas siguen llevando luto a familias monteplatenses."},"content":{"rendered":"\n<p>Un joven falleci\u00f3 este s\u00e1bado en horas de la noche, en el municipio de Monte Plata, al ser atropellado por un veh\u00edculo en el kilometro 42 en la Autov\u00eda Juan Pablo II, mejor conocida como \u00abautopista Santo Domingo- Saman\u00e1\u00bb, cuando participaba en una carrera clandestina.<\/p>\n\n\n\n<p>Seg\u00fan versiones de curiosos en el lugar, el joven identificado con el nombre de Osvaldo Guzm\u00e1n, se habr\u00eda deslizado en su motocicleta cuando realizaba una carrera clandestina, y luego fue impactado por un veh\u00edculo que circulaba por la zona.<\/p>\n\n\n\n<p>Al lugar del accidente acudi\u00f3 una unidad del Sistema Nacional de Emergencia 9-1-1, para realizar la asistencia de rigor.<\/p>\n\n\n\n<p>Osvaldo Guzm\u00e1n se suma a la larga lista de j\u00f3venes que han perdido la vida participando en carreras clandestinas a alta velocidad, acci\u00f3n que sigue llevando luto a las familias en diferentes municipios de la provincia Monte Plata.<\/p>\n","protected":false},"excerpt":{"rendered":"<p>Un joven falleci\u00f3 este s\u00e1bado en horas de la noche, en el municipio de Monte Plata, al ser atropellado por un veh\u00edculo en el kilometro 42 en la Autov\u00eda Juan Pablo II, mejor conocida como \u00abautopista Santo Domingo- Saman\u00e1\u00bb, cuando participaba en una carrera clandestina. Seg\u00fan versiones de curiosos en el lugar, el joven identificado [&hellip;]<\/p>\n","protected":false},"author":15,"featured_media":31960,"comment_status":"open","ping_status":"open","sticky":false,"template":"","format":"standard","meta":{"footnotes":""},"categories":[1],"tags":[],"class_list":{"0":"post-31959","1":"post","2":"type-post","3":"status-publish","4":"format-standard","5":"has-post-thumbnail","7":"category-uncategorized"},"yoast_head":"<!-- This site is optimized with the Yoast SEO plugin v27.1.1 - https:\/\/yoast.com\/product\/yoast-seo-wordpress\/ -->\n<title>Carreras clandestinas siguen llevando luto a familias monteplatenses. - Conexi\u00f3n 23<\/title>\n<meta name=\"robots\" content=\"index, follow, max-snippet:-1, max-image-preview:large, max-video-preview:-1\" \/>\n<link rel=\"canonical\" href=\"http:\/\/conexion23.com\/?p=31959\" \/>\n<meta property=\"og:locale\" content=\"es_ES\" \/>\n<meta property=\"og:type\" content=\"article\" \/>\n<meta property=\"og:title\" content=\"Carreras clandestinas siguen llevando luto a familias monteplatenses. - Conexi\u00f3n 23\" \/>\n<meta property=\"og:description\" content=\"Un joven falleci\u00f3 este s\u00e1bado en horas de la noche, en el municipio de Monte Plata, al ser atropellado por un veh\u00edculo en el kilometro 42 en la Autov\u00eda Juan Pablo II, mejor conocida como \u00abautopista Santo Domingo- Saman\u00e1\u00bb, cuando participaba en una carrera clandestina. Seg\u00fan versiones de curiosos en el lugar, el joven identificado [&hellip;]\" \/>\n<meta property=\"og:url\" content=\"http:\/\/conexion23.com\/?p=31959\" \/>\n<meta property=\"og:site_name\" content=\"Conexi\u00f3n 23\" \/>\n<meta property=\"article:publisher\" content=\"https:\/\/www.facebook.com\/conexion23com\" \/>\n<meta property=\"article:published_time\" content=\"2024-08-26T11:37:44+00:00\" \/>\n<meta property=\"article:modified_time\" content=\"2024-08-26T11:37:45+00:00\" \/>\n<meta property=\"og:image\" content=\"http:\/\/conexion23.com\/wp-content\/uploads\/2024\/08\/j.jpg\" \/>\n\t<meta property=\"og:image:width\" content=\"938\" \/>\n\t<meta property=\"og:image:height\" content=\"941\" \/>\n\t<meta property=\"og:image:type\" content=\"image\/jpeg\" \/>\n<meta name=\"author\" content=\"Raffy Ben\u00edtez\" \/>\n<meta name=\"twitter:card\" content=\"summary_large_image\" \/>\n<meta name=\"twitter:label1\" content=\"Escrito por\" \/>\n\t<meta name=\"twitter:data1\" content=\"Raffy Ben\u00edtez\" \/>\n\t<meta name=\"twitter:label2\" content=\"Tiempo de lectura\" \/>\n\t<meta name=\"twitter:data2\" content=\"1 minuto\" \/>\n<script type=\"application\/ld+json\" class=\"yoast-schema-graph\">{\"@context\":\"https:\/\/schema.org\",\"@graph\":[{\"@type\":\"Article\",\"@id\":\"http:\/\/conexion23.com\/?p=31959#article\",\"isPartOf\":{\"@id\":\"http:\/\/conexion23.com\/?p=31959\"},\"author\":{\"name\":\"Raffy Ben\u00edtez\",\"@id\":\"https:\/\/conexion23.com\/#\/schema\/person\/03e36043331117e97a373299bbcd30a6\"},\"headline\":\"Carreras clandestinas siguen llevando luto a familias monteplatenses.\",\"datePublished\":\"2024-08-26T11:37:44+00:00\",\"dateModified\":\"2024-08-26T11:37:45+00:00\",\"mainEntityOfPage\":{\"@id\":\"http:\/\/conexion23.com\/?p=31959\"},\"wordCount\":159,\"commentCount\":0,\"publisher\":{\"@id\":\"https:\/\/conexion23.com\/#organization\"},\"image\":{\"@id\":\"http:\/\/conexion23.com\/?p=31959#primaryimage\"},\"thumbnailUrl\":\"https:\/\/conexion23.com\/wp-content\/uploads\/2024\/08\/j.jpg\",\"articleSection\":[\"Uncategorized\"],\"inLanguage\":\"es\",\"potentialAction\":[{\"@type\":\"CommentAction\",\"name\":\"Comment\",\"target\":[\"http:\/\/conexion23.com\/?p=31959#respond\"]}]},{\"@type\":\"WebPage\",\"@id\":\"http:\/\/conexion23.com\/?p=31959\",\"url\":\"http:\/\/conexion23.com\/?p=31959\",\"name\":\"Carreras clandestinas siguen llevando luto a familias monteplatenses. - Conexi\u00f3n 23\",\"isPartOf\":{\"@id\":\"https:\/\/conexion23.com\/#website\"},\"primaryImageOfPage\":{\"@id\":\"http:\/\/conexion23.com\/?p=31959#primaryimage\"},\"image\":{\"@id\":\"http:\/\/conexion23.com\/?p=31959#primaryimage\"},\"thumbnailUrl\":\"https:\/\/conexion23.com\/wp-content\/uploads\/2024\/08\/j.jpg\",\"datePublished\":\"2024-08-26T11:37:44+00:00\",\"dateModified\":\"2024-08-26T11:37:45+00:00\",\"breadcrumb\":{\"@id\":\"http:\/\/conexion23.com\/?p=31959#breadcrumb\"},\"inLanguage\":\"es\",\"potentialAction\":[{\"@type\":\"ReadAction\",\"target\":[\"http:\/\/conexion23.com\/?p=31959\"]}]},{\"@type\":\"ImageObject\",\"inLanguage\":\"es\",\"@id\":\"http:\/\/conexion23.com\/?p=31959#primaryimage\",\"url\":\"https:\/\/conexion23.com\/wp-content\/uploads\/2024\/08\/j.jpg\",\"contentUrl\":\"https:\/\/conexion23.com\/wp-content\/uploads\/2024\/08\/j.jpg\",\"width\":938,\"height\":941},{\"@type\":\"BreadcrumbList\",\"@id\":\"http:\/\/conexion23.com\/?p=31959#breadcrumb\",\"itemListElement\":[{\"@type\":\"ListItem\",\"position\":1,\"name\":\"Portada\",\"item\":\"https:\/\/conexion23.com\/\"},{\"@type\":\"ListItem\",\"position\":2,\"name\":\"Carreras clandestinas siguen llevando luto a familias monteplatenses.\"}]},{\"@type\":\"WebSite\",\"@id\":\"https:\/\/conexion23.com\/#website\",\"url\":\"https:\/\/conexion23.com\/\",\"name\":\"Conexi\u00f3n 23\",\"description\":\"Peri\u00f3dico 100% Petromacorisano\",\"publisher\":{\"@id\":\"https:\/\/conexion23.com\/#organization\"},\"potentialAction\":[{\"@type\":\"SearchAction\",\"target\":{\"@type\":\"EntryPoint\",\"urlTemplate\":\"https:\/\/conexion23.com\/?s={search_term_string}\"},\"query-input\":{\"@type\":\"PropertyValueSpecification\",\"valueRequired\":true,\"valueName\":\"search_term_string\"}}],\"inLanguage\":\"es\"},{\"@type\":\"Organization\",\"@id\":\"https:\/\/conexion23.com\/#organization\",\"name\":\"Conexion 23\",\"url\":\"https:\/\/conexion23.com\/\",\"logo\":{\"@type\":\"ImageObject\",\"inLanguage\":\"es\",\"@id\":\"https:\/\/conexion23.com\/#\/schema\/logo\/image\/\",\"url\":\"https:\/\/conexion23.com\/wp-content\/uploads\/2021\/11\/Diseno-sin-titulo-2.png\",\"contentUrl\":\"https:\/\/conexion23.com\/wp-content\/uploads\/2021\/11\/Diseno-sin-titulo-2.png\",\"width\":541,\"height\":90,\"caption\":\"Conexion 23\"},\"image\":{\"@id\":\"https:\/\/conexion23.com\/#\/schema\/logo\/image\/\"},\"sameAs\":[\"https:\/\/www.facebook.com\/conexion23com\",\"https:\/\/www.instagram.com\/conexion23com\/\",\"https:\/\/www.youtube.com\/channel\/UCYc7vxxFZMYLIHNsHHxPZ3Q\"]},{\"@type\":\"Person\",\"@id\":\"https:\/\/conexion23.com\/#\/schema\/person\/03e36043331117e97a373299bbcd30a6\",\"name\":\"Raffy Ben\u00edtez\",\"image\":{\"@type\":\"ImageObject\",\"inLanguage\":\"es\",\"@id\":\"https:\/\/conexion23.com\/#\/schema\/person\/image\/\",\"url\":\"https:\/\/secure.gravatar.com\/avatar\/3190a6a6c5e1b0327500f7d6c56b6242472ee6cb974cf09b401ee6b3b0798f23?s=96&d=mm&r=g\",\"contentUrl\":\"https:\/\/secure.gravatar.com\/avatar\/3190a6a6c5e1b0327500f7d6c56b6242472ee6cb974cf09b401ee6b3b0798f23?s=96&d=mm&r=g\",\"caption\":\"Raffy Ben\u00edtez\"},\"url\":\"https:\/\/conexion23.com\/?author=15\"}]}<\/script>\n<!-- \/ Yoast SEO plugin. -->","yoast_head_json":{"title":"Carreras clandestinas siguen llevando luto a familias monteplatenses. - Conexi\u00f3n 23","robots":{"index":"index","follow":"follow","max-snippet":"max-snippet:-1","max-image-preview":"max-image-preview:large","max-video-preview":"max-video-preview:-1"},"canonical":"http:\/\/conexion23.com\/?p=31959","og_locale":"es_ES","og_type":"article","og_title":"Carreras clandestinas siguen llevando luto a familias monteplatenses. - Conexi\u00f3n 23","og_description":"Un joven falleci\u00f3 este s\u00e1bado en horas de la noche, en el municipio de Monte Plata, al ser atropellado por un veh\u00edculo en el kilometro 42 en la Autov\u00eda Juan Pablo II, mejor conocida como \u00abautopista Santo Domingo- Saman\u00e1\u00bb, cuando participaba en una carrera clandestina. Seg\u00fan versiones de curiosos en el lugar, el joven identificado [&hellip;]","og_url":"http:\/\/conexion23.com\/?p=31959","og_site_name":"Conexi\u00f3n 23","article_publisher":"https:\/\/www.facebook.com\/conexion23com","article_published_time":"2024-08-26T11:37:44+00:00","article_modified_time":"2024-08-26T11:37:45+00:00","og_image":[{"width":938,"height":941,"url":"http:\/\/conexion23.com\/wp-content\/uploads\/2024\/08\/j.jpg","type":"image\/jpeg"}],"author":"Raffy Ben\u00edtez","twitter_card":"summary_large_image","twitter_misc":{"Escrito por":"Raffy Ben\u00edtez","Tiempo de lectura":"1 minuto"},"schema":{"@context":"https:\/\/schema.org","@graph":[{"@type":"Article","@id":"http:\/\/conexion23.com\/?p=31959#article","isPartOf":{"@id":"http:\/\/conexion23.com\/?p=31959"},"author":{"name":"Raffy Ben\u00edtez","@id":"https:\/\/conexion23.com\/#\/schema\/person\/03e36043331117e97a373299bbcd30a6"},"headline":"Carreras clandestinas siguen llevando luto a familias monteplatenses.","datePublished":"2024-08-26T11:37:44+00:00","dateModified":"2024-08-26T11:37:45+00:00","mainEntityOfPage":{"@id":"http:\/\/conexion23.com\/?p=31959"},"wordCount":159,"commentCount":0,"publisher":{"@id":"https:\/\/conexion23.com\/#organization"},"image":{"@id":"http:\/\/conexion23.com\/?p=31959#primaryimage"},"thumbnailUrl":"https:\/\/conexion23.com\/wp-content\/uploads\/2024\/08\/j.jpg","articleSection":["Uncategorized"],"inLanguage":"es","potentialAction":[{"@type":"CommentAction","name":"Comment","target":["http:\/\/conexion23.com\/?p=31959#respond"]}]},{"@type":"WebPage","@id":"http:\/\/conexion23.com\/?p=31959","url":"http:\/\/conexion23.com\/?p=31959","name":"Carreras clandestinas siguen llevando luto a familias monteplatenses. - Conexi\u00f3n 23","isPartOf":{"@id":"https:\/\/conexion23.com\/#website"},"primaryImageOfPage":{"@id":"http:\/\/conexion23.com\/?p=31959#primaryimage"},"image":{"@id":"http:\/\/conexion23.com\/?p=31959#primaryimage"},"thumbnailUrl":"https:\/\/conexion23.com\/wp-content\/uploads\/2024\/08\/j.jpg","datePublished":"2024-08-26T11:37:44+00:00","dateModified":"2024-08-26T11:37:45+00:00","breadcrumb":{"@id":"http:\/\/conexion23.com\/?p=31959#breadcrumb"},"inLanguage":"es","potentialAction":[{"@type":"ReadAction","target":["http:\/\/conexion23.com\/?p=31959"]}]},{"@type":"ImageObject","inLanguage":"es","@id":"http:\/\/conexion23.com\/?p=31959#primaryimage","url":"https:\/\/conexion23.com\/wp-content\/uploads\/2024\/08\/j.jpg","contentUrl":"https:\/\/conexion23.com\/wp-content\/uploads\/2024\/08\/j.jpg","width":938,"height":941},{"@type":"BreadcrumbList","@id":"http:\/\/conexion23.com\/?p=31959#breadcrumb","itemListElement":[{"@type":"ListItem","position":1,"name":"Portada","item":"https:\/\/conexion23.com\/"},{"@type":"ListItem","position":2,"name":"Carreras clandestinas siguen llevando luto a familias monteplatenses."}]},{"@type":"WebSite","@id":"https:\/\/conexion23.com\/#website","url":"https:\/\/conexion23.com\/","name":"Conexi\u00f3n 23","description":"Peri\u00f3dico 100% Petromacorisano","publisher":{"@id":"https:\/\/conexion23.com\/#organization"},"potentialAction":[{"@type":"SearchAction","target":{"@type":"EntryPoint","urlTemplate":"https:\/\/conexion23.com\/?s={search_term_string}"},"query-input":{"@type":"PropertyValueSpecification","valueRequired":true,"valueName":"search_term_string"}}],"inLanguage":"es"},{"@type":"Organization","@id":"https:\/\/conexion23.com\/#organization","name":"Conexion 23","url":"https:\/\/conexion23.com\/","logo":{"@type":"ImageObject","inLanguage":"es","@id":"https:\/\/conexion23.com\/#\/schema\/logo\/image\/","url":"https:\/\/conexion23.com\/wp-content\/uploads\/2021\/11\/Diseno-sin-titulo-2.png","contentUrl":"https:\/\/conexion23.com\/wp-content\/uploads\/2021\/11\/Diseno-sin-titulo-2.png","width":541,"height":90,"caption":"Conexion 23"},"image":{"@id":"https:\/\/conexion23.com\/#\/schema\/logo\/image\/"},"sameAs":["https:\/\/www.facebook.com\/conexion23com","https:\/\/www.instagram.com\/conexion23com\/","https:\/\/www.youtube.com\/channel\/UCYc7vxxFZMYLIHNsHHxPZ3Q"]},{"@type":"Person","@id":"https:\/\/conexion23.com\/#\/schema\/person\/03e36043331117e97a373299bbcd30a6","name":"Raffy Ben\u00edtez","image":{"@type":"ImageObject","inLanguage":"es","@id":"https:\/\/conexion23.com\/#\/schema\/person\/image\/","url":"https:\/\/secure.gravatar.com\/avatar\/3190a6a6c5e1b0327500f7d6c56b6242472ee6cb974cf09b401ee6b3b0798f23?s=96&d=mm&r=g","contentUrl":"https:\/\/secure.gravatar.com\/avatar\/3190a6a6c5e1b0327500f7d6c56b6242472ee6cb974cf09b401ee6b3b0798f23?s=96&d=mm&r=g","caption":"Raffy Ben\u00edtez"},"url":"https:\/\/conexion23.com\/?author=15"}]}},"_links":{"self":[{"href":"https:\/\/conexion23.com\/index.php?rest_route=\/wp\/v2\/posts\/31959","targetHints":{"allow":["GET"]}}],"collection":[{"href":"https:\/\/conexion23.com\/index.php?rest_route=\/wp\/v2\/posts"}],"about":[{"href":"https:\/\/conexion23.com\/index.php?rest_route=\/wp\/v2\/types\/post"}],"author":[{"embeddable":true,"href":"https:\/\/conexion23.com\/index.php?rest_route=\/wp\/v2\/users\/15"}],"replies":[{"embeddable":true,"href":"https:\/\/conexion23.com\/index.php?rest_route=%2Fwp%2Fv2%2Fcomments&post=31959"}],"version-history":[{"count":1,"href":"https:\/\/conexion23.com\/index.php?rest_route=\/wp\/v2\/posts\/31959\/revisions"}],"predecessor-version":[{"id":31961,"href":"https:\/\/conexion23.com\/index.php?rest_route=\/wp\/v2\/posts\/31959\/revisions\/31961"}],"wp:featuredmedia":[{"embeddable":true,"href":"https:\/\/conexion23.com\/index.php?rest_route=\/wp\/v2\/media\/31960"}],"wp:attachment":[{"href":"https:\/\/conexion23.com\/index.php?rest_route=%2Fwp%2Fv2%2Fmedia&parent=31959"}],"wp:term":[{"taxonomy":"category","embeddable":true,"href":"https:\/\/conexion23.com\/index.php?rest_route=%2Fwp%2Fv2%2Fcategories&post=31959"},{"taxonomy":"post_tag","embeddable":true,"href":"https:\/\/conexion23.com\/index.php?rest_route=%2Fwp%2Fv2%2Ftags&post=31959"}],"curies":[{"name":"wp","href":"https:\/\/api.w.org\/{rel}","templated":true}]}}