{"id":31962,"date":"2024-08-26T07:46:56","date_gmt":"2024-08-26T11:46:56","guid":{"rendered":"https:\/\/conexion23.com\/?p=31962"},"modified":"2024-08-26T07:46:57","modified_gmt":"2024-08-26T11:46:57","slug":"la-nasa-decide-hoy-como-traer-a-la-tierra-dos-astronautas-atrapados-en-el-espacio","status":"publish","type":"post","link":"https:\/\/conexion23.com\/?p=31962","title":{"rendered":"La Nasa decide hoy c\u00f3mo traer a la tierra dos astronautas atrapados en el espacio."},"content":{"rendered":"\n<p>Un comit\u00e9 se reunio el s\u00e1bado, en presencia del jefe de la NASA, Bill Nelson. Una hora m\u00e1s tarde, a las 17H00 GMT, la agencia espacial ofrecio una rueda de prensa.<\/p>\n\n\n\n<p>Los astronautas Butch Wilmore y Suni Williams despegaron a principios de junio a bordo de la Starliner y desde entonces se encuentran en la EEI, donde su nave espacial ha permanecido acoplada.<\/p>\n\n\n\n<p>En principio, la nave deb\u00eda traerlos de vuelta a la Tierra ocho d\u00edas despu\u00e9s, pero los problemas detectados en su sistema de propulsi\u00f3n llevaron a la NASA a poner en duda su fiabilidad.<\/p>\n\n\n\n<figure class=\"wp-block-image is-resized\" id=\"attachment_136451\"><img decoding=\"async\" src=\"https:\/\/media.jstecnologia.do\/elgranero\/2024\/08\/nelson2.webp\" alt=\"\" class=\"wp-image-136451\" style=\"width:541px;height:auto\"\/><figcaption class=\"wp-element-caption\">Bill Nelson, director de la agencia espacial estadounidense,<\/figcaption><\/figure>\n\n\n\n<p>Y a plantearse una soluci\u00f3n de emergencia: traer a los astronautas en una misi\u00f3n de SpaceX en febrero.<\/p>\n\n\n\n<p>Desde hace semanas, los equipos de Boeing y de la NASA realizan pruebas para comprender mejor la causa de los problemas detectados en vuelo, en particular con los propulsores de la nave.<\/p>\n\n\n\n<p>La principal preocupaci\u00f3n es que Starliner no sea capaz de alcanzar el empuje necesario para salir de \u00f3rbita e iniciar su descenso a la Tierra.<\/p>\n\n\n\n<p>Si se decide que la nave no es segura, regresar\u00e1 vac\u00eda.<\/p>\n\n\n\n<p>Una misi\u00f3n regular de SpaceX, denominada Crew-9, despegar\u00eda entonces a finales de septiembre, pero con s\u00f3lo dos astronautas a bordo en lugar de cuatro.<\/p>\n\n\n\n<p>Permanecer\u00eda acoplada a la EEI hasta su regreso previsto a la Tierra en febrero. Entonces traer\u00eda de vuelta a los dos n\u00e1ufragos de Boeing adem\u00e1s de los dos astronautas de Crew-9.<\/p>\n\n\n\n<p>Si fuera el caso, la imagen de Boeing sufrir\u00eda un fuerte golpe cuando ya se encuentra en plena crisis por aver\u00edas en sus aviones.<\/p>\n\n\n\n<p>Hace diez a\u00f1os, la NASA encarg\u00f3 una nueva nave espacial a Boeing y otra a SpaceX para transportar a sus astronautas a la EEI.<\/p>\n\n\n\n<p>Con dos veh\u00edculos siempre tendr\u00eda una soluci\u00f3n en caso de problemas con uno u otro.<\/p>\n","protected":false},"excerpt":{"rendered":"<p>Un comit\u00e9 se reunio el s\u00e1bado, en presencia del jefe de la NASA, Bill Nelson. Una hora m\u00e1s tarde, a las 17H00 GMT, la agencia espacial ofrecio una rueda de prensa. Los astronautas Butch Wilmore y Suni Williams despegaron a principios de junio a bordo de la Starliner y desde entonces se encuentran en la [&hellip;]<\/p>\n","protected":false},"author":15,"featured_media":31963,"comment_status":"open","ping_status":"open","sticky":false,"template":"","format":"standard","meta":{"footnotes":""},"categories":[1],"tags":[],"class_list":{"0":"post-31962","1":"post","2":"type-post","3":"status-publish","4":"format-standard","5":"has-post-thumbnail","7":"category-uncategorized"},"yoast_head":"<!-- This site is optimized with the Yoast SEO plugin v27.1.1 - https:\/\/yoast.com\/product\/yoast-seo-wordpress\/ -->\n<title>La Nasa decide hoy c\u00f3mo traer a la tierra dos astronautas atrapados en el espacio. - Conexi\u00f3n 23<\/title>\n<meta name=\"robots\" content=\"index, follow, max-snippet:-1, max-image-preview:large, max-video-preview:-1\" \/>\n<link rel=\"canonical\" href=\"http:\/\/conexion23.com\/?p=31962\" \/>\n<meta property=\"og:locale\" content=\"es_ES\" \/>\n<meta property=\"og:type\" content=\"article\" \/>\n<meta property=\"og:title\" content=\"La Nasa decide hoy c\u00f3mo traer a la tierra dos astronautas atrapados en el espacio. - Conexi\u00f3n 23\" \/>\n<meta property=\"og:description\" content=\"Un comit\u00e9 se reunio el s\u00e1bado, en presencia del jefe de la NASA, Bill Nelson. Una hora m\u00e1s tarde, a las 17H00 GMT, la agencia espacial ofrecio una rueda de prensa. Los astronautas Butch Wilmore y Suni Williams despegaron a principios de junio a bordo de la Starliner y desde entonces se encuentran en la [&hellip;]\" \/>\n<meta property=\"og:url\" content=\"http:\/\/conexion23.com\/?p=31962\" \/>\n<meta property=\"og:site_name\" content=\"Conexi\u00f3n 23\" \/>\n<meta property=\"article:publisher\" content=\"https:\/\/www.facebook.com\/conexion23com\" \/>\n<meta property=\"article:published_time\" content=\"2024-08-26T11:46:56+00:00\" \/>\n<meta property=\"article:modified_time\" content=\"2024-08-26T11:46:57+00:00\" \/>\n<meta property=\"og:image\" content=\"http:\/\/conexion23.com\/wp-content\/uploads\/2024\/08\/Sunita-Suni-Williams-y-Barry-Butch-Wilmore-780x405-1.jpeg\" \/>\n\t<meta property=\"og:image:width\" content=\"780\" \/>\n\t<meta property=\"og:image:height\" content=\"405\" \/>\n\t<meta property=\"og:image:type\" content=\"image\/jpeg\" \/>\n<meta name=\"author\" content=\"Raffy Ben\u00edtez\" \/>\n<meta name=\"twitter:card\" content=\"summary_large_image\" \/>\n<meta name=\"twitter:label1\" content=\"Escrito por\" \/>\n\t<meta name=\"twitter:data1\" content=\"Raffy Ben\u00edtez\" \/>\n\t<meta name=\"twitter:label2\" content=\"Tiempo de lectura\" \/>\n\t<meta name=\"twitter:data2\" content=\"2 minutos\" \/>\n<script type=\"application\/ld+json\" class=\"yoast-schema-graph\">{\"@context\":\"https:\/\/schema.org\",\"@graph\":[{\"@type\":\"Article\",\"@id\":\"http:\/\/conexion23.com\/?p=31962#article\",\"isPartOf\":{\"@id\":\"http:\/\/conexion23.com\/?p=31962\"},\"author\":{\"name\":\"Raffy Ben\u00edtez\",\"@id\":\"https:\/\/conexion23.com\/#\/schema\/person\/03e36043331117e97a373299bbcd30a6\"},\"headline\":\"La Nasa decide hoy c\u00f3mo traer a la tierra dos astronautas atrapados en el espacio.\",\"datePublished\":\"2024-08-26T11:46:56+00:00\",\"dateModified\":\"2024-08-26T11:46:57+00:00\",\"mainEntityOfPage\":{\"@id\":\"http:\/\/conexion23.com\/?p=31962\"},\"wordCount\":347,\"commentCount\":0,\"publisher\":{\"@id\":\"https:\/\/conexion23.com\/#organization\"},\"image\":{\"@id\":\"http:\/\/conexion23.com\/?p=31962#primaryimage\"},\"thumbnailUrl\":\"https:\/\/conexion23.com\/wp-content\/uploads\/2024\/08\/Sunita-Suni-Williams-y-Barry-Butch-Wilmore-780x405-1.jpeg\",\"articleSection\":[\"Uncategorized\"],\"inLanguage\":\"es\",\"potentialAction\":[{\"@type\":\"CommentAction\",\"name\":\"Comment\",\"target\":[\"http:\/\/conexion23.com\/?p=31962#respond\"]}]},{\"@type\":\"WebPage\",\"@id\":\"http:\/\/conexion23.com\/?p=31962\",\"url\":\"http:\/\/conexion23.com\/?p=31962\",\"name\":\"La Nasa decide hoy c\u00f3mo traer a la tierra dos astronautas atrapados en el espacio. - Conexi\u00f3n 23\",\"isPartOf\":{\"@id\":\"https:\/\/conexion23.com\/#website\"},\"primaryImageOfPage\":{\"@id\":\"http:\/\/conexion23.com\/?p=31962#primaryimage\"},\"image\":{\"@id\":\"http:\/\/conexion23.com\/?p=31962#primaryimage\"},\"thumbnailUrl\":\"https:\/\/conexion23.com\/wp-content\/uploads\/2024\/08\/Sunita-Suni-Williams-y-Barry-Butch-Wilmore-780x405-1.jpeg\",\"datePublished\":\"2024-08-26T11:46:56+00:00\",\"dateModified\":\"2024-08-26T11:46:57+00:00\",\"breadcrumb\":{\"@id\":\"http:\/\/conexion23.com\/?p=31962#breadcrumb\"},\"inLanguage\":\"es\",\"potentialAction\":[{\"@type\":\"ReadAction\",\"target\":[\"http:\/\/conexion23.com\/?p=31962\"]}]},{\"@type\":\"ImageObject\",\"inLanguage\":\"es\",\"@id\":\"http:\/\/conexion23.com\/?p=31962#primaryimage\",\"url\":\"https:\/\/conexion23.com\/wp-content\/uploads\/2024\/08\/Sunita-Suni-Williams-y-Barry-Butch-Wilmore-780x405-1.jpeg\",\"contentUrl\":\"https:\/\/conexion23.com\/wp-content\/uploads\/2024\/08\/Sunita-Suni-Williams-y-Barry-Butch-Wilmore-780x405-1.jpeg\",\"width\":780,\"height\":405},{\"@type\":\"BreadcrumbList\",\"@id\":\"http:\/\/conexion23.com\/?p=31962#breadcrumb\",\"itemListElement\":[{\"@type\":\"ListItem\",\"position\":1,\"name\":\"Portada\",\"item\":\"https:\/\/conexion23.com\/\"},{\"@type\":\"ListItem\",\"position\":2,\"name\":\"La Nasa decide hoy c\u00f3mo traer a la tierra dos astronautas atrapados en el espacio.\"}]},{\"@type\":\"WebSite\",\"@id\":\"https:\/\/conexion23.com\/#website\",\"url\":\"https:\/\/conexion23.com\/\",\"name\":\"Conexi\u00f3n 23\",\"description\":\"Peri\u00f3dico 100% Petromacorisano\",\"publisher\":{\"@id\":\"https:\/\/conexion23.com\/#organization\"},\"potentialAction\":[{\"@type\":\"SearchAction\",\"target\":{\"@type\":\"EntryPoint\",\"urlTemplate\":\"https:\/\/conexion23.com\/?s={search_term_string}\"},\"query-input\":{\"@type\":\"PropertyValueSpecification\",\"valueRequired\":true,\"valueName\":\"search_term_string\"}}],\"inLanguage\":\"es\"},{\"@type\":\"Organization\",\"@id\":\"https:\/\/conexion23.com\/#organization\",\"name\":\"Conexion 23\",\"url\":\"https:\/\/conexion23.com\/\",\"logo\":{\"@type\":\"ImageObject\",\"inLanguage\":\"es\",\"@id\":\"https:\/\/conexion23.com\/#\/schema\/logo\/image\/\",\"url\":\"https:\/\/conexion23.com\/wp-content\/uploads\/2021\/11\/Diseno-sin-titulo-2.png\",\"contentUrl\":\"https:\/\/conexion23.com\/wp-content\/uploads\/2021\/11\/Diseno-sin-titulo-2.png\",\"width\":541,\"height\":90,\"caption\":\"Conexion 23\"},\"image\":{\"@id\":\"https:\/\/conexion23.com\/#\/schema\/logo\/image\/\"},\"sameAs\":[\"https:\/\/www.facebook.com\/conexion23com\",\"https:\/\/www.instagram.com\/conexion23com\/\",\"https:\/\/www.youtube.com\/channel\/UCYc7vxxFZMYLIHNsHHxPZ3Q\"]},{\"@type\":\"Person\",\"@id\":\"https:\/\/conexion23.com\/#\/schema\/person\/03e36043331117e97a373299bbcd30a6\",\"name\":\"Raffy Ben\u00edtez\",\"image\":{\"@type\":\"ImageObject\",\"inLanguage\":\"es\",\"@id\":\"https:\/\/conexion23.com\/#\/schema\/person\/image\/\",\"url\":\"https:\/\/secure.gravatar.com\/avatar\/3190a6a6c5e1b0327500f7d6c56b6242472ee6cb974cf09b401ee6b3b0798f23?s=96&d=mm&r=g\",\"contentUrl\":\"https:\/\/secure.gravatar.com\/avatar\/3190a6a6c5e1b0327500f7d6c56b6242472ee6cb974cf09b401ee6b3b0798f23?s=96&d=mm&r=g\",\"caption\":\"Raffy Ben\u00edtez\"},\"url\":\"https:\/\/conexion23.com\/?author=15\"}]}<\/script>\n<!-- \/ Yoast SEO plugin. -->","yoast_head_json":{"title":"La Nasa decide hoy c\u00f3mo traer a la tierra dos astronautas atrapados en el espacio. - Conexi\u00f3n 23","robots":{"index":"index","follow":"follow","max-snippet":"max-snippet:-1","max-image-preview":"max-image-preview:large","max-video-preview":"max-video-preview:-1"},"canonical":"http:\/\/conexion23.com\/?p=31962","og_locale":"es_ES","og_type":"article","og_title":"La Nasa decide hoy c\u00f3mo traer a la tierra dos astronautas atrapados en el espacio. - Conexi\u00f3n 23","og_description":"Un comit\u00e9 se reunio el s\u00e1bado, en presencia del jefe de la NASA, Bill Nelson. Una hora m\u00e1s tarde, a las 17H00 GMT, la agencia espacial ofrecio una rueda de prensa. Los astronautas Butch Wilmore y Suni Williams despegaron a principios de junio a bordo de la Starliner y desde entonces se encuentran en la [&hellip;]","og_url":"http:\/\/conexion23.com\/?p=31962","og_site_name":"Conexi\u00f3n 23","article_publisher":"https:\/\/www.facebook.com\/conexion23com","article_published_time":"2024-08-26T11:46:56+00:00","article_modified_time":"2024-08-26T11:46:57+00:00","og_image":[{"width":780,"height":405,"url":"http:\/\/conexion23.com\/wp-content\/uploads\/2024\/08\/Sunita-Suni-Williams-y-Barry-Butch-Wilmore-780x405-1.jpeg","type":"image\/jpeg"}],"author":"Raffy Ben\u00edtez","twitter_card":"summary_large_image","twitter_misc":{"Escrito por":"Raffy Ben\u00edtez","Tiempo de lectura":"2 minutos"},"schema":{"@context":"https:\/\/schema.org","@graph":[{"@type":"Article","@id":"http:\/\/conexion23.com\/?p=31962#article","isPartOf":{"@id":"http:\/\/conexion23.com\/?p=31962"},"author":{"name":"Raffy Ben\u00edtez","@id":"https:\/\/conexion23.com\/#\/schema\/person\/03e36043331117e97a373299bbcd30a6"},"headline":"La Nasa decide hoy c\u00f3mo traer a la tierra dos astronautas atrapados en el espacio.","datePublished":"2024-08-26T11:46:56+00:00","dateModified":"2024-08-26T11:46:57+00:00","mainEntityOfPage":{"@id":"http:\/\/conexion23.com\/?p=31962"},"wordCount":347,"commentCount":0,"publisher":{"@id":"https:\/\/conexion23.com\/#organization"},"image":{"@id":"http:\/\/conexion23.com\/?p=31962#primaryimage"},"thumbnailUrl":"https:\/\/conexion23.com\/wp-content\/uploads\/2024\/08\/Sunita-Suni-Williams-y-Barry-Butch-Wilmore-780x405-1.jpeg","articleSection":["Uncategorized"],"inLanguage":"es","potentialAction":[{"@type":"CommentAction","name":"Comment","target":["http:\/\/conexion23.com\/?p=31962#respond"]}]},{"@type":"WebPage","@id":"http:\/\/conexion23.com\/?p=31962","url":"http:\/\/conexion23.com\/?p=31962","name":"La Nasa decide hoy c\u00f3mo traer a la tierra dos astronautas atrapados en el espacio. - Conexi\u00f3n 23","isPartOf":{"@id":"https:\/\/conexion23.com\/#website"},"primaryImageOfPage":{"@id":"http:\/\/conexion23.com\/?p=31962#primaryimage"},"image":{"@id":"http:\/\/conexion23.com\/?p=31962#primaryimage"},"thumbnailUrl":"https:\/\/conexion23.com\/wp-content\/uploads\/2024\/08\/Sunita-Suni-Williams-y-Barry-Butch-Wilmore-780x405-1.jpeg","datePublished":"2024-08-26T11:46:56+00:00","dateModified":"2024-08-26T11:46:57+00:00","breadcrumb":{"@id":"http:\/\/conexion23.com\/?p=31962#breadcrumb"},"inLanguage":"es","potentialAction":[{"@type":"ReadAction","target":["http:\/\/conexion23.com\/?p=31962"]}]},{"@type":"ImageObject","inLanguage":"es","@id":"http:\/\/conexion23.com\/?p=31962#primaryimage","url":"https:\/\/conexion23.com\/wp-content\/uploads\/2024\/08\/Sunita-Suni-Williams-y-Barry-Butch-Wilmore-780x405-1.jpeg","contentUrl":"https:\/\/conexion23.com\/wp-content\/uploads\/2024\/08\/Sunita-Suni-Williams-y-Barry-Butch-Wilmore-780x405-1.jpeg","width":780,"height":405},{"@type":"BreadcrumbList","@id":"http:\/\/conexion23.com\/?p=31962#breadcrumb","itemListElement":[{"@type":"ListItem","position":1,"name":"Portada","item":"https:\/\/conexion23.com\/"},{"@type":"ListItem","position":2,"name":"La Nasa decide hoy c\u00f3mo traer a la tierra dos astronautas atrapados en el espacio."}]},{"@type":"WebSite","@id":"https:\/\/conexion23.com\/#website","url":"https:\/\/conexion23.com\/","name":"Conexi\u00f3n 23","description":"Peri\u00f3dico 100% Petromacorisano","publisher":{"@id":"https:\/\/conexion23.com\/#organization"},"potentialAction":[{"@type":"SearchAction","target":{"@type":"EntryPoint","urlTemplate":"https:\/\/conexion23.com\/?s={search_term_string}"},"query-input":{"@type":"PropertyValueSpecification","valueRequired":true,"valueName":"search_term_string"}}],"inLanguage":"es"},{"@type":"Organization","@id":"https:\/\/conexion23.com\/#organization","name":"Conexion 23","url":"https:\/\/conexion23.com\/","logo":{"@type":"ImageObject","inLanguage":"es","@id":"https:\/\/conexion23.com\/#\/schema\/logo\/image\/","url":"https:\/\/conexion23.com\/wp-content\/uploads\/2021\/11\/Diseno-sin-titulo-2.png","contentUrl":"https:\/\/conexion23.com\/wp-content\/uploads\/2021\/11\/Diseno-sin-titulo-2.png","width":541,"height":90,"caption":"Conexion 23"},"image":{"@id":"https:\/\/conexion23.com\/#\/schema\/logo\/image\/"},"sameAs":["https:\/\/www.facebook.com\/conexion23com","https:\/\/www.instagram.com\/conexion23com\/","https:\/\/www.youtube.com\/channel\/UCYc7vxxFZMYLIHNsHHxPZ3Q"]},{"@type":"Person","@id":"https:\/\/conexion23.com\/#\/schema\/person\/03e36043331117e97a373299bbcd30a6","name":"Raffy Ben\u00edtez","image":{"@type":"ImageObject","inLanguage":"es","@id":"https:\/\/conexion23.com\/#\/schema\/person\/image\/","url":"https:\/\/secure.gravatar.com\/avatar\/3190a6a6c5e1b0327500f7d6c56b6242472ee6cb974cf09b401ee6b3b0798f23?s=96&d=mm&r=g","contentUrl":"https:\/\/secure.gravatar.com\/avatar\/3190a6a6c5e1b0327500f7d6c56b6242472ee6cb974cf09b401ee6b3b0798f23?s=96&d=mm&r=g","caption":"Raffy Ben\u00edtez"},"url":"https:\/\/conexion23.com\/?author=15"}]}},"_links":{"self":[{"href":"https:\/\/conexion23.com\/index.php?rest_route=\/wp\/v2\/posts\/31962","targetHints":{"allow":["GET"]}}],"collection":[{"href":"https:\/\/conexion23.com\/index.php?rest_route=\/wp\/v2\/posts"}],"about":[{"href":"https:\/\/conexion23.com\/index.php?rest_route=\/wp\/v2\/types\/post"}],"author":[{"embeddable":true,"href":"https:\/\/conexion23.com\/index.php?rest_route=\/wp\/v2\/users\/15"}],"replies":[{"embeddable":true,"href":"https:\/\/conexion23.com\/index.php?rest_route=%2Fwp%2Fv2%2Fcomments&post=31962"}],"version-history":[{"count":1,"href":"https:\/\/conexion23.com\/index.php?rest_route=\/wp\/v2\/posts\/31962\/revisions"}],"predecessor-version":[{"id":31964,"href":"https:\/\/conexion23.com\/index.php?rest_route=\/wp\/v2\/posts\/31962\/revisions\/31964"}],"wp:featuredmedia":[{"embeddable":true,"href":"https:\/\/conexion23.com\/index.php?rest_route=\/wp\/v2\/media\/31963"}],"wp:attachment":[{"href":"https:\/\/conexion23.com\/index.php?rest_route=%2Fwp%2Fv2%2Fmedia&parent=31962"}],"wp:term":[{"taxonomy":"category","embeddable":true,"href":"https:\/\/conexion23.com\/index.php?rest_route=%2Fwp%2Fv2%2Fcategories&post=31962"},{"taxonomy":"post_tag","embeddable":true,"href":"https:\/\/conexion23.com\/index.php?rest_route=%2Fwp%2Fv2%2Ftags&post=31962"}],"curies":[{"name":"wp","href":"https:\/\/api.w.org\/{rel}","templated":true}]}}