{"id":32095,"date":"2024-08-29T07:33:18","date_gmt":"2024-08-29T11:33:18","guid":{"rendered":"https:\/\/conexion23.com\/?p=32095"},"modified":"2024-08-29T07:33:19","modified_gmt":"2024-08-29T11:33:19","slug":"policia-mata-a-alias-el-raton-implicado-en-la-muerte-de-un-profesor-en-el-el-valiente","status":"publish","type":"post","link":"https:\/\/conexion23.com\/?p=32095","title":{"rendered":"Polic\u00eda mata a alias \u201cEl Raton\u201d, implicado en la muerte de un profesor en el El Valiente"},"content":{"rendered":"\n<h4 class=\"wp-block-heading\">Cay\u00f3 abatido en horas de la ma\u00f1ana del mi\u00e9rcoles, a manos de agentes de la\u00a0<a href=\"https:\/\/x.com\/PoliciaRD\" target=\"_blank\" rel=\"noreferrer noopener\">Polic\u00eda Nacional<\/a>, uno de los presuntos autores de la muerte del profesor\u00a0<strong>Eddy Antonio de la Cruz P\u00e9rez<\/strong>\u00a0en el residencial Riviera del Caribe, en el sector El Valiente, Boca Chica, provincia Santo Domingo.<\/h4>\n\n\n\n<p>La informaci\u00f3n fue comunicada por el vocero policial,\u00a0<strong>Diego Pesqueira<\/strong>, quien identific\u00f3 al presunto delincuente como\u00a0<strong>Alfredo Reyes<\/strong>, apodado\u00a0<em>\u00abEl Raton\u00bb y\/o \u00abEl Manta Taxistas\u00bb<\/em>.<\/p>\n\n\n\n<p>Pesqueira indic\u00f3 que el individuo, que&nbsp;<strong>tambi\u00e9n era buscado por otros delitos<\/strong>, muri\u00f3 tras enfrentarse a los oficiales que intentaron detenerlo en el sector Los Frailes, del municipio Santo Domingo Este.<\/p>\n\n\n\n<p><strong>\u00abEn poder del hoy occiso se ocup\u00f3 una pistola calibre 9 mm, la cual est\u00e1 siendo enviada a la Polic\u00eda Cient\u00edfica para realizar los an\u00e1lisis correspondientes\u00bb<\/strong>, dijo el vocero.<\/p>\n\n\n\n<p>A\u00f1adi\u00f3 que, en relaci\u00f3n con el asesinato del profesor, adem\u00e1s se persigue a los nombrados Jean Carlos (Mata-Mata) y Yorkito (La Piedra).<\/p>\n\n\n\n<p>Asimismo, Diego Pesqueira garantiz\u00f3 que en las pr\u00f3ximas horas la instituci\u00f3n del orden ofrecer\u00e1 mayores detalles sobre el caso.<\/p>\n","protected":false},"excerpt":{"rendered":"<p>Cay\u00f3 abatido en horas de la ma\u00f1ana del mi\u00e9rcoles, a manos de agentes de la\u00a0Polic\u00eda Nacional, uno de los presuntos autores de la muerte del profesor\u00a0Eddy Antonio de la Cruz P\u00e9rez\u00a0en el residencial Riviera del Caribe, en el sector El Valiente, Boca Chica, provincia Santo Domingo. La informaci\u00f3n fue comunicada por el vocero policial,\u00a0Diego Pesqueira, [&hellip;]<\/p>\n","protected":false},"author":15,"featured_media":32096,"comment_status":"open","ping_status":"open","sticky":false,"template":"","format":"standard","meta":{"footnotes":""},"categories":[1],"tags":[],"class_list":{"0":"post-32095","1":"post","2":"type-post","3":"status-publish","4":"format-standard","5":"has-post-thumbnail","7":"category-uncategorized"},"yoast_head":"<!-- This site is optimized with the Yoast SEO plugin v27.1.1 - https:\/\/yoast.com\/product\/yoast-seo-wordpress\/ -->\n<title>Polic\u00eda mata a alias \u201cEl Raton\u201d, implicado en la muerte de un profesor en el El Valiente - Conexi\u00f3n 23<\/title>\n<meta name=\"robots\" content=\"index, follow, max-snippet:-1, max-image-preview:large, max-video-preview:-1\" \/>\n<link rel=\"canonical\" href=\"http:\/\/conexion23.com\/?p=32095\" \/>\n<meta property=\"og:locale\" content=\"es_ES\" \/>\n<meta property=\"og:type\" content=\"article\" \/>\n<meta property=\"og:title\" content=\"Polic\u00eda mata a alias \u201cEl Raton\u201d, implicado en la muerte de un profesor en el El Valiente - Conexi\u00f3n 23\" \/>\n<meta property=\"og:description\" content=\"Cay\u00f3 abatido en horas de la ma\u00f1ana del mi\u00e9rcoles, a manos de agentes de la\u00a0Polic\u00eda Nacional, uno de los presuntos autores de la muerte del profesor\u00a0Eddy Antonio de la Cruz P\u00e9rez\u00a0en el residencial Riviera del Caribe, en el sector El Valiente, Boca Chica, provincia Santo Domingo. La informaci\u00f3n fue comunicada por el vocero policial,\u00a0Diego Pesqueira, [&hellip;]\" \/>\n<meta property=\"og:url\" content=\"http:\/\/conexion23.com\/?p=32095\" \/>\n<meta property=\"og:site_name\" content=\"Conexi\u00f3n 23\" \/>\n<meta property=\"article:publisher\" content=\"https:\/\/www.facebook.com\/conexion23com\" \/>\n<meta property=\"article:published_time\" content=\"2024-08-29T11:33:18+00:00\" \/>\n<meta property=\"article:modified_time\" content=\"2024-08-29T11:33:19+00:00\" \/>\n<meta property=\"og:image\" content=\"http:\/\/conexion23.com\/wp-content\/uploads\/2024\/08\/Diego-2.webp\" \/>\n\t<meta property=\"og:image:width\" content=\"1137\" \/>\n\t<meta property=\"og:image:height\" content=\"852\" \/>\n\t<meta property=\"og:image:type\" content=\"image\/webp\" \/>\n<meta name=\"author\" content=\"Raffy Ben\u00edtez\" \/>\n<meta name=\"twitter:card\" content=\"summary_large_image\" \/>\n<meta name=\"twitter:label1\" content=\"Escrito por\" \/>\n\t<meta name=\"twitter:data1\" content=\"Raffy Ben\u00edtez\" \/>\n\t<meta name=\"twitter:label2\" content=\"Tiempo de lectura\" \/>\n\t<meta name=\"twitter:data2\" content=\"2 minutos\" \/>\n<script type=\"application\/ld+json\" class=\"yoast-schema-graph\">{\"@context\":\"https:\/\/schema.org\",\"@graph\":[{\"@type\":\"Article\",\"@id\":\"http:\/\/conexion23.com\/?p=32095#article\",\"isPartOf\":{\"@id\":\"http:\/\/conexion23.com\/?p=32095\"},\"author\":{\"name\":\"Raffy Ben\u00edtez\",\"@id\":\"https:\/\/conexion23.com\/#\/schema\/person\/03e36043331117e97a373299bbcd30a6\"},\"headline\":\"Polic\u00eda mata a alias \u201cEl Raton\u201d, implicado en la muerte de un profesor en el El Valiente\",\"datePublished\":\"2024-08-29T11:33:18+00:00\",\"dateModified\":\"2024-08-29T11:33:19+00:00\",\"mainEntityOfPage\":{\"@id\":\"http:\/\/conexion23.com\/?p=32095\"},\"wordCount\":208,\"commentCount\":0,\"publisher\":{\"@id\":\"https:\/\/conexion23.com\/#organization\"},\"image\":{\"@id\":\"http:\/\/conexion23.com\/?p=32095#primaryimage\"},\"thumbnailUrl\":\"https:\/\/conexion23.com\/wp-content\/uploads\/2024\/08\/Diego-2.webp\",\"articleSection\":[\"Uncategorized\"],\"inLanguage\":\"es\",\"potentialAction\":[{\"@type\":\"CommentAction\",\"name\":\"Comment\",\"target\":[\"http:\/\/conexion23.com\/?p=32095#respond\"]}]},{\"@type\":\"WebPage\",\"@id\":\"http:\/\/conexion23.com\/?p=32095\",\"url\":\"http:\/\/conexion23.com\/?p=32095\",\"name\":\"Polic\u00eda mata a alias \u201cEl Raton\u201d, implicado en la muerte de un profesor en el El Valiente - Conexi\u00f3n 23\",\"isPartOf\":{\"@id\":\"https:\/\/conexion23.com\/#website\"},\"primaryImageOfPage\":{\"@id\":\"http:\/\/conexion23.com\/?p=32095#primaryimage\"},\"image\":{\"@id\":\"http:\/\/conexion23.com\/?p=32095#primaryimage\"},\"thumbnailUrl\":\"https:\/\/conexion23.com\/wp-content\/uploads\/2024\/08\/Diego-2.webp\",\"datePublished\":\"2024-08-29T11:33:18+00:00\",\"dateModified\":\"2024-08-29T11:33:19+00:00\",\"breadcrumb\":{\"@id\":\"http:\/\/conexion23.com\/?p=32095#breadcrumb\"},\"inLanguage\":\"es\",\"potentialAction\":[{\"@type\":\"ReadAction\",\"target\":[\"http:\/\/conexion23.com\/?p=32095\"]}]},{\"@type\":\"ImageObject\",\"inLanguage\":\"es\",\"@id\":\"http:\/\/conexion23.com\/?p=32095#primaryimage\",\"url\":\"https:\/\/conexion23.com\/wp-content\/uploads\/2024\/08\/Diego-2.webp\",\"contentUrl\":\"https:\/\/conexion23.com\/wp-content\/uploads\/2024\/08\/Diego-2.webp\",\"width\":1137,\"height\":852},{\"@type\":\"BreadcrumbList\",\"@id\":\"http:\/\/conexion23.com\/?p=32095#breadcrumb\",\"itemListElement\":[{\"@type\":\"ListItem\",\"position\":1,\"name\":\"Portada\",\"item\":\"https:\/\/conexion23.com\/\"},{\"@type\":\"ListItem\",\"position\":2,\"name\":\"Polic\u00eda mata a alias \u201cEl Raton\u201d, implicado en la muerte de un profesor en el El Valiente\"}]},{\"@type\":\"WebSite\",\"@id\":\"https:\/\/conexion23.com\/#website\",\"url\":\"https:\/\/conexion23.com\/\",\"name\":\"Conexi\u00f3n 23\",\"description\":\"Peri\u00f3dico 100% Petromacorisano\",\"publisher\":{\"@id\":\"https:\/\/conexion23.com\/#organization\"},\"potentialAction\":[{\"@type\":\"SearchAction\",\"target\":{\"@type\":\"EntryPoint\",\"urlTemplate\":\"https:\/\/conexion23.com\/?s={search_term_string}\"},\"query-input\":{\"@type\":\"PropertyValueSpecification\",\"valueRequired\":true,\"valueName\":\"search_term_string\"}}],\"inLanguage\":\"es\"},{\"@type\":\"Organization\",\"@id\":\"https:\/\/conexion23.com\/#organization\",\"name\":\"Conexion 23\",\"url\":\"https:\/\/conexion23.com\/\",\"logo\":{\"@type\":\"ImageObject\",\"inLanguage\":\"es\",\"@id\":\"https:\/\/conexion23.com\/#\/schema\/logo\/image\/\",\"url\":\"https:\/\/conexion23.com\/wp-content\/uploads\/2021\/11\/Diseno-sin-titulo-2.png\",\"contentUrl\":\"https:\/\/conexion23.com\/wp-content\/uploads\/2021\/11\/Diseno-sin-titulo-2.png\",\"width\":541,\"height\":90,\"caption\":\"Conexion 23\"},\"image\":{\"@id\":\"https:\/\/conexion23.com\/#\/schema\/logo\/image\/\"},\"sameAs\":[\"https:\/\/www.facebook.com\/conexion23com\",\"https:\/\/www.instagram.com\/conexion23com\/\",\"https:\/\/www.youtube.com\/channel\/UCYc7vxxFZMYLIHNsHHxPZ3Q\"]},{\"@type\":\"Person\",\"@id\":\"https:\/\/conexion23.com\/#\/schema\/person\/03e36043331117e97a373299bbcd30a6\",\"name\":\"Raffy Ben\u00edtez\",\"image\":{\"@type\":\"ImageObject\",\"inLanguage\":\"es\",\"@id\":\"https:\/\/conexion23.com\/#\/schema\/person\/image\/\",\"url\":\"https:\/\/secure.gravatar.com\/avatar\/3190a6a6c5e1b0327500f7d6c56b6242472ee6cb974cf09b401ee6b3b0798f23?s=96&d=mm&r=g\",\"contentUrl\":\"https:\/\/secure.gravatar.com\/avatar\/3190a6a6c5e1b0327500f7d6c56b6242472ee6cb974cf09b401ee6b3b0798f23?s=96&d=mm&r=g\",\"caption\":\"Raffy Ben\u00edtez\"},\"url\":\"https:\/\/conexion23.com\/?author=15\"}]}<\/script>\n<!-- \/ Yoast SEO plugin. -->","yoast_head_json":{"title":"Polic\u00eda mata a alias \u201cEl Raton\u201d, implicado en la muerte de un profesor en el El Valiente - Conexi\u00f3n 23","robots":{"index":"index","follow":"follow","max-snippet":"max-snippet:-1","max-image-preview":"max-image-preview:large","max-video-preview":"max-video-preview:-1"},"canonical":"http:\/\/conexion23.com\/?p=32095","og_locale":"es_ES","og_type":"article","og_title":"Polic\u00eda mata a alias \u201cEl Raton\u201d, implicado en la muerte de un profesor en el El Valiente - Conexi\u00f3n 23","og_description":"Cay\u00f3 abatido en horas de la ma\u00f1ana del mi\u00e9rcoles, a manos de agentes de la\u00a0Polic\u00eda Nacional, uno de los presuntos autores de la muerte del profesor\u00a0Eddy Antonio de la Cruz P\u00e9rez\u00a0en el residencial Riviera del Caribe, en el sector El Valiente, Boca Chica, provincia Santo Domingo. La informaci\u00f3n fue comunicada por el vocero policial,\u00a0Diego Pesqueira, [&hellip;]","og_url":"http:\/\/conexion23.com\/?p=32095","og_site_name":"Conexi\u00f3n 23","article_publisher":"https:\/\/www.facebook.com\/conexion23com","article_published_time":"2024-08-29T11:33:18+00:00","article_modified_time":"2024-08-29T11:33:19+00:00","og_image":[{"width":1137,"height":852,"url":"http:\/\/conexion23.com\/wp-content\/uploads\/2024\/08\/Diego-2.webp","type":"image\/webp"}],"author":"Raffy Ben\u00edtez","twitter_card":"summary_large_image","twitter_misc":{"Escrito por":"Raffy Ben\u00edtez","Tiempo de lectura":"2 minutos"},"schema":{"@context":"https:\/\/schema.org","@graph":[{"@type":"Article","@id":"http:\/\/conexion23.com\/?p=32095#article","isPartOf":{"@id":"http:\/\/conexion23.com\/?p=32095"},"author":{"name":"Raffy Ben\u00edtez","@id":"https:\/\/conexion23.com\/#\/schema\/person\/03e36043331117e97a373299bbcd30a6"},"headline":"Polic\u00eda mata a alias \u201cEl Raton\u201d, implicado en la muerte de un profesor en el El Valiente","datePublished":"2024-08-29T11:33:18+00:00","dateModified":"2024-08-29T11:33:19+00:00","mainEntityOfPage":{"@id":"http:\/\/conexion23.com\/?p=32095"},"wordCount":208,"commentCount":0,"publisher":{"@id":"https:\/\/conexion23.com\/#organization"},"image":{"@id":"http:\/\/conexion23.com\/?p=32095#primaryimage"},"thumbnailUrl":"https:\/\/conexion23.com\/wp-content\/uploads\/2024\/08\/Diego-2.webp","articleSection":["Uncategorized"],"inLanguage":"es","potentialAction":[{"@type":"CommentAction","name":"Comment","target":["http:\/\/conexion23.com\/?p=32095#respond"]}]},{"@type":"WebPage","@id":"http:\/\/conexion23.com\/?p=32095","url":"http:\/\/conexion23.com\/?p=32095","name":"Polic\u00eda mata a alias \u201cEl Raton\u201d, implicado en la muerte de un profesor en el El Valiente - Conexi\u00f3n 23","isPartOf":{"@id":"https:\/\/conexion23.com\/#website"},"primaryImageOfPage":{"@id":"http:\/\/conexion23.com\/?p=32095#primaryimage"},"image":{"@id":"http:\/\/conexion23.com\/?p=32095#primaryimage"},"thumbnailUrl":"https:\/\/conexion23.com\/wp-content\/uploads\/2024\/08\/Diego-2.webp","datePublished":"2024-08-29T11:33:18+00:00","dateModified":"2024-08-29T11:33:19+00:00","breadcrumb":{"@id":"http:\/\/conexion23.com\/?p=32095#breadcrumb"},"inLanguage":"es","potentialAction":[{"@type":"ReadAction","target":["http:\/\/conexion23.com\/?p=32095"]}]},{"@type":"ImageObject","inLanguage":"es","@id":"http:\/\/conexion23.com\/?p=32095#primaryimage","url":"https:\/\/conexion23.com\/wp-content\/uploads\/2024\/08\/Diego-2.webp","contentUrl":"https:\/\/conexion23.com\/wp-content\/uploads\/2024\/08\/Diego-2.webp","width":1137,"height":852},{"@type":"BreadcrumbList","@id":"http:\/\/conexion23.com\/?p=32095#breadcrumb","itemListElement":[{"@type":"ListItem","position":1,"name":"Portada","item":"https:\/\/conexion23.com\/"},{"@type":"ListItem","position":2,"name":"Polic\u00eda mata a alias \u201cEl Raton\u201d, implicado en la muerte de un profesor en el El Valiente"}]},{"@type":"WebSite","@id":"https:\/\/conexion23.com\/#website","url":"https:\/\/conexion23.com\/","name":"Conexi\u00f3n 23","description":"Peri\u00f3dico 100% Petromacorisano","publisher":{"@id":"https:\/\/conexion23.com\/#organization"},"potentialAction":[{"@type":"SearchAction","target":{"@type":"EntryPoint","urlTemplate":"https:\/\/conexion23.com\/?s={search_term_string}"},"query-input":{"@type":"PropertyValueSpecification","valueRequired":true,"valueName":"search_term_string"}}],"inLanguage":"es"},{"@type":"Organization","@id":"https:\/\/conexion23.com\/#organization","name":"Conexion 23","url":"https:\/\/conexion23.com\/","logo":{"@type":"ImageObject","inLanguage":"es","@id":"https:\/\/conexion23.com\/#\/schema\/logo\/image\/","url":"https:\/\/conexion23.com\/wp-content\/uploads\/2021\/11\/Diseno-sin-titulo-2.png","contentUrl":"https:\/\/conexion23.com\/wp-content\/uploads\/2021\/11\/Diseno-sin-titulo-2.png","width":541,"height":90,"caption":"Conexion 23"},"image":{"@id":"https:\/\/conexion23.com\/#\/schema\/logo\/image\/"},"sameAs":["https:\/\/www.facebook.com\/conexion23com","https:\/\/www.instagram.com\/conexion23com\/","https:\/\/www.youtube.com\/channel\/UCYc7vxxFZMYLIHNsHHxPZ3Q"]},{"@type":"Person","@id":"https:\/\/conexion23.com\/#\/schema\/person\/03e36043331117e97a373299bbcd30a6","name":"Raffy Ben\u00edtez","image":{"@type":"ImageObject","inLanguage":"es","@id":"https:\/\/conexion23.com\/#\/schema\/person\/image\/","url":"https:\/\/secure.gravatar.com\/avatar\/3190a6a6c5e1b0327500f7d6c56b6242472ee6cb974cf09b401ee6b3b0798f23?s=96&d=mm&r=g","contentUrl":"https:\/\/secure.gravatar.com\/avatar\/3190a6a6c5e1b0327500f7d6c56b6242472ee6cb974cf09b401ee6b3b0798f23?s=96&d=mm&r=g","caption":"Raffy Ben\u00edtez"},"url":"https:\/\/conexion23.com\/?author=15"}]}},"_links":{"self":[{"href":"https:\/\/conexion23.com\/index.php?rest_route=\/wp\/v2\/posts\/32095","targetHints":{"allow":["GET"]}}],"collection":[{"href":"https:\/\/conexion23.com\/index.php?rest_route=\/wp\/v2\/posts"}],"about":[{"href":"https:\/\/conexion23.com\/index.php?rest_route=\/wp\/v2\/types\/post"}],"author":[{"embeddable":true,"href":"https:\/\/conexion23.com\/index.php?rest_route=\/wp\/v2\/users\/15"}],"replies":[{"embeddable":true,"href":"https:\/\/conexion23.com\/index.php?rest_route=%2Fwp%2Fv2%2Fcomments&post=32095"}],"version-history":[{"count":1,"href":"https:\/\/conexion23.com\/index.php?rest_route=\/wp\/v2\/posts\/32095\/revisions"}],"predecessor-version":[{"id":32097,"href":"https:\/\/conexion23.com\/index.php?rest_route=\/wp\/v2\/posts\/32095\/revisions\/32097"}],"wp:featuredmedia":[{"embeddable":true,"href":"https:\/\/conexion23.com\/index.php?rest_route=\/wp\/v2\/media\/32096"}],"wp:attachment":[{"href":"https:\/\/conexion23.com\/index.php?rest_route=%2Fwp%2Fv2%2Fmedia&parent=32095"}],"wp:term":[{"taxonomy":"category","embeddable":true,"href":"https:\/\/conexion23.com\/index.php?rest_route=%2Fwp%2Fv2%2Fcategories&post=32095"},{"taxonomy":"post_tag","embeddable":true,"href":"https:\/\/conexion23.com\/index.php?rest_route=%2Fwp%2Fv2%2Ftags&post=32095"}],"curies":[{"name":"wp","href":"https:\/\/api.w.org\/{rel}","templated":true}]}}